{"id":32837,"date":"2026-09-06T19:31:35","date_gmt":"2026-09-06T19:31:35","guid":{"rendered":"https:\/\/www.press7.tv\/?p=32837"},"modified":"2026-09-06T19:31:35","modified_gmt":"2026-09-06T19:31:35","slug":"kurti-ne-27-vjetorin-e-policise-fale-punes-se-tyre-krimi-ska-vend-ne-kosove","status":"publish","type":"post","link":"https:\/\/www.press7.tv\/?p=32837","title":{"rendered":"Kurti n\u00eb 27-vjetorin e Policis\u00eb: Fal\u00eb pun\u00ebs s\u00eb tyre, krimi s\u2019ka vend n\u00eb Kosov\u00eb"},"content":{"rendered":"\n    <div class=\"xs_social_share_widget xs_share_url before_content \t\tmain_content  wslu-style-2 wslu-share-box-shaped wslu-fill-colored wslu-share-m-5 wslu-none wslu-share-vertical wslu-theme-font-no wslu-main_content\">\n\n\t\t\n        <ul>\n\t\t\t        <\/ul>\n    <\/div> \n<p>Kryeministri n\u00eb detyr\u00eb i Kosov\u00ebs, Albin Kurti, n\u00eb 27-vjetorin e themelimit t\u00eb Policis\u00eb s\u00eb Kosov\u00ebs, tha se vendi \u00ebsht\u00eb m\u00eb i sigurt se kurr\u00eb m\u00eb par\u00eb, fal\u00eb forcimit t\u00eb Policis\u00eb s\u00eb Kosov\u00ebs, raporton Ekonomia Online.<\/p>\n<p>Kurti tha se forcimi i Policis\u00eb, ve\u00e7an\u00ebrisht n\u00eb veri t\u00eb vendit, ka ndihmuar edhe n\u00eb zbulimin e varrezave masive n\u00eb Zubin-Potok. Ai p\u00ebrmendi edhe polic\u00ebt e r\u00ebn\u00eb n\u00eb detyr\u00eb, t\u00eb cil\u00ebt i cil\u00ebsoi si heronj t\u00eb vendit, nd\u00ebrsa tha se themelimi i Xhandarm\u00ebris\u00eb do t\u00eb sh\u00ebrbej\u00eb si p\u00ebrforcim shtes\u00eb p\u00ebr Policin\u00eb e Kosov\u00ebs.<\/p>\n<p>\u201cKosova \u00ebsht\u00eb m\u00eb e sigurt se kurr\u00eb m\u00eb par\u00eb, sepse Policia e Kosov\u00ebs \u00ebsht\u00eb m\u00eb e fort\u00eb se kurr\u00eb. Me sakrific\u00eb dhe shum\u00eb mund u ngrit ky institucion, ku sot secili dhe secila q\u00eb \u00ebsht\u00eb pjes\u00eb e tij punon me p\u00ebrpik\u00ebri p\u00ebr sigurin\u00eb e vendit\u201d, tha Kurti.<\/p>\n<p>Kurti tha se krimi nuk ka vend n\u00eb Kosov\u00eb, fal\u00eb pun\u00ebs s\u00eb Policis\u00eb s\u00eb Kosov\u00ebs.<\/p>\n<p>\u201cJan\u00eb ngritur dhe forcuar mbi 20 stacione dhe baza policore n\u00eb gjith\u00eb veriun, aty ku m\u00eb par\u00eb nuk kishte asnj\u00eb stacion policor\u201d.<\/p>\n<p>Kjo, tha Kurti, ishte e r\u00ebnd\u00ebsishme edhe p\u00ebr zbulimin e varrezave masive n\u00eb Zubin-Potok.<\/p>\n<p>\u201cThemelimi i Xhandarm\u00ebris\u00eb do t\u00eb sh\u00ebrbej\u00eb si nj\u00eb p\u00ebrforcim shtes\u00eb, me mandat t\u00eb qart\u00eb p\u00ebr sigurin\u00eb e vij\u00ebs ajrore dhe tok\u00ebsore t\u00eb vendit. 6 Shtatori \u00ebsht\u00eb dita e Policis\u00eb, e njer\u00ebzve t\u00eb zakonsh\u00ebm t\u00eb k\u00ebtij vendi dhe e t\u00eb gjith\u00eb atyre q\u00eb angazhohen q\u00eb shteti t\u00eb ket\u00eb paqe, siguri dhe dinjitet\u201d, tha Kurti. <\/p>\n<p>E ushtruesja e detyr\u00ebs s\u00eb presidentes s\u00eb Kosov\u00ebs, Albulena Haxhiu, n\u00eb ceremonin\u00eb p\u00ebr nder t\u00eb 27-vjetorit t\u00eb Policis\u00eb s\u00eb Kosov\u00ebs, ka th\u00ebn\u00eb se \u00e7lirimi i vendit nuk sh\u00ebnoi fundin e rrug\u00ebs, por fillimin e nd\u00ebrtimit t\u00eb nj\u00eb policie t\u00eb fort\u00eb t\u00eb Kosov\u00ebs, raporton Ekonomia Online. <\/p>\n<p>Ajo ka p\u00ebrmendur 6 shtatorin e vitit 1999, kur n\u00eb Vushtrri 176 kadet\u00eb nis\u00ebn trajnimin p\u00ebr Policin\u00eb e Kosov\u00ebs.<\/p>\n<p>Sipas saj, historia e Policis\u00eb s\u00eb Kosov\u00ebs \u00ebsht\u00eb e pandashme nga historia e vendit.<\/p>\n<p>\u201cHistoria e Policis\u00eb s\u00eb Kosov\u00ebs \u00ebsht\u00eb e pandashme nga historia e vendit\u201d, ka th\u00ebn\u00eb ajo.<\/p>\n<p>Haxhiu ka theksuar se nga 176 kadet\u00ebt e gjenerat\u00ebs s\u00eb par\u00eb, Policia e Kosov\u00ebs \u00ebsht\u00eb rritur n\u00eb mbi 9 mij\u00eb zyrtar\u00eb policor\u00eb.<\/p>\n<p>\u201cGjat\u00eb k\u00ebtyre viteve, Policia ka nd\u00ebrtuar kapacitetet e saj, por mbi t\u00eb gjitha ka fituar besimin e qytetar\u00ebve\u201d, ka deklaruar Haxhiu.<\/p>\n<p>Ajo ka th\u00ebn\u00eb se mbi 80 p\u00ebr qind e qytetar\u00ebve shprehin besim n\u00eb Policin\u00eb e Kosov\u00ebs, duke e renditur at\u00eb bashk\u00eb me FSK-n\u00eb n\u00eb institucionet m\u00eb t\u00eb besueshme n\u00eb vend. <\/p>\n<p>E ministri i Brendsh\u00ebm n\u00eb detyr\u00eb, Xhelal Sve\u00e7la, n\u00eb fjalimin e tij vler\u00ebsoi pun\u00ebn, p\u00ebrkushtimin dhe sakrific\u00ebn e pjes\u00ebtar\u00ebve t\u00eb Policis\u00eb s\u00eb Kosov\u00ebs, duke theksuar r\u00ebnd\u00ebsin\u00eb e profesionalizmit dhe guximit n\u00eb sh\u00ebrbim t\u00eb qytetar\u00ebve dhe shtetit.<\/p>\n<p>\u201cPolicia e Kosov\u00ebs ka nd\u00ebrtuar nj\u00eb histori t\u00eb pasur institucionale, t\u00eb shoq\u00ebruar me etapa t\u00eb r\u00ebnd\u00ebsishme, sfida t\u00eb shumta dhe p\u00ebrgjegj\u00ebsi gjithnj\u00eb e m\u00eb t\u00eb m\u00ebdha. Pavar\u00ebsisht ndryshimeve dhe rrethanave t\u00eb koh\u00ebs, nj\u00eb gj\u00eb ka mbetur e pandryshuar, misioni i saj p\u00ebr t\u00eb garantuar rendin dhe sigurin\u00eb publike, p\u00ebr t\u00eb mbrojtur qytetar\u00ebt dhe p\u00ebr t\u00eb ruajtur sovranitetin dhe integritetin territorial t\u00eb Republik\u00ebs s\u00eb Kosov\u00ebs\u201d, u shpreh ai.<\/p>\n<p>N\u00eb k\u00ebt\u00eb p\u00ebrvjetor u vler\u00ebsua kontributi i Policis\u00eb s\u00eb Kosov\u00ebs n\u00eb ruajtjen e rendit dhe siguris\u00eb publike, nd\u00ebrsa n\u00eb m\u00ebnyr\u00eb t\u00eb ve\u00e7ant\u00eb u p\u00ebrkujtuan pjes\u00ebtar\u00ebt e saj q\u00eb humb\u00ebn jet\u00ebn n\u00eb krye t\u00eb detyr\u00ebs.<\/p>\n<p>\u201cN\u00eb k\u00ebt\u00eb 27-vjetor kujtojm\u00eb me respekt t\u00eb thell\u00eb pjes\u00ebtar\u00ebt e Policis\u00eb s\u00eb Kosov\u00ebs q\u00eb dhan\u00eb jet\u00ebn n\u00eb krye t\u00eb detyr\u00ebs. Ata jan\u00eb pjes\u00eb e pandashme e historis\u00eb s\u00eb k\u00ebtij institucioni dhe d\u00ebshmia m\u00eb e lart\u00eb e p\u00ebrkushtimit ndaj qytetar\u00ebve dhe Republik\u00ebs\u201d, deklaroi Sve\u00e7la.<\/p>\n","protected":false},"excerpt":{"rendered":"<p>Kryeministri n\u00eb detyr\u00eb i Kosov\u00ebs, Albin Kurti, n\u00eb 27-vjetorin e themelimit t\u00eb Policis\u00eb s\u00eb Kosov\u00ebs, tha se vendi \u00ebsht\u00eb m\u00eb i sigurt se kurr\u00eb m\u00eb par\u00eb, fal\u00eb forcimit t\u00eb Policis\u00eb s\u00eb Kosov\u00ebs, raporton Ekonomia Online. Kurti tha se forcimi i Policis\u00eb, ve\u00e7an\u00ebrisht n\u00eb veri t\u00eb vendit, ka ndihmuar edhe n\u00eb zbulimin e varrezave masive n\u00eb [&hellip;]<\/p>\n","protected":false},"author":8,"featured_media":32839,"comment_status":"closed","ping_status":"closed","sticky":false,"template":"","format":"standard","meta":{"footnotes":""},"categories":[215,213,1],"tags":[],"class_list":["post-32837","post","type-post","status-publish","format-standard","has-post-thumbnail","hentry","category-kosove","category-lajme","category-uncategorized"],"yoast_head":"<!-- This site is optimized with the Yoast SEO plugin v25.1 - https:\/\/yoast.com\/wordpress\/plugins\/seo\/ -->\n<title>Kurti n\u00eb 27-vjetorin e Policis\u00eb: Fal\u00eb pun\u00ebs s\u00eb tyre, krimi s\u2019ka vend n\u00eb Kosov\u00eb - press7.tv<\/title>\n<meta name=\"robots\" content=\"index, follow, max-snippet:-1, max-image-preview:large, max-video-preview:-1\" \/>\n<link rel=\"canonical\" href=\"https:\/\/www.press7.tv\/?p=32837\" \/>\n<meta property=\"og:locale\" content=\"en_US\" \/>\n<meta property=\"og:type\" content=\"article\" \/>\n<meta property=\"og:title\" content=\"Kurti n\u00eb 27-vjetorin e Policis\u00eb: Fal\u00eb pun\u00ebs s\u00eb tyre, krimi s\u2019ka vend n\u00eb Kosov\u00eb - press7.tv\" \/>\n<meta property=\"og:description\" content=\"Kryeministri n\u00eb detyr\u00eb i Kosov\u00ebs, Albin Kurti, n\u00eb 27-vjetorin e themelimit t\u00eb Policis\u00eb s\u00eb Kosov\u00ebs, tha se vendi \u00ebsht\u00eb m\u00eb i sigurt se kurr\u00eb m\u00eb par\u00eb, fal\u00eb forcimit t\u00eb Policis\u00eb s\u00eb Kosov\u00ebs, raporton Ekonomia Online. Kurti tha se forcimi i Policis\u00eb, ve\u00e7an\u00ebrisht n\u00eb veri t\u00eb vendit, ka ndihmuar edhe n\u00eb zbulimin e varrezave masive n\u00eb [&hellip;]\" \/>\n<meta property=\"og:url\" content=\"https:\/\/www.press7.tv\/?p=32837\" \/>\n<meta property=\"og:site_name\" content=\"press7.tv\" \/>\n<meta property=\"article:publisher\" content=\"https:\/\/www.facebook.com\/press7.tv\" \/>\n<meta property=\"article:published_time\" content=\"2026-09-06T19:31:35+00:00\" \/>\n<meta property=\"og:image\" content=\"https:\/\/www.press7.tv\/wp-content\/uploads\/2026\/09\/IMG_5573.avif\" \/>\n\t<meta property=\"og:image:width\" content=\"814\" \/>\n\t<meta property=\"og:image:height\" content=\"445\" \/>\n\t<meta property=\"og:image:type\" content=\"image\/jpeg\" \/>\n<meta name=\"author\" content=\"gazetar2\" \/>\n<meta name=\"twitter:card\" content=\"summary_large_image\" \/>\n<meta name=\"twitter:label1\" content=\"Written by\" \/>\n\t<meta name=\"twitter:data1\" content=\"gazetar2\" \/>\n\t<meta name=\"twitter:label2\" content=\"Est. reading time\" \/>\n\t<meta name=\"twitter:data2\" content=\"2 minutes\" \/>\n<script type=\"application\/ld+json\" class=\"yoast-schema-graph\">{\"@context\":\"https:\/\/schema.org\",\"@graph\":[{\"@type\":\"Article\",\"@id\":\"https:\/\/www.press7.tv\/?p=32837#article\",\"isPartOf\":{\"@id\":\"https:\/\/www.press7.tv\/?p=32837\"},\"author\":{\"name\":\"gazetar2\",\"@id\":\"https:\/\/www.news33.tv\/#\/schema\/person\/5a04a38a23ccdba82f9bd665cd8f9efa\"},\"headline\":\"Kurti n\u00eb 27-vjetorin e Policis\u00eb: Fal\u00eb pun\u00ebs s\u00eb tyre, krimi s\u2019ka vend n\u00eb Kosov\u00eb\",\"datePublished\":\"2026-09-06T19:31:35+00:00\",\"mainEntityOfPage\":{\"@id\":\"https:\/\/www.press7.tv\/?p=32837\"},\"wordCount\":707,\"publisher\":{\"@id\":\"https:\/\/www.news33.tv\/#organization\"},\"image\":{\"@id\":\"https:\/\/www.press7.tv\/?p=32837#primaryimage\"},\"thumbnailUrl\":\"https:\/\/www.press7.tv\/wp-content\/uploads\/2026\/09\/IMG_5573.avif\",\"articleSection\":[\"Kosov\u00eb\",\"Lajme\"],\"inLanguage\":\"en-US\"},{\"@type\":\"WebPage\",\"@id\":\"https:\/\/www.press7.tv\/?p=32837\",\"url\":\"https:\/\/www.press7.tv\/?p=32837\",\"name\":\"Kurti n\u00eb 27-vjetorin e Policis\u00eb: Fal\u00eb pun\u00ebs s\u00eb tyre, krimi s\u2019ka vend n\u00eb Kosov\u00eb - press7.tv\",\"isPartOf\":{\"@id\":\"https:\/\/www.news33.tv\/#website\"},\"primaryImageOfPage\":{\"@id\":\"https:\/\/www.press7.tv\/?p=32837#primaryimage\"},\"image\":{\"@id\":\"https:\/\/www.press7.tv\/?p=32837#primaryimage\"},\"thumbnailUrl\":\"https:\/\/www.press7.tv\/wp-content\/uploads\/2026\/09\/IMG_5573.avif\",\"datePublished\":\"2026-09-06T19:31:35+00:00\",\"breadcrumb\":{\"@id\":\"https:\/\/www.press7.tv\/?p=32837#breadcrumb\"},\"inLanguage\":\"en-US\",\"potentialAction\":[{\"@type\":\"ReadAction\",\"target\":[\"https:\/\/www.press7.tv\/?p=32837\"]}]},{\"@type\":\"ImageObject\",\"inLanguage\":\"en-US\",\"@id\":\"https:\/\/www.press7.tv\/?p=32837#primaryimage\",\"url\":\"https:\/\/www.press7.tv\/wp-content\/uploads\/2026\/09\/IMG_5573.avif\",\"contentUrl\":\"https:\/\/www.press7.tv\/wp-content\/uploads\/2026\/09\/IMG_5573.avif\",\"width\":814,\"height\":445},{\"@type\":\"BreadcrumbList\",\"@id\":\"https:\/\/www.press7.tv\/?p=32837#breadcrumb\",\"itemListElement\":[{\"@type\":\"ListItem\",\"position\":1,\"name\":\"Home\",\"item\":\"https:\/\/www.press7.tv\/\"},{\"@type\":\"ListItem\",\"position\":2,\"name\":\"Kurti n\u00eb 27-vjetorin e Policis\u00eb: Fal\u00eb pun\u00ebs s\u00eb tyre, krimi s\u2019ka vend n\u00eb Kosov\u00eb\"}]},{\"@type\":\"WebSite\",\"@id\":\"https:\/\/www.news33.tv\/#website\",\"url\":\"https:\/\/www.news33.tv\/\",\"name\":\"News33.tv Media\",\"description\":\"Media\",\"publisher\":{\"@id\":\"https:\/\/www.news33.tv\/#organization\"},\"potentialAction\":[{\"@type\":\"SearchAction\",\"target\":{\"@type\":\"EntryPoint\",\"urlTemplate\":\"https:\/\/www.news33.tv\/?s={search_term_string}\"},\"query-input\":{\"@type\":\"PropertyValueSpecification\",\"valueRequired\":true,\"valueName\":\"search_term_string\"}}],\"inLanguage\":\"en-US\"},{\"@type\":\"Organization\",\"@id\":\"https:\/\/www.news33.tv\/#organization\",\"name\":\"News33.tv Media\",\"url\":\"https:\/\/www.news33.tv\/\",\"logo\":{\"@type\":\"ImageObject\",\"inLanguage\":\"en-US\",\"@id\":\"https:\/\/www.news33.tv\/#\/schema\/logo\/image\/\",\"url\":\"https:\/\/www.press7.tv\/wp-content\/uploads\/2024\/02\/logo-news33-black.png\",\"contentUrl\":\"https:\/\/www.press7.tv\/wp-content\/uploads\/2024\/02\/logo-news33-black.png\",\"width\":180,\"height\":37,\"caption\":\"News33.tv Media\"},\"image\":{\"@id\":\"https:\/\/www.news33.tv\/#\/schema\/logo\/image\/\"},\"sameAs\":[\"https:\/\/www.facebook.com\/press7.tv\"]},{\"@type\":\"Person\",\"@id\":\"https:\/\/www.news33.tv\/#\/schema\/person\/5a04a38a23ccdba82f9bd665cd8f9efa\",\"name\":\"gazetar2\",\"image\":{\"@type\":\"ImageObject\",\"inLanguage\":\"en-US\",\"@id\":\"https:\/\/www.news33.tv\/#\/schema\/person\/image\/\",\"url\":\"https:\/\/www.press7.tv\/wp-content\/litespeed\/avatar\/41975e402c3049d9ddb03adca8f7a883.jpg?ver=1788661009\",\"contentUrl\":\"https:\/\/www.press7.tv\/wp-content\/litespeed\/avatar\/41975e402c3049d9ddb03adca8f7a883.jpg?ver=1788661009\",\"caption\":\"gazetar2\"},\"url\":\"https:\/\/www.press7.tv\/?author=8\"}]}<\/script>\n<!-- \/ Yoast SEO plugin. -->","yoast_head_json":{"title":"Kurti n\u00eb 27-vjetorin e Policis\u00eb: Fal\u00eb pun\u00ebs s\u00eb tyre, krimi s\u2019ka vend n\u00eb Kosov\u00eb - press7.tv","robots":{"index":"index","follow":"follow","max-snippet":"max-snippet:-1","max-image-preview":"max-image-preview:large","max-video-preview":"max-video-preview:-1"},"canonical":"https:\/\/www.press7.tv\/?p=32837","og_locale":"en_US","og_type":"article","og_title":"Kurti n\u00eb 27-vjetorin e Policis\u00eb: Fal\u00eb pun\u00ebs s\u00eb tyre, krimi s\u2019ka vend n\u00eb Kosov\u00eb - press7.tv","og_description":"Kryeministri n\u00eb detyr\u00eb i Kosov\u00ebs, Albin Kurti, n\u00eb 27-vjetorin e themelimit t\u00eb Policis\u00eb s\u00eb Kosov\u00ebs, tha se vendi \u00ebsht\u00eb m\u00eb i sigurt se kurr\u00eb m\u00eb par\u00eb, fal\u00eb forcimit t\u00eb Policis\u00eb s\u00eb Kosov\u00ebs, raporton Ekonomia Online. Kurti tha se forcimi i Policis\u00eb, ve\u00e7an\u00ebrisht n\u00eb veri t\u00eb vendit, ka ndihmuar edhe n\u00eb zbulimin e varrezave masive n\u00eb [&hellip;]","og_url":"https:\/\/www.press7.tv\/?p=32837","og_site_name":"press7.tv","article_publisher":"https:\/\/www.facebook.com\/press7.tv","article_published_time":"2026-09-06T19:31:35+00:00","og_image":[{"width":814,"height":445,"url":"https:\/\/www.press7.tv\/wp-content\/uploads\/2026\/09\/IMG_5573.avif","type":"image\/jpeg"}],"author":"gazetar2","twitter_card":"summary_large_image","twitter_misc":{"Written by":"gazetar2","Est. reading time":"2 minutes"},"schema":{"@context":"https:\/\/schema.org","@graph":[{"@type":"Article","@id":"https:\/\/www.press7.tv\/?p=32837#article","isPartOf":{"@id":"https:\/\/www.press7.tv\/?p=32837"},"author":{"name":"gazetar2","@id":"https:\/\/www.news33.tv\/#\/schema\/person\/5a04a38a23ccdba82f9bd665cd8f9efa"},"headline":"Kurti n\u00eb 27-vjetorin e Policis\u00eb: Fal\u00eb pun\u00ebs s\u00eb tyre, krimi s\u2019ka vend n\u00eb Kosov\u00eb","datePublished":"2026-09-06T19:31:35+00:00","mainEntityOfPage":{"@id":"https:\/\/www.press7.tv\/?p=32837"},"wordCount":707,"publisher":{"@id":"https:\/\/www.news33.tv\/#organization"},"image":{"@id":"https:\/\/www.press7.tv\/?p=32837#primaryimage"},"thumbnailUrl":"https:\/\/www.press7.tv\/wp-content\/uploads\/2026\/09\/IMG_5573.avif","articleSection":["Kosov\u00eb","Lajme"],"inLanguage":"en-US"},{"@type":"WebPage","@id":"https:\/\/www.press7.tv\/?p=32837","url":"https:\/\/www.press7.tv\/?p=32837","name":"Kurti n\u00eb 27-vjetorin e Policis\u00eb: Fal\u00eb pun\u00ebs s\u00eb tyre, krimi s\u2019ka vend n\u00eb Kosov\u00eb - press7.tv","isPartOf":{"@id":"https:\/\/www.news33.tv\/#website"},"primaryImageOfPage":{"@id":"https:\/\/www.press7.tv\/?p=32837#primaryimage"},"image":{"@id":"https:\/\/www.press7.tv\/?p=32837#primaryimage"},"thumbnailUrl":"https:\/\/www.press7.tv\/wp-content\/uploads\/2026\/09\/IMG_5573.avif","datePublished":"2026-09-06T19:31:35+00:00","breadcrumb":{"@id":"https:\/\/www.press7.tv\/?p=32837#breadcrumb"},"inLanguage":"en-US","potentialAction":[{"@type":"ReadAction","target":["https:\/\/www.press7.tv\/?p=32837"]}]},{"@type":"ImageObject","inLanguage":"en-US","@id":"https:\/\/www.press7.tv\/?p=32837#primaryimage","url":"https:\/\/www.press7.tv\/wp-content\/uploads\/2026\/09\/IMG_5573.avif","contentUrl":"https:\/\/www.press7.tv\/wp-content\/uploads\/2026\/09\/IMG_5573.avif","width":814,"height":445},{"@type":"BreadcrumbList","@id":"https:\/\/www.press7.tv\/?p=32837#breadcrumb","itemListElement":[{"@type":"ListItem","position":1,"name":"Home","item":"https:\/\/www.press7.tv\/"},{"@type":"ListItem","position":2,"name":"Kurti n\u00eb 27-vjetorin e Policis\u00eb: Fal\u00eb pun\u00ebs s\u00eb tyre, krimi s\u2019ka vend n\u00eb Kosov\u00eb"}]},{"@type":"WebSite","@id":"https:\/\/www.news33.tv\/#website","url":"https:\/\/www.news33.tv\/","name":"News33.tv Media","description":"Media","publisher":{"@id":"https:\/\/www.news33.tv\/#organization"},"potentialAction":[{"@type":"SearchAction","target":{"@type":"EntryPoint","urlTemplate":"https:\/\/www.news33.tv\/?s={search_term_string}"},"query-input":{"@type":"PropertyValueSpecification","valueRequired":true,"valueName":"search_term_string"}}],"inLanguage":"en-US"},{"@type":"Organization","@id":"https:\/\/www.news33.tv\/#organization","name":"News33.tv Media","url":"https:\/\/www.news33.tv\/","logo":{"@type":"ImageObject","inLanguage":"en-US","@id":"https:\/\/www.news33.tv\/#\/schema\/logo\/image\/","url":"https:\/\/www.press7.tv\/wp-content\/uploads\/2024\/02\/logo-news33-black.png","contentUrl":"https:\/\/www.press7.tv\/wp-content\/uploads\/2024\/02\/logo-news33-black.png","width":180,"height":37,"caption":"News33.tv Media"},"image":{"@id":"https:\/\/www.news33.tv\/#\/schema\/logo\/image\/"},"sameAs":["https:\/\/www.facebook.com\/press7.tv"]},{"@type":"Person","@id":"https:\/\/www.news33.tv\/#\/schema\/person\/5a04a38a23ccdba82f9bd665cd8f9efa","name":"gazetar2","image":{"@type":"ImageObject","inLanguage":"en-US","@id":"https:\/\/www.news33.tv\/#\/schema\/person\/image\/","url":"https:\/\/www.press7.tv\/wp-content\/litespeed\/avatar\/41975e402c3049d9ddb03adca8f7a883.jpg?ver=1788661009","contentUrl":"https:\/\/www.press7.tv\/wp-content\/litespeed\/avatar\/41975e402c3049d9ddb03adca8f7a883.jpg?ver=1788661009","caption":"gazetar2"},"url":"https:\/\/www.press7.tv\/?author=8"}]}},"amp_enabled":true,"_links":{"self":[{"href":"https:\/\/www.press7.tv\/index.php?rest_route=\/wp\/v2\/posts\/32837","targetHints":{"allow":["GET"]}}],"collection":[{"href":"https:\/\/www.press7.tv\/index.php?rest_route=\/wp\/v2\/posts"}],"about":[{"href":"https:\/\/www.press7.tv\/index.php?rest_route=\/wp\/v2\/types\/post"}],"author":[{"embeddable":true,"href":"https:\/\/www.press7.tv\/index.php?rest_route=\/wp\/v2\/users\/8"}],"replies":[{"embeddable":true,"href":"https:\/\/www.press7.tv\/index.php?rest_route=%2Fwp%2Fv2%2Fcomments&post=32837"}],"version-history":[{"count":1,"href":"https:\/\/www.press7.tv\/index.php?rest_route=\/wp\/v2\/posts\/32837\/revisions"}],"predecessor-version":[{"id":32840,"href":"https:\/\/www.press7.tv\/index.php?rest_route=\/wp\/v2\/posts\/32837\/revisions\/32840"}],"wp:featuredmedia":[{"embeddable":true,"href":"https:\/\/www.press7.tv\/index.php?rest_route=\/wp\/v2\/media\/32839"}],"wp:attachment":[{"href":"https:\/\/www.press7.tv\/index.php?rest_route=%2Fwp%2Fv2%2Fmedia&parent=32837"}],"wp:term":[{"taxonomy":"category","embeddable":true,"href":"https:\/\/www.press7.tv\/index.php?rest_route=%2Fwp%2Fv2%2Fcategories&post=32837"},{"taxonomy":"post_tag","embeddable":true,"href":"https:\/\/www.press7.tv\/index.php?rest_route=%2Fwp%2Fv2%2Ftags&post=32837"}],"curies":[{"name":"wp","href":"https:\/\/api.w.org\/{rel}","templated":true}]}}