{"id":32834,"date":"2026-09-06T15:36:07","date_gmt":"2026-09-06T15:36:07","guid":{"rendered":"https:\/\/www.press7.tv\/?p=32834"},"modified":"2026-09-06T15:36:07","modified_gmt":"2026-09-06T15:36:07","slug":"aleanca-zhvillon-neser-aktivitet-simbolik-para-kuvendit","status":"publish","type":"post","link":"https:\/\/www.press7.tv\/?p=32834","title":{"rendered":"Aleanca zhvillon nes\u00ebr aktivitet simbolik para Kuvendit"},"content":{"rendered":"\n    <div class=\"xs_social_share_widget xs_share_url before_content \t\tmain_content  wslu-style-2 wslu-share-box-shaped wslu-fill-colored wslu-share-m-5 wslu-none wslu-share-vertical wslu-theme-font-no wslu-main_content\">\n\n\t\t\n        <ul>\n\t\t\t        <\/ul>\n    <\/div> \n<p>Aleanca do t\u00eb zhvilloj\u00eb nes\u00ebr, n\u00eb or\u00ebn 10:00, nj\u00eb aktivitet simbolik n\u00eb hyrje t\u00eb Kuvendit t\u00eb Kosov\u00ebs, n\u00eb sheshin \u201cIbrahim Rugova\u201d.<\/p>\n<p>Sipas njoftimit t\u00eb Aleanc\u00ebs, aktiviteti do t\u00eb mbahet para objektit t\u00eb Kuvendit t\u00eb Kosov\u00ebs.<\/p>\n<p>N\u00eb p\u00ebrfundim t\u00eb aktivitetit, p\u00ebrfaq\u00ebsues t\u00eb Aleanc\u00ebs do t\u00eb b\u00ebjn\u00eb edhe nj\u00eb deklarim p\u00ebr media.<\/p>\n<p>Aktiviteti nis n\u00eb or\u00ebn 10:00.<\/p>\n","protected":false},"excerpt":{"rendered":"<p>Aleanca do t\u00eb zhvilloj\u00eb nes\u00ebr, n\u00eb or\u00ebn 10:00, nj\u00eb aktivitet simbolik n\u00eb hyrje t\u00eb Kuvendit t\u00eb Kosov\u00ebs, n\u00eb sheshin \u201cIbrahim Rugova\u201d. Sipas njoftimit t\u00eb Aleanc\u00ebs, aktiviteti do t\u00eb mbahet para objektit t\u00eb Kuvendit t\u00eb Kosov\u00ebs. N\u00eb p\u00ebrfundim t\u00eb aktivitetit, p\u00ebrfaq\u00ebsues t\u00eb Aleanc\u00ebs do t\u00eb b\u00ebjn\u00eb edhe nj\u00eb deklarim p\u00ebr media. Aktiviteti nis n\u00eb or\u00ebn 10:00.<\/p>\n","protected":false},"author":8,"featured_media":32835,"comment_status":"closed","ping_status":"closed","sticky":false,"template":"","format":"standard","meta":{"footnotes":""},"categories":[215,213],"tags":[],"class_list":["post-32834","post","type-post","status-publish","format-standard","has-post-thumbnail","hentry","category-kosove","category-lajme"],"yoast_head":"<!-- This site is optimized with the Yoast SEO plugin v25.1 - https:\/\/yoast.com\/wordpress\/plugins\/seo\/ -->\n<title>Aleanca zhvillon nes\u00ebr aktivitet simbolik para Kuvendit - press7.tv<\/title>\n<meta name=\"robots\" content=\"index, follow, max-snippet:-1, max-image-preview:large, max-video-preview:-1\" \/>\n<link rel=\"canonical\" href=\"https:\/\/www.press7.tv\/?p=32834\" \/>\n<meta property=\"og:locale\" content=\"en_US\" \/>\n<meta property=\"og:type\" content=\"article\" \/>\n<meta property=\"og:title\" content=\"Aleanca zhvillon nes\u00ebr aktivitet simbolik para Kuvendit - press7.tv\" \/>\n<meta property=\"og:description\" content=\"Aleanca do t\u00eb zhvilloj\u00eb nes\u00ebr, n\u00eb or\u00ebn 10:00, nj\u00eb aktivitet simbolik n\u00eb hyrje t\u00eb Kuvendit t\u00eb Kosov\u00ebs, n\u00eb sheshin \u201cIbrahim Rugova\u201d. Sipas njoftimit t\u00eb Aleanc\u00ebs, aktiviteti do t\u00eb mbahet para objektit t\u00eb Kuvendit t\u00eb Kosov\u00ebs. N\u00eb p\u00ebrfundim t\u00eb aktivitetit, p\u00ebrfaq\u00ebsues t\u00eb Aleanc\u00ebs do t\u00eb b\u00ebjn\u00eb edhe nj\u00eb deklarim p\u00ebr media. Aktiviteti nis n\u00eb or\u00ebn 10:00.\" \/>\n<meta property=\"og:url\" content=\"https:\/\/www.press7.tv\/?p=32834\" \/>\n<meta property=\"og:site_name\" content=\"press7.tv\" \/>\n<meta property=\"article:publisher\" content=\"https:\/\/www.facebook.com\/press7.tv\" \/>\n<meta property=\"article:published_time\" content=\"2026-09-06T15:36:07+00:00\" \/>\n<meta property=\"og:image\" content=\"https:\/\/www.press7.tv\/wp-content\/uploads\/2026\/09\/IMG_5567.avif\" \/>\n\t<meta property=\"og:image:width\" content=\"1536\" \/>\n\t<meta property=\"og:image:height\" content=\"1152\" \/>\n\t<meta property=\"og:image:type\" content=\"image\/jpeg\" \/>\n<meta name=\"author\" content=\"gazetar2\" \/>\n<meta name=\"twitter:card\" content=\"summary_large_image\" \/>\n<meta name=\"twitter:label1\" content=\"Written by\" \/>\n\t<meta name=\"twitter:data1\" content=\"gazetar2\" \/>\n\t<meta name=\"twitter:label2\" content=\"Est. reading time\" \/>\n\t<meta name=\"twitter:data2\" content=\"1 minute\" \/>\n<script type=\"application\/ld+json\" class=\"yoast-schema-graph\">{\"@context\":\"https:\/\/schema.org\",\"@graph\":[{\"@type\":\"Article\",\"@id\":\"https:\/\/www.press7.tv\/?p=32834#article\",\"isPartOf\":{\"@id\":\"https:\/\/www.press7.tv\/?p=32834\"},\"author\":{\"name\":\"gazetar2\",\"@id\":\"https:\/\/www.news33.tv\/#\/schema\/person\/5a04a38a23ccdba82f9bd665cd8f9efa\"},\"headline\":\"Aleanca zhvillon nes\u00ebr aktivitet simbolik para Kuvendit\",\"datePublished\":\"2026-09-06T15:36:07+00:00\",\"mainEntityOfPage\":{\"@id\":\"https:\/\/www.press7.tv\/?p=32834\"},\"wordCount\":73,\"publisher\":{\"@id\":\"https:\/\/www.news33.tv\/#organization\"},\"image\":{\"@id\":\"https:\/\/www.press7.tv\/?p=32834#primaryimage\"},\"thumbnailUrl\":\"https:\/\/www.press7.tv\/wp-content\/uploads\/2026\/09\/IMG_5567.avif\",\"articleSection\":[\"Kosov\u00eb\",\"Lajme\"],\"inLanguage\":\"en-US\"},{\"@type\":\"WebPage\",\"@id\":\"https:\/\/www.press7.tv\/?p=32834\",\"url\":\"https:\/\/www.press7.tv\/?p=32834\",\"name\":\"Aleanca zhvillon nes\u00ebr aktivitet simbolik para Kuvendit - press7.tv\",\"isPartOf\":{\"@id\":\"https:\/\/www.news33.tv\/#website\"},\"primaryImageOfPage\":{\"@id\":\"https:\/\/www.press7.tv\/?p=32834#primaryimage\"},\"image\":{\"@id\":\"https:\/\/www.press7.tv\/?p=32834#primaryimage\"},\"thumbnailUrl\":\"https:\/\/www.press7.tv\/wp-content\/uploads\/2026\/09\/IMG_5567.avif\",\"datePublished\":\"2026-09-06T15:36:07+00:00\",\"breadcrumb\":{\"@id\":\"https:\/\/www.press7.tv\/?p=32834#breadcrumb\"},\"inLanguage\":\"en-US\",\"potentialAction\":[{\"@type\":\"ReadAction\",\"target\":[\"https:\/\/www.press7.tv\/?p=32834\"]}]},{\"@type\":\"ImageObject\",\"inLanguage\":\"en-US\",\"@id\":\"https:\/\/www.press7.tv\/?p=32834#primaryimage\",\"url\":\"https:\/\/www.press7.tv\/wp-content\/uploads\/2026\/09\/IMG_5567.avif\",\"contentUrl\":\"https:\/\/www.press7.tv\/wp-content\/uploads\/2026\/09\/IMG_5567.avif\",\"width\":1536,\"height\":1152},{\"@type\":\"BreadcrumbList\",\"@id\":\"https:\/\/www.press7.tv\/?p=32834#breadcrumb\",\"itemListElement\":[{\"@type\":\"ListItem\",\"position\":1,\"name\":\"Home\",\"item\":\"https:\/\/www.press7.tv\/\"},{\"@type\":\"ListItem\",\"position\":2,\"name\":\"Aleanca zhvillon nes\u00ebr aktivitet simbolik para Kuvendit\"}]},{\"@type\":\"WebSite\",\"@id\":\"https:\/\/www.news33.tv\/#website\",\"url\":\"https:\/\/www.news33.tv\/\",\"name\":\"News33.tv Media\",\"description\":\"Media\",\"publisher\":{\"@id\":\"https:\/\/www.news33.tv\/#organization\"},\"potentialAction\":[{\"@type\":\"SearchAction\",\"target\":{\"@type\":\"EntryPoint\",\"urlTemplate\":\"https:\/\/www.news33.tv\/?s={search_term_string}\"},\"query-input\":{\"@type\":\"PropertyValueSpecification\",\"valueRequired\":true,\"valueName\":\"search_term_string\"}}],\"inLanguage\":\"en-US\"},{\"@type\":\"Organization\",\"@id\":\"https:\/\/www.news33.tv\/#organization\",\"name\":\"News33.tv Media\",\"url\":\"https:\/\/www.news33.tv\/\",\"logo\":{\"@type\":\"ImageObject\",\"inLanguage\":\"en-US\",\"@id\":\"https:\/\/www.news33.tv\/#\/schema\/logo\/image\/\",\"url\":\"https:\/\/www.press7.tv\/wp-content\/uploads\/2024\/02\/logo-news33-black.png\",\"contentUrl\":\"https:\/\/www.press7.tv\/wp-content\/uploads\/2024\/02\/logo-news33-black.png\",\"width\":180,\"height\":37,\"caption\":\"News33.tv Media\"},\"image\":{\"@id\":\"https:\/\/www.news33.tv\/#\/schema\/logo\/image\/\"},\"sameAs\":[\"https:\/\/www.facebook.com\/press7.tv\"]},{\"@type\":\"Person\",\"@id\":\"https:\/\/www.news33.tv\/#\/schema\/person\/5a04a38a23ccdba82f9bd665cd8f9efa\",\"name\":\"gazetar2\",\"image\":{\"@type\":\"ImageObject\",\"inLanguage\":\"en-US\",\"@id\":\"https:\/\/www.news33.tv\/#\/schema\/person\/image\/\",\"url\":\"https:\/\/www.press7.tv\/wp-content\/litespeed\/avatar\/41975e402c3049d9ddb03adca8f7a883.jpg?ver=1788661009\",\"contentUrl\":\"https:\/\/www.press7.tv\/wp-content\/litespeed\/avatar\/41975e402c3049d9ddb03adca8f7a883.jpg?ver=1788661009\",\"caption\":\"gazetar2\"},\"url\":\"https:\/\/www.press7.tv\/?author=8\"}]}<\/script>\n<!-- \/ Yoast SEO plugin. -->","yoast_head_json":{"title":"Aleanca zhvillon nes\u00ebr aktivitet simbolik para Kuvendit - press7.tv","robots":{"index":"index","follow":"follow","max-snippet":"max-snippet:-1","max-image-preview":"max-image-preview:large","max-video-preview":"max-video-preview:-1"},"canonical":"https:\/\/www.press7.tv\/?p=32834","og_locale":"en_US","og_type":"article","og_title":"Aleanca zhvillon nes\u00ebr aktivitet simbolik para Kuvendit - press7.tv","og_description":"Aleanca do t\u00eb zhvilloj\u00eb nes\u00ebr, n\u00eb or\u00ebn 10:00, nj\u00eb aktivitet simbolik n\u00eb hyrje t\u00eb Kuvendit t\u00eb Kosov\u00ebs, n\u00eb sheshin \u201cIbrahim Rugova\u201d. Sipas njoftimit t\u00eb Aleanc\u00ebs, aktiviteti do t\u00eb mbahet para objektit t\u00eb Kuvendit t\u00eb Kosov\u00ebs. N\u00eb p\u00ebrfundim t\u00eb aktivitetit, p\u00ebrfaq\u00ebsues t\u00eb Aleanc\u00ebs do t\u00eb b\u00ebjn\u00eb edhe nj\u00eb deklarim p\u00ebr media. Aktiviteti nis n\u00eb or\u00ebn 10:00.","og_url":"https:\/\/www.press7.tv\/?p=32834","og_site_name":"press7.tv","article_publisher":"https:\/\/www.facebook.com\/press7.tv","article_published_time":"2026-09-06T15:36:07+00:00","og_image":[{"width":1536,"height":1152,"url":"https:\/\/www.press7.tv\/wp-content\/uploads\/2026\/09\/IMG_5567.avif","type":"image\/jpeg"}],"author":"gazetar2","twitter_card":"summary_large_image","twitter_misc":{"Written by":"gazetar2","Est. reading time":"1 minute"},"schema":{"@context":"https:\/\/schema.org","@graph":[{"@type":"Article","@id":"https:\/\/www.press7.tv\/?p=32834#article","isPartOf":{"@id":"https:\/\/www.press7.tv\/?p=32834"},"author":{"name":"gazetar2","@id":"https:\/\/www.news33.tv\/#\/schema\/person\/5a04a38a23ccdba82f9bd665cd8f9efa"},"headline":"Aleanca zhvillon nes\u00ebr aktivitet simbolik para Kuvendit","datePublished":"2026-09-06T15:36:07+00:00","mainEntityOfPage":{"@id":"https:\/\/www.press7.tv\/?p=32834"},"wordCount":73,"publisher":{"@id":"https:\/\/www.news33.tv\/#organization"},"image":{"@id":"https:\/\/www.press7.tv\/?p=32834#primaryimage"},"thumbnailUrl":"https:\/\/www.press7.tv\/wp-content\/uploads\/2026\/09\/IMG_5567.avif","articleSection":["Kosov\u00eb","Lajme"],"inLanguage":"en-US"},{"@type":"WebPage","@id":"https:\/\/www.press7.tv\/?p=32834","url":"https:\/\/www.press7.tv\/?p=32834","name":"Aleanca zhvillon nes\u00ebr aktivitet simbolik para Kuvendit - press7.tv","isPartOf":{"@id":"https:\/\/www.news33.tv\/#website"},"primaryImageOfPage":{"@id":"https:\/\/www.press7.tv\/?p=32834#primaryimage"},"image":{"@id":"https:\/\/www.press7.tv\/?p=32834#primaryimage"},"thumbnailUrl":"https:\/\/www.press7.tv\/wp-content\/uploads\/2026\/09\/IMG_5567.avif","datePublished":"2026-09-06T15:36:07+00:00","breadcrumb":{"@id":"https:\/\/www.press7.tv\/?p=32834#breadcrumb"},"inLanguage":"en-US","potentialAction":[{"@type":"ReadAction","target":["https:\/\/www.press7.tv\/?p=32834"]}]},{"@type":"ImageObject","inLanguage":"en-US","@id":"https:\/\/www.press7.tv\/?p=32834#primaryimage","url":"https:\/\/www.press7.tv\/wp-content\/uploads\/2026\/09\/IMG_5567.avif","contentUrl":"https:\/\/www.press7.tv\/wp-content\/uploads\/2026\/09\/IMG_5567.avif","width":1536,"height":1152},{"@type":"BreadcrumbList","@id":"https:\/\/www.press7.tv\/?p=32834#breadcrumb","itemListElement":[{"@type":"ListItem","position":1,"name":"Home","item":"https:\/\/www.press7.tv\/"},{"@type":"ListItem","position":2,"name":"Aleanca zhvillon nes\u00ebr aktivitet simbolik para Kuvendit"}]},{"@type":"WebSite","@id":"https:\/\/www.news33.tv\/#website","url":"https:\/\/www.news33.tv\/","name":"News33.tv Media","description":"Media","publisher":{"@id":"https:\/\/www.news33.tv\/#organization"},"potentialAction":[{"@type":"SearchAction","target":{"@type":"EntryPoint","urlTemplate":"https:\/\/www.news33.tv\/?s={search_term_string}"},"query-input":{"@type":"PropertyValueSpecification","valueRequired":true,"valueName":"search_term_string"}}],"inLanguage":"en-US"},{"@type":"Organization","@id":"https:\/\/www.news33.tv\/#organization","name":"News33.tv Media","url":"https:\/\/www.news33.tv\/","logo":{"@type":"ImageObject","inLanguage":"en-US","@id":"https:\/\/www.news33.tv\/#\/schema\/logo\/image\/","url":"https:\/\/www.press7.tv\/wp-content\/uploads\/2024\/02\/logo-news33-black.png","contentUrl":"https:\/\/www.press7.tv\/wp-content\/uploads\/2024\/02\/logo-news33-black.png","width":180,"height":37,"caption":"News33.tv Media"},"image":{"@id":"https:\/\/www.news33.tv\/#\/schema\/logo\/image\/"},"sameAs":["https:\/\/www.facebook.com\/press7.tv"]},{"@type":"Person","@id":"https:\/\/www.news33.tv\/#\/schema\/person\/5a04a38a23ccdba82f9bd665cd8f9efa","name":"gazetar2","image":{"@type":"ImageObject","inLanguage":"en-US","@id":"https:\/\/www.news33.tv\/#\/schema\/person\/image\/","url":"https:\/\/www.press7.tv\/wp-content\/litespeed\/avatar\/41975e402c3049d9ddb03adca8f7a883.jpg?ver=1788661009","contentUrl":"https:\/\/www.press7.tv\/wp-content\/litespeed\/avatar\/41975e402c3049d9ddb03adca8f7a883.jpg?ver=1788661009","caption":"gazetar2"},"url":"https:\/\/www.press7.tv\/?author=8"}]}},"amp_enabled":true,"_links":{"self":[{"href":"https:\/\/www.press7.tv\/index.php?rest_route=\/wp\/v2\/posts\/32834","targetHints":{"allow":["GET"]}}],"collection":[{"href":"https:\/\/www.press7.tv\/index.php?rest_route=\/wp\/v2\/posts"}],"about":[{"href":"https:\/\/www.press7.tv\/index.php?rest_route=\/wp\/v2\/types\/post"}],"author":[{"embeddable":true,"href":"https:\/\/www.press7.tv\/index.php?rest_route=\/wp\/v2\/users\/8"}],"replies":[{"embeddable":true,"href":"https:\/\/www.press7.tv\/index.php?rest_route=%2Fwp%2Fv2%2Fcomments&post=32834"}],"version-history":[{"count":1,"href":"https:\/\/www.press7.tv\/index.php?rest_route=\/wp\/v2\/posts\/32834\/revisions"}],"predecessor-version":[{"id":32836,"href":"https:\/\/www.press7.tv\/index.php?rest_route=\/wp\/v2\/posts\/32834\/revisions\/32836"}],"wp:featuredmedia":[{"embeddable":true,"href":"https:\/\/www.press7.tv\/index.php?rest_route=\/wp\/v2\/media\/32835"}],"wp:attachment":[{"href":"https:\/\/www.press7.tv\/index.php?rest_route=%2Fwp%2Fv2%2Fmedia&parent=32834"}],"wp:term":[{"taxonomy":"category","embeddable":true,"href":"https:\/\/www.press7.tv\/index.php?rest_route=%2Fwp%2Fv2%2Fcategories&post=32834"},{"taxonomy":"post_tag","embeddable":true,"href":"https:\/\/www.press7.tv\/index.php?rest_route=%2Fwp%2Fv2%2Ftags&post=32834"}],"curies":[{"name":"wp","href":"https:\/\/api.w.org\/{rel}","templated":true}]}}