{"id":32831,"date":"2026-09-06T12:42:51","date_gmt":"2026-09-06T12:42:51","guid":{"rendered":"https:\/\/www.press7.tv\/?p=32831"},"modified":"2026-09-06T12:42:51","modified_gmt":"2026-09-06T12:42:51","slug":"te-derguarit-e-trumpit-mberrijne-ne-kiev-priten-nga-zelensky","status":"publish","type":"post","link":"https:\/\/www.press7.tv\/?p=32831","title":{"rendered":"T\u00eb d\u00ebrguarit e Trumpit mb\u00ebrrijn\u00eb n\u00eb Kiev, priten nga Zelensky"},"content":{"rendered":"\n    <div class=\"xs_social_share_widget xs_share_url before_content \t\tmain_content  wslu-style-2 wslu-share-box-shaped wslu-fill-colored wslu-share-m-5 wslu-none wslu-share-vertical wslu-theme-font-no wslu-main_content\">\n\n\t\t\n        <ul>\n\t\t\t        <\/ul>\n    <\/div> \n<p>T\u00eb d\u00ebrguarit amerikan\u00eb Steve Witkoff dhe Jared Kushner kan\u00eb mb\u00ebrritur t\u00eb diel\u00ebn n\u00eb Kiev, n\u00eb vizit\u00ebn e tyre t\u00eb par\u00eb zyrtare n\u00eb Ukrain\u00eb, si pjes\u00eb e p\u00ebrpjekjeve t\u00eb rip\u00ebrt\u00ebrira p\u00ebr arritjen e paqes, m\u00eb shum\u00eb se kat\u00ebr vjet e gjysm\u00eb pas pushtimit n\u00eb shkall\u00eb t\u00eb plot\u00eb t\u00eb Ukrain\u00ebs nga Rusia.<\/p>\n<p>Udh\u00ebtimi i amerikan\u00ebve vjen pas nj\u00eb takimi me presidentin ru, Vladimir Putin n\u00eb Mosk\u00eb t\u00eb shtun\u00ebn, n\u00eb nj\u00eb koh\u00eb kur t\u00eb dyja pal\u00ebt kan\u00eb intensifikuar sulmet ajrore koh\u00ebt e fundit.<\/p>\n<p>Presidenti ukrainas, Volodymyr Zelensky, ka th\u00ebn\u00eb t\u00eb diel\u00ebn se qeveria e tij \u00ebsht\u00eb e gatshme p\u00ebr nj\u00eb diskutim \u201ckonstruktiv\u201d me t\u00eb d\u00ebrguarit amerikan\u00eb.<\/p>\n<p>\u201cNe jemi t\u00eb interesuar ta afrojm\u00eb fundin e luft\u00ebs. Paqja \u00ebsht\u00eb e nevojshme. Nevojiten garanci sigurie. Nevojitet nj\u00eb paqe e drejt\u00eb dhe e q\u00ebndrueshme pas luft\u00ebs. Propozimet tona jan\u00eb gati\u201d, ka th\u00ebn\u00eb Zelensky n\u00eb nj\u00eb postim n\u00eb Telegram.<\/p>\n<p>T\u00eb d\u00ebrguarit amerikan\u00eb kan\u00eb mb\u00ebrritur me tren dhe jan\u00eb pritur n\u00eb stacionin e kryeqytetit ukrainas nga zyrtar\u00eb t\u00eb lart\u00eb ukrainas, p\u00ebrpara se t\u00eb takoheshin me Zelenskyn n\u00eb nj\u00eb ceremoni n\u00eb sheshin e Sh\u00ebn Sofis\u00eb.<\/p>\n<p>P\u00ebrpjekjet e Uashingtonit zyrtar p\u00ebr t\u2019u dh\u00ebn\u00eb fund luftimeve kan\u00eb humbur vrullin, nd\u00ebrsa administrata Trump \u00ebsht\u00eb p\u00ebrqendruar gjat\u00eb gjasht\u00eb muajve t\u00eb fundit te lufta n\u00eb Iran. Vizita e fundit e njohur e Witkoff dhe Kushnerit, dh\u00ebndrit t\u00eb presidentit amerikan Donald Trump, n\u00eb Mosk\u00eb ishte n\u00eb janar, kur ata zhvilluan gjithashtu bisedime me Putinin n\u00eb Kremlin.<\/p>\n<p>Takimi i s\u00eb shtun\u00ebs n\u00eb Mosk\u00eb ka zgjatur m\u00eb shum\u00eb se tri or\u00eb, me dyer t\u00eb mbyllura, dhe ka p\u00ebrfunduar pa u njoftuar ndonj\u00eb zhvillim i madh. K\u00ebshilltari i Putinit p\u00ebr politik\u00ebn e jashtme, Yuri Ushakov, i ka p\u00ebrshkruar bisedimet si konstruktive, t\u00eb sinqerta dhe t\u00eb dobishme, por nuk ka dh\u00ebn\u00eb detaje mbi rezultatet konkrete.<\/p>\n<p>Nd\u00ebrsa Moska zyrtare ka ofruar \u201cnj\u00eb vler\u00ebsim gjith\u00ebp\u00ebrfshir\u00ebs\u201d t\u00eb situat\u00ebs n\u00eb fush\u00ebbetej\u00ebn n\u00eb Ukrain\u00eb, ka th\u00ebn\u00eb Ushakov, bisedimet nuk jan\u00eb p\u00ebrqendruar vet\u00ebm te lufta n\u00eb Ukrain\u00eb.<\/p>\n<p>\u201c\u00c7\u00ebshtjet ekonomike dhe projektet potencialisht t\u00eb m\u00ebdha, t\u00eb dobishme p\u00ebr t\u00eb dyja pal\u00ebt, mes Rusis\u00eb dhe Amerik\u00ebs u diskutuan n\u00eb detaje t\u00eb konsiderueshme\u201d, ka th\u00ebn\u00eb ai.<\/p>\n<p>Lufta ajrore mes Rusis\u00eb dhe Ukrain\u00ebs \u00ebsht\u00eb intensifikuar, nd\u00ebrsa trupat kan\u00eb hasur v\u00ebshtir\u00ebsi p\u00ebr t\u00eb b\u00ebr\u00eb p\u00ebrparim p\u00ebrgjat\u00eb vij\u00ebs s\u00eb frontit, e cila shtrihet n\u00eb 1,250 kilometra.<\/p>\n<p>Rusia koh\u00ebt e fundit ka p\u00ebrdorur dron\u00eb me motor reaktiv q\u00eb fluturojn\u00eb me shpejt\u00ebsi t\u00eb lart\u00eb, nd\u00ebrsa tingulli i p\u00ebrs\u00ebritur i sirenave t\u00eb alarmit ajror \u00ebsht\u00eb b\u00ebr\u00eb pjes\u00eb e jet\u00ebs s\u00eb p\u00ebrditshme n\u00eb Kiev.<\/p>\n<p>Putin dhe Zelensky kishin r\u00ebn\u00eb dakord t\u00eb pezullonin sulmet ndaj kryeqyteteve t\u00eb nj\u00ebri-tjetrit gjat\u00eb zhvillimit t\u00eb bisedimeve. Megjithat\u00eb, zyrtar\u00ebt kan\u00eb th\u00ebn\u00eb se gjat\u00eb nat\u00ebs deri t\u00eb diel\u00ebn, t\u00eb dyja pal\u00ebt shk\u00ebmbyen s\u00ebrish zjarr.<\/p>\n","protected":false},"excerpt":{"rendered":"<p>T\u00eb d\u00ebrguarit amerikan\u00eb Steve Witkoff dhe Jared Kushner kan\u00eb mb\u00ebrritur t\u00eb diel\u00ebn n\u00eb Kiev, n\u00eb vizit\u00ebn e tyre t\u00eb par\u00eb zyrtare n\u00eb Ukrain\u00eb, si pjes\u00eb e p\u00ebrpjekjeve t\u00eb rip\u00ebrt\u00ebrira p\u00ebr arritjen e paqes, m\u00eb shum\u00eb se kat\u00ebr vjet e gjysm\u00eb pas pushtimit n\u00eb shkall\u00eb t\u00eb plot\u00eb t\u00eb Ukrain\u00ebs nga Rusia. Udh\u00ebtimi i amerikan\u00ebve vjen pas [&hellip;]<\/p>\n","protected":false},"author":8,"featured_media":32832,"comment_status":"closed","ping_status":"closed","sticky":false,"template":"","format":"standard","meta":{"footnotes":""},"categories":[217,213],"tags":[],"class_list":["post-32831","post","type-post","status-publish","format-standard","has-post-thumbnail","hentry","category-bote","category-lajme"],"yoast_head":"<!-- This site is optimized with the Yoast SEO plugin v25.1 - https:\/\/yoast.com\/wordpress\/plugins\/seo\/ -->\n<title>T\u00eb d\u00ebrguarit e Trumpit mb\u00ebrrijn\u00eb n\u00eb Kiev, priten nga Zelensky - press7.tv<\/title>\n<meta name=\"robots\" content=\"index, follow, max-snippet:-1, max-image-preview:large, max-video-preview:-1\" \/>\n<link rel=\"canonical\" href=\"https:\/\/www.press7.tv\/?p=32831\" \/>\n<meta property=\"og:locale\" content=\"en_US\" \/>\n<meta property=\"og:type\" content=\"article\" \/>\n<meta property=\"og:title\" content=\"T\u00eb d\u00ebrguarit e Trumpit mb\u00ebrrijn\u00eb n\u00eb Kiev, priten nga Zelensky - press7.tv\" \/>\n<meta property=\"og:description\" content=\"T\u00eb d\u00ebrguarit amerikan\u00eb Steve Witkoff dhe Jared Kushner kan\u00eb mb\u00ebrritur t\u00eb diel\u00ebn n\u00eb Kiev, n\u00eb vizit\u00ebn e tyre t\u00eb par\u00eb zyrtare n\u00eb Ukrain\u00eb, si pjes\u00eb e p\u00ebrpjekjeve t\u00eb rip\u00ebrt\u00ebrira p\u00ebr arritjen e paqes, m\u00eb shum\u00eb se kat\u00ebr vjet e gjysm\u00eb pas pushtimit n\u00eb shkall\u00eb t\u00eb plot\u00eb t\u00eb Ukrain\u00ebs nga Rusia. Udh\u00ebtimi i amerikan\u00ebve vjen pas [&hellip;]\" \/>\n<meta property=\"og:url\" content=\"https:\/\/www.press7.tv\/?p=32831\" \/>\n<meta property=\"og:site_name\" content=\"press7.tv\" \/>\n<meta property=\"article:publisher\" content=\"https:\/\/www.facebook.com\/press7.tv\" \/>\n<meta property=\"article:published_time\" content=\"2026-09-06T12:42:51+00:00\" \/>\n<meta property=\"og:image\" content=\"https:\/\/www.press7.tv\/wp-content\/uploads\/2026\/09\/IMG_5564.avif\" \/>\n\t<meta property=\"og:image:width\" content=\"1360\" \/>\n\t<meta property=\"og:image:height\" content=\"870\" \/>\n\t<meta property=\"og:image:type\" content=\"image\/webp\" \/>\n<meta name=\"author\" content=\"gazetar2\" \/>\n<meta name=\"twitter:card\" content=\"summary_large_image\" \/>\n<meta name=\"twitter:label1\" content=\"Written by\" \/>\n\t<meta name=\"twitter:data1\" content=\"gazetar2\" \/>\n\t<meta name=\"twitter:label2\" content=\"Est. reading time\" \/>\n\t<meta name=\"twitter:data2\" content=\"1 minute\" \/>\n<script type=\"application\/ld+json\" class=\"yoast-schema-graph\">{\"@context\":\"https:\/\/schema.org\",\"@graph\":[{\"@type\":\"Article\",\"@id\":\"https:\/\/www.press7.tv\/?p=32831#article\",\"isPartOf\":{\"@id\":\"https:\/\/www.press7.tv\/?p=32831\"},\"author\":{\"name\":\"gazetar2\",\"@id\":\"https:\/\/www.news33.tv\/#\/schema\/person\/5a04a38a23ccdba82f9bd665cd8f9efa\"},\"headline\":\"T\u00eb d\u00ebrguarit e Trumpit mb\u00ebrrijn\u00eb n\u00eb Kiev, priten nga Zelensky\",\"datePublished\":\"2026-09-06T12:42:51+00:00\",\"mainEntityOfPage\":{\"@id\":\"https:\/\/www.press7.tv\/?p=32831\"},\"wordCount\":526,\"publisher\":{\"@id\":\"https:\/\/www.news33.tv\/#organization\"},\"image\":{\"@id\":\"https:\/\/www.press7.tv\/?p=32831#primaryimage\"},\"thumbnailUrl\":\"https:\/\/www.press7.tv\/wp-content\/uploads\/2026\/09\/IMG_5564.avif\",\"articleSection\":[\"Bot\u00eb\",\"Lajme\"],\"inLanguage\":\"en-US\"},{\"@type\":\"WebPage\",\"@id\":\"https:\/\/www.press7.tv\/?p=32831\",\"url\":\"https:\/\/www.press7.tv\/?p=32831\",\"name\":\"T\u00eb d\u00ebrguarit e Trumpit mb\u00ebrrijn\u00eb n\u00eb Kiev, priten nga Zelensky - press7.tv\",\"isPartOf\":{\"@id\":\"https:\/\/www.news33.tv\/#website\"},\"primaryImageOfPage\":{\"@id\":\"https:\/\/www.press7.tv\/?p=32831#primaryimage\"},\"image\":{\"@id\":\"https:\/\/www.press7.tv\/?p=32831#primaryimage\"},\"thumbnailUrl\":\"https:\/\/www.press7.tv\/wp-content\/uploads\/2026\/09\/IMG_5564.avif\",\"datePublished\":\"2026-09-06T12:42:51+00:00\",\"breadcrumb\":{\"@id\":\"https:\/\/www.press7.tv\/?p=32831#breadcrumb\"},\"inLanguage\":\"en-US\",\"potentialAction\":[{\"@type\":\"ReadAction\",\"target\":[\"https:\/\/www.press7.tv\/?p=32831\"]}]},{\"@type\":\"ImageObject\",\"inLanguage\":\"en-US\",\"@id\":\"https:\/\/www.press7.tv\/?p=32831#primaryimage\",\"url\":\"https:\/\/www.press7.tv\/wp-content\/uploads\/2026\/09\/IMG_5564.avif\",\"contentUrl\":\"https:\/\/www.press7.tv\/wp-content\/uploads\/2026\/09\/IMG_5564.avif\",\"width\":1360,\"height\":870},{\"@type\":\"BreadcrumbList\",\"@id\":\"https:\/\/www.press7.tv\/?p=32831#breadcrumb\",\"itemListElement\":[{\"@type\":\"ListItem\",\"position\":1,\"name\":\"Home\",\"item\":\"https:\/\/www.press7.tv\/\"},{\"@type\":\"ListItem\",\"position\":2,\"name\":\"T\u00eb d\u00ebrguarit e Trumpit mb\u00ebrrijn\u00eb n\u00eb Kiev, priten nga Zelensky\"}]},{\"@type\":\"WebSite\",\"@id\":\"https:\/\/www.news33.tv\/#website\",\"url\":\"https:\/\/www.news33.tv\/\",\"name\":\"News33.tv Media\",\"description\":\"Media\",\"publisher\":{\"@id\":\"https:\/\/www.news33.tv\/#organization\"},\"potentialAction\":[{\"@type\":\"SearchAction\",\"target\":{\"@type\":\"EntryPoint\",\"urlTemplate\":\"https:\/\/www.news33.tv\/?s={search_term_string}\"},\"query-input\":{\"@type\":\"PropertyValueSpecification\",\"valueRequired\":true,\"valueName\":\"search_term_string\"}}],\"inLanguage\":\"en-US\"},{\"@type\":\"Organization\",\"@id\":\"https:\/\/www.news33.tv\/#organization\",\"name\":\"News33.tv Media\",\"url\":\"https:\/\/www.news33.tv\/\",\"logo\":{\"@type\":\"ImageObject\",\"inLanguage\":\"en-US\",\"@id\":\"https:\/\/www.news33.tv\/#\/schema\/logo\/image\/\",\"url\":\"https:\/\/www.press7.tv\/wp-content\/uploads\/2024\/02\/logo-news33-black.png\",\"contentUrl\":\"https:\/\/www.press7.tv\/wp-content\/uploads\/2024\/02\/logo-news33-black.png\",\"width\":180,\"height\":37,\"caption\":\"News33.tv Media\"},\"image\":{\"@id\":\"https:\/\/www.news33.tv\/#\/schema\/logo\/image\/\"},\"sameAs\":[\"https:\/\/www.facebook.com\/press7.tv\"]},{\"@type\":\"Person\",\"@id\":\"https:\/\/www.news33.tv\/#\/schema\/person\/5a04a38a23ccdba82f9bd665cd8f9efa\",\"name\":\"gazetar2\",\"image\":{\"@type\":\"ImageObject\",\"inLanguage\":\"en-US\",\"@id\":\"https:\/\/www.news33.tv\/#\/schema\/person\/image\/\",\"url\":\"https:\/\/www.press7.tv\/wp-content\/litespeed\/avatar\/41975e402c3049d9ddb03adca8f7a883.jpg?ver=1788661009\",\"contentUrl\":\"https:\/\/www.press7.tv\/wp-content\/litespeed\/avatar\/41975e402c3049d9ddb03adca8f7a883.jpg?ver=1788661009\",\"caption\":\"gazetar2\"},\"url\":\"https:\/\/www.press7.tv\/?author=8\"}]}<\/script>\n<!-- \/ Yoast SEO plugin. -->","yoast_head_json":{"title":"T\u00eb d\u00ebrguarit e Trumpit mb\u00ebrrijn\u00eb n\u00eb Kiev, priten nga Zelensky - press7.tv","robots":{"index":"index","follow":"follow","max-snippet":"max-snippet:-1","max-image-preview":"max-image-preview:large","max-video-preview":"max-video-preview:-1"},"canonical":"https:\/\/www.press7.tv\/?p=32831","og_locale":"en_US","og_type":"article","og_title":"T\u00eb d\u00ebrguarit e Trumpit mb\u00ebrrijn\u00eb n\u00eb Kiev, priten nga Zelensky - press7.tv","og_description":"T\u00eb d\u00ebrguarit amerikan\u00eb Steve Witkoff dhe Jared Kushner kan\u00eb mb\u00ebrritur t\u00eb diel\u00ebn n\u00eb Kiev, n\u00eb vizit\u00ebn e tyre t\u00eb par\u00eb zyrtare n\u00eb Ukrain\u00eb, si pjes\u00eb e p\u00ebrpjekjeve t\u00eb rip\u00ebrt\u00ebrira p\u00ebr arritjen e paqes, m\u00eb shum\u00eb se kat\u00ebr vjet e gjysm\u00eb pas pushtimit n\u00eb shkall\u00eb t\u00eb plot\u00eb t\u00eb Ukrain\u00ebs nga Rusia. Udh\u00ebtimi i amerikan\u00ebve vjen pas [&hellip;]","og_url":"https:\/\/www.press7.tv\/?p=32831","og_site_name":"press7.tv","article_publisher":"https:\/\/www.facebook.com\/press7.tv","article_published_time":"2026-09-06T12:42:51+00:00","og_image":[{"width":1360,"height":870,"url":"https:\/\/www.press7.tv\/wp-content\/uploads\/2026\/09\/IMG_5564.avif","type":"image\/webp"}],"author":"gazetar2","twitter_card":"summary_large_image","twitter_misc":{"Written by":"gazetar2","Est. reading time":"1 minute"},"schema":{"@context":"https:\/\/schema.org","@graph":[{"@type":"Article","@id":"https:\/\/www.press7.tv\/?p=32831#article","isPartOf":{"@id":"https:\/\/www.press7.tv\/?p=32831"},"author":{"name":"gazetar2","@id":"https:\/\/www.news33.tv\/#\/schema\/person\/5a04a38a23ccdba82f9bd665cd8f9efa"},"headline":"T\u00eb d\u00ebrguarit e Trumpit mb\u00ebrrijn\u00eb n\u00eb Kiev, priten nga Zelensky","datePublished":"2026-09-06T12:42:51+00:00","mainEntityOfPage":{"@id":"https:\/\/www.press7.tv\/?p=32831"},"wordCount":526,"publisher":{"@id":"https:\/\/www.news33.tv\/#organization"},"image":{"@id":"https:\/\/www.press7.tv\/?p=32831#primaryimage"},"thumbnailUrl":"https:\/\/www.press7.tv\/wp-content\/uploads\/2026\/09\/IMG_5564.avif","articleSection":["Bot\u00eb","Lajme"],"inLanguage":"en-US"},{"@type":"WebPage","@id":"https:\/\/www.press7.tv\/?p=32831","url":"https:\/\/www.press7.tv\/?p=32831","name":"T\u00eb d\u00ebrguarit e Trumpit mb\u00ebrrijn\u00eb n\u00eb Kiev, priten nga Zelensky - press7.tv","isPartOf":{"@id":"https:\/\/www.news33.tv\/#website"},"primaryImageOfPage":{"@id":"https:\/\/www.press7.tv\/?p=32831#primaryimage"},"image":{"@id":"https:\/\/www.press7.tv\/?p=32831#primaryimage"},"thumbnailUrl":"https:\/\/www.press7.tv\/wp-content\/uploads\/2026\/09\/IMG_5564.avif","datePublished":"2026-09-06T12:42:51+00:00","breadcrumb":{"@id":"https:\/\/www.press7.tv\/?p=32831#breadcrumb"},"inLanguage":"en-US","potentialAction":[{"@type":"ReadAction","target":["https:\/\/www.press7.tv\/?p=32831"]}]},{"@type":"ImageObject","inLanguage":"en-US","@id":"https:\/\/www.press7.tv\/?p=32831#primaryimage","url":"https:\/\/www.press7.tv\/wp-content\/uploads\/2026\/09\/IMG_5564.avif","contentUrl":"https:\/\/www.press7.tv\/wp-content\/uploads\/2026\/09\/IMG_5564.avif","width":1360,"height":870},{"@type":"BreadcrumbList","@id":"https:\/\/www.press7.tv\/?p=32831#breadcrumb","itemListElement":[{"@type":"ListItem","position":1,"name":"Home","item":"https:\/\/www.press7.tv\/"},{"@type":"ListItem","position":2,"name":"T\u00eb d\u00ebrguarit e Trumpit mb\u00ebrrijn\u00eb n\u00eb Kiev, priten nga Zelensky"}]},{"@type":"WebSite","@id":"https:\/\/www.news33.tv\/#website","url":"https:\/\/www.news33.tv\/","name":"News33.tv Media","description":"Media","publisher":{"@id":"https:\/\/www.news33.tv\/#organization"},"potentialAction":[{"@type":"SearchAction","target":{"@type":"EntryPoint","urlTemplate":"https:\/\/www.news33.tv\/?s={search_term_string}"},"query-input":{"@type":"PropertyValueSpecification","valueRequired":true,"valueName":"search_term_string"}}],"inLanguage":"en-US"},{"@type":"Organization","@id":"https:\/\/www.news33.tv\/#organization","name":"News33.tv Media","url":"https:\/\/www.news33.tv\/","logo":{"@type":"ImageObject","inLanguage":"en-US","@id":"https:\/\/www.news33.tv\/#\/schema\/logo\/image\/","url":"https:\/\/www.press7.tv\/wp-content\/uploads\/2024\/02\/logo-news33-black.png","contentUrl":"https:\/\/www.press7.tv\/wp-content\/uploads\/2024\/02\/logo-news33-black.png","width":180,"height":37,"caption":"News33.tv Media"},"image":{"@id":"https:\/\/www.news33.tv\/#\/schema\/logo\/image\/"},"sameAs":["https:\/\/www.facebook.com\/press7.tv"]},{"@type":"Person","@id":"https:\/\/www.news33.tv\/#\/schema\/person\/5a04a38a23ccdba82f9bd665cd8f9efa","name":"gazetar2","image":{"@type":"ImageObject","inLanguage":"en-US","@id":"https:\/\/www.news33.tv\/#\/schema\/person\/image\/","url":"https:\/\/www.press7.tv\/wp-content\/litespeed\/avatar\/41975e402c3049d9ddb03adca8f7a883.jpg?ver=1788661009","contentUrl":"https:\/\/www.press7.tv\/wp-content\/litespeed\/avatar\/41975e402c3049d9ddb03adca8f7a883.jpg?ver=1788661009","caption":"gazetar2"},"url":"https:\/\/www.press7.tv\/?author=8"}]}},"amp_enabled":true,"_links":{"self":[{"href":"https:\/\/www.press7.tv\/index.php?rest_route=\/wp\/v2\/posts\/32831","targetHints":{"allow":["GET"]}}],"collection":[{"href":"https:\/\/www.press7.tv\/index.php?rest_route=\/wp\/v2\/posts"}],"about":[{"href":"https:\/\/www.press7.tv\/index.php?rest_route=\/wp\/v2\/types\/post"}],"author":[{"embeddable":true,"href":"https:\/\/www.press7.tv\/index.php?rest_route=\/wp\/v2\/users\/8"}],"replies":[{"embeddable":true,"href":"https:\/\/www.press7.tv\/index.php?rest_route=%2Fwp%2Fv2%2Fcomments&post=32831"}],"version-history":[{"count":1,"href":"https:\/\/www.press7.tv\/index.php?rest_route=\/wp\/v2\/posts\/32831\/revisions"}],"predecessor-version":[{"id":32833,"href":"https:\/\/www.press7.tv\/index.php?rest_route=\/wp\/v2\/posts\/32831\/revisions\/32833"}],"wp:featuredmedia":[{"embeddable":true,"href":"https:\/\/www.press7.tv\/index.php?rest_route=\/wp\/v2\/media\/32832"}],"wp:attachment":[{"href":"https:\/\/www.press7.tv\/index.php?rest_route=%2Fwp%2Fv2%2Fmedia&parent=32831"}],"wp:term":[{"taxonomy":"category","embeddable":true,"href":"https:\/\/www.press7.tv\/index.php?rest_route=%2Fwp%2Fv2%2Fcategories&post=32831"},{"taxonomy":"post_tag","embeddable":true,"href":"https:\/\/www.press7.tv\/index.php?rest_route=%2Fwp%2Fv2%2Ftags&post=32831"}],"curies":[{"name":"wp","href":"https:\/\/api.w.org\/{rel}","templated":true}]}}