{"id":32825,"date":"2026-09-06T10:29:59","date_gmt":"2026-09-06T10:29:59","guid":{"rendered":"https:\/\/www.press7.tv\/?p=32825"},"modified":"2026-09-06T10:29:59","modified_gmt":"2026-09-06T10:29:59","slug":"6-vjet-pas-marreveshjes-se-uashingtonit-normalizimi-me-kosoves-dhe-serbise-duket-me-larg-se-kurre","status":"publish","type":"post","link":"https:\/\/www.press7.tv\/?p=32825","title":{"rendered":"6 vjet pas Marr\u00ebveshjes s\u00eb Uashingtonit, normalizimi me Kosov\u00ebs dhe Serbis\u00eb duket m\u00eb larg se kurr\u00eb"},"content":{"rendered":"\n    <div class=\"xs_social_share_widget xs_share_url before_content \t\tmain_content  wslu-style-2 wslu-share-box-shaped wslu-fill-colored wslu-share-m-5 wslu-none wslu-share-vertical wslu-theme-font-no wslu-main_content\">\n\n\t\t\n        <ul>\n\t\t\t        <\/ul>\n    <\/div> \n<p>Gjasht\u00eb vjet pas Marr\u00ebveshjes s\u00eb Uashingtonit, normalizimi mes Kosov\u00ebs dhe Serbis\u00eb duket m\u00eb larg se kurr\u00eb. Ekspert\u00ebt thon\u00eb se Beogradi \u00ebsht\u00eb p\u00ebrshtatur m\u00eb mir\u00eb se Prishtina me nj\u00eb Amerik\u00eb m\u00eb transaksionale. Status quo-ja bart rrezik: kriza politike n\u00eb Kosov\u00eb, dialogu i ngrir\u00eb dhe v\u00ebmendja e zbehur amerikane mund t\u00eb hapin hap\u00ebsir\u00eb p\u00ebr destabilitet t\u00eb ri.<\/p>\n<p>Uashingtoni i vitit 2020 kishte optimiz\u00ebm dhe iniciativ\u00eb; Uashingtoni i vitit 2026 ka shum\u00eb m\u00eb pak v\u00ebmendje p\u00ebr Ballkanin.<\/p>\n<p>Njoh\u00ebsit amerikan\u00eb t\u00eb rajonit thon\u00eb se administrata \u00ebsht\u00eb transaksionale, interesat ekonomike peshojn\u00eb m\u00eb shum\u00eb dhe Serbia duket se \u00ebsht\u00eb p\u00ebrshtatur m\u00eb mir\u00eb me k\u00ebt\u00eb realitet sesa Kosova.<\/p>\n<p>Gjasht\u00eb vjet m\u00eb par\u00eb, presidenti amerikan, Donald Trump, synoi ta b\u00ebnte at\u00eb q\u00eb diplomacia evropiane nuk kishte arritur: t\u2019i afronte Kosov\u00ebn dhe Serbin\u00eb p\u00ebrmes ekonomis\u00eb.<\/p>\n<p>Marr\u00ebveshja e nd\u00ebrmjet\u00ebsuar nga administrata e tij u n\u00ebnshkrua m\u00eb 4 shtator 2020, n\u00eb Sht\u00ebpin\u00eb e Bardh\u00eb.<\/p>\n<p>Ajo p\u00ebrmbante zotime p\u00ebr lidhje infrastrukturore, energji, investime dhe bashk\u00ebpunim ekonomik, por edhe \u00e7\u00ebshtje q\u00eb shkonin p\u00ebrtej raporteve Kosov\u00eb-Serbi.<\/p>\n<p>Kosova, mes tjerash, u zotua t\u00eb vendoste marr\u00ebdh\u00ebnie diplomatike me Izraelin dhe m\u00eb pas hapi Ambasad\u00ebn e saj n\u00eb Jerusalem.<\/p>\n<p>Trump e paraqiti marr\u00ebveshjen si nj\u00eb zotim historik dhe normalizimin ekonomik si rrug\u00eb drejt zgjidhjes s\u00eb problemeve politike mes Kosov\u00ebs dhe Serbis\u00eb.<\/p>\n<p>\u201cMendoj se do t\u00eb ken\u00eb marr\u00ebdh\u00ebnie t\u00eb shk\u00eblqyera. Ekonomia mund t\u2019i afroj\u00eb njer\u00ebzit dhe kjo \u00ebsht\u00eb pik\u00ebrisht ajo q\u00eb po ndodh k\u00ebtu. Njer\u00ebzit e mi kan\u00eb b\u00ebr\u00eb nj\u00eb pun\u00eb t\u00eb jasht\u00ebzakonshme\u201d, tha Trump para kryeministrit t\u00eb at\u00ebhersh\u00ebm t\u00eb Kosov\u00ebs, Avdullah Hoti, dhe presidentit t\u00eb Serbis\u00eb, Aleksandar Vu\u00e7iq.<\/p>\n<p>Ekonomia, megjithat\u00eb, nuk i afroi dy vendet.<\/p>\n<p>Raportet mes Kosov\u00ebs dhe Serbis\u00eb u p\u00ebrshkuan nga kriza t\u00eb nj\u00ebpasnj\u00ebshme, ve\u00e7an\u00ebrisht n\u00eb veri t\u00eb Kosov\u00ebs, t\u00eb cilat kulmuan me sulmin e armatosur t\u00eb nj\u00eb grupi serb\u00ebsh n\u00eb Banjsk\u00eb, n\u00eb vitin 2023.<\/p>\n<p>Trajektoren nuk e ndryshuan as marr\u00ebveshjet e reja.<\/p>\n<p>N\u00ebn nd\u00ebrmjet\u00ebsimin e Bashkimit Evropian, Kosova dhe Serbia u pajtuan m\u00eb 2023 p\u00ebr Marr\u00ebveshjen drejt normalizimit dhe aneksin q\u00eb p\u00ebrcaktonte hapat p\u00ebr ta \u00e7uar at\u00eb p\u00ebrpara, por zbatimi i tyre ngeci.<\/p>\n<p>Dialogu humbi vrullin, nd\u00ebrsa takimet e nivelit t\u00eb lart\u00eb u nd\u00ebrpren\u00eb.<\/p>\n<p>Vet\u00ebm pak muaj pas Marr\u00ebveshjes s\u00eb Uashingtonit, Trump u largua nga Sht\u00ebpia e Bardh\u00eb dhe Joe Biden mori presidenc\u00ebn.<\/p>\n<p>Administrata e tij ndoqi nj\u00eb qasje m\u00eb t\u00eb koordinuar me aleat\u00ebt evropian\u00eb dhe i la BE-s\u00eb m\u00eb shum\u00eb hap\u00ebsir\u00eb n\u00eb p\u00ebrpjekjet p\u00ebr normalizimin e raporteve Kosov\u00eb-Serbi.<\/p>\n<p>P\u00ebr Richard Kraemerin, president i Aleanc\u00ebs SHBA-Evrop\u00eb, kjo ishte nj\u00eb qasje e gabuar.<\/p>\n<p>Ai thot\u00eb se synimi i Bidenit p\u00ebr t\u2019i l\u00ebn\u00eb Evrop\u00ebs m\u00eb shum\u00eb p\u00ebrgjegj\u00ebsi ishte i kuptuesh\u00ebm, por nuk dha rezultat.<\/p>\n<p>\u201cIsha i impresionuar q\u00eb administrata Trump, gjat\u00eb mandatit t\u00eb saj t\u00eb par\u00eb, mori iniciativ\u00ebn dhe u angazhua drejtp\u00ebrdrejt, duke e anashkaluar Bashkimin Evropian, i cili, pavar\u00ebsisht synimeve t\u00eb mira, nuk kishte arritur t\u2019i sillte rezultatet e d\u00ebshiruara n\u00eb zgjidhjen e konfliktit. Un\u00eb e kuptoj q\u00eb presidenti Biden donte t\u2019i p\u00ebrmir\u00ebsonte marr\u00ebdh\u00ebniet me aleat\u00ebt evropian\u00eb, pas qasjes shpesh t\u00eb ashp\u00ebr t\u00eb administrat\u00ebs Trump ndaj tyre. Por, t\u2019ia linte Evrop\u00ebs s\u00ebrish n\u00eb dor\u00eb k\u00ebt\u00eb \u00e7\u00ebshtje, nuk duket se funksionoi\u201d, thot\u00eb Kraemer p\u00ebr programin Expose t\u00eb Radios Evropa e Lir\u00eb.<\/p>\n<p>Gjat\u00eb administrat\u00ebs Biden, marr\u00ebdh\u00ebniet mes Kosov\u00ebs dhe SHBA-s\u00eb p\u00ebsuan krisje.<\/p>\n<p>Shkak u b\u00ebn\u00eb nj\u00eb s\u00ebr\u00eb veprimesh t\u00eb Qeveris\u00eb s\u00eb Albin Kurti n\u00eb veri t\u00eb Kosov\u00ebs, t\u00eb cilat Uashingtoni i konsideroi t\u00eb pakoordinuara dhe potencialisht t\u00eb d\u00ebmshme p\u00ebr komunitetin serb.<\/p>\n<p>P\u00ebr her\u00eb t\u00eb par\u00eb, SHBA-ja paralajm\u00ebroi hapur p\u00ebr pasoja n\u00eb raportet me Kosov\u00ebn.<\/p>\n<p>I kontaktuar nga Radio Evropa e Lir\u00eb gjasht\u00eb vjet pas n\u00ebnshkrimit t\u00eb Marr\u00ebveshjes s\u00eb Uashingtonit, Departamenti amerikan i Shtetit tha se ajo ishte nj\u00eb hap historik drejt normalizimit t\u00eb marr\u00ebdh\u00ebnieve mes Kosov\u00ebs dhe Serbis\u00eb, si dhe paqes dhe stabilitetit n\u00eb rajon.<\/p>\n<p>\u201cNe p\u00ebrs\u00ebrisim se normalizimi midis Serbis\u00eb dhe Kosov\u00ebs mbetet thelb\u00ebsor p\u00ebr ruajtjen e paqes dhe stabilitetit rajonal\u201d, tha nj\u00eb z\u00ebdh\u00ebn\u00ebs i DASH-it.<\/p>\n<p>Kryeministri i Kosov\u00ebs, Albin Kurti, tani n\u00eb detyr\u00eb, dhe presidenti i Serbis\u00eb, Aleksandar Vu\u00e7iq, nuk jan\u00eb takuar n\u00eb kuad\u00ebr t\u00eb dialogut q\u00eb nga shtatori i vitit 2023, pak dit\u00eb para sulmit t\u00eb armatosur n\u00eb Banjsk\u00eb.<\/p>\n<p>Kurti ka th\u00ebn\u00eb se bisedimet nuk mund t\u00eb vazhdojn\u00eb pa dor\u00ebzimin e t\u00eb dyshuarve p\u00ebr sulmin, p\u00ebr orkestrimin e t\u00eb cilit akuzon Serbin\u00eb.<\/p>\n<p>BE-ja nuk iu p\u00ebrgjigj pyetjeve t\u00eb Radios Evropa e Lir\u00eb p\u00ebr t\u00eb ardhmen e dialogut, por shefja e diplomacis\u00eb evropiane, Kaja Kallas, ka th\u00ebn\u00eb m\u00eb her\u00ebt se po punon p\u00ebr organizimin e nj\u00eb takimi t\u00eb nivelit t\u00eb lart\u00eb.<\/p>\n<p>\u201cPo punoj ve\u00e7mas me t\u00eb dy [lider\u00ebt], n\u00eb m\u00ebnyr\u00eb q\u00eb t\u00eb mund t\u00eb ecim p\u00ebrpara me zbatimin e marr\u00ebveshjeve q\u00eb jan\u00eb tashm\u00eb n\u00eb fuqi\u201d, ka th\u00ebn\u00eb Kallas.<\/p>\n<p>Por, sot, terreni \u00ebsht\u00eb krejt tjet\u00ebr.<\/p>\n<p>Kosova ka kaluar m\u00eb shum\u00eb se nj\u00eb vit e gjysm\u00eb n\u00eb kriz\u00eb politike, nd\u00ebrsa Serbia p\u00ebrballet me problemet e saj t\u00eb brendshme.<\/p>\n<p>Brukseli e ka v\u00ebmendjen te lufta n\u00eb Ukrain\u00eb dhe siguria e Evrop\u00ebs, nd\u00ebrsa Uashingtoni ka, po ashtu, nj\u00eb agjend\u00eb t\u00eb mbushur me kriza dhe prioritete t\u00eb tjera.<\/p>\n<p>\u201cDhe ja ku jemi n\u00eb vitin 2026, me nj\u00eb presidenc\u00eb amerikane t\u00eb mbingarkuar me kriza t\u00eb ndryshme dhe me nj\u00eb agjend\u00eb t\u00eb gjer\u00eb, t\u00eb cil\u00ebn synonte ta \u00e7onte p\u00ebrpara q\u00eb n\u00eb vitin e par\u00eb t\u00eb mandatit. Tani jemi n\u00eb vitin e dyt\u00eb, disa prej k\u00ebtyre \u00e7\u00ebshtjeve kan\u00eb ngecur dhe ajo q\u00eb nuk shohim \u00ebsht\u00eb q\u00eb Evropa Juglindore t\u00eb jet\u00eb prioritet\u201d, thot\u00eb Kraemer.<\/p>\n<p>David Kanin, profesor i Studimeve Evropiane n\u00eb Universitetin Johns Hopkins, thot\u00eb se Kosova ka vepruar deri diku me bindjen se Uashingtoni \u201cdo t\u00eb jet\u00eb gjithmon\u00eb aty\u201d.<\/p>\n<p>Por, sot, sipas tij, vendi \u00ebsht\u00eb pa nj\u00eb drejtim t\u00eb qart\u00eb strategjik, i p\u00ebrfshir\u00eb n\u00eb kriz\u00eb t\u00eb thell\u00eb politike dhe pa nj\u00eb plan afatgjat\u00eb.<\/p>\n<p>\u201cSerb\u00ebt jan\u00eb treguar shum\u00eb m\u00eb t\u00eb suksessh\u00ebm se kosovar\u00ebt n\u00eb menaxhimin e marr\u00ebdh\u00ebnieve me Uashingtonin, sidomos q\u00eb kur Kurti ka marr\u00eb pushtetin. Un\u00eb pajtohem me t\u00eb n\u00eb thelb sa i p\u00ebrket dialogut me evropian\u00ebt, por Kurti nuk shkon mir\u00eb me ask\u00ebnd. Njer\u00ebzit nuk e p\u00eblqejn\u00eb dhe Vu\u00e7iq ka arritur ta shfryt\u00ebzoj\u00eb k\u00ebt\u00eb\u201d, thot\u00eb Kanin p\u00ebr Exposen\u00eb.<\/p>\n<p>N\u00eb nj\u00eb Uashington gjithnj\u00eb e m\u00eb transaksional, sipas tij, Kosova ka gabuar kur ka refuzuar ta \u00e7oj\u00eb p\u00ebrpara gazin e l\u00ebngsh\u00ebm amerikan.<\/p>\n<p>Ai thot\u00eb se Prishtina, p\u00ebr dallim prej Beogradit, nuk e ka lexuar si\u00e7 duhet r\u00ebnd\u00ebsin\u00eb politike q\u00eb nj\u00eb projekt i till\u00eb mund t\u00eb kishte n\u00eb raportet me SHBA-n\u00eb.<\/p>\n<p>\u201cSerbia, Maqedonia e Veriut\u2026 kan\u00eb b\u00ebr\u00eb marr\u00ebveshje p\u00ebr furnizim me gazin amerikan. Kosova ka b\u00ebr\u00eb gabim n\u00eb k\u00ebt\u00eb \u00e7\u00ebshtje\u201d, thot\u00eb Kanin.<\/p>\n<p>Kraemer pajtohet se Serbia ka qen\u00eb shum\u00eb m\u00eb e suksesshme se Kosova n\u00eb nd\u00ebrtimin e ndikimit n\u00eb Uashington, sidomos p\u00ebrmes lobimit dhe lidhjeve me njer\u00ebz t\u00eb af\u00ebrt me Trumpin.<\/p>\n<p>Si shembull t\u00eb fuqis\u00eb s\u00eb k\u00ebtyre rrjeteve, ai p\u00ebrmend edhe heqjen e ish-presidentit t\u00eb Republik\u00ebs S\u00ebrpska, Millorad Dodik, dhe familjes s\u00eb tij nga lista amerikane e sanksioneve, n\u00eb vitin 2025.<\/p>\n<p>Serbia, n\u00eb korrik, nisi edhe Dialogun Strategjik me Shtetet e Bashkuara, nd\u00ebrsa me Kosov\u00ebn ai mbetet i pezulluar prej nj\u00eb viti.<\/p>\n<p>Uashingtoni e ka kusht\u00ebzuar nisjen e tij me p\u00ebrmbushjen e disa kushteve, p\u00ebrfshir\u00eb zotimet ndaj pakic\u00ebs serbe.<\/p>\n<p>Kraemer thot\u00eb se n\u00eb k\u00ebt\u00eb logjik\u00eb transaksionale t\u00eb administrat\u00ebs amerikane, Kosova ka pak p\u00ebr t\u00eb ofruar, pasi nuk ka pesh\u00eb t\u00eb madhe ekonomike apo strategjike p\u00ebr ta p\u00ebrdorur si lev\u00eb.<\/p>\n<p>Por, sipas tij, ajo mund ta kompensoj\u00eb at\u00eb, duke dal\u00eb nga kriza politike, duke u d\u00ebshmuar si partnere serioze dhe e q\u00ebndrueshme dhe duke marr\u00eb p\u00ebrsip\u00ebr vendime t\u00eb v\u00ebshtira n\u00eb dialog, p\u00ebrfshir\u00eb themelimin e Asociacionit t\u00eb komunave me shumic\u00eb serbe.<\/p>\n<p>\u201cDuhet t\u00eb tregoni se jeni serioz\u00eb dhe t\u00eb gatsh\u00ebm t\u00eb uleni n\u00eb tryez\u00eb, t\u00eb negocioni dhe t\u00eb diskutoni edhe \u00e7\u00ebshtje q\u00eb mund t\u00eb mos jen\u00eb domosdoshm\u00ebrisht t\u00eb popullarizuara, por q\u00eb duhet t\u00eb trajtohen. N\u00eb vend q\u00eb \u00e7\u00ebshtjet dyt\u00ebsore ta diktojn\u00eb drejtimin, duhet nj\u00eb udh\u00ebheqje m\u00eb e p\u00ebrqendruar n\u00eb at\u00eb se kah duhet t\u00eb shkoj\u00eb Kosova. P\u00ebrplasjet politike nuk u sjellin asnj\u00eb t\u00eb mir\u00eb qytetar\u00ebve t\u00eb vendit\u201d, thot\u00eb Kraemer.<\/p>\n<p>Kanin e sheh k\u00ebt\u00eb status quo si t\u00eb rrezikshme, edhe n\u00ebse situata p\u00ebr momentin duket e qet\u00eb.<\/p>\n<p>\u201cNuk ka ndonj\u00eb rrezik t\u00eb menj\u00ebhersh\u00ebm, nuk ka ndonj\u00eb kriz\u00eb urgjente. Por, n\u00ebse papritur do t\u00eb ndodhte di\u00e7ka \u2013 le t\u00eb themi nj\u00eb Banjsk\u00eb tjet\u00ebr apo edhe m\u00eb serioze \u2013 ajo do t\u2019i zinte t\u00eb gjith\u00eb n\u00eb befasi. Raportet mes Kosov\u00ebs dhe Shteteve t\u00eb Bashkuara, aktualisht, jan\u00eb l\u00ebn\u00eb shum\u00eb n\u00eb plan t\u00eb dyt\u00eb n\u00eb Uashington dhe nuk jam i sigurt se \u00e7far\u00eb synon t\u00eb b\u00ebj\u00eb Kurti me to\u201d, thot\u00eb ai.<\/p>\n<p>Q\u00eb nga rikthimi n\u00eb Sht\u00ebpin\u00eb e Bardh\u00eb n\u00eb janar t\u00eb vitit 2025, Trump ka pretenduar disa her\u00eb se ka parandaluar nj\u00eb luft\u00eb mes Kosov\u00ebs dhe Serbis\u00eb.<\/p>\n<p>Ai ka th\u00ebn\u00eb se Serbia po p\u00ebrgatitej p\u00ebr nj\u00eb \u201cluft\u00eb t\u00eb madhe\u201d, por se ai e ndali at\u00eb p\u00ebrmes presionit tregtar.<\/p>\n<p>Sht\u00ebpia e Bardh\u00eb tashm\u00eb e rendit Kosov\u00ebn dhe Serbin\u00eb mes konflikteve q\u00eb Trump pretendon se i ka p\u00ebrfunduar.<\/p>\n<p>N\u00eb dhjetor t\u00eb vitit 2025, Trump ka n\u00ebnshkruar edhe nj\u00eb ligj q\u00eb rikonfirmon politik\u00ebn amerikane ndaj Kosov\u00ebs dhe Serbis\u00eb.<\/p>\n<p>Ai mb\u00ebshtet nj\u00eb marr\u00ebveshje p\u00ebrfundimtare t\u00eb bazuar n\u00eb njohjen reciproke dhe k\u00ebrkon p\u00ebrparim n\u00eb zbatimin e marr\u00ebveshjes s\u00eb vitit 2023, duke e lidhur at\u00eb edhe me forcimin e raporteve t\u00eb SHBA-s\u00eb me t\u00eb dyja vendet.<\/p>\n<p>N\u00eb terren, ky synim duket m\u00eb larg se kurr\u00eb.<\/p>\n<p>Kanin thot\u00eb se t\u00eb huajt duhet t\u00eb ndalojn\u00eb s\u00eb pretenduari se mund ta zgjidhin problemin dhe t\u2019ua l\u00ebn\u00eb Kosov\u00ebs dhe Serbis\u00eb p\u00ebrgjegj\u00ebsin\u00eb p\u00ebr zgjidhjen.<\/p>\n<p>Por, pritja ka rreziqet e veta.<\/p>\n<p>Me Uashingtonin t\u00eb shp\u00ebrqendruar dhe Beogradin q\u00eb mund ta ndiej\u00eb veten m\u00eb t\u00eb favorizuar, Kraemer paralajm\u00ebron se Serbia mund t\u00eb tundohet ta ndryshoj\u00eb realitetin n\u00eb veri t\u00eb Kosov\u00ebs jasht\u00eb rrug\u00ebve ligjore.<\/p>\n<p>P\u00ebr nj\u00eb gj\u00eb, megjithat\u00eb, ata t\u00eb dy pajtohen: Marr\u00ebveshja e Uashingtonit, q\u00eb gjasht\u00eb vjet m\u00eb par\u00eb u shpall historike, sot \u00ebsht\u00eb zhdukur pothuajse pa gjurm\u00eb.<\/p>\n","protected":false},"excerpt":{"rendered":"<p>Gjasht\u00eb vjet pas Marr\u00ebveshjes s\u00eb Uashingtonit, normalizimi mes Kosov\u00ebs dhe Serbis\u00eb duket m\u00eb larg se kurr\u00eb. Ekspert\u00ebt thon\u00eb se Beogradi \u00ebsht\u00eb p\u00ebrshtatur m\u00eb mir\u00eb se Prishtina me nj\u00eb Amerik\u00eb m\u00eb transaksionale. Status quo-ja bart rrezik: kriza politike n\u00eb Kosov\u00eb, dialogu i ngrir\u00eb dhe v\u00ebmendja e zbehur amerikane mund t\u00eb hapin hap\u00ebsir\u00eb p\u00ebr destabilitet t\u00eb ri. [&hellip;]<\/p>\n","protected":false},"author":8,"featured_media":32826,"comment_status":"closed","ping_status":"closed","sticky":false,"template":"","format":"standard","meta":{"footnotes":""},"categories":[217,213],"tags":[],"class_list":["post-32825","post","type-post","status-publish","format-standard","has-post-thumbnail","hentry","category-bote","category-lajme"],"yoast_head":"<!-- This site is optimized with the Yoast SEO plugin v25.1 - https:\/\/yoast.com\/wordpress\/plugins\/seo\/ -->\n<title>6 vjet pas Marr\u00ebveshjes s\u00eb Uashingtonit, normalizimi me Kosov\u00ebs dhe Serbis\u00eb duket m\u00eb larg se kurr\u00eb - press7.tv<\/title>\n<meta name=\"robots\" content=\"index, follow, max-snippet:-1, max-image-preview:large, max-video-preview:-1\" \/>\n<link rel=\"canonical\" href=\"https:\/\/www.press7.tv\/?p=32825\" \/>\n<meta property=\"og:locale\" content=\"en_US\" \/>\n<meta property=\"og:type\" content=\"article\" \/>\n<meta property=\"og:title\" content=\"6 vjet pas Marr\u00ebveshjes s\u00eb Uashingtonit, normalizimi me Kosov\u00ebs dhe Serbis\u00eb duket m\u00eb larg se kurr\u00eb - press7.tv\" \/>\n<meta property=\"og:description\" content=\"Gjasht\u00eb vjet pas Marr\u00ebveshjes s\u00eb Uashingtonit, normalizimi mes Kosov\u00ebs dhe Serbis\u00eb duket m\u00eb larg se kurr\u00eb. Ekspert\u00ebt thon\u00eb se Beogradi \u00ebsht\u00eb p\u00ebrshtatur m\u00eb mir\u00eb se Prishtina me nj\u00eb Amerik\u00eb m\u00eb transaksionale. Status quo-ja bart rrezik: kriza politike n\u00eb Kosov\u00eb, dialogu i ngrir\u00eb dhe v\u00ebmendja e zbehur amerikane mund t\u00eb hapin hap\u00ebsir\u00eb p\u00ebr destabilitet t\u00eb ri. [&hellip;]\" \/>\n<meta property=\"og:url\" content=\"https:\/\/www.press7.tv\/?p=32825\" \/>\n<meta property=\"og:site_name\" content=\"press7.tv\" \/>\n<meta property=\"article:publisher\" content=\"https:\/\/www.facebook.com\/press7.tv\" \/>\n<meta property=\"article:published_time\" content=\"2026-09-06T10:29:59+00:00\" \/>\n<meta property=\"og:image\" content=\"https:\/\/www.press7.tv\/wp-content\/uploads\/2026\/09\/IMG_5559.avif\" \/>\n\t<meta property=\"og:image:width\" content=\"961\" \/>\n\t<meta property=\"og:image:height\" content=\"630\" \/>\n\t<meta property=\"og:image:type\" content=\"image\/png\" \/>\n<meta name=\"author\" content=\"gazetar2\" \/>\n<meta name=\"twitter:card\" content=\"summary_large_image\" \/>\n<meta name=\"twitter:label1\" content=\"Written by\" \/>\n\t<meta name=\"twitter:data1\" content=\"gazetar2\" \/>\n\t<meta name=\"twitter:label2\" content=\"Est. reading time\" \/>\n\t<meta name=\"twitter:data2\" content=\"1 minute\" \/>\n<script type=\"application\/ld+json\" class=\"yoast-schema-graph\">{\"@context\":\"https:\/\/schema.org\",\"@graph\":[{\"@type\":\"Article\",\"@id\":\"https:\/\/www.press7.tv\/?p=32825#article\",\"isPartOf\":{\"@id\":\"https:\/\/www.press7.tv\/?p=32825\"},\"author\":{\"name\":\"gazetar2\",\"@id\":\"https:\/\/www.news33.tv\/#\/schema\/person\/5a04a38a23ccdba82f9bd665cd8f9efa\"},\"headline\":\"6 vjet pas Marr\u00ebveshjes s\u00eb Uashingtonit, normalizimi me Kosov\u00ebs dhe Serbis\u00eb duket m\u00eb larg se kurr\u00eb\",\"datePublished\":\"2026-09-06T10:29:59+00:00\",\"mainEntityOfPage\":{\"@id\":\"https:\/\/www.press7.tv\/?p=32825\"},\"wordCount\":1831,\"publisher\":{\"@id\":\"https:\/\/www.news33.tv\/#organization\"},\"image\":{\"@id\":\"https:\/\/www.press7.tv\/?p=32825#primaryimage\"},\"thumbnailUrl\":\"https:\/\/www.press7.tv\/wp-content\/uploads\/2026\/09\/IMG_5559.avif\",\"articleSection\":[\"Bot\u00eb\",\"Lajme\"],\"inLanguage\":\"en-US\"},{\"@type\":\"WebPage\",\"@id\":\"https:\/\/www.press7.tv\/?p=32825\",\"url\":\"https:\/\/www.press7.tv\/?p=32825\",\"name\":\"6 vjet pas Marr\u00ebveshjes s\u00eb Uashingtonit, normalizimi me Kosov\u00ebs dhe Serbis\u00eb duket m\u00eb larg se kurr\u00eb - press7.tv\",\"isPartOf\":{\"@id\":\"https:\/\/www.news33.tv\/#website\"},\"primaryImageOfPage\":{\"@id\":\"https:\/\/www.press7.tv\/?p=32825#primaryimage\"},\"image\":{\"@id\":\"https:\/\/www.press7.tv\/?p=32825#primaryimage\"},\"thumbnailUrl\":\"https:\/\/www.press7.tv\/wp-content\/uploads\/2026\/09\/IMG_5559.avif\",\"datePublished\":\"2026-09-06T10:29:59+00:00\",\"breadcrumb\":{\"@id\":\"https:\/\/www.press7.tv\/?p=32825#breadcrumb\"},\"inLanguage\":\"en-US\",\"potentialAction\":[{\"@type\":\"ReadAction\",\"target\":[\"https:\/\/www.press7.tv\/?p=32825\"]}]},{\"@type\":\"ImageObject\",\"inLanguage\":\"en-US\",\"@id\":\"https:\/\/www.press7.tv\/?p=32825#primaryimage\",\"url\":\"https:\/\/www.press7.tv\/wp-content\/uploads\/2026\/09\/IMG_5559.avif\",\"contentUrl\":\"https:\/\/www.press7.tv\/wp-content\/uploads\/2026\/09\/IMG_5559.avif\",\"width\":961,\"height\":630},{\"@type\":\"BreadcrumbList\",\"@id\":\"https:\/\/www.press7.tv\/?p=32825#breadcrumb\",\"itemListElement\":[{\"@type\":\"ListItem\",\"position\":1,\"name\":\"Home\",\"item\":\"https:\/\/www.press7.tv\/\"},{\"@type\":\"ListItem\",\"position\":2,\"name\":\"6 vjet pas Marr\u00ebveshjes s\u00eb Uashingtonit, normalizimi me Kosov\u00ebs dhe Serbis\u00eb duket m\u00eb larg se kurr\u00eb\"}]},{\"@type\":\"WebSite\",\"@id\":\"https:\/\/www.news33.tv\/#website\",\"url\":\"https:\/\/www.news33.tv\/\",\"name\":\"News33.tv Media\",\"description\":\"Media\",\"publisher\":{\"@id\":\"https:\/\/www.news33.tv\/#organization\"},\"potentialAction\":[{\"@type\":\"SearchAction\",\"target\":{\"@type\":\"EntryPoint\",\"urlTemplate\":\"https:\/\/www.news33.tv\/?s={search_term_string}\"},\"query-input\":{\"@type\":\"PropertyValueSpecification\",\"valueRequired\":true,\"valueName\":\"search_term_string\"}}],\"inLanguage\":\"en-US\"},{\"@type\":\"Organization\",\"@id\":\"https:\/\/www.news33.tv\/#organization\",\"name\":\"News33.tv Media\",\"url\":\"https:\/\/www.news33.tv\/\",\"logo\":{\"@type\":\"ImageObject\",\"inLanguage\":\"en-US\",\"@id\":\"https:\/\/www.news33.tv\/#\/schema\/logo\/image\/\",\"url\":\"https:\/\/www.press7.tv\/wp-content\/uploads\/2024\/02\/logo-news33-black.png\",\"contentUrl\":\"https:\/\/www.press7.tv\/wp-content\/uploads\/2024\/02\/logo-news33-black.png\",\"width\":180,\"height\":37,\"caption\":\"News33.tv Media\"},\"image\":{\"@id\":\"https:\/\/www.news33.tv\/#\/schema\/logo\/image\/\"},\"sameAs\":[\"https:\/\/www.facebook.com\/press7.tv\"]},{\"@type\":\"Person\",\"@id\":\"https:\/\/www.news33.tv\/#\/schema\/person\/5a04a38a23ccdba82f9bd665cd8f9efa\",\"name\":\"gazetar2\",\"image\":{\"@type\":\"ImageObject\",\"inLanguage\":\"en-US\",\"@id\":\"https:\/\/www.news33.tv\/#\/schema\/person\/image\/\",\"url\":\"https:\/\/www.press7.tv\/wp-content\/litespeed\/avatar\/41975e402c3049d9ddb03adca8f7a883.jpg?ver=1788661009\",\"contentUrl\":\"https:\/\/www.press7.tv\/wp-content\/litespeed\/avatar\/41975e402c3049d9ddb03adca8f7a883.jpg?ver=1788661009\",\"caption\":\"gazetar2\"},\"url\":\"https:\/\/www.press7.tv\/?author=8\"}]}<\/script>\n<!-- \/ Yoast SEO plugin. -->","yoast_head_json":{"title":"6 vjet pas Marr\u00ebveshjes s\u00eb Uashingtonit, normalizimi me Kosov\u00ebs dhe Serbis\u00eb duket m\u00eb larg se kurr\u00eb - press7.tv","robots":{"index":"index","follow":"follow","max-snippet":"max-snippet:-1","max-image-preview":"max-image-preview:large","max-video-preview":"max-video-preview:-1"},"canonical":"https:\/\/www.press7.tv\/?p=32825","og_locale":"en_US","og_type":"article","og_title":"6 vjet pas Marr\u00ebveshjes s\u00eb Uashingtonit, normalizimi me Kosov\u00ebs dhe Serbis\u00eb duket m\u00eb larg se kurr\u00eb - press7.tv","og_description":"Gjasht\u00eb vjet pas Marr\u00ebveshjes s\u00eb Uashingtonit, normalizimi mes Kosov\u00ebs dhe Serbis\u00eb duket m\u00eb larg se kurr\u00eb. Ekspert\u00ebt thon\u00eb se Beogradi \u00ebsht\u00eb p\u00ebrshtatur m\u00eb mir\u00eb se Prishtina me nj\u00eb Amerik\u00eb m\u00eb transaksionale. Status quo-ja bart rrezik: kriza politike n\u00eb Kosov\u00eb, dialogu i ngrir\u00eb dhe v\u00ebmendja e zbehur amerikane mund t\u00eb hapin hap\u00ebsir\u00eb p\u00ebr destabilitet t\u00eb ri. [&hellip;]","og_url":"https:\/\/www.press7.tv\/?p=32825","og_site_name":"press7.tv","article_publisher":"https:\/\/www.facebook.com\/press7.tv","article_published_time":"2026-09-06T10:29:59+00:00","og_image":[{"width":961,"height":630,"url":"https:\/\/www.press7.tv\/wp-content\/uploads\/2026\/09\/IMG_5559.avif","type":"image\/png"}],"author":"gazetar2","twitter_card":"summary_large_image","twitter_misc":{"Written by":"gazetar2","Est. reading time":"1 minute"},"schema":{"@context":"https:\/\/schema.org","@graph":[{"@type":"Article","@id":"https:\/\/www.press7.tv\/?p=32825#article","isPartOf":{"@id":"https:\/\/www.press7.tv\/?p=32825"},"author":{"name":"gazetar2","@id":"https:\/\/www.news33.tv\/#\/schema\/person\/5a04a38a23ccdba82f9bd665cd8f9efa"},"headline":"6 vjet pas Marr\u00ebveshjes s\u00eb Uashingtonit, normalizimi me Kosov\u00ebs dhe Serbis\u00eb duket m\u00eb larg se kurr\u00eb","datePublished":"2026-09-06T10:29:59+00:00","mainEntityOfPage":{"@id":"https:\/\/www.press7.tv\/?p=32825"},"wordCount":1831,"publisher":{"@id":"https:\/\/www.news33.tv\/#organization"},"image":{"@id":"https:\/\/www.press7.tv\/?p=32825#primaryimage"},"thumbnailUrl":"https:\/\/www.press7.tv\/wp-content\/uploads\/2026\/09\/IMG_5559.avif","articleSection":["Bot\u00eb","Lajme"],"inLanguage":"en-US"},{"@type":"WebPage","@id":"https:\/\/www.press7.tv\/?p=32825","url":"https:\/\/www.press7.tv\/?p=32825","name":"6 vjet pas Marr\u00ebveshjes s\u00eb Uashingtonit, normalizimi me Kosov\u00ebs dhe Serbis\u00eb duket m\u00eb larg se kurr\u00eb - press7.tv","isPartOf":{"@id":"https:\/\/www.news33.tv\/#website"},"primaryImageOfPage":{"@id":"https:\/\/www.press7.tv\/?p=32825#primaryimage"},"image":{"@id":"https:\/\/www.press7.tv\/?p=32825#primaryimage"},"thumbnailUrl":"https:\/\/www.press7.tv\/wp-content\/uploads\/2026\/09\/IMG_5559.avif","datePublished":"2026-09-06T10:29:59+00:00","breadcrumb":{"@id":"https:\/\/www.press7.tv\/?p=32825#breadcrumb"},"inLanguage":"en-US","potentialAction":[{"@type":"ReadAction","target":["https:\/\/www.press7.tv\/?p=32825"]}]},{"@type":"ImageObject","inLanguage":"en-US","@id":"https:\/\/www.press7.tv\/?p=32825#primaryimage","url":"https:\/\/www.press7.tv\/wp-content\/uploads\/2026\/09\/IMG_5559.avif","contentUrl":"https:\/\/www.press7.tv\/wp-content\/uploads\/2026\/09\/IMG_5559.avif","width":961,"height":630},{"@type":"BreadcrumbList","@id":"https:\/\/www.press7.tv\/?p=32825#breadcrumb","itemListElement":[{"@type":"ListItem","position":1,"name":"Home","item":"https:\/\/www.press7.tv\/"},{"@type":"ListItem","position":2,"name":"6 vjet pas Marr\u00ebveshjes s\u00eb Uashingtonit, normalizimi me Kosov\u00ebs dhe Serbis\u00eb duket m\u00eb larg se kurr\u00eb"}]},{"@type":"WebSite","@id":"https:\/\/www.news33.tv\/#website","url":"https:\/\/www.news33.tv\/","name":"News33.tv Media","description":"Media","publisher":{"@id":"https:\/\/www.news33.tv\/#organization"},"potentialAction":[{"@type":"SearchAction","target":{"@type":"EntryPoint","urlTemplate":"https:\/\/www.news33.tv\/?s={search_term_string}"},"query-input":{"@type":"PropertyValueSpecification","valueRequired":true,"valueName":"search_term_string"}}],"inLanguage":"en-US"},{"@type":"Organization","@id":"https:\/\/www.news33.tv\/#organization","name":"News33.tv Media","url":"https:\/\/www.news33.tv\/","logo":{"@type":"ImageObject","inLanguage":"en-US","@id":"https:\/\/www.news33.tv\/#\/schema\/logo\/image\/","url":"https:\/\/www.press7.tv\/wp-content\/uploads\/2024\/02\/logo-news33-black.png","contentUrl":"https:\/\/www.press7.tv\/wp-content\/uploads\/2024\/02\/logo-news33-black.png","width":180,"height":37,"caption":"News33.tv Media"},"image":{"@id":"https:\/\/www.news33.tv\/#\/schema\/logo\/image\/"},"sameAs":["https:\/\/www.facebook.com\/press7.tv"]},{"@type":"Person","@id":"https:\/\/www.news33.tv\/#\/schema\/person\/5a04a38a23ccdba82f9bd665cd8f9efa","name":"gazetar2","image":{"@type":"ImageObject","inLanguage":"en-US","@id":"https:\/\/www.news33.tv\/#\/schema\/person\/image\/","url":"https:\/\/www.press7.tv\/wp-content\/litespeed\/avatar\/41975e402c3049d9ddb03adca8f7a883.jpg?ver=1788661009","contentUrl":"https:\/\/www.press7.tv\/wp-content\/litespeed\/avatar\/41975e402c3049d9ddb03adca8f7a883.jpg?ver=1788661009","caption":"gazetar2"},"url":"https:\/\/www.press7.tv\/?author=8"}]}},"amp_enabled":true,"_links":{"self":[{"href":"https:\/\/www.press7.tv\/index.php?rest_route=\/wp\/v2\/posts\/32825","targetHints":{"allow":["GET"]}}],"collection":[{"href":"https:\/\/www.press7.tv\/index.php?rest_route=\/wp\/v2\/posts"}],"about":[{"href":"https:\/\/www.press7.tv\/index.php?rest_route=\/wp\/v2\/types\/post"}],"author":[{"embeddable":true,"href":"https:\/\/www.press7.tv\/index.php?rest_route=\/wp\/v2\/users\/8"}],"replies":[{"embeddable":true,"href":"https:\/\/www.press7.tv\/index.php?rest_route=%2Fwp%2Fv2%2Fcomments&post=32825"}],"version-history":[{"count":1,"href":"https:\/\/www.press7.tv\/index.php?rest_route=\/wp\/v2\/posts\/32825\/revisions"}],"predecessor-version":[{"id":32827,"href":"https:\/\/www.press7.tv\/index.php?rest_route=\/wp\/v2\/posts\/32825\/revisions\/32827"}],"wp:featuredmedia":[{"embeddable":true,"href":"https:\/\/www.press7.tv\/index.php?rest_route=\/wp\/v2\/media\/32826"}],"wp:attachment":[{"href":"https:\/\/www.press7.tv\/index.php?rest_route=%2Fwp%2Fv2%2Fmedia&parent=32825"}],"wp:term":[{"taxonomy":"category","embeddable":true,"href":"https:\/\/www.press7.tv\/index.php?rest_route=%2Fwp%2Fv2%2Fcategories&post=32825"},{"taxonomy":"post_tag","embeddable":true,"href":"https:\/\/www.press7.tv\/index.php?rest_route=%2Fwp%2Fv2%2Ftags&post=32825"}],"curies":[{"name":"wp","href":"https:\/\/api.w.org\/{rel}","templated":true}]}}