{"id":32822,"date":"2026-09-06T09:45:40","date_gmt":"2026-09-06T09:45:40","guid":{"rendered":"https:\/\/www.press7.tv\/?p=32822"},"modified":"2026-09-06T09:45:40","modified_gmt":"2026-09-06T09:45:40","slug":"irani-pretendon-se-goditi-nje-mjet-amerikan-ne-ngushticen-e-hormuzit","status":"publish","type":"post","link":"https:\/\/www.press7.tv\/?p=32822","title":{"rendered":"Irani pretendon se goditi nj\u00eb mjet amerikan n\u00eb Ngushtic\u00ebn e Hormuzit"},"content":{"rendered":"\n    <div class=\"xs_social_share_widget xs_share_url before_content \t\tmain_content  wslu-style-2 wslu-share-box-shaped wslu-fill-colored wslu-share-m-5 wslu-none wslu-share-vertical wslu-theme-font-no wslu-main_content\">\n\n\t\t\n        <ul>\n\t\t\t        <\/ul>\n    <\/div> \n<p>Irani tha t\u00eb diel\u00ebn se ka goditur nj\u00eb mjet lundrues pa pilot t\u00eb SHBA-s\u00eb, i cili po p\u00ebrpiqej t\u00eb hynte n\u00eb Ngushtic\u00ebn e Hormuzit, n\u00eb incidentin m\u00eb t\u00eb fundit n\u00eb p\u00ebrshkall\u00ebzimin e ri t\u00eb luftimeve mes dy vendeve.<\/p>\n<p>SHBA-ja nuk e ka konfirmuar menj\u00ebher\u00eb sulmin e pretenduar, i cili ndodhi nj\u00eb dit\u00eb pasi ushtria amerikane tha se forcat e saj kishin goditur tre cisterna iraniane t\u00eb naft\u00ebs, n\u00eb p\u00ebrgjigje t\u00eb nj\u00eb sulmi me raketa ndaj anijeve luftarake t\u00eb Marin\u00ebs amerikane.<\/p>\n<p>Lufta nisi m\u00eb 28 shkurt, me sulmet e SHBA-s\u00eb dhe Izraelit ndaj Iranit. Megjithat\u00eb, q\u00eb nga shpallja e nj\u00eb marr\u00ebveshjeje arm\u00ebpushimi n\u00eb qershor, luftimet kan\u00eb vazhduar her\u00eb pas here, nd\u00ebrsa t\u00eb dyja pal\u00ebt jan\u00eb p\u00ebrpjekur t\u2019i shkaktojn\u00eb nj\u00ebra-tjetr\u00ebs d\u00ebme ushtarake dhe ekonomike, n\u00eb koh\u00ebn kur negociatat kan\u00eb d\u00ebshtuar.<\/p>\n<p>SHBA-ja dhe Irani rifilluan sulmet jav\u00ebn e kaluar, pas nj\u00eb muaji qet\u00ebsie relative, duke e kthyer s\u00ebrish Ngushtic\u00ebn e Hormuzit dhe komunitetet iraniane p\u00ebrgjat\u00eb saj n\u00eb objektiva. T\u00eb pakt\u00ebn pes\u00eb persona u vran\u00eb n\u00eb fillim t\u00eb jav\u00ebs gjat\u00eb nj\u00eb bombardimi amerikan n\u00eb jug t\u00eb Iranit.<\/p>\n<p>Administrata Trump duket se ka miratuar nj\u00eb qasje me dy drejtime ndaj konfliktit: duke iu p\u00ebrgjigjur ushtarakisht sulmeve n\u00eb Ngushtic\u00ebn e Hormuzit dhe nj\u00ebkoh\u00ebsisht duke goditur institucionet financiare t\u00eb huaja q\u00eb menaxhojn\u00eb parat\u00eb e Iranit.<\/p>\n<p>Nd\u00ebrkoh\u00eb, udh\u00ebheq\u00ebsit e rinj t\u00eb linj\u00ebs s\u00eb ashp\u00ebr n\u00eb Teheran kan\u00eb sinjalizuar se jan\u00eb t\u00eb gatsh\u00ebm t\u00eb vazhdojn\u00eb p\u00ebrballjen, pasi kan\u00eb p\u00ebrballuar dekada sanksionesh.<\/p>\n<p>Gjat\u00eb viteve, Irani ka gjetur m\u00ebnyra p\u00ebr t\u2019i anashkaluar sanksionet dhe tashm\u00eb edhe bllokad\u00ebn amerikane, duke vazhduar t\u00eb eksportoj\u00eb naft\u00ebn tek bler\u00ebsit p\u00ebr t\u00eb leht\u00ebsuar presionet n\u00eb rritje mbi ekonomin\u00eb. Nj\u00eb pjes\u00eb e k\u00ebtij mekanizmi mb\u00ebshtetet te nj\u00eb \u201cflot\u00eb n\u00eb hije\u201d, e p\u00ebrb\u00ebr\u00eb nga anije q\u00eb transportojn\u00eb naft\u00ebn iraniane.<\/p>\n","protected":false},"excerpt":{"rendered":"<p>Irani tha t\u00eb diel\u00ebn se ka goditur nj\u00eb mjet lundrues pa pilot t\u00eb SHBA-s\u00eb, i cili po p\u00ebrpiqej t\u00eb hynte n\u00eb Ngushtic\u00ebn e Hormuzit, n\u00eb incidentin m\u00eb t\u00eb fundit n\u00eb p\u00ebrshkall\u00ebzimin e ri t\u00eb luftimeve mes dy vendeve. SHBA-ja nuk e ka konfirmuar menj\u00ebher\u00eb sulmin e pretenduar, i cili ndodhi nj\u00eb dit\u00eb pasi ushtria amerikane [&hellip;]<\/p>\n","protected":false},"author":8,"featured_media":32823,"comment_status":"closed","ping_status":"closed","sticky":false,"template":"","format":"standard","meta":{"footnotes":""},"categories":[217,213],"tags":[],"class_list":["post-32822","post","type-post","status-publish","format-standard","has-post-thumbnail","hentry","category-bote","category-lajme"],"yoast_head":"<!-- This site is optimized with the Yoast SEO plugin v25.1 - https:\/\/yoast.com\/wordpress\/plugins\/seo\/ -->\n<title>Irani pretendon se goditi nj\u00eb mjet amerikan n\u00eb Ngushtic\u00ebn e Hormuzit - press7.tv<\/title>\n<meta name=\"robots\" content=\"index, follow, max-snippet:-1, max-image-preview:large, max-video-preview:-1\" \/>\n<link rel=\"canonical\" href=\"https:\/\/www.press7.tv\/?p=32822\" \/>\n<meta property=\"og:locale\" content=\"en_US\" \/>\n<meta property=\"og:type\" content=\"article\" \/>\n<meta property=\"og:title\" content=\"Irani pretendon se goditi nj\u00eb mjet amerikan n\u00eb Ngushtic\u00ebn e Hormuzit - press7.tv\" \/>\n<meta property=\"og:description\" content=\"Irani tha t\u00eb diel\u00ebn se ka goditur nj\u00eb mjet lundrues pa pilot t\u00eb SHBA-s\u00eb, i cili po p\u00ebrpiqej t\u00eb hynte n\u00eb Ngushtic\u00ebn e Hormuzit, n\u00eb incidentin m\u00eb t\u00eb fundit n\u00eb p\u00ebrshkall\u00ebzimin e ri t\u00eb luftimeve mes dy vendeve. SHBA-ja nuk e ka konfirmuar menj\u00ebher\u00eb sulmin e pretenduar, i cili ndodhi nj\u00eb dit\u00eb pasi ushtria amerikane [&hellip;]\" \/>\n<meta property=\"og:url\" content=\"https:\/\/www.press7.tv\/?p=32822\" \/>\n<meta property=\"og:site_name\" content=\"press7.tv\" \/>\n<meta property=\"article:publisher\" content=\"https:\/\/www.facebook.com\/press7.tv\" \/>\n<meta property=\"article:published_time\" content=\"2026-09-06T09:45:40+00:00\" \/>\n<meta property=\"og:image\" content=\"https:\/\/www.press7.tv\/wp-content\/uploads\/2026\/09\/IMG_5093.avif\" \/>\n\t<meta property=\"og:image:width\" content=\"1024\" \/>\n\t<meta property=\"og:image:height\" content=\"576\" \/>\n\t<meta property=\"og:image:type\" content=\"image\/webp\" \/>\n<meta name=\"author\" content=\"gazetar2\" \/>\n<meta name=\"twitter:card\" content=\"summary_large_image\" \/>\n<meta name=\"twitter:label1\" content=\"Written by\" \/>\n\t<meta name=\"twitter:data1\" content=\"gazetar2\" \/>\n\t<meta name=\"twitter:label2\" content=\"Est. reading time\" \/>\n\t<meta name=\"twitter:data2\" content=\"1 minute\" \/>\n<script type=\"application\/ld+json\" class=\"yoast-schema-graph\">{\"@context\":\"https:\/\/schema.org\",\"@graph\":[{\"@type\":\"Article\",\"@id\":\"https:\/\/www.press7.tv\/?p=32822#article\",\"isPartOf\":{\"@id\":\"https:\/\/www.press7.tv\/?p=32822\"},\"author\":{\"name\":\"gazetar2\",\"@id\":\"https:\/\/www.news33.tv\/#\/schema\/person\/5a04a38a23ccdba82f9bd665cd8f9efa\"},\"headline\":\"Irani pretendon se goditi nj\u00eb mjet amerikan n\u00eb Ngushtic\u00ebn e Hormuzit\",\"datePublished\":\"2026-09-06T09:45:40+00:00\",\"mainEntityOfPage\":{\"@id\":\"https:\/\/www.press7.tv\/?p=32822\"},\"wordCount\":344,\"publisher\":{\"@id\":\"https:\/\/www.news33.tv\/#organization\"},\"image\":{\"@id\":\"https:\/\/www.press7.tv\/?p=32822#primaryimage\"},\"thumbnailUrl\":\"https:\/\/www.press7.tv\/wp-content\/uploads\/2026\/09\/IMG_5093.avif\",\"articleSection\":[\"Bot\u00eb\",\"Lajme\"],\"inLanguage\":\"en-US\"},{\"@type\":\"WebPage\",\"@id\":\"https:\/\/www.press7.tv\/?p=32822\",\"url\":\"https:\/\/www.press7.tv\/?p=32822\",\"name\":\"Irani pretendon se goditi nj\u00eb mjet amerikan n\u00eb Ngushtic\u00ebn e Hormuzit - press7.tv\",\"isPartOf\":{\"@id\":\"https:\/\/www.news33.tv\/#website\"},\"primaryImageOfPage\":{\"@id\":\"https:\/\/www.press7.tv\/?p=32822#primaryimage\"},\"image\":{\"@id\":\"https:\/\/www.press7.tv\/?p=32822#primaryimage\"},\"thumbnailUrl\":\"https:\/\/www.press7.tv\/wp-content\/uploads\/2026\/09\/IMG_5093.avif\",\"datePublished\":\"2026-09-06T09:45:40+00:00\",\"breadcrumb\":{\"@id\":\"https:\/\/www.press7.tv\/?p=32822#breadcrumb\"},\"inLanguage\":\"en-US\",\"potentialAction\":[{\"@type\":\"ReadAction\",\"target\":[\"https:\/\/www.press7.tv\/?p=32822\"]}]},{\"@type\":\"ImageObject\",\"inLanguage\":\"en-US\",\"@id\":\"https:\/\/www.press7.tv\/?p=32822#primaryimage\",\"url\":\"https:\/\/www.press7.tv\/wp-content\/uploads\/2026\/09\/IMG_5093.avif\",\"contentUrl\":\"https:\/\/www.press7.tv\/wp-content\/uploads\/2026\/09\/IMG_5093.avif\",\"width\":1024,\"height\":576},{\"@type\":\"BreadcrumbList\",\"@id\":\"https:\/\/www.press7.tv\/?p=32822#breadcrumb\",\"itemListElement\":[{\"@type\":\"ListItem\",\"position\":1,\"name\":\"Home\",\"item\":\"https:\/\/www.press7.tv\/\"},{\"@type\":\"ListItem\",\"position\":2,\"name\":\"Irani pretendon se goditi nj\u00eb mjet amerikan n\u00eb Ngushtic\u00ebn e Hormuzit\"}]},{\"@type\":\"WebSite\",\"@id\":\"https:\/\/www.news33.tv\/#website\",\"url\":\"https:\/\/www.news33.tv\/\",\"name\":\"News33.tv Media\",\"description\":\"Media\",\"publisher\":{\"@id\":\"https:\/\/www.news33.tv\/#organization\"},\"potentialAction\":[{\"@type\":\"SearchAction\",\"target\":{\"@type\":\"EntryPoint\",\"urlTemplate\":\"https:\/\/www.news33.tv\/?s={search_term_string}\"},\"query-input\":{\"@type\":\"PropertyValueSpecification\",\"valueRequired\":true,\"valueName\":\"search_term_string\"}}],\"inLanguage\":\"en-US\"},{\"@type\":\"Organization\",\"@id\":\"https:\/\/www.news33.tv\/#organization\",\"name\":\"News33.tv Media\",\"url\":\"https:\/\/www.news33.tv\/\",\"logo\":{\"@type\":\"ImageObject\",\"inLanguage\":\"en-US\",\"@id\":\"https:\/\/www.news33.tv\/#\/schema\/logo\/image\/\",\"url\":\"https:\/\/www.press7.tv\/wp-content\/uploads\/2024\/02\/logo-news33-black.png\",\"contentUrl\":\"https:\/\/www.press7.tv\/wp-content\/uploads\/2024\/02\/logo-news33-black.png\",\"width\":180,\"height\":37,\"caption\":\"News33.tv Media\"},\"image\":{\"@id\":\"https:\/\/www.news33.tv\/#\/schema\/logo\/image\/\"},\"sameAs\":[\"https:\/\/www.facebook.com\/press7.tv\"]},{\"@type\":\"Person\",\"@id\":\"https:\/\/www.news33.tv\/#\/schema\/person\/5a04a38a23ccdba82f9bd665cd8f9efa\",\"name\":\"gazetar2\",\"image\":{\"@type\":\"ImageObject\",\"inLanguage\":\"en-US\",\"@id\":\"https:\/\/www.news33.tv\/#\/schema\/person\/image\/\",\"url\":\"https:\/\/www.press7.tv\/wp-content\/litespeed\/avatar\/41975e402c3049d9ddb03adca8f7a883.jpg?ver=1788661009\",\"contentUrl\":\"https:\/\/www.press7.tv\/wp-content\/litespeed\/avatar\/41975e402c3049d9ddb03adca8f7a883.jpg?ver=1788661009\",\"caption\":\"gazetar2\"},\"url\":\"https:\/\/www.press7.tv\/?author=8\"}]}<\/script>\n<!-- \/ Yoast SEO plugin. -->","yoast_head_json":{"title":"Irani pretendon se goditi nj\u00eb mjet amerikan n\u00eb Ngushtic\u00ebn e Hormuzit - press7.tv","robots":{"index":"index","follow":"follow","max-snippet":"max-snippet:-1","max-image-preview":"max-image-preview:large","max-video-preview":"max-video-preview:-1"},"canonical":"https:\/\/www.press7.tv\/?p=32822","og_locale":"en_US","og_type":"article","og_title":"Irani pretendon se goditi nj\u00eb mjet amerikan n\u00eb Ngushtic\u00ebn e Hormuzit - press7.tv","og_description":"Irani tha t\u00eb diel\u00ebn se ka goditur nj\u00eb mjet lundrues pa pilot t\u00eb SHBA-s\u00eb, i cili po p\u00ebrpiqej t\u00eb hynte n\u00eb Ngushtic\u00ebn e Hormuzit, n\u00eb incidentin m\u00eb t\u00eb fundit n\u00eb p\u00ebrshkall\u00ebzimin e ri t\u00eb luftimeve mes dy vendeve. SHBA-ja nuk e ka konfirmuar menj\u00ebher\u00eb sulmin e pretenduar, i cili ndodhi nj\u00eb dit\u00eb pasi ushtria amerikane [&hellip;]","og_url":"https:\/\/www.press7.tv\/?p=32822","og_site_name":"press7.tv","article_publisher":"https:\/\/www.facebook.com\/press7.tv","article_published_time":"2026-09-06T09:45:40+00:00","og_image":[{"width":1024,"height":576,"url":"https:\/\/www.press7.tv\/wp-content\/uploads\/2026\/09\/IMG_5093.avif","type":"image\/webp"}],"author":"gazetar2","twitter_card":"summary_large_image","twitter_misc":{"Written by":"gazetar2","Est. reading time":"1 minute"},"schema":{"@context":"https:\/\/schema.org","@graph":[{"@type":"Article","@id":"https:\/\/www.press7.tv\/?p=32822#article","isPartOf":{"@id":"https:\/\/www.press7.tv\/?p=32822"},"author":{"name":"gazetar2","@id":"https:\/\/www.news33.tv\/#\/schema\/person\/5a04a38a23ccdba82f9bd665cd8f9efa"},"headline":"Irani pretendon se goditi nj\u00eb mjet amerikan n\u00eb Ngushtic\u00ebn e Hormuzit","datePublished":"2026-09-06T09:45:40+00:00","mainEntityOfPage":{"@id":"https:\/\/www.press7.tv\/?p=32822"},"wordCount":344,"publisher":{"@id":"https:\/\/www.news33.tv\/#organization"},"image":{"@id":"https:\/\/www.press7.tv\/?p=32822#primaryimage"},"thumbnailUrl":"https:\/\/www.press7.tv\/wp-content\/uploads\/2026\/09\/IMG_5093.avif","articleSection":["Bot\u00eb","Lajme"],"inLanguage":"en-US"},{"@type":"WebPage","@id":"https:\/\/www.press7.tv\/?p=32822","url":"https:\/\/www.press7.tv\/?p=32822","name":"Irani pretendon se goditi nj\u00eb mjet amerikan n\u00eb Ngushtic\u00ebn e Hormuzit - press7.tv","isPartOf":{"@id":"https:\/\/www.news33.tv\/#website"},"primaryImageOfPage":{"@id":"https:\/\/www.press7.tv\/?p=32822#primaryimage"},"image":{"@id":"https:\/\/www.press7.tv\/?p=32822#primaryimage"},"thumbnailUrl":"https:\/\/www.press7.tv\/wp-content\/uploads\/2026\/09\/IMG_5093.avif","datePublished":"2026-09-06T09:45:40+00:00","breadcrumb":{"@id":"https:\/\/www.press7.tv\/?p=32822#breadcrumb"},"inLanguage":"en-US","potentialAction":[{"@type":"ReadAction","target":["https:\/\/www.press7.tv\/?p=32822"]}]},{"@type":"ImageObject","inLanguage":"en-US","@id":"https:\/\/www.press7.tv\/?p=32822#primaryimage","url":"https:\/\/www.press7.tv\/wp-content\/uploads\/2026\/09\/IMG_5093.avif","contentUrl":"https:\/\/www.press7.tv\/wp-content\/uploads\/2026\/09\/IMG_5093.avif","width":1024,"height":576},{"@type":"BreadcrumbList","@id":"https:\/\/www.press7.tv\/?p=32822#breadcrumb","itemListElement":[{"@type":"ListItem","position":1,"name":"Home","item":"https:\/\/www.press7.tv\/"},{"@type":"ListItem","position":2,"name":"Irani pretendon se goditi nj\u00eb mjet amerikan n\u00eb Ngushtic\u00ebn e Hormuzit"}]},{"@type":"WebSite","@id":"https:\/\/www.news33.tv\/#website","url":"https:\/\/www.news33.tv\/","name":"News33.tv Media","description":"Media","publisher":{"@id":"https:\/\/www.news33.tv\/#organization"},"potentialAction":[{"@type":"SearchAction","target":{"@type":"EntryPoint","urlTemplate":"https:\/\/www.news33.tv\/?s={search_term_string}"},"query-input":{"@type":"PropertyValueSpecification","valueRequired":true,"valueName":"search_term_string"}}],"inLanguage":"en-US"},{"@type":"Organization","@id":"https:\/\/www.news33.tv\/#organization","name":"News33.tv Media","url":"https:\/\/www.news33.tv\/","logo":{"@type":"ImageObject","inLanguage":"en-US","@id":"https:\/\/www.news33.tv\/#\/schema\/logo\/image\/","url":"https:\/\/www.press7.tv\/wp-content\/uploads\/2024\/02\/logo-news33-black.png","contentUrl":"https:\/\/www.press7.tv\/wp-content\/uploads\/2024\/02\/logo-news33-black.png","width":180,"height":37,"caption":"News33.tv Media"},"image":{"@id":"https:\/\/www.news33.tv\/#\/schema\/logo\/image\/"},"sameAs":["https:\/\/www.facebook.com\/press7.tv"]},{"@type":"Person","@id":"https:\/\/www.news33.tv\/#\/schema\/person\/5a04a38a23ccdba82f9bd665cd8f9efa","name":"gazetar2","image":{"@type":"ImageObject","inLanguage":"en-US","@id":"https:\/\/www.news33.tv\/#\/schema\/person\/image\/","url":"https:\/\/www.press7.tv\/wp-content\/litespeed\/avatar\/41975e402c3049d9ddb03adca8f7a883.jpg?ver=1788661009","contentUrl":"https:\/\/www.press7.tv\/wp-content\/litespeed\/avatar\/41975e402c3049d9ddb03adca8f7a883.jpg?ver=1788661009","caption":"gazetar2"},"url":"https:\/\/www.press7.tv\/?author=8"}]}},"amp_enabled":true,"_links":{"self":[{"href":"https:\/\/www.press7.tv\/index.php?rest_route=\/wp\/v2\/posts\/32822","targetHints":{"allow":["GET"]}}],"collection":[{"href":"https:\/\/www.press7.tv\/index.php?rest_route=\/wp\/v2\/posts"}],"about":[{"href":"https:\/\/www.press7.tv\/index.php?rest_route=\/wp\/v2\/types\/post"}],"author":[{"embeddable":true,"href":"https:\/\/www.press7.tv\/index.php?rest_route=\/wp\/v2\/users\/8"}],"replies":[{"embeddable":true,"href":"https:\/\/www.press7.tv\/index.php?rest_route=%2Fwp%2Fv2%2Fcomments&post=32822"}],"version-history":[{"count":1,"href":"https:\/\/www.press7.tv\/index.php?rest_route=\/wp\/v2\/posts\/32822\/revisions"}],"predecessor-version":[{"id":32824,"href":"https:\/\/www.press7.tv\/index.php?rest_route=\/wp\/v2\/posts\/32822\/revisions\/32824"}],"wp:featuredmedia":[{"embeddable":true,"href":"https:\/\/www.press7.tv\/index.php?rest_route=\/wp\/v2\/media\/32823"}],"wp:attachment":[{"href":"https:\/\/www.press7.tv\/index.php?rest_route=%2Fwp%2Fv2%2Fmedia&parent=32822"}],"wp:term":[{"taxonomy":"category","embeddable":true,"href":"https:\/\/www.press7.tv\/index.php?rest_route=%2Fwp%2Fv2%2Fcategories&post=32822"},{"taxonomy":"post_tag","embeddable":true,"href":"https:\/\/www.press7.tv\/index.php?rest_route=%2Fwp%2Fv2%2Ftags&post=32822"}],"curies":[{"name":"wp","href":"https:\/\/api.w.org\/{rel}","templated":true}]}}