{"id":32818,"date":"2026-09-05T17:04:04","date_gmt":"2026-09-05T17:04:04","guid":{"rendered":"https:\/\/www.press7.tv\/?p=32818"},"modified":"2026-09-05T17:15:56","modified_gmt":"2026-09-05T17:15:56","slug":"zelensky-te-gatshem-te-ndalojme-sulmet-ne-qytetet-ku-po-diskutohet-arritja-e-paqes","status":"publish","type":"post","link":"https:\/\/www.press7.tv\/?p=32818","title":{"rendered":"Zelensky: T\u00eb gatsh\u00ebm t\u00eb ndalojm\u00eb sulmet n\u00eb qytetet ku po diskutohet arritja e paqes"},"content":{"rendered":"\n    <div class=\"xs_social_share_widget xs_share_url before_content \t\tmain_content  wslu-style-2 wslu-share-box-shaped wslu-fill-colored wslu-share-m-5 wslu-none wslu-share-vertical wslu-theme-font-no wslu-main_content\">\n\n\t\t\n        <ul>\n\t\t\t        <\/ul>\n    <\/div> \n<p>Presidenti ukrainas Volodymyr Zelensky deklaroi t\u00eb shtun\u00ebn se vendi i tij \u00ebsht\u00eb i gatsh\u00ebm t\u00eb ndaloj\u00eb sulmet ndaj qyteteve t\u00eb p\u00ebrfshira n\u00eb p\u00ebrpjekjet e nd\u00ebrmjet\u00ebsuara nga SHBA p\u00ebr arritjen e nj\u00eb marr\u00ebveshjeje p\u00ebr p\u00ebrfundimin e luft\u00ebs Rusi-Ukrain\u00eb,<\/p>\n<p>N\u00eb nj\u00eb deklarat\u00eb n\u00eb rrjetin social amerikan X, Zelensky tha se gjat\u00eb dit\u00ebs ka biseduar me t\u00eb d\u00ebrguarit amerikan\u00eb q\u00eb udh\u00ebtuan n\u00eb Mosk\u00eb p\u00ebr bisedime dhe se ata tashm\u00eb kan\u00eb nisur pun\u00ebn n\u00eb Rusi.<\/p>\n<p>\u201cQ\u00eb nga momenti i k\u00ebsaj bisede, ne jemi t\u00eb gatsh\u00ebm t\u00eb respektojm\u00eb nj\u00eb arm\u00ebpushim n\u00eb sulmet ajrore ndaj qyteteve t\u00eb p\u00ebrfshira n\u00eb procesin e negociatave.<\/p>\n<p>\u201cQ\u00eb nga tani deri n\u00eb fund t\u00eb s\u00eb shtun\u00ebs, si dhe t\u00eb diel\u00ebn dhe t\u00eb h\u00ebn\u00ebn, Ukraina \u00ebsht\u00eb e gatshme t\u00eb p\u00ebrmbahet nga sulmet ndaj Mosk\u00ebs dhe presim q\u00eb rus\u00ebt t\u00eb b\u00ebjn\u00eb t\u00eb nj\u00ebjt\u00ebn gj\u00eb lidhur me Kievin\u201d, shtoi Zelensky.<\/p>\n<p>Deklarata e presidentit ukrainas erdhi pasi Kremlini njoftoi se presidenti rus Vladimir Putin ka urdh\u00ebruar nj\u00eb ndalim tredit\u00ebsh t\u00eb sulmeve ndaj Kievit, duke filluar nga mesnata sipas koh\u00ebs lokale.<\/p>\n<p>M\u00eb her\u00ebt t\u00eb shtun\u00ebn, i d\u00ebrguari i posa\u00e7\u00ebm i SHBA-s\u00eb, Steve Witkoff, dhe dh\u00ebndri i presidentit Donald Trump, Jared Kushner, mb\u00ebrrit\u00ebn n\u00eb Mosk\u00eb p\u00ebr bisedime q\u00eb synojn\u00eb gjetjen e nj\u00eb marr\u00ebveshjeje p\u00ebr p\u00ebrfundimin e konfliktit, i cili ka zgjatur m\u00eb shum\u00eb se kat\u00ebr vjet.<\/p>\n<p>T\u00eb d\u00ebrguarit amerikan\u00eb pritet t\u00eb vizitojn\u00eb t\u00eb diel\u00ebn kryeqytetin ukrainas, Kievin, p\u00ebr her\u00eb t\u00eb par\u00eb pas udh\u00ebtimit t\u00eb tyre n\u00eb Mosk\u00eb.<\/p>\n<p>Trump tha t\u00eb premten se Kushner dhe Witkoff do t\u00eb udh\u00ebtojn\u00eb n\u00eb Mosk\u00eb jo me ide t\u00eb reja, por me nj\u00eb propozim q\u00eb synon t\u2019i jap\u00eb fund luft\u00ebs.<\/p>\n<p>\u201cAta po marrin me vete nj\u00eb propozim p\u00ebr t\u2019i dh\u00ebn\u00eb fund luft\u00ebs\u201d, tha Trump, duke iu referuar dy negociator\u00ebve.<\/p>\n","protected":false},"excerpt":{"rendered":"<p>Presidenti ukrainas Volodymyr Zelensky deklaroi t\u00eb shtun\u00ebn se vendi i tij \u00ebsht\u00eb i gatsh\u00ebm t\u00eb ndaloj\u00eb sulmet ndaj qyteteve t\u00eb p\u00ebrfshira n\u00eb p\u00ebrpjekjet e nd\u00ebrmjet\u00ebsuara nga SHBA p\u00ebr arritjen e nj\u00eb marr\u00ebveshjeje p\u00ebr p\u00ebrfundimin e luft\u00ebs Rusi-Ukrain\u00eb, N\u00eb nj\u00eb deklarat\u00eb n\u00eb rrjetin social amerikan X, Zelensky tha se gjat\u00eb dit\u00ebs ka biseduar me t\u00eb d\u00ebrguarit [&hellip;]<\/p>\n","protected":false},"author":8,"featured_media":32819,"comment_status":"closed","ping_status":"closed","sticky":false,"template":"","format":"standard","meta":{"footnotes":""},"categories":[217,213],"tags":[],"class_list":["post-32818","post","type-post","status-publish","format-standard","has-post-thumbnail","hentry","category-bote","category-lajme"],"yoast_head":"<!-- This site is optimized with the Yoast SEO plugin v25.1 - https:\/\/yoast.com\/wordpress\/plugins\/seo\/ -->\n<title>Zelensky: T\u00eb gatsh\u00ebm t\u00eb ndalojm\u00eb sulmet n\u00eb qytetet ku po diskutohet arritja e paqes - press7.tv<\/title>\n<meta name=\"robots\" content=\"index, follow, max-snippet:-1, max-image-preview:large, max-video-preview:-1\" \/>\n<link rel=\"canonical\" href=\"https:\/\/www.press7.tv\/?p=32818\" \/>\n<meta property=\"og:locale\" content=\"en_US\" \/>\n<meta property=\"og:type\" content=\"article\" \/>\n<meta property=\"og:title\" content=\"Zelensky: T\u00eb gatsh\u00ebm t\u00eb ndalojm\u00eb sulmet n\u00eb qytetet ku po diskutohet arritja e paqes - press7.tv\" \/>\n<meta property=\"og:description\" content=\"Presidenti ukrainas Volodymyr Zelensky deklaroi t\u00eb shtun\u00ebn se vendi i tij \u00ebsht\u00eb i gatsh\u00ebm t\u00eb ndaloj\u00eb sulmet ndaj qyteteve t\u00eb p\u00ebrfshira n\u00eb p\u00ebrpjekjet e nd\u00ebrmjet\u00ebsuara nga SHBA p\u00ebr arritjen e nj\u00eb marr\u00ebveshjeje p\u00ebr p\u00ebrfundimin e luft\u00ebs Rusi-Ukrain\u00eb, N\u00eb nj\u00eb deklarat\u00eb n\u00eb rrjetin social amerikan X, Zelensky tha se gjat\u00eb dit\u00ebs ka biseduar me t\u00eb d\u00ebrguarit [&hellip;]\" \/>\n<meta property=\"og:url\" content=\"https:\/\/www.press7.tv\/?p=32818\" \/>\n<meta property=\"og:site_name\" content=\"press7.tv\" \/>\n<meta property=\"article:publisher\" content=\"https:\/\/www.facebook.com\/press7.tv\" \/>\n<meta property=\"article:published_time\" content=\"2026-09-05T17:04:04+00:00\" \/>\n<meta property=\"article:modified_time\" content=\"2026-09-05T17:15:56+00:00\" \/>\n<meta property=\"og:image\" content=\"https:\/\/www.press7.tv\/wp-content\/uploads\/2026\/09\/IMG_5545.avif\" \/>\n\t<meta property=\"og:image:width\" content=\"1024\" \/>\n\t<meta property=\"og:image:height\" content=\"576\" \/>\n\t<meta property=\"og:image:type\" content=\"image\/webp\" \/>\n<meta name=\"author\" content=\"gazetar2\" \/>\n<meta name=\"twitter:card\" content=\"summary_large_image\" \/>\n<meta name=\"twitter:label1\" content=\"Written by\" \/>\n\t<meta name=\"twitter:data1\" content=\"gazetar2\" \/>\n\t<meta name=\"twitter:label2\" content=\"Est. reading time\" \/>\n\t<meta name=\"twitter:data2\" content=\"2 minutes\" \/>\n<script type=\"application\/ld+json\" class=\"yoast-schema-graph\">{\"@context\":\"https:\/\/schema.org\",\"@graph\":[{\"@type\":\"Article\",\"@id\":\"https:\/\/www.press7.tv\/?p=32818#article\",\"isPartOf\":{\"@id\":\"https:\/\/www.press7.tv\/?p=32818\"},\"author\":{\"name\":\"gazetar2\",\"@id\":\"https:\/\/www.news33.tv\/#\/schema\/person\/5a04a38a23ccdba82f9bd665cd8f9efa\"},\"headline\":\"Zelensky: T\u00eb gatsh\u00ebm t\u00eb ndalojm\u00eb sulmet n\u00eb qytetet ku po diskutohet arritja e paqes\",\"datePublished\":\"2026-09-05T17:04:04+00:00\",\"dateModified\":\"2026-09-05T17:15:56+00:00\",\"mainEntityOfPage\":{\"@id\":\"https:\/\/www.press7.tv\/?p=32818\"},\"wordCount\":349,\"publisher\":{\"@id\":\"https:\/\/www.news33.tv\/#organization\"},\"image\":{\"@id\":\"https:\/\/www.press7.tv\/?p=32818#primaryimage\"},\"thumbnailUrl\":\"https:\/\/www.press7.tv\/wp-content\/uploads\/2026\/09\/IMG_5545.avif\",\"articleSection\":[\"Bot\u00eb\",\"Lajme\"],\"inLanguage\":\"en-US\"},{\"@type\":\"WebPage\",\"@id\":\"https:\/\/www.press7.tv\/?p=32818\",\"url\":\"https:\/\/www.press7.tv\/?p=32818\",\"name\":\"Zelensky: T\u00eb gatsh\u00ebm t\u00eb ndalojm\u00eb sulmet n\u00eb qytetet ku po diskutohet arritja e paqes - press7.tv\",\"isPartOf\":{\"@id\":\"https:\/\/www.news33.tv\/#website\"},\"primaryImageOfPage\":{\"@id\":\"https:\/\/www.press7.tv\/?p=32818#primaryimage\"},\"image\":{\"@id\":\"https:\/\/www.press7.tv\/?p=32818#primaryimage\"},\"thumbnailUrl\":\"https:\/\/www.press7.tv\/wp-content\/uploads\/2026\/09\/IMG_5545.avif\",\"datePublished\":\"2026-09-05T17:04:04+00:00\",\"dateModified\":\"2026-09-05T17:15:56+00:00\",\"breadcrumb\":{\"@id\":\"https:\/\/www.press7.tv\/?p=32818#breadcrumb\"},\"inLanguage\":\"en-US\",\"potentialAction\":[{\"@type\":\"ReadAction\",\"target\":[\"https:\/\/www.press7.tv\/?p=32818\"]}]},{\"@type\":\"ImageObject\",\"inLanguage\":\"en-US\",\"@id\":\"https:\/\/www.press7.tv\/?p=32818#primaryimage\",\"url\":\"https:\/\/www.press7.tv\/wp-content\/uploads\/2026\/09\/IMG_5545.avif\",\"contentUrl\":\"https:\/\/www.press7.tv\/wp-content\/uploads\/2026\/09\/IMG_5545.avif\",\"width\":1024,\"height\":576},{\"@type\":\"BreadcrumbList\",\"@id\":\"https:\/\/www.press7.tv\/?p=32818#breadcrumb\",\"itemListElement\":[{\"@type\":\"ListItem\",\"position\":1,\"name\":\"Home\",\"item\":\"https:\/\/www.press7.tv\/\"},{\"@type\":\"ListItem\",\"position\":2,\"name\":\"Zelensky: T\u00eb gatsh\u00ebm t\u00eb ndalojm\u00eb sulmet n\u00eb qytetet ku po diskutohet arritja e paqes\"}]},{\"@type\":\"WebSite\",\"@id\":\"https:\/\/www.news33.tv\/#website\",\"url\":\"https:\/\/www.news33.tv\/\",\"name\":\"News33.tv Media\",\"description\":\"Media\",\"publisher\":{\"@id\":\"https:\/\/www.news33.tv\/#organization\"},\"potentialAction\":[{\"@type\":\"SearchAction\",\"target\":{\"@type\":\"EntryPoint\",\"urlTemplate\":\"https:\/\/www.news33.tv\/?s={search_term_string}\"},\"query-input\":{\"@type\":\"PropertyValueSpecification\",\"valueRequired\":true,\"valueName\":\"search_term_string\"}}],\"inLanguage\":\"en-US\"},{\"@type\":\"Organization\",\"@id\":\"https:\/\/www.news33.tv\/#organization\",\"name\":\"News33.tv Media\",\"url\":\"https:\/\/www.news33.tv\/\",\"logo\":{\"@type\":\"ImageObject\",\"inLanguage\":\"en-US\",\"@id\":\"https:\/\/www.news33.tv\/#\/schema\/logo\/image\/\",\"url\":\"https:\/\/www.press7.tv\/wp-content\/uploads\/2024\/02\/logo-news33-black.png\",\"contentUrl\":\"https:\/\/www.press7.tv\/wp-content\/uploads\/2024\/02\/logo-news33-black.png\",\"width\":180,\"height\":37,\"caption\":\"News33.tv Media\"},\"image\":{\"@id\":\"https:\/\/www.news33.tv\/#\/schema\/logo\/image\/\"},\"sameAs\":[\"https:\/\/www.facebook.com\/press7.tv\"]},{\"@type\":\"Person\",\"@id\":\"https:\/\/www.news33.tv\/#\/schema\/person\/5a04a38a23ccdba82f9bd665cd8f9efa\",\"name\":\"gazetar2\",\"image\":{\"@type\":\"ImageObject\",\"inLanguage\":\"en-US\",\"@id\":\"https:\/\/www.news33.tv\/#\/schema\/person\/image\/\",\"url\":\"https:\/\/www.press7.tv\/wp-content\/litespeed\/avatar\/41975e402c3049d9ddb03adca8f7a883.jpg?ver=1788056178\",\"contentUrl\":\"https:\/\/www.press7.tv\/wp-content\/litespeed\/avatar\/41975e402c3049d9ddb03adca8f7a883.jpg?ver=1788056178\",\"caption\":\"gazetar2\"},\"url\":\"https:\/\/www.press7.tv\/?author=8\"}]}<\/script>\n<!-- \/ Yoast SEO plugin. -->","yoast_head_json":{"title":"Zelensky: T\u00eb gatsh\u00ebm t\u00eb ndalojm\u00eb sulmet n\u00eb qytetet ku po diskutohet arritja e paqes - press7.tv","robots":{"index":"index","follow":"follow","max-snippet":"max-snippet:-1","max-image-preview":"max-image-preview:large","max-video-preview":"max-video-preview:-1"},"canonical":"https:\/\/www.press7.tv\/?p=32818","og_locale":"en_US","og_type":"article","og_title":"Zelensky: T\u00eb gatsh\u00ebm t\u00eb ndalojm\u00eb sulmet n\u00eb qytetet ku po diskutohet arritja e paqes - press7.tv","og_description":"Presidenti ukrainas Volodymyr Zelensky deklaroi t\u00eb shtun\u00ebn se vendi i tij \u00ebsht\u00eb i gatsh\u00ebm t\u00eb ndaloj\u00eb sulmet ndaj qyteteve t\u00eb p\u00ebrfshira n\u00eb p\u00ebrpjekjet e nd\u00ebrmjet\u00ebsuara nga SHBA p\u00ebr arritjen e nj\u00eb marr\u00ebveshjeje p\u00ebr p\u00ebrfundimin e luft\u00ebs Rusi-Ukrain\u00eb, N\u00eb nj\u00eb deklarat\u00eb n\u00eb rrjetin social amerikan X, Zelensky tha se gjat\u00eb dit\u00ebs ka biseduar me t\u00eb d\u00ebrguarit [&hellip;]","og_url":"https:\/\/www.press7.tv\/?p=32818","og_site_name":"press7.tv","article_publisher":"https:\/\/www.facebook.com\/press7.tv","article_published_time":"2026-09-05T17:04:04+00:00","article_modified_time":"2026-09-05T17:15:56+00:00","og_image":[{"width":1024,"height":576,"url":"https:\/\/www.press7.tv\/wp-content\/uploads\/2026\/09\/IMG_5545.avif","type":"image\/webp"}],"author":"gazetar2","twitter_card":"summary_large_image","twitter_misc":{"Written by":"gazetar2","Est. reading time":"2 minutes"},"schema":{"@context":"https:\/\/schema.org","@graph":[{"@type":"Article","@id":"https:\/\/www.press7.tv\/?p=32818#article","isPartOf":{"@id":"https:\/\/www.press7.tv\/?p=32818"},"author":{"name":"gazetar2","@id":"https:\/\/www.news33.tv\/#\/schema\/person\/5a04a38a23ccdba82f9bd665cd8f9efa"},"headline":"Zelensky: T\u00eb gatsh\u00ebm t\u00eb ndalojm\u00eb sulmet n\u00eb qytetet ku po diskutohet arritja e paqes","datePublished":"2026-09-05T17:04:04+00:00","dateModified":"2026-09-05T17:15:56+00:00","mainEntityOfPage":{"@id":"https:\/\/www.press7.tv\/?p=32818"},"wordCount":349,"publisher":{"@id":"https:\/\/www.news33.tv\/#organization"},"image":{"@id":"https:\/\/www.press7.tv\/?p=32818#primaryimage"},"thumbnailUrl":"https:\/\/www.press7.tv\/wp-content\/uploads\/2026\/09\/IMG_5545.avif","articleSection":["Bot\u00eb","Lajme"],"inLanguage":"en-US"},{"@type":"WebPage","@id":"https:\/\/www.press7.tv\/?p=32818","url":"https:\/\/www.press7.tv\/?p=32818","name":"Zelensky: T\u00eb gatsh\u00ebm t\u00eb ndalojm\u00eb sulmet n\u00eb qytetet ku po diskutohet arritja e paqes - press7.tv","isPartOf":{"@id":"https:\/\/www.news33.tv\/#website"},"primaryImageOfPage":{"@id":"https:\/\/www.press7.tv\/?p=32818#primaryimage"},"image":{"@id":"https:\/\/www.press7.tv\/?p=32818#primaryimage"},"thumbnailUrl":"https:\/\/www.press7.tv\/wp-content\/uploads\/2026\/09\/IMG_5545.avif","datePublished":"2026-09-05T17:04:04+00:00","dateModified":"2026-09-05T17:15:56+00:00","breadcrumb":{"@id":"https:\/\/www.press7.tv\/?p=32818#breadcrumb"},"inLanguage":"en-US","potentialAction":[{"@type":"ReadAction","target":["https:\/\/www.press7.tv\/?p=32818"]}]},{"@type":"ImageObject","inLanguage":"en-US","@id":"https:\/\/www.press7.tv\/?p=32818#primaryimage","url":"https:\/\/www.press7.tv\/wp-content\/uploads\/2026\/09\/IMG_5545.avif","contentUrl":"https:\/\/www.press7.tv\/wp-content\/uploads\/2026\/09\/IMG_5545.avif","width":1024,"height":576},{"@type":"BreadcrumbList","@id":"https:\/\/www.press7.tv\/?p=32818#breadcrumb","itemListElement":[{"@type":"ListItem","position":1,"name":"Home","item":"https:\/\/www.press7.tv\/"},{"@type":"ListItem","position":2,"name":"Zelensky: T\u00eb gatsh\u00ebm t\u00eb ndalojm\u00eb sulmet n\u00eb qytetet ku po diskutohet arritja e paqes"}]},{"@type":"WebSite","@id":"https:\/\/www.news33.tv\/#website","url":"https:\/\/www.news33.tv\/","name":"News33.tv Media","description":"Media","publisher":{"@id":"https:\/\/www.news33.tv\/#organization"},"potentialAction":[{"@type":"SearchAction","target":{"@type":"EntryPoint","urlTemplate":"https:\/\/www.news33.tv\/?s={search_term_string}"},"query-input":{"@type":"PropertyValueSpecification","valueRequired":true,"valueName":"search_term_string"}}],"inLanguage":"en-US"},{"@type":"Organization","@id":"https:\/\/www.news33.tv\/#organization","name":"News33.tv Media","url":"https:\/\/www.news33.tv\/","logo":{"@type":"ImageObject","inLanguage":"en-US","@id":"https:\/\/www.news33.tv\/#\/schema\/logo\/image\/","url":"https:\/\/www.press7.tv\/wp-content\/uploads\/2024\/02\/logo-news33-black.png","contentUrl":"https:\/\/www.press7.tv\/wp-content\/uploads\/2024\/02\/logo-news33-black.png","width":180,"height":37,"caption":"News33.tv Media"},"image":{"@id":"https:\/\/www.news33.tv\/#\/schema\/logo\/image\/"},"sameAs":["https:\/\/www.facebook.com\/press7.tv"]},{"@type":"Person","@id":"https:\/\/www.news33.tv\/#\/schema\/person\/5a04a38a23ccdba82f9bd665cd8f9efa","name":"gazetar2","image":{"@type":"ImageObject","inLanguage":"en-US","@id":"https:\/\/www.news33.tv\/#\/schema\/person\/image\/","url":"https:\/\/www.press7.tv\/wp-content\/litespeed\/avatar\/41975e402c3049d9ddb03adca8f7a883.jpg?ver=1788056178","contentUrl":"https:\/\/www.press7.tv\/wp-content\/litespeed\/avatar\/41975e402c3049d9ddb03adca8f7a883.jpg?ver=1788056178","caption":"gazetar2"},"url":"https:\/\/www.press7.tv\/?author=8"}]}},"amp_enabled":true,"_links":{"self":[{"href":"https:\/\/www.press7.tv\/index.php?rest_route=\/wp\/v2\/posts\/32818","targetHints":{"allow":["GET"]}}],"collection":[{"href":"https:\/\/www.press7.tv\/index.php?rest_route=\/wp\/v2\/posts"}],"about":[{"href":"https:\/\/www.press7.tv\/index.php?rest_route=\/wp\/v2\/types\/post"}],"author":[{"embeddable":true,"href":"https:\/\/www.press7.tv\/index.php?rest_route=\/wp\/v2\/users\/8"}],"replies":[{"embeddable":true,"href":"https:\/\/www.press7.tv\/index.php?rest_route=%2Fwp%2Fv2%2Fcomments&post=32818"}],"version-history":[{"count":2,"href":"https:\/\/www.press7.tv\/index.php?rest_route=\/wp\/v2\/posts\/32818\/revisions"}],"predecessor-version":[{"id":32821,"href":"https:\/\/www.press7.tv\/index.php?rest_route=\/wp\/v2\/posts\/32818\/revisions\/32821"}],"wp:featuredmedia":[{"embeddable":true,"href":"https:\/\/www.press7.tv\/index.php?rest_route=\/wp\/v2\/media\/32819"}],"wp:attachment":[{"href":"https:\/\/www.press7.tv\/index.php?rest_route=%2Fwp%2Fv2%2Fmedia&parent=32818"}],"wp:term":[{"taxonomy":"category","embeddable":true,"href":"https:\/\/www.press7.tv\/index.php?rest_route=%2Fwp%2Fv2%2Fcategories&post=32818"},{"taxonomy":"post_tag","embeddable":true,"href":"https:\/\/www.press7.tv\/index.php?rest_route=%2Fwp%2Fv2%2Ftags&post=32818"}],"curies":[{"name":"wp","href":"https:\/\/api.w.org\/{rel}","templated":true}]}}