{"id":32815,"date":"2026-09-05T15:39:54","date_gmt":"2026-09-05T15:39:54","guid":{"rendered":"https:\/\/www.press7.tv\/?p=32815"},"modified":"2026-09-05T15:39:54","modified_gmt":"2026-09-05T15:39:54","slug":"kusari-lila-6-deputetet-e-ldk-se-e-kane-problemin-me-kurtin-jo-me-kandidatin-per-president","status":"publish","type":"post","link":"https:\/\/www.press7.tv\/?p=32815","title":{"rendered":"Kusari-Lila: 6 deputet\u00ebt e LDK-s\u00eb e kan\u00eb problemin me Kurtin, jo me kandidatin p\u00ebr president"},"content":{"rendered":"\n    <div class=\"xs_social_share_widget xs_share_url before_content \t\tmain_content  wslu-style-2 wslu-share-box-shaped wslu-fill-colored wslu-share-m-5 wslu-none wslu-share-vertical wslu-theme-font-no wslu-main_content\">\n\n\t\t\n        <ul>\n\t\t\t        <\/ul>\n    <\/div> \n<p>Kryetarja e Alternativ\u00ebs, Mimoza Kusari-Lila, ka deklaruar se kund\u00ebrshtimi i gjasht\u00eb deputet\u00ebve t\u00eb Lidhjes Demokratike t\u00eb Kosov\u00ebs ndaj kandidatur\u00ebs s\u00eb Bekim Sejdiut p\u00ebr president t\u00eb Kosov\u00ebs nuk lidhet me figur\u00ebn e tij, por me kryeministrin n\u00eb detyr\u00eb, Albin Kurti dhe L\u00ebvizjen Vet\u00ebvendosje.<\/p>\n<p>N\u00eb emisionin \u201cIntervista e Jav\u00ebs\u201d n\u00eb KosovaPress, Kusari-Lila tha se Avdullah Hoti, Kujtim Shala, Hykmete Bajrami, Janina Ymeri, Armend Zemaj dhe Arben Gashi do t\u00eb kund\u00ebrshtonin marr\u00ebveshjen mes LDK-s\u00eb dhe LVV-s\u00eb edhe n\u00ebse kandidat p\u00ebr president do t\u00eb ishte nj\u00eb figur\u00eb tjet\u00ebr konsensuale.<\/p>\n<p>\u201cProblemin e kan\u00eb pasur me Albin Kurtin. Do t\u00eb thot\u00eb me kryeministrin Kurti. Dhe n\u00eb at\u00eb situat\u00eb, un\u00eb k\u00ebtu e shoh esenc\u00ebn e problemit. Kushdo q\u00eb do t\u00eb ishte kandidat tjet\u00ebr, n\u00eb vend t\u00eb zotit Bekim Sejdiu, ata qasjen e nj\u00ebjt\u00eb e kan\u00eb, pasi nuk po deklarohen se problemin e kan\u00eb me kandidatin, por problemin po e tregojn\u00eb q\u00eb e kan\u00eb me kryeministrin Kurti. E kryeministri Kurti nuk \u00ebsht\u00eb rast\u00ebsisht n\u00eb pozit\u00ebn ku \u00ebsht\u00eb. Nuk \u00ebsht\u00eb nj\u00eb vendim i gjasht\u00eb deputet\u00ebve ose sado q\u00eb mund t\u00eb jen\u00eb t\u00eb tjer\u00eb q\u00eb e rr\u00ebzon kryeministrin Kurti. Ata po e shohin me vet\u00ebdije q\u00eb zgjedhje pas zgjedhje, kryeministri Kurti, L\u00ebvizja Vet\u00ebvendosje me partner\u00eb po i fiton zgjedhjet. Dhe n\u00eb situat\u00ebn kur po ndodh nj\u00eb rrethan\u00eb e till\u00eb ku deklarohet se inati \u00ebsht\u00eb me t\u00eb, mb\u00ebshtetja n\u00eb popull po rritet\u201d, tha ajo.<\/p>\n<p>Duke folur p\u00ebr marr\u00ebveshjen politike dhe raportet me LDK-n\u00eb, ministrja n\u00eb detyr\u00eb e Industris\u00eb, Nd\u00ebrmarr\u00ebsis\u00eb dhe Tregtis\u00eb tha se marr\u00ebveshja ekzistuese p\u00ebr emrin e Bekim Sejdiut p\u00ebr president \u00ebsht\u00eb valide, nd\u00ebrsa shprehu d\u00ebshir\u00ebn q\u00eb edhe gjasht\u00eb deputet\u00ebt e LDK-s\u00eb ta mb\u00ebshtesin at\u00eb.<br \/>\nAjo p\u00ebrmendi edhe raste t\u00eb m\u00ebhershme kur deputet\u00eb t\u00eb LDK-s\u00eb, kan\u00eb mb\u00ebshtetur kandidat\u00eb p\u00ebr president\u00eb q\u00eb nuk kan\u00eb qen\u00eb pjes\u00eb e subjektit t\u00eb tyre politik.<br \/>\n\u201cP\u00ebrfaq\u00ebsues t\u00eb Lidhjes Demokratike t\u00eb Kosov\u00ebs kan\u00eb votuar p\u00ebr Hashim Tha\u00e7in president. Kan\u00eb votuar p\u00ebr Atifete Jahjag\u00ebn presidente. Kemi votuar, dometh\u00ebn\u00eb, e kam mb\u00ebshtetur un\u00eb nj\u00eb kandidate jasht\u00eb subjekteve politike. Po at\u00ebher\u00eb, pse nuk \u00ebsht\u00eb dikush nga jasht\u00eb, t\u00eb na thot\u00eb, q\u00eb duhet t\u00eb votohet nj\u00eb kandidat p\u00ebr president\u201d, theksoi ajo.<\/p>\n<p>E pyetur n\u00ebse do t\u00eb zbatohen k\u00ebrkesat e Aleanc\u00ebs, ku mes tyre \u00ebsht\u00eb edhe gazi amerikan si parakusht p\u00ebr mb\u00ebshtetje p\u00ebr presidentin, ajo u shpreh skeptike p\u00ebr nj\u00eb gj\u00eb t\u00eb till\u00eb.<\/p>\n<p>Sipas saj, nuk \u00ebsht\u00eb e arsyeshme q\u00eb nj\u00eb subjekt me shtat\u00eb deputet\u00eb t\u00eb k\u00ebrkoj\u00eb nga partia e par\u00eb zbatimin e projekteve t\u00eb m\u00ebdha kapitale.<\/p>\n<p>N\u00eb an\u00ebn tjet\u00ebr, kryetarja e Alternativ\u00ebs tregoi arsyet pse po zvarritet konstituimi i Kuvendit, derisa shtoi se nuk e konsideron situat\u00ebn si anarki, por si koh\u00eb t\u00eb nevojshme p\u00ebr arritjen e nj\u00eb vendimmarrjeje q\u00eb do t\u2019i mund\u00ebsonte vendit krijimin e institucioneve.<\/p>\n<p>E pyetur n\u00ebse ka qen\u00eb strategji e tyre zvarritja e konstituimit q\u00eb zgjedhjet e ardhshme t\u00eb mbahen n\u00eb dhjetor, ajo tha se fokus i tyre \u00ebsht\u00eb shmangia e zgjedhjeve.<\/p>\n<p>Kusari-Lila foli edhe p\u00ebr pretendimet n\u00ebse kryeministri n\u00eb detyr\u00eb, Albin Kurti, mund t\u00eb jet\u00eb n\u00eb dijeni p\u00ebr p\u00ebrmbajtjen e aktgjykimit t\u00eb 16 shtatorit t\u00eb Gjykat\u00ebs Speciale p\u00ebr ish-krer\u00ebt e U\u00c7K-s\u00eb.<\/p>\n<p>Ajo e mohoi nj\u00eb mund\u00ebsi t\u00eb till\u00eb, duke th\u00ebn\u00eb se as Kurti dhe askush tjet\u00ebr n\u00eb Kosov\u00eb apo jasht\u00eb saj nuk mund ta dij\u00eb p\u00ebrmbajtjen e aktgjykimit para shpalljes zyrtare.<\/p>\n<p>Afati kushtetues p\u00ebr konstituimin e Kuvendit ka p\u00ebrfunduar m\u00eb 7 gusht. Seanca e fundit p\u00ebr k\u00ebt\u00eb \u00e7\u00ebshtje \u00ebsht\u00eb mbajtur nj\u00eb dit\u00eb m\u00eb von\u00eb, nd\u00ebrsa prej at\u00ebher\u00eb nuk \u00ebsht\u00eb thirrur vazhdimi i saj.<\/p>\n<p>LDK-ja dhe Vet\u00ebvendosja arrit\u00ebn marr\u00ebveshje q\u00eb profesori universitar Bekim Sejdiu t\u00eb jet\u00eb kandidati i p\u00ebrbashk\u00ebt p\u00ebr president. Por kund\u00ebr marr\u00ebveshjes dol\u00ebn deputet\u00ebt e LDK-s\u00eb Avdullah Hoti, Hykmete Bajrami, Kujtim Shala, Janina Ymeri, Armend Zemaj dhe Arben Gashi.<\/p>\n","protected":false},"excerpt":{"rendered":"<p>Kryetarja e Alternativ\u00ebs, Mimoza Kusari-Lila, ka deklaruar se kund\u00ebrshtimi i gjasht\u00eb deputet\u00ebve t\u00eb Lidhjes Demokratike t\u00eb Kosov\u00ebs ndaj kandidatur\u00ebs s\u00eb Bekim Sejdiut p\u00ebr president t\u00eb Kosov\u00ebs nuk lidhet me figur\u00ebn e tij, por me kryeministrin n\u00eb detyr\u00eb, Albin Kurti dhe L\u00ebvizjen Vet\u00ebvendosje. N\u00eb emisionin \u201cIntervista e Jav\u00ebs\u201d n\u00eb KosovaPress, Kusari-Lila tha se Avdullah Hoti, Kujtim [&hellip;]<\/p>\n","protected":false},"author":8,"featured_media":32816,"comment_status":"closed","ping_status":"closed","sticky":false,"template":"","format":"standard","meta":{"footnotes":""},"categories":[215,213],"tags":[],"class_list":["post-32815","post","type-post","status-publish","format-standard","has-post-thumbnail","hentry","category-kosove","category-lajme"],"yoast_head":"<!-- This site is optimized with the Yoast SEO plugin v25.1 - https:\/\/yoast.com\/wordpress\/plugins\/seo\/ -->\n<title>Kusari-Lila: 6 deputet\u00ebt e LDK-s\u00eb e kan\u00eb problemin me Kurtin, jo me kandidatin p\u00ebr president - press7.tv<\/title>\n<meta name=\"robots\" content=\"index, follow, max-snippet:-1, max-image-preview:large, max-video-preview:-1\" \/>\n<link rel=\"canonical\" href=\"https:\/\/www.press7.tv\/?p=32815\" \/>\n<meta property=\"og:locale\" content=\"en_US\" \/>\n<meta property=\"og:type\" content=\"article\" \/>\n<meta property=\"og:title\" content=\"Kusari-Lila: 6 deputet\u00ebt e LDK-s\u00eb e kan\u00eb problemin me Kurtin, jo me kandidatin p\u00ebr president - press7.tv\" \/>\n<meta property=\"og:description\" content=\"Kryetarja e Alternativ\u00ebs, Mimoza Kusari-Lila, ka deklaruar se kund\u00ebrshtimi i gjasht\u00eb deputet\u00ebve t\u00eb Lidhjes Demokratike t\u00eb Kosov\u00ebs ndaj kandidatur\u00ebs s\u00eb Bekim Sejdiut p\u00ebr president t\u00eb Kosov\u00ebs nuk lidhet me figur\u00ebn e tij, por me kryeministrin n\u00eb detyr\u00eb, Albin Kurti dhe L\u00ebvizjen Vet\u00ebvendosje. N\u00eb emisionin \u201cIntervista e Jav\u00ebs\u201d n\u00eb KosovaPress, Kusari-Lila tha se Avdullah Hoti, Kujtim [&hellip;]\" \/>\n<meta property=\"og:url\" content=\"https:\/\/www.press7.tv\/?p=32815\" \/>\n<meta property=\"og:site_name\" content=\"press7.tv\" \/>\n<meta property=\"article:publisher\" content=\"https:\/\/www.facebook.com\/press7.tv\" \/>\n<meta property=\"article:published_time\" content=\"2026-09-05T15:39:54+00:00\" \/>\n<meta property=\"og:image\" content=\"https:\/\/www.press7.tv\/wp-content\/uploads\/2026\/09\/IMG_5543.avif\" \/>\n\t<meta property=\"og:image:width\" content=\"899\" \/>\n\t<meta property=\"og:image:height\" content=\"500\" \/>\n\t<meta property=\"og:image:type\" content=\"image\/png\" \/>\n<meta name=\"author\" content=\"gazetar2\" \/>\n<meta name=\"twitter:card\" content=\"summary_large_image\" \/>\n<meta name=\"twitter:label1\" content=\"Written by\" \/>\n\t<meta name=\"twitter:data1\" content=\"gazetar2\" \/>\n\t<meta name=\"twitter:label2\" content=\"Est. reading time\" \/>\n\t<meta name=\"twitter:data2\" content=\"1 minute\" \/>\n<script type=\"application\/ld+json\" class=\"yoast-schema-graph\">{\"@context\":\"https:\/\/schema.org\",\"@graph\":[{\"@type\":\"Article\",\"@id\":\"https:\/\/www.press7.tv\/?p=32815#article\",\"isPartOf\":{\"@id\":\"https:\/\/www.press7.tv\/?p=32815\"},\"author\":{\"name\":\"gazetar2\",\"@id\":\"https:\/\/www.news33.tv\/#\/schema\/person\/5a04a38a23ccdba82f9bd665cd8f9efa\"},\"headline\":\"Kusari-Lila: 6 deputet\u00ebt e LDK-s\u00eb e kan\u00eb problemin me Kurtin, jo me kandidatin p\u00ebr president\",\"datePublished\":\"2026-09-05T15:39:54+00:00\",\"mainEntityOfPage\":{\"@id\":\"https:\/\/www.press7.tv\/?p=32815\"},\"wordCount\":710,\"publisher\":{\"@id\":\"https:\/\/www.news33.tv\/#organization\"},\"image\":{\"@id\":\"https:\/\/www.press7.tv\/?p=32815#primaryimage\"},\"thumbnailUrl\":\"https:\/\/www.press7.tv\/wp-content\/uploads\/2026\/09\/IMG_5543.avif\",\"articleSection\":[\"Kosov\u00eb\",\"Lajme\"],\"inLanguage\":\"en-US\"},{\"@type\":\"WebPage\",\"@id\":\"https:\/\/www.press7.tv\/?p=32815\",\"url\":\"https:\/\/www.press7.tv\/?p=32815\",\"name\":\"Kusari-Lila: 6 deputet\u00ebt e LDK-s\u00eb e kan\u00eb problemin me Kurtin, jo me kandidatin p\u00ebr president - press7.tv\",\"isPartOf\":{\"@id\":\"https:\/\/www.news33.tv\/#website\"},\"primaryImageOfPage\":{\"@id\":\"https:\/\/www.press7.tv\/?p=32815#primaryimage\"},\"image\":{\"@id\":\"https:\/\/www.press7.tv\/?p=32815#primaryimage\"},\"thumbnailUrl\":\"https:\/\/www.press7.tv\/wp-content\/uploads\/2026\/09\/IMG_5543.avif\",\"datePublished\":\"2026-09-05T15:39:54+00:00\",\"breadcrumb\":{\"@id\":\"https:\/\/www.press7.tv\/?p=32815#breadcrumb\"},\"inLanguage\":\"en-US\",\"potentialAction\":[{\"@type\":\"ReadAction\",\"target\":[\"https:\/\/www.press7.tv\/?p=32815\"]}]},{\"@type\":\"ImageObject\",\"inLanguage\":\"en-US\",\"@id\":\"https:\/\/www.press7.tv\/?p=32815#primaryimage\",\"url\":\"https:\/\/www.press7.tv\/wp-content\/uploads\/2026\/09\/IMG_5543.avif\",\"contentUrl\":\"https:\/\/www.press7.tv\/wp-content\/uploads\/2026\/09\/IMG_5543.avif\",\"width\":899,\"height\":500},{\"@type\":\"BreadcrumbList\",\"@id\":\"https:\/\/www.press7.tv\/?p=32815#breadcrumb\",\"itemListElement\":[{\"@type\":\"ListItem\",\"position\":1,\"name\":\"Home\",\"item\":\"https:\/\/www.press7.tv\/\"},{\"@type\":\"ListItem\",\"position\":2,\"name\":\"Kusari-Lila: 6 deputet\u00ebt e LDK-s\u00eb e kan\u00eb problemin me Kurtin, jo me kandidatin p\u00ebr president\"}]},{\"@type\":\"WebSite\",\"@id\":\"https:\/\/www.news33.tv\/#website\",\"url\":\"https:\/\/www.news33.tv\/\",\"name\":\"News33.tv Media\",\"description\":\"Media\",\"publisher\":{\"@id\":\"https:\/\/www.news33.tv\/#organization\"},\"potentialAction\":[{\"@type\":\"SearchAction\",\"target\":{\"@type\":\"EntryPoint\",\"urlTemplate\":\"https:\/\/www.news33.tv\/?s={search_term_string}\"},\"query-input\":{\"@type\":\"PropertyValueSpecification\",\"valueRequired\":true,\"valueName\":\"search_term_string\"}}],\"inLanguage\":\"en-US\"},{\"@type\":\"Organization\",\"@id\":\"https:\/\/www.news33.tv\/#organization\",\"name\":\"News33.tv Media\",\"url\":\"https:\/\/www.news33.tv\/\",\"logo\":{\"@type\":\"ImageObject\",\"inLanguage\":\"en-US\",\"@id\":\"https:\/\/www.news33.tv\/#\/schema\/logo\/image\/\",\"url\":\"https:\/\/www.press7.tv\/wp-content\/uploads\/2024\/02\/logo-news33-black.png\",\"contentUrl\":\"https:\/\/www.press7.tv\/wp-content\/uploads\/2024\/02\/logo-news33-black.png\",\"width\":180,\"height\":37,\"caption\":\"News33.tv Media\"},\"image\":{\"@id\":\"https:\/\/www.news33.tv\/#\/schema\/logo\/image\/\"},\"sameAs\":[\"https:\/\/www.facebook.com\/press7.tv\"]},{\"@type\":\"Person\",\"@id\":\"https:\/\/www.news33.tv\/#\/schema\/person\/5a04a38a23ccdba82f9bd665cd8f9efa\",\"name\":\"gazetar2\",\"image\":{\"@type\":\"ImageObject\",\"inLanguage\":\"en-US\",\"@id\":\"https:\/\/www.news33.tv\/#\/schema\/person\/image\/\",\"url\":\"https:\/\/www.press7.tv\/wp-content\/litespeed\/avatar\/41975e402c3049d9ddb03adca8f7a883.jpg?ver=1788056178\",\"contentUrl\":\"https:\/\/www.press7.tv\/wp-content\/litespeed\/avatar\/41975e402c3049d9ddb03adca8f7a883.jpg?ver=1788056178\",\"caption\":\"gazetar2\"},\"url\":\"https:\/\/www.press7.tv\/?author=8\"}]}<\/script>\n<!-- \/ Yoast SEO plugin. -->","yoast_head_json":{"title":"Kusari-Lila: 6 deputet\u00ebt e LDK-s\u00eb e kan\u00eb problemin me Kurtin, jo me kandidatin p\u00ebr president - press7.tv","robots":{"index":"index","follow":"follow","max-snippet":"max-snippet:-1","max-image-preview":"max-image-preview:large","max-video-preview":"max-video-preview:-1"},"canonical":"https:\/\/www.press7.tv\/?p=32815","og_locale":"en_US","og_type":"article","og_title":"Kusari-Lila: 6 deputet\u00ebt e LDK-s\u00eb e kan\u00eb problemin me Kurtin, jo me kandidatin p\u00ebr president - press7.tv","og_description":"Kryetarja e Alternativ\u00ebs, Mimoza Kusari-Lila, ka deklaruar se kund\u00ebrshtimi i gjasht\u00eb deputet\u00ebve t\u00eb Lidhjes Demokratike t\u00eb Kosov\u00ebs ndaj kandidatur\u00ebs s\u00eb Bekim Sejdiut p\u00ebr president t\u00eb Kosov\u00ebs nuk lidhet me figur\u00ebn e tij, por me kryeministrin n\u00eb detyr\u00eb, Albin Kurti dhe L\u00ebvizjen Vet\u00ebvendosje. N\u00eb emisionin \u201cIntervista e Jav\u00ebs\u201d n\u00eb KosovaPress, Kusari-Lila tha se Avdullah Hoti, Kujtim [&hellip;]","og_url":"https:\/\/www.press7.tv\/?p=32815","og_site_name":"press7.tv","article_publisher":"https:\/\/www.facebook.com\/press7.tv","article_published_time":"2026-09-05T15:39:54+00:00","og_image":[{"width":899,"height":500,"url":"https:\/\/www.press7.tv\/wp-content\/uploads\/2026\/09\/IMG_5543.avif","type":"image\/png"}],"author":"gazetar2","twitter_card":"summary_large_image","twitter_misc":{"Written by":"gazetar2","Est. reading time":"1 minute"},"schema":{"@context":"https:\/\/schema.org","@graph":[{"@type":"Article","@id":"https:\/\/www.press7.tv\/?p=32815#article","isPartOf":{"@id":"https:\/\/www.press7.tv\/?p=32815"},"author":{"name":"gazetar2","@id":"https:\/\/www.news33.tv\/#\/schema\/person\/5a04a38a23ccdba82f9bd665cd8f9efa"},"headline":"Kusari-Lila: 6 deputet\u00ebt e LDK-s\u00eb e kan\u00eb problemin me Kurtin, jo me kandidatin p\u00ebr president","datePublished":"2026-09-05T15:39:54+00:00","mainEntityOfPage":{"@id":"https:\/\/www.press7.tv\/?p=32815"},"wordCount":710,"publisher":{"@id":"https:\/\/www.news33.tv\/#organization"},"image":{"@id":"https:\/\/www.press7.tv\/?p=32815#primaryimage"},"thumbnailUrl":"https:\/\/www.press7.tv\/wp-content\/uploads\/2026\/09\/IMG_5543.avif","articleSection":["Kosov\u00eb","Lajme"],"inLanguage":"en-US"},{"@type":"WebPage","@id":"https:\/\/www.press7.tv\/?p=32815","url":"https:\/\/www.press7.tv\/?p=32815","name":"Kusari-Lila: 6 deputet\u00ebt e LDK-s\u00eb e kan\u00eb problemin me Kurtin, jo me kandidatin p\u00ebr president - press7.tv","isPartOf":{"@id":"https:\/\/www.news33.tv\/#website"},"primaryImageOfPage":{"@id":"https:\/\/www.press7.tv\/?p=32815#primaryimage"},"image":{"@id":"https:\/\/www.press7.tv\/?p=32815#primaryimage"},"thumbnailUrl":"https:\/\/www.press7.tv\/wp-content\/uploads\/2026\/09\/IMG_5543.avif","datePublished":"2026-09-05T15:39:54+00:00","breadcrumb":{"@id":"https:\/\/www.press7.tv\/?p=32815#breadcrumb"},"inLanguage":"en-US","potentialAction":[{"@type":"ReadAction","target":["https:\/\/www.press7.tv\/?p=32815"]}]},{"@type":"ImageObject","inLanguage":"en-US","@id":"https:\/\/www.press7.tv\/?p=32815#primaryimage","url":"https:\/\/www.press7.tv\/wp-content\/uploads\/2026\/09\/IMG_5543.avif","contentUrl":"https:\/\/www.press7.tv\/wp-content\/uploads\/2026\/09\/IMG_5543.avif","width":899,"height":500},{"@type":"BreadcrumbList","@id":"https:\/\/www.press7.tv\/?p=32815#breadcrumb","itemListElement":[{"@type":"ListItem","position":1,"name":"Home","item":"https:\/\/www.press7.tv\/"},{"@type":"ListItem","position":2,"name":"Kusari-Lila: 6 deputet\u00ebt e LDK-s\u00eb e kan\u00eb problemin me Kurtin, jo me kandidatin p\u00ebr president"}]},{"@type":"WebSite","@id":"https:\/\/www.news33.tv\/#website","url":"https:\/\/www.news33.tv\/","name":"News33.tv Media","description":"Media","publisher":{"@id":"https:\/\/www.news33.tv\/#organization"},"potentialAction":[{"@type":"SearchAction","target":{"@type":"EntryPoint","urlTemplate":"https:\/\/www.news33.tv\/?s={search_term_string}"},"query-input":{"@type":"PropertyValueSpecification","valueRequired":true,"valueName":"search_term_string"}}],"inLanguage":"en-US"},{"@type":"Organization","@id":"https:\/\/www.news33.tv\/#organization","name":"News33.tv Media","url":"https:\/\/www.news33.tv\/","logo":{"@type":"ImageObject","inLanguage":"en-US","@id":"https:\/\/www.news33.tv\/#\/schema\/logo\/image\/","url":"https:\/\/www.press7.tv\/wp-content\/uploads\/2024\/02\/logo-news33-black.png","contentUrl":"https:\/\/www.press7.tv\/wp-content\/uploads\/2024\/02\/logo-news33-black.png","width":180,"height":37,"caption":"News33.tv Media"},"image":{"@id":"https:\/\/www.news33.tv\/#\/schema\/logo\/image\/"},"sameAs":["https:\/\/www.facebook.com\/press7.tv"]},{"@type":"Person","@id":"https:\/\/www.news33.tv\/#\/schema\/person\/5a04a38a23ccdba82f9bd665cd8f9efa","name":"gazetar2","image":{"@type":"ImageObject","inLanguage":"en-US","@id":"https:\/\/www.news33.tv\/#\/schema\/person\/image\/","url":"https:\/\/www.press7.tv\/wp-content\/litespeed\/avatar\/41975e402c3049d9ddb03adca8f7a883.jpg?ver=1788056178","contentUrl":"https:\/\/www.press7.tv\/wp-content\/litespeed\/avatar\/41975e402c3049d9ddb03adca8f7a883.jpg?ver=1788056178","caption":"gazetar2"},"url":"https:\/\/www.press7.tv\/?author=8"}]}},"amp_enabled":true,"_links":{"self":[{"href":"https:\/\/www.press7.tv\/index.php?rest_route=\/wp\/v2\/posts\/32815","targetHints":{"allow":["GET"]}}],"collection":[{"href":"https:\/\/www.press7.tv\/index.php?rest_route=\/wp\/v2\/posts"}],"about":[{"href":"https:\/\/www.press7.tv\/index.php?rest_route=\/wp\/v2\/types\/post"}],"author":[{"embeddable":true,"href":"https:\/\/www.press7.tv\/index.php?rest_route=\/wp\/v2\/users\/8"}],"replies":[{"embeddable":true,"href":"https:\/\/www.press7.tv\/index.php?rest_route=%2Fwp%2Fv2%2Fcomments&post=32815"}],"version-history":[{"count":1,"href":"https:\/\/www.press7.tv\/index.php?rest_route=\/wp\/v2\/posts\/32815\/revisions"}],"predecessor-version":[{"id":32817,"href":"https:\/\/www.press7.tv\/index.php?rest_route=\/wp\/v2\/posts\/32815\/revisions\/32817"}],"wp:featuredmedia":[{"embeddable":true,"href":"https:\/\/www.press7.tv\/index.php?rest_route=\/wp\/v2\/media\/32816"}],"wp:attachment":[{"href":"https:\/\/www.press7.tv\/index.php?rest_route=%2Fwp%2Fv2%2Fmedia&parent=32815"}],"wp:term":[{"taxonomy":"category","embeddable":true,"href":"https:\/\/www.press7.tv\/index.php?rest_route=%2Fwp%2Fv2%2Fcategories&post=32815"},{"taxonomy":"post_tag","embeddable":true,"href":"https:\/\/www.press7.tv\/index.php?rest_route=%2Fwp%2Fv2%2Ftags&post=32815"}],"curies":[{"name":"wp","href":"https:\/\/api.w.org\/{rel}","templated":true}]}}