{"id":32812,"date":"2026-09-05T14:28:57","date_gmt":"2026-09-05T14:28:57","guid":{"rendered":"https:\/\/www.press7.tv\/?p=32812"},"modified":"2026-09-05T14:28:57","modified_gmt":"2026-09-05T14:28:57","slug":"eurodeputeti-gjerman-kritikon-serbine-per-mlladiqin-beogradi-nderon-nje-kriminel-lufte-kjo-eshte-e-turpshme","status":"publish","type":"post","link":"https:\/\/www.press7.tv\/?p=32812","title":{"rendered":"Eurodeputeti gjerman kritikon Serbin\u00eb p\u00ebr Mlladiqin: Beogradi nderon nj\u00eb kriminel lufte, kjo \u00ebsht\u00eb e turpshme"},"content":{"rendered":"\n    <div class=\"xs_social_share_widget xs_share_url before_content \t\tmain_content  wslu-style-2 wslu-share-box-shaped wslu-fill-colored wslu-share-m-5 wslu-none wslu-share-vertical wslu-theme-font-no wslu-main_content\">\n\n\t\t\n        <ul>\n\t\t\t        <\/ul>\n    <\/div> \n<p>Eurodeputeti gjerman, Michael Roth ka reaguar ashp\u00ebr ndaj nderimeve shtet\u00ebrore q\u00eb Serbia planifikon t\u2019i b\u00ebj\u00eb Ratko Mlladiqit, ish-komandantit t\u00eb Ushtris\u00eb s\u00eb Republika Serbe, i d\u00ebnuar p\u00ebr krime lufte dhe gjenocid n\u00eb Bosnje-Hercegovin\u00eb.<\/p>\n<p>Roth tha se nuk e kishte menduar kurr\u00eb se do t\u00eb shihte nj\u00eb person t\u00eb d\u00ebnuar p\u00ebr krime lufte, t\u00eb cilin e cil\u00ebsoi si p\u00ebrgjegj\u00ebs p\u00ebr gjenocidin e Srebrenic\u00ebs, t\u00eb marr\u00eb nderime shtet\u00ebrore n\u00eb Beograd.<\/p>\n<p>Sipas tij, nj\u00eb veprim i till\u00eb tregon se sa larg \u00ebsht\u00eb Serbia nga pajtimi p\u00ebr t\u00eb cilin, si\u00e7 u shpreh ai, ka nevoj\u00eb urgjente Ballkani Per\u00ebndimor.<br \/>\n\u201cFaleminderit t\u00eb gjith\u00eb serb\u00ebve q\u00eb e kund\u00ebrshtojn\u00eb publikisht k\u00ebt\u00eb turp\u201d, shkroi Roth, duke shprehur mir\u00ebnjohje p\u00ebr qytetar\u00ebt serb\u00eb q\u00eb kan\u00eb dal\u00eb kund\u00ebr nderimit t\u00eb Mlladiqit.<\/p>\n<p>Nd\u00ebrkoh\u00eb, komisionerja evropiane p\u00ebr Zgjerimin, Marta Kos, anuloi vizit\u00ebn e planifikuar n\u00eb Serbi, duke kritikuar glorifikimin e nj\u00eb personi t\u00eb d\u00ebnuar p\u00ebr krime lufte.<\/p>\n<p>Ratko Mlladiq u d\u00ebnua p\u00ebrfundimisht me burgim t\u00eb p\u00ebrjetsh\u00ebm nga mekanizmi gjyq\u00ebsor i OKB-s\u00eb p\u00ebr krime, p\u00ebrfshir\u00eb gjenocidin n\u00eb Srebrenic\u00eb, ku n\u00eb korrik t\u00eb vitit 1995 u vran\u00eb m\u00eb shum\u00eb se 8 mij\u00eb burra dhe djem boshnjak\u00eb.<\/p>\n<p>Krimineli vdiq m\u00eb 27 gusht n\u00eb Hag\u00eb, n\u00eb mosh\u00ebn 84-vje\u00e7are, nd\u00ebrsa vuante d\u00ebnimin e p\u00ebrjetsh\u00ebm.<\/p>\n","protected":false},"excerpt":{"rendered":"<p>Eurodeputeti gjerman, Michael Roth ka reaguar ashp\u00ebr ndaj nderimeve shtet\u00ebrore q\u00eb Serbia planifikon t\u2019i b\u00ebj\u00eb Ratko Mlladiqit, ish-komandantit t\u00eb Ushtris\u00eb s\u00eb Republika Serbe, i d\u00ebnuar p\u00ebr krime lufte dhe gjenocid n\u00eb Bosnje-Hercegovin\u00eb. Roth tha se nuk e kishte menduar kurr\u00eb se do t\u00eb shihte nj\u00eb person t\u00eb d\u00ebnuar p\u00ebr krime lufte, t\u00eb cilin e cil\u00ebsoi [&hellip;]<\/p>\n","protected":false},"author":8,"featured_media":32813,"comment_status":"closed","ping_status":"closed","sticky":false,"template":"","format":"standard","meta":{"footnotes":""},"categories":[217,213],"tags":[],"class_list":["post-32812","post","type-post","status-publish","format-standard","has-post-thumbnail","hentry","category-bote","category-lajme"],"yoast_head":"<!-- This site is optimized with the Yoast SEO plugin v25.1 - https:\/\/yoast.com\/wordpress\/plugins\/seo\/ -->\n<title>Eurodeputeti gjerman kritikon Serbin\u00eb p\u00ebr Mlladiqin: Beogradi nderon nj\u00eb kriminel lufte, kjo \u00ebsht\u00eb e turpshme - press7.tv<\/title>\n<meta name=\"robots\" content=\"index, follow, max-snippet:-1, max-image-preview:large, max-video-preview:-1\" \/>\n<link rel=\"canonical\" href=\"https:\/\/www.press7.tv\/?p=32812\" \/>\n<meta property=\"og:locale\" content=\"en_US\" \/>\n<meta property=\"og:type\" content=\"article\" \/>\n<meta property=\"og:title\" content=\"Eurodeputeti gjerman kritikon Serbin\u00eb p\u00ebr Mlladiqin: Beogradi nderon nj\u00eb kriminel lufte, kjo \u00ebsht\u00eb e turpshme - press7.tv\" \/>\n<meta property=\"og:description\" content=\"Eurodeputeti gjerman, Michael Roth ka reaguar ashp\u00ebr ndaj nderimeve shtet\u00ebrore q\u00eb Serbia planifikon t\u2019i b\u00ebj\u00eb Ratko Mlladiqit, ish-komandantit t\u00eb Ushtris\u00eb s\u00eb Republika Serbe, i d\u00ebnuar p\u00ebr krime lufte dhe gjenocid n\u00eb Bosnje-Hercegovin\u00eb. Roth tha se nuk e kishte menduar kurr\u00eb se do t\u00eb shihte nj\u00eb person t\u00eb d\u00ebnuar p\u00ebr krime lufte, t\u00eb cilin e cil\u00ebsoi [&hellip;]\" \/>\n<meta property=\"og:url\" content=\"https:\/\/www.press7.tv\/?p=32812\" \/>\n<meta property=\"og:site_name\" content=\"press7.tv\" \/>\n<meta property=\"article:publisher\" content=\"https:\/\/www.facebook.com\/press7.tv\" \/>\n<meta property=\"article:published_time\" content=\"2026-09-05T14:28:57+00:00\" \/>\n<meta property=\"og:image\" content=\"https:\/\/www.press7.tv\/wp-content\/uploads\/2026\/09\/IMG_5540.avif\" \/>\n\t<meta property=\"og:image:width\" content=\"899\" \/>\n\t<meta property=\"og:image:height\" content=\"500\" \/>\n\t<meta property=\"og:image:type\" content=\"image\/jpeg\" \/>\n<meta name=\"author\" content=\"gazetar2\" \/>\n<meta name=\"twitter:card\" content=\"summary_large_image\" \/>\n<meta name=\"twitter:label1\" content=\"Written by\" \/>\n\t<meta name=\"twitter:data1\" content=\"gazetar2\" \/>\n\t<meta name=\"twitter:label2\" content=\"Est. reading time\" \/>\n\t<meta name=\"twitter:data2\" content=\"1 minute\" \/>\n<script type=\"application\/ld+json\" class=\"yoast-schema-graph\">{\"@context\":\"https:\/\/schema.org\",\"@graph\":[{\"@type\":\"Article\",\"@id\":\"https:\/\/www.press7.tv\/?p=32812#article\",\"isPartOf\":{\"@id\":\"https:\/\/www.press7.tv\/?p=32812\"},\"author\":{\"name\":\"gazetar2\",\"@id\":\"https:\/\/www.news33.tv\/#\/schema\/person\/5a04a38a23ccdba82f9bd665cd8f9efa\"},\"headline\":\"Eurodeputeti gjerman kritikon Serbin\u00eb p\u00ebr Mlladiqin: Beogradi nderon nj\u00eb kriminel lufte, kjo \u00ebsht\u00eb e turpshme\",\"datePublished\":\"2026-09-05T14:28:57+00:00\",\"mainEntityOfPage\":{\"@id\":\"https:\/\/www.press7.tv\/?p=32812\"},\"wordCount\":248,\"publisher\":{\"@id\":\"https:\/\/www.news33.tv\/#organization\"},\"image\":{\"@id\":\"https:\/\/www.press7.tv\/?p=32812#primaryimage\"},\"thumbnailUrl\":\"https:\/\/www.press7.tv\/wp-content\/uploads\/2026\/09\/IMG_5540.avif\",\"articleSection\":[\"Bot\u00eb\",\"Lajme\"],\"inLanguage\":\"en-US\"},{\"@type\":\"WebPage\",\"@id\":\"https:\/\/www.press7.tv\/?p=32812\",\"url\":\"https:\/\/www.press7.tv\/?p=32812\",\"name\":\"Eurodeputeti gjerman kritikon Serbin\u00eb p\u00ebr Mlladiqin: Beogradi nderon nj\u00eb kriminel lufte, kjo \u00ebsht\u00eb e turpshme - press7.tv\",\"isPartOf\":{\"@id\":\"https:\/\/www.news33.tv\/#website\"},\"primaryImageOfPage\":{\"@id\":\"https:\/\/www.press7.tv\/?p=32812#primaryimage\"},\"image\":{\"@id\":\"https:\/\/www.press7.tv\/?p=32812#primaryimage\"},\"thumbnailUrl\":\"https:\/\/www.press7.tv\/wp-content\/uploads\/2026\/09\/IMG_5540.avif\",\"datePublished\":\"2026-09-05T14:28:57+00:00\",\"breadcrumb\":{\"@id\":\"https:\/\/www.press7.tv\/?p=32812#breadcrumb\"},\"inLanguage\":\"en-US\",\"potentialAction\":[{\"@type\":\"ReadAction\",\"target\":[\"https:\/\/www.press7.tv\/?p=32812\"]}]},{\"@type\":\"ImageObject\",\"inLanguage\":\"en-US\",\"@id\":\"https:\/\/www.press7.tv\/?p=32812#primaryimage\",\"url\":\"https:\/\/www.press7.tv\/wp-content\/uploads\/2026\/09\/IMG_5540.avif\",\"contentUrl\":\"https:\/\/www.press7.tv\/wp-content\/uploads\/2026\/09\/IMG_5540.avif\",\"width\":899,\"height\":500},{\"@type\":\"BreadcrumbList\",\"@id\":\"https:\/\/www.press7.tv\/?p=32812#breadcrumb\",\"itemListElement\":[{\"@type\":\"ListItem\",\"position\":1,\"name\":\"Home\",\"item\":\"https:\/\/www.press7.tv\/\"},{\"@type\":\"ListItem\",\"position\":2,\"name\":\"Eurodeputeti gjerman kritikon Serbin\u00eb p\u00ebr Mlladiqin: Beogradi nderon nj\u00eb kriminel lufte, kjo \u00ebsht\u00eb e turpshme\"}]},{\"@type\":\"WebSite\",\"@id\":\"https:\/\/www.news33.tv\/#website\",\"url\":\"https:\/\/www.news33.tv\/\",\"name\":\"News33.tv Media\",\"description\":\"Media\",\"publisher\":{\"@id\":\"https:\/\/www.news33.tv\/#organization\"},\"potentialAction\":[{\"@type\":\"SearchAction\",\"target\":{\"@type\":\"EntryPoint\",\"urlTemplate\":\"https:\/\/www.news33.tv\/?s={search_term_string}\"},\"query-input\":{\"@type\":\"PropertyValueSpecification\",\"valueRequired\":true,\"valueName\":\"search_term_string\"}}],\"inLanguage\":\"en-US\"},{\"@type\":\"Organization\",\"@id\":\"https:\/\/www.news33.tv\/#organization\",\"name\":\"News33.tv Media\",\"url\":\"https:\/\/www.news33.tv\/\",\"logo\":{\"@type\":\"ImageObject\",\"inLanguage\":\"en-US\",\"@id\":\"https:\/\/www.news33.tv\/#\/schema\/logo\/image\/\",\"url\":\"https:\/\/www.press7.tv\/wp-content\/uploads\/2024\/02\/logo-news33-black.png\",\"contentUrl\":\"https:\/\/www.press7.tv\/wp-content\/uploads\/2024\/02\/logo-news33-black.png\",\"width\":180,\"height\":37,\"caption\":\"News33.tv Media\"},\"image\":{\"@id\":\"https:\/\/www.news33.tv\/#\/schema\/logo\/image\/\"},\"sameAs\":[\"https:\/\/www.facebook.com\/press7.tv\"]},{\"@type\":\"Person\",\"@id\":\"https:\/\/www.news33.tv\/#\/schema\/person\/5a04a38a23ccdba82f9bd665cd8f9efa\",\"name\":\"gazetar2\",\"image\":{\"@type\":\"ImageObject\",\"inLanguage\":\"en-US\",\"@id\":\"https:\/\/www.news33.tv\/#\/schema\/person\/image\/\",\"url\":\"https:\/\/www.press7.tv\/wp-content\/litespeed\/avatar\/41975e402c3049d9ddb03adca8f7a883.jpg?ver=1788056178\",\"contentUrl\":\"https:\/\/www.press7.tv\/wp-content\/litespeed\/avatar\/41975e402c3049d9ddb03adca8f7a883.jpg?ver=1788056178\",\"caption\":\"gazetar2\"},\"url\":\"https:\/\/www.press7.tv\/?author=8\"}]}<\/script>\n<!-- \/ Yoast SEO plugin. -->","yoast_head_json":{"title":"Eurodeputeti gjerman kritikon Serbin\u00eb p\u00ebr Mlladiqin: Beogradi nderon nj\u00eb kriminel lufte, kjo \u00ebsht\u00eb e turpshme - press7.tv","robots":{"index":"index","follow":"follow","max-snippet":"max-snippet:-1","max-image-preview":"max-image-preview:large","max-video-preview":"max-video-preview:-1"},"canonical":"https:\/\/www.press7.tv\/?p=32812","og_locale":"en_US","og_type":"article","og_title":"Eurodeputeti gjerman kritikon Serbin\u00eb p\u00ebr Mlladiqin: Beogradi nderon nj\u00eb kriminel lufte, kjo \u00ebsht\u00eb e turpshme - press7.tv","og_description":"Eurodeputeti gjerman, Michael Roth ka reaguar ashp\u00ebr ndaj nderimeve shtet\u00ebrore q\u00eb Serbia planifikon t\u2019i b\u00ebj\u00eb Ratko Mlladiqit, ish-komandantit t\u00eb Ushtris\u00eb s\u00eb Republika Serbe, i d\u00ebnuar p\u00ebr krime lufte dhe gjenocid n\u00eb Bosnje-Hercegovin\u00eb. Roth tha se nuk e kishte menduar kurr\u00eb se do t\u00eb shihte nj\u00eb person t\u00eb d\u00ebnuar p\u00ebr krime lufte, t\u00eb cilin e cil\u00ebsoi [&hellip;]","og_url":"https:\/\/www.press7.tv\/?p=32812","og_site_name":"press7.tv","article_publisher":"https:\/\/www.facebook.com\/press7.tv","article_published_time":"2026-09-05T14:28:57+00:00","og_image":[{"width":899,"height":500,"url":"https:\/\/www.press7.tv\/wp-content\/uploads\/2026\/09\/IMG_5540.avif","type":"image\/jpeg"}],"author":"gazetar2","twitter_card":"summary_large_image","twitter_misc":{"Written by":"gazetar2","Est. reading time":"1 minute"},"schema":{"@context":"https:\/\/schema.org","@graph":[{"@type":"Article","@id":"https:\/\/www.press7.tv\/?p=32812#article","isPartOf":{"@id":"https:\/\/www.press7.tv\/?p=32812"},"author":{"name":"gazetar2","@id":"https:\/\/www.news33.tv\/#\/schema\/person\/5a04a38a23ccdba82f9bd665cd8f9efa"},"headline":"Eurodeputeti gjerman kritikon Serbin\u00eb p\u00ebr Mlladiqin: Beogradi nderon nj\u00eb kriminel lufte, kjo \u00ebsht\u00eb e turpshme","datePublished":"2026-09-05T14:28:57+00:00","mainEntityOfPage":{"@id":"https:\/\/www.press7.tv\/?p=32812"},"wordCount":248,"publisher":{"@id":"https:\/\/www.news33.tv\/#organization"},"image":{"@id":"https:\/\/www.press7.tv\/?p=32812#primaryimage"},"thumbnailUrl":"https:\/\/www.press7.tv\/wp-content\/uploads\/2026\/09\/IMG_5540.avif","articleSection":["Bot\u00eb","Lajme"],"inLanguage":"en-US"},{"@type":"WebPage","@id":"https:\/\/www.press7.tv\/?p=32812","url":"https:\/\/www.press7.tv\/?p=32812","name":"Eurodeputeti gjerman kritikon Serbin\u00eb p\u00ebr Mlladiqin: Beogradi nderon nj\u00eb kriminel lufte, kjo \u00ebsht\u00eb e turpshme - press7.tv","isPartOf":{"@id":"https:\/\/www.news33.tv\/#website"},"primaryImageOfPage":{"@id":"https:\/\/www.press7.tv\/?p=32812#primaryimage"},"image":{"@id":"https:\/\/www.press7.tv\/?p=32812#primaryimage"},"thumbnailUrl":"https:\/\/www.press7.tv\/wp-content\/uploads\/2026\/09\/IMG_5540.avif","datePublished":"2026-09-05T14:28:57+00:00","breadcrumb":{"@id":"https:\/\/www.press7.tv\/?p=32812#breadcrumb"},"inLanguage":"en-US","potentialAction":[{"@type":"ReadAction","target":["https:\/\/www.press7.tv\/?p=32812"]}]},{"@type":"ImageObject","inLanguage":"en-US","@id":"https:\/\/www.press7.tv\/?p=32812#primaryimage","url":"https:\/\/www.press7.tv\/wp-content\/uploads\/2026\/09\/IMG_5540.avif","contentUrl":"https:\/\/www.press7.tv\/wp-content\/uploads\/2026\/09\/IMG_5540.avif","width":899,"height":500},{"@type":"BreadcrumbList","@id":"https:\/\/www.press7.tv\/?p=32812#breadcrumb","itemListElement":[{"@type":"ListItem","position":1,"name":"Home","item":"https:\/\/www.press7.tv\/"},{"@type":"ListItem","position":2,"name":"Eurodeputeti gjerman kritikon Serbin\u00eb p\u00ebr Mlladiqin: Beogradi nderon nj\u00eb kriminel lufte, kjo \u00ebsht\u00eb e turpshme"}]},{"@type":"WebSite","@id":"https:\/\/www.news33.tv\/#website","url":"https:\/\/www.news33.tv\/","name":"News33.tv Media","description":"Media","publisher":{"@id":"https:\/\/www.news33.tv\/#organization"},"potentialAction":[{"@type":"SearchAction","target":{"@type":"EntryPoint","urlTemplate":"https:\/\/www.news33.tv\/?s={search_term_string}"},"query-input":{"@type":"PropertyValueSpecification","valueRequired":true,"valueName":"search_term_string"}}],"inLanguage":"en-US"},{"@type":"Organization","@id":"https:\/\/www.news33.tv\/#organization","name":"News33.tv Media","url":"https:\/\/www.news33.tv\/","logo":{"@type":"ImageObject","inLanguage":"en-US","@id":"https:\/\/www.news33.tv\/#\/schema\/logo\/image\/","url":"https:\/\/www.press7.tv\/wp-content\/uploads\/2024\/02\/logo-news33-black.png","contentUrl":"https:\/\/www.press7.tv\/wp-content\/uploads\/2024\/02\/logo-news33-black.png","width":180,"height":37,"caption":"News33.tv Media"},"image":{"@id":"https:\/\/www.news33.tv\/#\/schema\/logo\/image\/"},"sameAs":["https:\/\/www.facebook.com\/press7.tv"]},{"@type":"Person","@id":"https:\/\/www.news33.tv\/#\/schema\/person\/5a04a38a23ccdba82f9bd665cd8f9efa","name":"gazetar2","image":{"@type":"ImageObject","inLanguage":"en-US","@id":"https:\/\/www.news33.tv\/#\/schema\/person\/image\/","url":"https:\/\/www.press7.tv\/wp-content\/litespeed\/avatar\/41975e402c3049d9ddb03adca8f7a883.jpg?ver=1788056178","contentUrl":"https:\/\/www.press7.tv\/wp-content\/litespeed\/avatar\/41975e402c3049d9ddb03adca8f7a883.jpg?ver=1788056178","caption":"gazetar2"},"url":"https:\/\/www.press7.tv\/?author=8"}]}},"amp_enabled":true,"_links":{"self":[{"href":"https:\/\/www.press7.tv\/index.php?rest_route=\/wp\/v2\/posts\/32812","targetHints":{"allow":["GET"]}}],"collection":[{"href":"https:\/\/www.press7.tv\/index.php?rest_route=\/wp\/v2\/posts"}],"about":[{"href":"https:\/\/www.press7.tv\/index.php?rest_route=\/wp\/v2\/types\/post"}],"author":[{"embeddable":true,"href":"https:\/\/www.press7.tv\/index.php?rest_route=\/wp\/v2\/users\/8"}],"replies":[{"embeddable":true,"href":"https:\/\/www.press7.tv\/index.php?rest_route=%2Fwp%2Fv2%2Fcomments&post=32812"}],"version-history":[{"count":1,"href":"https:\/\/www.press7.tv\/index.php?rest_route=\/wp\/v2\/posts\/32812\/revisions"}],"predecessor-version":[{"id":32814,"href":"https:\/\/www.press7.tv\/index.php?rest_route=\/wp\/v2\/posts\/32812\/revisions\/32814"}],"wp:featuredmedia":[{"embeddable":true,"href":"https:\/\/www.press7.tv\/index.php?rest_route=\/wp\/v2\/media\/32813"}],"wp:attachment":[{"href":"https:\/\/www.press7.tv\/index.php?rest_route=%2Fwp%2Fv2%2Fmedia&parent=32812"}],"wp:term":[{"taxonomy":"category","embeddable":true,"href":"https:\/\/www.press7.tv\/index.php?rest_route=%2Fwp%2Fv2%2Fcategories&post=32812"},{"taxonomy":"post_tag","embeddable":true,"href":"https:\/\/www.press7.tv\/index.php?rest_route=%2Fwp%2Fv2%2Ftags&post=32812"}],"curies":[{"name":"wp","href":"https:\/\/api.w.org\/{rel}","templated":true}]}}