{"id":32796,"date":"2026-09-04T17:35:55","date_gmt":"2026-09-04T17:35:55","guid":{"rendered":"https:\/\/www.press7.tv\/?p=32796"},"modified":"2026-09-04T17:35:55","modified_gmt":"2026-09-04T17:35:55","slug":"video-e-dhunes-ben-xhiron-e-rrjetit-prokuroria-e-pejes-kerkon-arrestimin-e-jozit-ne-shqiperi-heshtje-kengetari-jemi-aktore","status":"publish","type":"post","link":"https:\/\/www.press7.tv\/?p=32796","title":{"rendered":"Video e dhun\u00ebs b\u00ebn xhiron e rrjetit, Prokuroria e Pej\u00ebs k\u00ebrkon arrestimin e Jozit, n\u00eb Shqip\u00ebri heshtje! K\u00ebng\u00ebtari: Jemi aktor\u00eb"},"content":{"rendered":"\n    <div class=\"xs_social_share_widget xs_share_url before_content \t\tmain_content  wslu-style-2 wslu-share-box-shaped wslu-fill-colored wslu-share-m-5 wslu-none wslu-share-vertical wslu-theme-font-no wslu-main_content\">\n\n\t\t\n        <ul>\n\t\t\t        <\/ul>\n    <\/div> \n<p>Nd\u00ebrkoh\u00eb, n\u00eb Shqip\u00ebri, pavar\u00ebsisht se pamjet e incidentit jan\u00eb b\u00ebr\u00eb publike dhe kan\u00eb shkaktuar reagime t\u00eb shumta n\u00eb rrjet, deri m\u00eb tani nuk \u00ebsht\u00eb b\u00ebr\u00eb i ditur ndonj\u00eb veprim zyrtar nga autoritetet lidhur me rastin.<\/p>\n<p>KOSOV\u00cb- Pas pamjeve t\u00eb b\u00ebra publike dhe q\u00eb po b\u00ebjn\u00eb xhiron e rrjetit, Prokuroria Themelore n\u00eb Pej\u00eb ka k\u00ebrkuar arrestimin e Joz Markut, pas incidentit t\u00eb dhunsh\u00ebm me Edi Ku\u00e7in.<\/p>\n<p>K\u00ebrkesa p\u00ebr arrestim \u00ebsht\u00eb b\u00ebr\u00eb n\u00eb kuad\u00ebr t\u00eb procedur\u00ebs penale t\u00eb nisur nga Prokuroria e Pej\u00ebs, nd\u00ebrsa lajmi \u00ebsht\u00eb konfirmuar nga z\u00ebdh\u00ebn\u00ebsi Shkodran Nik\u00e7i. Sipas tij, prokurori ka hapur nj\u00eb rast penal ndaj Jozefin Markut, shtetas i Republik\u00ebs s\u00eb Shqip\u00ebris\u00eb.<\/p>\n<p>\u201cProkurori i shtetit nga Prokuroria Themelore n\u00eb Pej\u00eb, p\u00ebrkat\u00ebsisht prokurori kujdestar, me vetiniciativ\u00eb ka hapur rast penal ndaj J.M., shtetas i Republik\u00ebs s\u00eb Shqip\u00ebris\u00eb, p\u00ebr vepr\u00ebn penale \u2018L\u00ebndim i leht\u00eb trupor\u2019 t\u00eb shkaktuar ndaj shtetasit t\u00eb Republik\u00ebs s\u00eb Kosov\u00ebs E.K. Prokurori i shtetit ka autorizuar Policin\u00eb e Kosov\u00ebs p\u00ebr inicimin e rastit dhe vendosjen n\u00eb stop-list\u00eb t\u00eb t\u00eb dyshuarit dhe nd\u00ebrmarrjen e veprimeve ligjore ndaj tij\u201d, ka deklaruar Nik\u00e7i.<\/p>\n<p>Sipas Prokuroris\u00eb, veprimet jan\u00eb nd\u00ebrmarr\u00eb bazuar n\u00eb dispozitat e Kodit Penal t\u00eb Kosov\u00ebs. Konkretisht, n\u00eb baz\u00eb t\u00eb nenit 109 t\u00eb Kodit Penal t\u00eb Republik\u00ebs s\u00eb Kosov\u00ebs, i cili zbatohet edhe ndaj shtetasve t\u00eb huaj p\u00ebr vepra penale t\u00eb kryera jasht\u00eb territorit t\u00eb Kosov\u00ebs ndaj shtetasve t\u00eb saj.<\/p>\n<p>Nd\u00ebrkoh\u00eb, n\u00eb Shqip\u00ebri, pavar\u00ebsisht se pamjet e incidentit jan\u00eb b\u00ebr\u00eb publike dhe kan\u00eb shkaktuar reagime t\u00eb shumta n\u00eb rrjet, deri m\u00eb tani nuk \u00ebsht\u00eb b\u00ebr\u00eb i ditur ndonj\u00eb veprim zyrtar nga autoritetet lidhur me rastin.<\/p>\n<p>Pik\u00ebrisht, p\u00ebr k\u00ebt\u00eb situat\u00eb, nj\u00eb dit\u00eb m\u00eb par\u00eb Z\u00cbRI ngriti shqet\u00ebsimin p\u00ebr munges\u00ebn e reagimit institucional dhe p\u00ebrgjegj\u00ebsin\u00eb, nd\u00ebrsa pyetja e madhe q\u00ebndron: Ku i buron fuqia Joz Markut?<\/p>\n<p>Nd\u00ebrsa n\u00eb Kosov\u00eb Prokuroria Themelore n\u00eb Pej\u00eb ka hapur rast penal, ka autorizuar Policin\u00eb dhe ka k\u00ebrkuar veprime konkrete ndaj tij, n\u00eb Shqip\u00ebri deri tani nuk ka pasur nj\u00eb reagim t\u00eb b\u00ebr\u00eb publik nga autoritetet.<\/p>\n<p>E megjithat\u00eb, nj\u00eb reagim ka ardhur nga nj\u00ebri prej protagonist\u00ebve t\u00eb ngjarjes, Jozefin Marku. Ky i fundit, ka thyer heshtjen dhe ka deklaruar p\u00ebr Top Channel: \u201cAsgj\u00eb s\u2019ka ndodhur. Jemi aktor\u00eb, e kemi b\u00ebr\u00eb vet\u00eb\u201d. Gjithashtu, ai ka mohuar edhe lajmet p\u00ebr veprimet e Prokuroris\u00eb s\u00eb Pej\u00ebs, duke i cil\u00ebsuar ato \u201cfake\u201d.<\/p>\n<p>Por, nga ana tjet\u00ebr, lajmi i Prokuroris\u00eb \u00ebsht\u00eb konfirmuar nga z\u00ebdh\u00ebn\u00ebsi. Megjithat\u00eb, mbetet p\u00ebr t\u00eb par\u00eb n\u00ebse autoritetet do t\u00eb verifikojn\u00eb dhe p\u00ebrcaktojn\u00eb n\u00ebse ngjarja ishte nj\u00eb sulm i vertet\u00eb, apo nj\u00eb sken\u00eb e inskenuar, si\u00e7 Jozi pretendon.<\/p>\n<p>Nd\u00ebrsa ne na mbetet t\u00eb presim, jemi vet\u00ebm p\u00ebrball\u00eb nj\u00eb t\u00eb v\u00ebrtete, asaj q\u00eb shohim kudo n\u00eb rrjete&#8230;video me z\u00eb e fytyr\u00eb.<\/p>\n","protected":false},"excerpt":{"rendered":"<p>Nd\u00ebrkoh\u00eb, n\u00eb Shqip\u00ebri, pavar\u00ebsisht se pamjet e incidentit jan\u00eb b\u00ebr\u00eb publike dhe kan\u00eb shkaktuar reagime t\u00eb shumta n\u00eb rrjet, deri m\u00eb tani nuk \u00ebsht\u00eb b\u00ebr\u00eb i ditur ndonj\u00eb veprim zyrtar nga autoritetet lidhur me rastin. KOSOV\u00cb- Pas pamjeve t\u00eb b\u00ebra publike dhe q\u00eb po b\u00ebjn\u00eb xhiron e rrjetit, Prokuroria Themelore n\u00eb Pej\u00eb ka k\u00ebrkuar arrestimin [&hellip;]<\/p>\n","protected":false},"author":8,"featured_media":32797,"comment_status":"closed","ping_status":"closed","sticky":false,"template":"","format":"standard","meta":{"footnotes":""},"categories":[238],"tags":[],"class_list":["post-32796","post","type-post","status-publish","format-standard","has-post-thumbnail","hentry","category-showbiz"],"yoast_head":"<!-- This site is optimized with the Yoast SEO plugin v25.1 - https:\/\/yoast.com\/wordpress\/plugins\/seo\/ -->\n<title>Video e dhun\u00ebs b\u00ebn xhiron e rrjetit, Prokuroria e Pej\u00ebs k\u00ebrkon arrestimin e Jozit, n\u00eb Shqip\u00ebri heshtje! K\u00ebng\u00ebtari: Jemi aktor\u00eb - press7.tv<\/title>\n<meta name=\"robots\" content=\"index, follow, max-snippet:-1, max-image-preview:large, max-video-preview:-1\" \/>\n<link rel=\"canonical\" href=\"https:\/\/www.press7.tv\/?p=32796\" \/>\n<meta property=\"og:locale\" content=\"en_US\" \/>\n<meta property=\"og:type\" content=\"article\" \/>\n<meta property=\"og:title\" content=\"Video e dhun\u00ebs b\u00ebn xhiron e rrjetit, Prokuroria e Pej\u00ebs k\u00ebrkon arrestimin e Jozit, n\u00eb Shqip\u00ebri heshtje! K\u00ebng\u00ebtari: Jemi aktor\u00eb - press7.tv\" \/>\n<meta property=\"og:description\" content=\"Nd\u00ebrkoh\u00eb, n\u00eb Shqip\u00ebri, pavar\u00ebsisht se pamjet e incidentit jan\u00eb b\u00ebr\u00eb publike dhe kan\u00eb shkaktuar reagime t\u00eb shumta n\u00eb rrjet, deri m\u00eb tani nuk \u00ebsht\u00eb b\u00ebr\u00eb i ditur ndonj\u00eb veprim zyrtar nga autoritetet lidhur me rastin. KOSOV\u00cb- Pas pamjeve t\u00eb b\u00ebra publike dhe q\u00eb po b\u00ebjn\u00eb xhiron e rrjetit, Prokuroria Themelore n\u00eb Pej\u00eb ka k\u00ebrkuar arrestimin [&hellip;]\" \/>\n<meta property=\"og:url\" content=\"https:\/\/www.press7.tv\/?p=32796\" \/>\n<meta property=\"og:site_name\" content=\"press7.tv\" \/>\n<meta property=\"article:publisher\" content=\"https:\/\/www.facebook.com\/press7.tv\" \/>\n<meta property=\"article:published_time\" content=\"2026-09-04T17:35:55+00:00\" \/>\n<meta property=\"og:image\" content=\"https:\/\/www.press7.tv\/wp-content\/uploads\/2026\/09\/IMG_5518.avif\" \/>\n\t<meta property=\"og:image:width\" content=\"900\" \/>\n\t<meta property=\"og:image:height\" content=\"931\" \/>\n\t<meta property=\"og:image:type\" content=\"image\/png\" \/>\n<meta name=\"author\" content=\"gazetar2\" \/>\n<meta name=\"twitter:card\" content=\"summary_large_image\" \/>\n<meta name=\"twitter:label1\" content=\"Written by\" \/>\n\t<meta name=\"twitter:data1\" content=\"gazetar2\" \/>\n\t<meta name=\"twitter:label2\" content=\"Est. reading time\" \/>\n\t<meta name=\"twitter:data2\" content=\"1 minute\" \/>\n<script type=\"application\/ld+json\" class=\"yoast-schema-graph\">{\"@context\":\"https:\/\/schema.org\",\"@graph\":[{\"@type\":\"Article\",\"@id\":\"https:\/\/www.press7.tv\/?p=32796#article\",\"isPartOf\":{\"@id\":\"https:\/\/www.press7.tv\/?p=32796\"},\"author\":{\"name\":\"gazetar2\",\"@id\":\"https:\/\/www.news33.tv\/#\/schema\/person\/5a04a38a23ccdba82f9bd665cd8f9efa\"},\"headline\":\"Video e dhun\u00ebs b\u00ebn xhiron e rrjetit, Prokuroria e Pej\u00ebs k\u00ebrkon arrestimin e Jozit, n\u00eb Shqip\u00ebri heshtje! K\u00ebng\u00ebtari: Jemi aktor\u00eb\",\"datePublished\":\"2026-09-04T17:35:55+00:00\",\"mainEntityOfPage\":{\"@id\":\"https:\/\/www.press7.tv\/?p=32796\"},\"wordCount\":544,\"publisher\":{\"@id\":\"https:\/\/www.news33.tv\/#organization\"},\"image\":{\"@id\":\"https:\/\/www.press7.tv\/?p=32796#primaryimage\"},\"thumbnailUrl\":\"https:\/\/www.press7.tv\/wp-content\/uploads\/2026\/09\/IMG_5518.avif\",\"articleSection\":[\"ShowBiz\"],\"inLanguage\":\"en-US\"},{\"@type\":\"WebPage\",\"@id\":\"https:\/\/www.press7.tv\/?p=32796\",\"url\":\"https:\/\/www.press7.tv\/?p=32796\",\"name\":\"Video e dhun\u00ebs b\u00ebn xhiron e rrjetit, Prokuroria e Pej\u00ebs k\u00ebrkon arrestimin e Jozit, n\u00eb Shqip\u00ebri heshtje! K\u00ebng\u00ebtari: Jemi aktor\u00eb - press7.tv\",\"isPartOf\":{\"@id\":\"https:\/\/www.news33.tv\/#website\"},\"primaryImageOfPage\":{\"@id\":\"https:\/\/www.press7.tv\/?p=32796#primaryimage\"},\"image\":{\"@id\":\"https:\/\/www.press7.tv\/?p=32796#primaryimage\"},\"thumbnailUrl\":\"https:\/\/www.press7.tv\/wp-content\/uploads\/2026\/09\/IMG_5518.avif\",\"datePublished\":\"2026-09-04T17:35:55+00:00\",\"breadcrumb\":{\"@id\":\"https:\/\/www.press7.tv\/?p=32796#breadcrumb\"},\"inLanguage\":\"en-US\",\"potentialAction\":[{\"@type\":\"ReadAction\",\"target\":[\"https:\/\/www.press7.tv\/?p=32796\"]}]},{\"@type\":\"ImageObject\",\"inLanguage\":\"en-US\",\"@id\":\"https:\/\/www.press7.tv\/?p=32796#primaryimage\",\"url\":\"https:\/\/www.press7.tv\/wp-content\/uploads\/2026\/09\/IMG_5518.avif\",\"contentUrl\":\"https:\/\/www.press7.tv\/wp-content\/uploads\/2026\/09\/IMG_5518.avif\",\"width\":900,\"height\":931},{\"@type\":\"BreadcrumbList\",\"@id\":\"https:\/\/www.press7.tv\/?p=32796#breadcrumb\",\"itemListElement\":[{\"@type\":\"ListItem\",\"position\":1,\"name\":\"Home\",\"item\":\"https:\/\/www.press7.tv\/\"},{\"@type\":\"ListItem\",\"position\":2,\"name\":\"Video e dhun\u00ebs b\u00ebn xhiron e rrjetit, Prokuroria e Pej\u00ebs k\u00ebrkon arrestimin e Jozit, n\u00eb Shqip\u00ebri heshtje! K\u00ebng\u00ebtari: Jemi aktor\u00eb\"}]},{\"@type\":\"WebSite\",\"@id\":\"https:\/\/www.news33.tv\/#website\",\"url\":\"https:\/\/www.news33.tv\/\",\"name\":\"News33.tv Media\",\"description\":\"Media\",\"publisher\":{\"@id\":\"https:\/\/www.news33.tv\/#organization\"},\"potentialAction\":[{\"@type\":\"SearchAction\",\"target\":{\"@type\":\"EntryPoint\",\"urlTemplate\":\"https:\/\/www.news33.tv\/?s={search_term_string}\"},\"query-input\":{\"@type\":\"PropertyValueSpecification\",\"valueRequired\":true,\"valueName\":\"search_term_string\"}}],\"inLanguage\":\"en-US\"},{\"@type\":\"Organization\",\"@id\":\"https:\/\/www.news33.tv\/#organization\",\"name\":\"News33.tv Media\",\"url\":\"https:\/\/www.news33.tv\/\",\"logo\":{\"@type\":\"ImageObject\",\"inLanguage\":\"en-US\",\"@id\":\"https:\/\/www.news33.tv\/#\/schema\/logo\/image\/\",\"url\":\"https:\/\/www.press7.tv\/wp-content\/uploads\/2024\/02\/logo-news33-black.png\",\"contentUrl\":\"https:\/\/www.press7.tv\/wp-content\/uploads\/2024\/02\/logo-news33-black.png\",\"width\":180,\"height\":37,\"caption\":\"News33.tv Media\"},\"image\":{\"@id\":\"https:\/\/www.news33.tv\/#\/schema\/logo\/image\/\"},\"sameAs\":[\"https:\/\/www.facebook.com\/press7.tv\"]},{\"@type\":\"Person\",\"@id\":\"https:\/\/www.news33.tv\/#\/schema\/person\/5a04a38a23ccdba82f9bd665cd8f9efa\",\"name\":\"gazetar2\",\"image\":{\"@type\":\"ImageObject\",\"inLanguage\":\"en-US\",\"@id\":\"https:\/\/www.news33.tv\/#\/schema\/person\/image\/\",\"url\":\"https:\/\/www.press7.tv\/wp-content\/litespeed\/avatar\/41975e402c3049d9ddb03adca8f7a883.jpg?ver=1788056178\",\"contentUrl\":\"https:\/\/www.press7.tv\/wp-content\/litespeed\/avatar\/41975e402c3049d9ddb03adca8f7a883.jpg?ver=1788056178\",\"caption\":\"gazetar2\"},\"url\":\"https:\/\/www.press7.tv\/?author=8\"}]}<\/script>\n<!-- \/ Yoast SEO plugin. -->","yoast_head_json":{"title":"Video e dhun\u00ebs b\u00ebn xhiron e rrjetit, Prokuroria e Pej\u00ebs k\u00ebrkon arrestimin e Jozit, n\u00eb Shqip\u00ebri heshtje! K\u00ebng\u00ebtari: Jemi aktor\u00eb - press7.tv","robots":{"index":"index","follow":"follow","max-snippet":"max-snippet:-1","max-image-preview":"max-image-preview:large","max-video-preview":"max-video-preview:-1"},"canonical":"https:\/\/www.press7.tv\/?p=32796","og_locale":"en_US","og_type":"article","og_title":"Video e dhun\u00ebs b\u00ebn xhiron e rrjetit, Prokuroria e Pej\u00ebs k\u00ebrkon arrestimin e Jozit, n\u00eb Shqip\u00ebri heshtje! K\u00ebng\u00ebtari: Jemi aktor\u00eb - press7.tv","og_description":"Nd\u00ebrkoh\u00eb, n\u00eb Shqip\u00ebri, pavar\u00ebsisht se pamjet e incidentit jan\u00eb b\u00ebr\u00eb publike dhe kan\u00eb shkaktuar reagime t\u00eb shumta n\u00eb rrjet, deri m\u00eb tani nuk \u00ebsht\u00eb b\u00ebr\u00eb i ditur ndonj\u00eb veprim zyrtar nga autoritetet lidhur me rastin. KOSOV\u00cb- Pas pamjeve t\u00eb b\u00ebra publike dhe q\u00eb po b\u00ebjn\u00eb xhiron e rrjetit, Prokuroria Themelore n\u00eb Pej\u00eb ka k\u00ebrkuar arrestimin [&hellip;]","og_url":"https:\/\/www.press7.tv\/?p=32796","og_site_name":"press7.tv","article_publisher":"https:\/\/www.facebook.com\/press7.tv","article_published_time":"2026-09-04T17:35:55+00:00","og_image":[{"width":900,"height":931,"url":"https:\/\/www.press7.tv\/wp-content\/uploads\/2026\/09\/IMG_5518.avif","type":"image\/png"}],"author":"gazetar2","twitter_card":"summary_large_image","twitter_misc":{"Written by":"gazetar2","Est. reading time":"1 minute"},"schema":{"@context":"https:\/\/schema.org","@graph":[{"@type":"Article","@id":"https:\/\/www.press7.tv\/?p=32796#article","isPartOf":{"@id":"https:\/\/www.press7.tv\/?p=32796"},"author":{"name":"gazetar2","@id":"https:\/\/www.news33.tv\/#\/schema\/person\/5a04a38a23ccdba82f9bd665cd8f9efa"},"headline":"Video e dhun\u00ebs b\u00ebn xhiron e rrjetit, Prokuroria e Pej\u00ebs k\u00ebrkon arrestimin e Jozit, n\u00eb Shqip\u00ebri heshtje! K\u00ebng\u00ebtari: Jemi aktor\u00eb","datePublished":"2026-09-04T17:35:55+00:00","mainEntityOfPage":{"@id":"https:\/\/www.press7.tv\/?p=32796"},"wordCount":544,"publisher":{"@id":"https:\/\/www.news33.tv\/#organization"},"image":{"@id":"https:\/\/www.press7.tv\/?p=32796#primaryimage"},"thumbnailUrl":"https:\/\/www.press7.tv\/wp-content\/uploads\/2026\/09\/IMG_5518.avif","articleSection":["ShowBiz"],"inLanguage":"en-US"},{"@type":"WebPage","@id":"https:\/\/www.press7.tv\/?p=32796","url":"https:\/\/www.press7.tv\/?p=32796","name":"Video e dhun\u00ebs b\u00ebn xhiron e rrjetit, Prokuroria e Pej\u00ebs k\u00ebrkon arrestimin e Jozit, n\u00eb Shqip\u00ebri heshtje! K\u00ebng\u00ebtari: Jemi aktor\u00eb - press7.tv","isPartOf":{"@id":"https:\/\/www.news33.tv\/#website"},"primaryImageOfPage":{"@id":"https:\/\/www.press7.tv\/?p=32796#primaryimage"},"image":{"@id":"https:\/\/www.press7.tv\/?p=32796#primaryimage"},"thumbnailUrl":"https:\/\/www.press7.tv\/wp-content\/uploads\/2026\/09\/IMG_5518.avif","datePublished":"2026-09-04T17:35:55+00:00","breadcrumb":{"@id":"https:\/\/www.press7.tv\/?p=32796#breadcrumb"},"inLanguage":"en-US","potentialAction":[{"@type":"ReadAction","target":["https:\/\/www.press7.tv\/?p=32796"]}]},{"@type":"ImageObject","inLanguage":"en-US","@id":"https:\/\/www.press7.tv\/?p=32796#primaryimage","url":"https:\/\/www.press7.tv\/wp-content\/uploads\/2026\/09\/IMG_5518.avif","contentUrl":"https:\/\/www.press7.tv\/wp-content\/uploads\/2026\/09\/IMG_5518.avif","width":900,"height":931},{"@type":"BreadcrumbList","@id":"https:\/\/www.press7.tv\/?p=32796#breadcrumb","itemListElement":[{"@type":"ListItem","position":1,"name":"Home","item":"https:\/\/www.press7.tv\/"},{"@type":"ListItem","position":2,"name":"Video e dhun\u00ebs b\u00ebn xhiron e rrjetit, Prokuroria e Pej\u00ebs k\u00ebrkon arrestimin e Jozit, n\u00eb Shqip\u00ebri heshtje! K\u00ebng\u00ebtari: Jemi aktor\u00eb"}]},{"@type":"WebSite","@id":"https:\/\/www.news33.tv\/#website","url":"https:\/\/www.news33.tv\/","name":"News33.tv Media","description":"Media","publisher":{"@id":"https:\/\/www.news33.tv\/#organization"},"potentialAction":[{"@type":"SearchAction","target":{"@type":"EntryPoint","urlTemplate":"https:\/\/www.news33.tv\/?s={search_term_string}"},"query-input":{"@type":"PropertyValueSpecification","valueRequired":true,"valueName":"search_term_string"}}],"inLanguage":"en-US"},{"@type":"Organization","@id":"https:\/\/www.news33.tv\/#organization","name":"News33.tv Media","url":"https:\/\/www.news33.tv\/","logo":{"@type":"ImageObject","inLanguage":"en-US","@id":"https:\/\/www.news33.tv\/#\/schema\/logo\/image\/","url":"https:\/\/www.press7.tv\/wp-content\/uploads\/2024\/02\/logo-news33-black.png","contentUrl":"https:\/\/www.press7.tv\/wp-content\/uploads\/2024\/02\/logo-news33-black.png","width":180,"height":37,"caption":"News33.tv Media"},"image":{"@id":"https:\/\/www.news33.tv\/#\/schema\/logo\/image\/"},"sameAs":["https:\/\/www.facebook.com\/press7.tv"]},{"@type":"Person","@id":"https:\/\/www.news33.tv\/#\/schema\/person\/5a04a38a23ccdba82f9bd665cd8f9efa","name":"gazetar2","image":{"@type":"ImageObject","inLanguage":"en-US","@id":"https:\/\/www.news33.tv\/#\/schema\/person\/image\/","url":"https:\/\/www.press7.tv\/wp-content\/litespeed\/avatar\/41975e402c3049d9ddb03adca8f7a883.jpg?ver=1788056178","contentUrl":"https:\/\/www.press7.tv\/wp-content\/litespeed\/avatar\/41975e402c3049d9ddb03adca8f7a883.jpg?ver=1788056178","caption":"gazetar2"},"url":"https:\/\/www.press7.tv\/?author=8"}]}},"amp_enabled":true,"_links":{"self":[{"href":"https:\/\/www.press7.tv\/index.php?rest_route=\/wp\/v2\/posts\/32796","targetHints":{"allow":["GET"]}}],"collection":[{"href":"https:\/\/www.press7.tv\/index.php?rest_route=\/wp\/v2\/posts"}],"about":[{"href":"https:\/\/www.press7.tv\/index.php?rest_route=\/wp\/v2\/types\/post"}],"author":[{"embeddable":true,"href":"https:\/\/www.press7.tv\/index.php?rest_route=\/wp\/v2\/users\/8"}],"replies":[{"embeddable":true,"href":"https:\/\/www.press7.tv\/index.php?rest_route=%2Fwp%2Fv2%2Fcomments&post=32796"}],"version-history":[{"count":1,"href":"https:\/\/www.press7.tv\/index.php?rest_route=\/wp\/v2\/posts\/32796\/revisions"}],"predecessor-version":[{"id":32798,"href":"https:\/\/www.press7.tv\/index.php?rest_route=\/wp\/v2\/posts\/32796\/revisions\/32798"}],"wp:featuredmedia":[{"embeddable":true,"href":"https:\/\/www.press7.tv\/index.php?rest_route=\/wp\/v2\/media\/32797"}],"wp:attachment":[{"href":"https:\/\/www.press7.tv\/index.php?rest_route=%2Fwp%2Fv2%2Fmedia&parent=32796"}],"wp:term":[{"taxonomy":"category","embeddable":true,"href":"https:\/\/www.press7.tv\/index.php?rest_route=%2Fwp%2Fv2%2Fcategories&post=32796"},{"taxonomy":"post_tag","embeddable":true,"href":"https:\/\/www.press7.tv\/index.php?rest_route=%2Fwp%2Fv2%2Ftags&post=32796"}],"curies":[{"name":"wp","href":"https:\/\/api.w.org\/{rel}","templated":true}]}}