{"id":32793,"date":"2026-09-04T16:34:20","date_gmt":"2026-09-04T16:34:20","guid":{"rendered":"https:\/\/www.press7.tv\/?p=32793"},"modified":"2026-09-04T16:34:20","modified_gmt":"2026-09-04T16:34:20","slug":"kos-anulon-viziten-ne-serbi-pas-glorifikimit-te-mlladiqit","status":"publish","type":"post","link":"https:\/\/www.press7.tv\/?p=32793","title":{"rendered":"Kos anulon vizit\u00ebn n\u00eb Serbi pas glorifikimit t\u00eb Mlladiqit"},"content":{"rendered":"\n    <div class=\"xs_social_share_widget xs_share_url before_content \t\tmain_content  wslu-style-2 wslu-share-box-shaped wslu-fill-colored wslu-share-m-5 wslu-none wslu-share-vertical wslu-theme-font-no wslu-main_content\">\n\n\t\t\n        <ul>\n\t\t\t        <\/ul>\n    <\/div> \n<p>Komisionerja e Bashkimit Evropian p\u00ebr Zgjerim, Marta Kos, ka anuluar vizit\u00ebn e planifikuar n\u00eb Serbi, duke e lidhur vendimin me reagimet pas glorifikimeve q\u00eb ky shtet ia b\u00ebri kriminelit t\u00eb vdekur t\u00eb luft\u00ebs, Ratko Mlladiq.<\/p>\n<p>P\u00ebrmes nj\u00eb postimi n\u00eb rrjetin social X, Kos ka rikujtuar se Mlladiqi \u00ebsht\u00eb d\u00ebnuar p\u00ebr gjenocid, krime kund\u00ebr njer\u00ebzimit dhe krime lufte.<\/p>\n<p>Ajo ka th\u00ebn\u00eb se kthimi i mbetjeve mortore t\u00eb Mlladiqit n\u00eb Beograd i rikujton Evrop\u00ebs periudhat m\u00eb t\u00eb err\u00ebta t\u00eb historis\u00eb s\u00eb saj t\u00eb af\u00ebrt.<\/p>\n<p>Kos ka kritikuar ve\u00e7an\u00ebrisht glorifikimin e figur\u00ebs s\u00eb Mlladiqit, duke e cil\u00ebsuar si t\u00eb papajtuesh\u00ebm me vlerat mbi t\u00eb cilat mb\u00ebshtetet rruga e Serbis\u00eb drejt Bashkimit Evropian.<\/p>\n<p>Sipas saj, procesi i integrimit evropian k\u00ebrkon p\u00ebrballje me t\u00eb kaluar\u00ebn, pajtim t\u00eb sinqert\u00eb dhe respekt p\u00ebr viktimat e krimeve t\u00eb luft\u00ebs.<\/p>\n<p>\u201cVlerat q\u00eb q\u00ebndrojn\u00eb n\u00eb themel t\u00eb s\u00eb ardhmes son\u00eb t\u00eb p\u00ebrbashk\u00ebt nuk jan\u00eb t\u00eb negociueshme\u201d, ka shkruar Kos.<\/p>\n<p>Ajo ka b\u00ebr\u00eb t\u00eb ditur se, n\u00eb k\u00ebto rrethana, ka vendosur t\u00eb mos e realizoj\u00eb vizit\u00ebn e planifikuar n\u00eb Serbi n\u00eb k\u00ebt\u00eb koh\u00eb.<\/p>\n<p>Ratko Mlladiqi u d\u00ebnua me burgim t\u00eb p\u00ebrjetsh\u00ebm nga mekanizmi gjyq\u00ebsor nd\u00ebrkomb\u00ebtar p\u00ebr krime t\u00eb kryera gjat\u00eb luft\u00ebs n\u00eb Bosnje dhe Hercegovin\u00eb.<\/p>\n","protected":false},"excerpt":{"rendered":"<p>Komisionerja e Bashkimit Evropian p\u00ebr Zgjerim, Marta Kos, ka anuluar vizit\u00ebn e planifikuar n\u00eb Serbi, duke e lidhur vendimin me reagimet pas glorifikimeve q\u00eb ky shtet ia b\u00ebri kriminelit t\u00eb vdekur t\u00eb luft\u00ebs, Ratko Mlladiq. P\u00ebrmes nj\u00eb postimi n\u00eb rrjetin social X, Kos ka rikujtuar se Mlladiqi \u00ebsht\u00eb d\u00ebnuar p\u00ebr gjenocid, krime kund\u00ebr njer\u00ebzimit dhe [&hellip;]<\/p>\n","protected":false},"author":8,"featured_media":32794,"comment_status":"closed","ping_status":"closed","sticky":false,"template":"","format":"standard","meta":{"footnotes":""},"categories":[217,213],"tags":[],"class_list":["post-32793","post","type-post","status-publish","format-standard","has-post-thumbnail","hentry","category-bote","category-lajme"],"yoast_head":"<!-- This site is optimized with the Yoast SEO plugin v25.1 - https:\/\/yoast.com\/wordpress\/plugins\/seo\/ -->\n<title>Kos anulon vizit\u00ebn n\u00eb Serbi pas glorifikimit t\u00eb Mlladiqit - press7.tv<\/title>\n<meta name=\"robots\" content=\"index, follow, max-snippet:-1, max-image-preview:large, max-video-preview:-1\" \/>\n<link rel=\"canonical\" href=\"https:\/\/www.press7.tv\/?p=32793\" \/>\n<meta property=\"og:locale\" content=\"en_US\" \/>\n<meta property=\"og:type\" content=\"article\" \/>\n<meta property=\"og:title\" content=\"Kos anulon vizit\u00ebn n\u00eb Serbi pas glorifikimit t\u00eb Mlladiqit - press7.tv\" \/>\n<meta property=\"og:description\" content=\"Komisionerja e Bashkimit Evropian p\u00ebr Zgjerim, Marta Kos, ka anuluar vizit\u00ebn e planifikuar n\u00eb Serbi, duke e lidhur vendimin me reagimet pas glorifikimeve q\u00eb ky shtet ia b\u00ebri kriminelit t\u00eb vdekur t\u00eb luft\u00ebs, Ratko Mlladiq. P\u00ebrmes nj\u00eb postimi n\u00eb rrjetin social X, Kos ka rikujtuar se Mlladiqi \u00ebsht\u00eb d\u00ebnuar p\u00ebr gjenocid, krime kund\u00ebr njer\u00ebzimit dhe [&hellip;]\" \/>\n<meta property=\"og:url\" content=\"https:\/\/www.press7.tv\/?p=32793\" \/>\n<meta property=\"og:site_name\" content=\"press7.tv\" \/>\n<meta property=\"article:publisher\" content=\"https:\/\/www.facebook.com\/press7.tv\" \/>\n<meta property=\"article:published_time\" content=\"2026-09-04T16:34:20+00:00\" \/>\n<meta property=\"og:image\" content=\"https:\/\/www.press7.tv\/wp-content\/uploads\/2026\/09\/IMG_5516.avif\" \/>\n\t<meta property=\"og:image:width\" content=\"1280\" \/>\n\t<meta property=\"og:image:height\" content=\"852\" \/>\n\t<meta property=\"og:image:type\" content=\"image\/webp\" \/>\n<meta name=\"author\" content=\"gazetar2\" \/>\n<meta name=\"twitter:card\" content=\"summary_large_image\" \/>\n<meta name=\"twitter:label1\" content=\"Written by\" \/>\n\t<meta name=\"twitter:data1\" content=\"gazetar2\" \/>\n\t<meta name=\"twitter:label2\" content=\"Est. reading time\" \/>\n\t<meta name=\"twitter:data2\" content=\"1 minute\" \/>\n<script type=\"application\/ld+json\" class=\"yoast-schema-graph\">{\"@context\":\"https:\/\/schema.org\",\"@graph\":[{\"@type\":\"Article\",\"@id\":\"https:\/\/www.press7.tv\/?p=32793#article\",\"isPartOf\":{\"@id\":\"https:\/\/www.press7.tv\/?p=32793\"},\"author\":{\"name\":\"gazetar2\",\"@id\":\"https:\/\/www.news33.tv\/#\/schema\/person\/5a04a38a23ccdba82f9bd665cd8f9efa\"},\"headline\":\"Kos anulon vizit\u00ebn n\u00eb Serbi pas glorifikimit t\u00eb Mlladiqit\",\"datePublished\":\"2026-09-04T16:34:20+00:00\",\"mainEntityOfPage\":{\"@id\":\"https:\/\/www.press7.tv\/?p=32793\"},\"wordCount\":243,\"publisher\":{\"@id\":\"https:\/\/www.news33.tv\/#organization\"},\"image\":{\"@id\":\"https:\/\/www.press7.tv\/?p=32793#primaryimage\"},\"thumbnailUrl\":\"https:\/\/www.press7.tv\/wp-content\/uploads\/2026\/09\/IMG_5516.avif\",\"articleSection\":[\"Bot\u00eb\",\"Lajme\"],\"inLanguage\":\"en-US\"},{\"@type\":\"WebPage\",\"@id\":\"https:\/\/www.press7.tv\/?p=32793\",\"url\":\"https:\/\/www.press7.tv\/?p=32793\",\"name\":\"Kos anulon vizit\u00ebn n\u00eb Serbi pas glorifikimit t\u00eb Mlladiqit - press7.tv\",\"isPartOf\":{\"@id\":\"https:\/\/www.news33.tv\/#website\"},\"primaryImageOfPage\":{\"@id\":\"https:\/\/www.press7.tv\/?p=32793#primaryimage\"},\"image\":{\"@id\":\"https:\/\/www.press7.tv\/?p=32793#primaryimage\"},\"thumbnailUrl\":\"https:\/\/www.press7.tv\/wp-content\/uploads\/2026\/09\/IMG_5516.avif\",\"datePublished\":\"2026-09-04T16:34:20+00:00\",\"breadcrumb\":{\"@id\":\"https:\/\/www.press7.tv\/?p=32793#breadcrumb\"},\"inLanguage\":\"en-US\",\"potentialAction\":[{\"@type\":\"ReadAction\",\"target\":[\"https:\/\/www.press7.tv\/?p=32793\"]}]},{\"@type\":\"ImageObject\",\"inLanguage\":\"en-US\",\"@id\":\"https:\/\/www.press7.tv\/?p=32793#primaryimage\",\"url\":\"https:\/\/www.press7.tv\/wp-content\/uploads\/2026\/09\/IMG_5516.avif\",\"contentUrl\":\"https:\/\/www.press7.tv\/wp-content\/uploads\/2026\/09\/IMG_5516.avif\",\"width\":1280,\"height\":852},{\"@type\":\"BreadcrumbList\",\"@id\":\"https:\/\/www.press7.tv\/?p=32793#breadcrumb\",\"itemListElement\":[{\"@type\":\"ListItem\",\"position\":1,\"name\":\"Home\",\"item\":\"https:\/\/www.press7.tv\/\"},{\"@type\":\"ListItem\",\"position\":2,\"name\":\"Kos anulon vizit\u00ebn n\u00eb Serbi pas glorifikimit t\u00eb Mlladiqit\"}]},{\"@type\":\"WebSite\",\"@id\":\"https:\/\/www.news33.tv\/#website\",\"url\":\"https:\/\/www.news33.tv\/\",\"name\":\"News33.tv Media\",\"description\":\"Media\",\"publisher\":{\"@id\":\"https:\/\/www.news33.tv\/#organization\"},\"potentialAction\":[{\"@type\":\"SearchAction\",\"target\":{\"@type\":\"EntryPoint\",\"urlTemplate\":\"https:\/\/www.news33.tv\/?s={search_term_string}\"},\"query-input\":{\"@type\":\"PropertyValueSpecification\",\"valueRequired\":true,\"valueName\":\"search_term_string\"}}],\"inLanguage\":\"en-US\"},{\"@type\":\"Organization\",\"@id\":\"https:\/\/www.news33.tv\/#organization\",\"name\":\"News33.tv Media\",\"url\":\"https:\/\/www.news33.tv\/\",\"logo\":{\"@type\":\"ImageObject\",\"inLanguage\":\"en-US\",\"@id\":\"https:\/\/www.news33.tv\/#\/schema\/logo\/image\/\",\"url\":\"https:\/\/www.press7.tv\/wp-content\/uploads\/2024\/02\/logo-news33-black.png\",\"contentUrl\":\"https:\/\/www.press7.tv\/wp-content\/uploads\/2024\/02\/logo-news33-black.png\",\"width\":180,\"height\":37,\"caption\":\"News33.tv Media\"},\"image\":{\"@id\":\"https:\/\/www.news33.tv\/#\/schema\/logo\/image\/\"},\"sameAs\":[\"https:\/\/www.facebook.com\/press7.tv\"]},{\"@type\":\"Person\",\"@id\":\"https:\/\/www.news33.tv\/#\/schema\/person\/5a04a38a23ccdba82f9bd665cd8f9efa\",\"name\":\"gazetar2\",\"image\":{\"@type\":\"ImageObject\",\"inLanguage\":\"en-US\",\"@id\":\"https:\/\/www.news33.tv\/#\/schema\/person\/image\/\",\"url\":\"https:\/\/www.press7.tv\/wp-content\/litespeed\/avatar\/41975e402c3049d9ddb03adca8f7a883.jpg?ver=1788056178\",\"contentUrl\":\"https:\/\/www.press7.tv\/wp-content\/litespeed\/avatar\/41975e402c3049d9ddb03adca8f7a883.jpg?ver=1788056178\",\"caption\":\"gazetar2\"},\"url\":\"https:\/\/www.press7.tv\/?author=8\"}]}<\/script>\n<!-- \/ Yoast SEO plugin. -->","yoast_head_json":{"title":"Kos anulon vizit\u00ebn n\u00eb Serbi pas glorifikimit t\u00eb Mlladiqit - press7.tv","robots":{"index":"index","follow":"follow","max-snippet":"max-snippet:-1","max-image-preview":"max-image-preview:large","max-video-preview":"max-video-preview:-1"},"canonical":"https:\/\/www.press7.tv\/?p=32793","og_locale":"en_US","og_type":"article","og_title":"Kos anulon vizit\u00ebn n\u00eb Serbi pas glorifikimit t\u00eb Mlladiqit - press7.tv","og_description":"Komisionerja e Bashkimit Evropian p\u00ebr Zgjerim, Marta Kos, ka anuluar vizit\u00ebn e planifikuar n\u00eb Serbi, duke e lidhur vendimin me reagimet pas glorifikimeve q\u00eb ky shtet ia b\u00ebri kriminelit t\u00eb vdekur t\u00eb luft\u00ebs, Ratko Mlladiq. P\u00ebrmes nj\u00eb postimi n\u00eb rrjetin social X, Kos ka rikujtuar se Mlladiqi \u00ebsht\u00eb d\u00ebnuar p\u00ebr gjenocid, krime kund\u00ebr njer\u00ebzimit dhe [&hellip;]","og_url":"https:\/\/www.press7.tv\/?p=32793","og_site_name":"press7.tv","article_publisher":"https:\/\/www.facebook.com\/press7.tv","article_published_time":"2026-09-04T16:34:20+00:00","og_image":[{"width":1280,"height":852,"url":"https:\/\/www.press7.tv\/wp-content\/uploads\/2026\/09\/IMG_5516.avif","type":"image\/webp"}],"author":"gazetar2","twitter_card":"summary_large_image","twitter_misc":{"Written by":"gazetar2","Est. reading time":"1 minute"},"schema":{"@context":"https:\/\/schema.org","@graph":[{"@type":"Article","@id":"https:\/\/www.press7.tv\/?p=32793#article","isPartOf":{"@id":"https:\/\/www.press7.tv\/?p=32793"},"author":{"name":"gazetar2","@id":"https:\/\/www.news33.tv\/#\/schema\/person\/5a04a38a23ccdba82f9bd665cd8f9efa"},"headline":"Kos anulon vizit\u00ebn n\u00eb Serbi pas glorifikimit t\u00eb Mlladiqit","datePublished":"2026-09-04T16:34:20+00:00","mainEntityOfPage":{"@id":"https:\/\/www.press7.tv\/?p=32793"},"wordCount":243,"publisher":{"@id":"https:\/\/www.news33.tv\/#organization"},"image":{"@id":"https:\/\/www.press7.tv\/?p=32793#primaryimage"},"thumbnailUrl":"https:\/\/www.press7.tv\/wp-content\/uploads\/2026\/09\/IMG_5516.avif","articleSection":["Bot\u00eb","Lajme"],"inLanguage":"en-US"},{"@type":"WebPage","@id":"https:\/\/www.press7.tv\/?p=32793","url":"https:\/\/www.press7.tv\/?p=32793","name":"Kos anulon vizit\u00ebn n\u00eb Serbi pas glorifikimit t\u00eb Mlladiqit - press7.tv","isPartOf":{"@id":"https:\/\/www.news33.tv\/#website"},"primaryImageOfPage":{"@id":"https:\/\/www.press7.tv\/?p=32793#primaryimage"},"image":{"@id":"https:\/\/www.press7.tv\/?p=32793#primaryimage"},"thumbnailUrl":"https:\/\/www.press7.tv\/wp-content\/uploads\/2026\/09\/IMG_5516.avif","datePublished":"2026-09-04T16:34:20+00:00","breadcrumb":{"@id":"https:\/\/www.press7.tv\/?p=32793#breadcrumb"},"inLanguage":"en-US","potentialAction":[{"@type":"ReadAction","target":["https:\/\/www.press7.tv\/?p=32793"]}]},{"@type":"ImageObject","inLanguage":"en-US","@id":"https:\/\/www.press7.tv\/?p=32793#primaryimage","url":"https:\/\/www.press7.tv\/wp-content\/uploads\/2026\/09\/IMG_5516.avif","contentUrl":"https:\/\/www.press7.tv\/wp-content\/uploads\/2026\/09\/IMG_5516.avif","width":1280,"height":852},{"@type":"BreadcrumbList","@id":"https:\/\/www.press7.tv\/?p=32793#breadcrumb","itemListElement":[{"@type":"ListItem","position":1,"name":"Home","item":"https:\/\/www.press7.tv\/"},{"@type":"ListItem","position":2,"name":"Kos anulon vizit\u00ebn n\u00eb Serbi pas glorifikimit t\u00eb Mlladiqit"}]},{"@type":"WebSite","@id":"https:\/\/www.news33.tv\/#website","url":"https:\/\/www.news33.tv\/","name":"News33.tv Media","description":"Media","publisher":{"@id":"https:\/\/www.news33.tv\/#organization"},"potentialAction":[{"@type":"SearchAction","target":{"@type":"EntryPoint","urlTemplate":"https:\/\/www.news33.tv\/?s={search_term_string}"},"query-input":{"@type":"PropertyValueSpecification","valueRequired":true,"valueName":"search_term_string"}}],"inLanguage":"en-US"},{"@type":"Organization","@id":"https:\/\/www.news33.tv\/#organization","name":"News33.tv Media","url":"https:\/\/www.news33.tv\/","logo":{"@type":"ImageObject","inLanguage":"en-US","@id":"https:\/\/www.news33.tv\/#\/schema\/logo\/image\/","url":"https:\/\/www.press7.tv\/wp-content\/uploads\/2024\/02\/logo-news33-black.png","contentUrl":"https:\/\/www.press7.tv\/wp-content\/uploads\/2024\/02\/logo-news33-black.png","width":180,"height":37,"caption":"News33.tv Media"},"image":{"@id":"https:\/\/www.news33.tv\/#\/schema\/logo\/image\/"},"sameAs":["https:\/\/www.facebook.com\/press7.tv"]},{"@type":"Person","@id":"https:\/\/www.news33.tv\/#\/schema\/person\/5a04a38a23ccdba82f9bd665cd8f9efa","name":"gazetar2","image":{"@type":"ImageObject","inLanguage":"en-US","@id":"https:\/\/www.news33.tv\/#\/schema\/person\/image\/","url":"https:\/\/www.press7.tv\/wp-content\/litespeed\/avatar\/41975e402c3049d9ddb03adca8f7a883.jpg?ver=1788056178","contentUrl":"https:\/\/www.press7.tv\/wp-content\/litespeed\/avatar\/41975e402c3049d9ddb03adca8f7a883.jpg?ver=1788056178","caption":"gazetar2"},"url":"https:\/\/www.press7.tv\/?author=8"}]}},"amp_enabled":true,"_links":{"self":[{"href":"https:\/\/www.press7.tv\/index.php?rest_route=\/wp\/v2\/posts\/32793","targetHints":{"allow":["GET"]}}],"collection":[{"href":"https:\/\/www.press7.tv\/index.php?rest_route=\/wp\/v2\/posts"}],"about":[{"href":"https:\/\/www.press7.tv\/index.php?rest_route=\/wp\/v2\/types\/post"}],"author":[{"embeddable":true,"href":"https:\/\/www.press7.tv\/index.php?rest_route=\/wp\/v2\/users\/8"}],"replies":[{"embeddable":true,"href":"https:\/\/www.press7.tv\/index.php?rest_route=%2Fwp%2Fv2%2Fcomments&post=32793"}],"version-history":[{"count":1,"href":"https:\/\/www.press7.tv\/index.php?rest_route=\/wp\/v2\/posts\/32793\/revisions"}],"predecessor-version":[{"id":32795,"href":"https:\/\/www.press7.tv\/index.php?rest_route=\/wp\/v2\/posts\/32793\/revisions\/32795"}],"wp:featuredmedia":[{"embeddable":true,"href":"https:\/\/www.press7.tv\/index.php?rest_route=\/wp\/v2\/media\/32794"}],"wp:attachment":[{"href":"https:\/\/www.press7.tv\/index.php?rest_route=%2Fwp%2Fv2%2Fmedia&parent=32793"}],"wp:term":[{"taxonomy":"category","embeddable":true,"href":"https:\/\/www.press7.tv\/index.php?rest_route=%2Fwp%2Fv2%2Fcategories&post=32793"},{"taxonomy":"post_tag","embeddable":true,"href":"https:\/\/www.press7.tv\/index.php?rest_route=%2Fwp%2Fv2%2Ftags&post=32793"}],"curies":[{"name":"wp","href":"https:\/\/api.w.org\/{rel}","templated":true}]}}