{"id":32783,"date":"2026-09-04T10:58:30","date_gmt":"2026-09-04T10:58:30","guid":{"rendered":"https:\/\/www.press7.tv\/?p=32783"},"modified":"2026-09-04T10:58:30","modified_gmt":"2026-09-04T10:58:30","slug":"policia-shqiptare-ne-gjume-derisa-joz-marku-dhunoi-edi-kucin","status":"publish","type":"post","link":"https:\/\/www.press7.tv\/?p=32783","title":{"rendered":"Policia shqiptare \u201cn\u00eb gjum\u00eb\u201d derisa Joz Marku dhunoi Edi Ku\u00e7in!"},"content":{"rendered":"\n    <div class=\"xs_social_share_widget xs_share_url before_content \t\tmain_content  wslu-style-2 wslu-share-box-shaped wslu-fill-colored wslu-share-m-5 wslu-none wslu-share-vertical wslu-theme-font-no wslu-main_content\">\n\n\t\t\n        <ul>\n\t\t\t        <\/ul>\n    <\/div> \n<p>Nj\u00eb ngjarje e r\u00ebnd\u00eb, e cila pretendohet se ka ndodhur n\u00eb territorin e Shqip\u00ebris\u00eb, ka ngritur pik\u00ebpyetje serioze p\u00ebr sigurin\u00eb e qytetar\u00ebve dhe reagimin e institucioneve shtet\u00ebrore.<\/p>\n<p>Sipas d\u00ebshmis\u00eb s\u00eb Edi Ku\u00e7it, automjeti me t\u00eb cilin udh\u00ebtonte \u00ebsht\u00eb ndaluar n\u00eb rrug\u00eb pasi nj\u00eb grup personash dyshohet se ka keqp\u00ebrdorur sinjalizime t\u00eb ngjashme me ato t\u00eb Policis\u00eb. Ku\u00e7i pretendon se m\u00eb pas \u00ebsht\u00eb rrethuar nga rreth 15 persona, shumica prej tyre t\u00eb maskuar, dhe \u00ebsht\u00eb sulmuar fizikisht.<\/p>\n<p>Ai thot\u00eb se grupi drejtohej nga Joz Marku dhe se \u00ebsht\u00eb \u201cshkelur n\u00eb bes\u00eb\u201d, duke pretenduar se ndalimi dhe sulmi kan\u00eb qen\u00eb t\u00eb parap\u00ebrgatitur.<\/p>\n<p>N\u00eb videon e fundit t\u00eb publikuar, e cila po qarkullon n\u00eb rrjetet sociale, d\u00ebgjohet nj\u00eb person q\u00eb pretendohet se \u00ebsht\u00eb Joz Marku duke k\u00ebrkuar q\u00eb ngjarja t\u00eb filmohet. Pamjet tregojn\u00eb p\u00ebrshkall\u00ebzimin e konfliktit, nd\u00ebrsa Edi Ku\u00e7i shfaqet me shenja t\u00eb dukshme l\u00ebndimesh dhe gjakderdhjeje.<\/p>\n<p>Materiali filmik dhe pretendimet e t\u00eb d\u00ebmtuarit duhet t\u00eb verifikohen plot\u00ebsisht nga organet kompetente. Megjithat\u00eb, rasti ngre nj\u00eb pyetje alarmante: Si mund t\u00eb ndalohen qytetar\u00ebt apo turist\u00ebt n\u00eb rrug\u00ebt e Shqip\u00ebris\u00eb p\u00ebrmes keqp\u00ebrdorimit t\u00eb sinjalizimeve policore dhe m\u00eb pas t\u00eb dhunohen nga nj\u00eb grup personash?<\/p>\n<p>Deri n\u00eb momentin e publikimit t\u00eb k\u00ebtij lajmi, nuk \u00ebsht\u00eb b\u00ebr\u00eb i ditur ndonj\u00eb reagim zyrtar i Policis\u00eb s\u00eb Shtetit lidhur me identifikimin, shoq\u00ebrimin apo arrestimin e personave t\u00eb p\u00ebrfshir\u00eb. Gjithashtu, nuk dihet n\u00ebse \u00ebsht\u00eb sekuestruar materiali i plot\u00eb filmik dhe n\u00ebse kan\u00eb nisur hetimet p\u00ebr ndalim t\u00eb paligjsh\u00ebm, dhun\u00eb n\u00eb grup dhe keqp\u00ebrdorim t\u00eb shenjave policore.<\/p>\n<p>Policia dhe Prokuroria duhet t\u00eb sqarojn\u00eb urgjentisht rrethanat e ngjarjes, t\u00eb identifikojn\u00eb \u00e7do person t\u00eb p\u00ebrfshir\u00eb dhe t\u00eb p\u00ebrcaktojn\u00eb p\u00ebrgjegj\u00ebsin\u00eb individuale. Heshtja institucionale vet\u00ebm sa shton pasigurin\u00eb dhe krijon p\u00ebrshtypjen se grupe t\u00eb caktuara mund t\u00eb vendosin \u201crregullat\u201d e tyre n\u00eb rrug\u00ebt e Shqip\u00ebris\u00eb.<\/p>\n<p>P\u00ebr respektimin e prezumimit t\u00eb pafaj\u00ebsis\u00eb, pretendimet ndaj Joz Markut dhe personave t\u00eb tjer\u00eb mbeten akuza t\u00eb pakonfirmuara derisa t\u00eb verifikohen nga institucionet. Redaksia mbetet e hapur p\u00ebr q\u00ebndrimin e tij, t\u00eb Policis\u00eb s\u00eb Shtetit dhe t\u00eb \u00e7do pale tjet\u00ebr t\u00eb p\u00ebrfshir\u00eb.<img data-dominant-color=\"2d2722\" data-has-transparency=\"false\" style=\"--dominant-color: #2d2722;\" fetchpriority=\"high\" decoding=\"async\" src=\"https:\/\/www.press7.tv\/wp-content\/uploads\/2026\/09\/aaf6dcd5-aabb-421b-93ff-2bea0a0f15a5-258x300.avif\" alt=\"\" width=\"258\" height=\"300\" class=\"alignnone size-medium wp-image-32785 not-transparent\" srcset=\"https:\/\/www.press7.tv\/wp-content\/uploads\/2026\/09\/aaf6dcd5-aabb-421b-93ff-2bea0a0f15a5-258x300.avif 258w, https:\/\/www.press7.tv\/wp-content\/uploads\/2026\/09\/aaf6dcd5-aabb-421b-93ff-2bea0a0f15a5-882x1024.avif 882w, https:\/\/www.press7.tv\/wp-content\/uploads\/2026\/09\/aaf6dcd5-aabb-421b-93ff-2bea0a0f15a5-768x892.avif 768w, https:\/\/www.press7.tv\/wp-content\/uploads\/2026\/09\/aaf6dcd5-aabb-421b-93ff-2bea0a0f15a5-752x878.avif 752w, https:\/\/www.press7.tv\/wp-content\/uploads\/2026\/09\/aaf6dcd5-aabb-421b-93ff-2bea0a0f15a5.avif 1197w\" sizes=\"(max-width: 258px) 100vw, 258px\" \/><\/p>\n","protected":false},"excerpt":{"rendered":"<p>Nj\u00eb ngjarje e r\u00ebnd\u00eb, e cila pretendohet se ka ndodhur n\u00eb territorin e Shqip\u00ebris\u00eb, ka ngritur pik\u00ebpyetje serioze p\u00ebr sigurin\u00eb e qytetar\u00ebve dhe reagimin e institucioneve shtet\u00ebrore. Sipas d\u00ebshmis\u00eb s\u00eb Edi Ku\u00e7it, automjeti me t\u00eb cilin udh\u00ebtonte \u00ebsht\u00eb ndaluar n\u00eb rrug\u00eb pasi nj\u00eb grup personash dyshohet se ka keqp\u00ebrdorur sinjalizime t\u00eb ngjashme me ato t\u00eb [&hellip;]<\/p>\n","protected":false},"author":8,"featured_media":32784,"comment_status":"closed","ping_status":"closed","sticky":false,"template":"","format":"standard","meta":{"footnotes":""},"categories":[238],"tags":[],"class_list":["post-32783","post","type-post","status-publish","format-standard","has-post-thumbnail","hentry","category-showbiz"],"yoast_head":"<!-- This site is optimized with the Yoast SEO plugin v25.1 - https:\/\/yoast.com\/wordpress\/plugins\/seo\/ -->\n<title>Policia shqiptare \u201cn\u00eb gjum\u00eb\u201d derisa Joz Marku dhunoi Edi Ku\u00e7in! - press7.tv<\/title>\n<meta name=\"robots\" content=\"index, follow, max-snippet:-1, max-image-preview:large, max-video-preview:-1\" \/>\n<link rel=\"canonical\" href=\"https:\/\/www.press7.tv\/?p=32783\" \/>\n<meta property=\"og:locale\" content=\"en_US\" \/>\n<meta property=\"og:type\" content=\"article\" \/>\n<meta property=\"og:title\" content=\"Policia shqiptare \u201cn\u00eb gjum\u00eb\u201d derisa Joz Marku dhunoi Edi Ku\u00e7in! - press7.tv\" \/>\n<meta property=\"og:description\" content=\"Nj\u00eb ngjarje e r\u00ebnd\u00eb, e cila pretendohet se ka ndodhur n\u00eb territorin e Shqip\u00ebris\u00eb, ka ngritur pik\u00ebpyetje serioze p\u00ebr sigurin\u00eb e qytetar\u00ebve dhe reagimin e institucioneve shtet\u00ebrore. Sipas d\u00ebshmis\u00eb s\u00eb Edi Ku\u00e7it, automjeti me t\u00eb cilin udh\u00ebtonte \u00ebsht\u00eb ndaluar n\u00eb rrug\u00eb pasi nj\u00eb grup personash dyshohet se ka keqp\u00ebrdorur sinjalizime t\u00eb ngjashme me ato t\u00eb [&hellip;]\" \/>\n<meta property=\"og:url\" content=\"https:\/\/www.press7.tv\/?p=32783\" \/>\n<meta property=\"og:site_name\" content=\"press7.tv\" \/>\n<meta property=\"article:publisher\" content=\"https:\/\/www.facebook.com\/press7.tv\" \/>\n<meta property=\"article:published_time\" content=\"2026-09-04T10:58:30+00:00\" \/>\n<meta property=\"og:image\" content=\"https:\/\/www.press7.tv\/wp-content\/uploads\/2026\/09\/bcc30dd3-eb91-41c9-8752-41697e579706.avif\" \/>\n\t<meta property=\"og:image:width\" content=\"600\" \/>\n\t<meta property=\"og:image:height\" content=\"360\" \/>\n\t<meta property=\"og:image:type\" content=\"image\/jpeg\" \/>\n<meta name=\"author\" content=\"gazetar2\" \/>\n<meta name=\"twitter:card\" content=\"summary_large_image\" \/>\n<meta name=\"twitter:label1\" content=\"Written by\" \/>\n\t<meta name=\"twitter:data1\" content=\"gazetar2\" \/>\n\t<meta name=\"twitter:label2\" content=\"Est. reading time\" \/>\n\t<meta name=\"twitter:data2\" content=\"1 minute\" \/>\n<script type=\"application\/ld+json\" class=\"yoast-schema-graph\">{\"@context\":\"https:\/\/schema.org\",\"@graph\":[{\"@type\":\"Article\",\"@id\":\"https:\/\/www.press7.tv\/?p=32783#article\",\"isPartOf\":{\"@id\":\"https:\/\/www.press7.tv\/?p=32783\"},\"author\":{\"name\":\"gazetar2\",\"@id\":\"https:\/\/www.news33.tv\/#\/schema\/person\/5a04a38a23ccdba82f9bd665cd8f9efa\"},\"headline\":\"Policia shqiptare \u201cn\u00eb gjum\u00eb\u201d derisa Joz Marku dhunoi Edi Ku\u00e7in!\",\"datePublished\":\"2026-09-04T10:58:30+00:00\",\"mainEntityOfPage\":{\"@id\":\"https:\/\/www.press7.tv\/?p=32783\"},\"wordCount\":392,\"publisher\":{\"@id\":\"https:\/\/www.news33.tv\/#organization\"},\"image\":{\"@id\":\"https:\/\/www.press7.tv\/?p=32783#primaryimage\"},\"thumbnailUrl\":\"https:\/\/www.press7.tv\/wp-content\/uploads\/2026\/09\/bcc30dd3-eb91-41c9-8752-41697e579706.avif\",\"articleSection\":[\"ShowBiz\"],\"inLanguage\":\"en-US\"},{\"@type\":\"WebPage\",\"@id\":\"https:\/\/www.press7.tv\/?p=32783\",\"url\":\"https:\/\/www.press7.tv\/?p=32783\",\"name\":\"Policia shqiptare \u201cn\u00eb gjum\u00eb\u201d derisa Joz Marku dhunoi Edi Ku\u00e7in! - press7.tv\",\"isPartOf\":{\"@id\":\"https:\/\/www.news33.tv\/#website\"},\"primaryImageOfPage\":{\"@id\":\"https:\/\/www.press7.tv\/?p=32783#primaryimage\"},\"image\":{\"@id\":\"https:\/\/www.press7.tv\/?p=32783#primaryimage\"},\"thumbnailUrl\":\"https:\/\/www.press7.tv\/wp-content\/uploads\/2026\/09\/bcc30dd3-eb91-41c9-8752-41697e579706.avif\",\"datePublished\":\"2026-09-04T10:58:30+00:00\",\"breadcrumb\":{\"@id\":\"https:\/\/www.press7.tv\/?p=32783#breadcrumb\"},\"inLanguage\":\"en-US\",\"potentialAction\":[{\"@type\":\"ReadAction\",\"target\":[\"https:\/\/www.press7.tv\/?p=32783\"]}]},{\"@type\":\"ImageObject\",\"inLanguage\":\"en-US\",\"@id\":\"https:\/\/www.press7.tv\/?p=32783#primaryimage\",\"url\":\"https:\/\/www.press7.tv\/wp-content\/uploads\/2026\/09\/bcc30dd3-eb91-41c9-8752-41697e579706.avif\",\"contentUrl\":\"https:\/\/www.press7.tv\/wp-content\/uploads\/2026\/09\/bcc30dd3-eb91-41c9-8752-41697e579706.avif\",\"width\":600,\"height\":360},{\"@type\":\"BreadcrumbList\",\"@id\":\"https:\/\/www.press7.tv\/?p=32783#breadcrumb\",\"itemListElement\":[{\"@type\":\"ListItem\",\"position\":1,\"name\":\"Home\",\"item\":\"https:\/\/www.press7.tv\/\"},{\"@type\":\"ListItem\",\"position\":2,\"name\":\"Policia shqiptare \u201cn\u00eb gjum\u00eb\u201d derisa Joz Marku dhunoi Edi Ku\u00e7in!\"}]},{\"@type\":\"WebSite\",\"@id\":\"https:\/\/www.news33.tv\/#website\",\"url\":\"https:\/\/www.news33.tv\/\",\"name\":\"News33.tv Media\",\"description\":\"Media\",\"publisher\":{\"@id\":\"https:\/\/www.news33.tv\/#organization\"},\"potentialAction\":[{\"@type\":\"SearchAction\",\"target\":{\"@type\":\"EntryPoint\",\"urlTemplate\":\"https:\/\/www.news33.tv\/?s={search_term_string}\"},\"query-input\":{\"@type\":\"PropertyValueSpecification\",\"valueRequired\":true,\"valueName\":\"search_term_string\"}}],\"inLanguage\":\"en-US\"},{\"@type\":\"Organization\",\"@id\":\"https:\/\/www.news33.tv\/#organization\",\"name\":\"News33.tv Media\",\"url\":\"https:\/\/www.news33.tv\/\",\"logo\":{\"@type\":\"ImageObject\",\"inLanguage\":\"en-US\",\"@id\":\"https:\/\/www.news33.tv\/#\/schema\/logo\/image\/\",\"url\":\"https:\/\/www.press7.tv\/wp-content\/uploads\/2024\/02\/logo-news33-black.png\",\"contentUrl\":\"https:\/\/www.press7.tv\/wp-content\/uploads\/2024\/02\/logo-news33-black.png\",\"width\":180,\"height\":37,\"caption\":\"News33.tv Media\"},\"image\":{\"@id\":\"https:\/\/www.news33.tv\/#\/schema\/logo\/image\/\"},\"sameAs\":[\"https:\/\/www.facebook.com\/press7.tv\"]},{\"@type\":\"Person\",\"@id\":\"https:\/\/www.news33.tv\/#\/schema\/person\/5a04a38a23ccdba82f9bd665cd8f9efa\",\"name\":\"gazetar2\",\"image\":{\"@type\":\"ImageObject\",\"inLanguage\":\"en-US\",\"@id\":\"https:\/\/www.news33.tv\/#\/schema\/person\/image\/\",\"url\":\"https:\/\/www.press7.tv\/wp-content\/litespeed\/avatar\/41975e402c3049d9ddb03adca8f7a883.jpg?ver=1788056178\",\"contentUrl\":\"https:\/\/www.press7.tv\/wp-content\/litespeed\/avatar\/41975e402c3049d9ddb03adca8f7a883.jpg?ver=1788056178\",\"caption\":\"gazetar2\"},\"url\":\"https:\/\/www.press7.tv\/?author=8\"}]}<\/script>\n<!-- \/ Yoast SEO plugin. -->","yoast_head_json":{"title":"Policia shqiptare \u201cn\u00eb gjum\u00eb\u201d derisa Joz Marku dhunoi Edi Ku\u00e7in! - press7.tv","robots":{"index":"index","follow":"follow","max-snippet":"max-snippet:-1","max-image-preview":"max-image-preview:large","max-video-preview":"max-video-preview:-1"},"canonical":"https:\/\/www.press7.tv\/?p=32783","og_locale":"en_US","og_type":"article","og_title":"Policia shqiptare \u201cn\u00eb gjum\u00eb\u201d derisa Joz Marku dhunoi Edi Ku\u00e7in! - press7.tv","og_description":"Nj\u00eb ngjarje e r\u00ebnd\u00eb, e cila pretendohet se ka ndodhur n\u00eb territorin e Shqip\u00ebris\u00eb, ka ngritur pik\u00ebpyetje serioze p\u00ebr sigurin\u00eb e qytetar\u00ebve dhe reagimin e institucioneve shtet\u00ebrore. Sipas d\u00ebshmis\u00eb s\u00eb Edi Ku\u00e7it, automjeti me t\u00eb cilin udh\u00ebtonte \u00ebsht\u00eb ndaluar n\u00eb rrug\u00eb pasi nj\u00eb grup personash dyshohet se ka keqp\u00ebrdorur sinjalizime t\u00eb ngjashme me ato t\u00eb [&hellip;]","og_url":"https:\/\/www.press7.tv\/?p=32783","og_site_name":"press7.tv","article_publisher":"https:\/\/www.facebook.com\/press7.tv","article_published_time":"2026-09-04T10:58:30+00:00","og_image":[{"width":600,"height":360,"url":"https:\/\/www.press7.tv\/wp-content\/uploads\/2026\/09\/bcc30dd3-eb91-41c9-8752-41697e579706.avif","type":"image\/jpeg"}],"author":"gazetar2","twitter_card":"summary_large_image","twitter_misc":{"Written by":"gazetar2","Est. reading time":"1 minute"},"schema":{"@context":"https:\/\/schema.org","@graph":[{"@type":"Article","@id":"https:\/\/www.press7.tv\/?p=32783#article","isPartOf":{"@id":"https:\/\/www.press7.tv\/?p=32783"},"author":{"name":"gazetar2","@id":"https:\/\/www.news33.tv\/#\/schema\/person\/5a04a38a23ccdba82f9bd665cd8f9efa"},"headline":"Policia shqiptare \u201cn\u00eb gjum\u00eb\u201d derisa Joz Marku dhunoi Edi Ku\u00e7in!","datePublished":"2026-09-04T10:58:30+00:00","mainEntityOfPage":{"@id":"https:\/\/www.press7.tv\/?p=32783"},"wordCount":392,"publisher":{"@id":"https:\/\/www.news33.tv\/#organization"},"image":{"@id":"https:\/\/www.press7.tv\/?p=32783#primaryimage"},"thumbnailUrl":"https:\/\/www.press7.tv\/wp-content\/uploads\/2026\/09\/bcc30dd3-eb91-41c9-8752-41697e579706.avif","articleSection":["ShowBiz"],"inLanguage":"en-US"},{"@type":"WebPage","@id":"https:\/\/www.press7.tv\/?p=32783","url":"https:\/\/www.press7.tv\/?p=32783","name":"Policia shqiptare \u201cn\u00eb gjum\u00eb\u201d derisa Joz Marku dhunoi Edi Ku\u00e7in! - press7.tv","isPartOf":{"@id":"https:\/\/www.news33.tv\/#website"},"primaryImageOfPage":{"@id":"https:\/\/www.press7.tv\/?p=32783#primaryimage"},"image":{"@id":"https:\/\/www.press7.tv\/?p=32783#primaryimage"},"thumbnailUrl":"https:\/\/www.press7.tv\/wp-content\/uploads\/2026\/09\/bcc30dd3-eb91-41c9-8752-41697e579706.avif","datePublished":"2026-09-04T10:58:30+00:00","breadcrumb":{"@id":"https:\/\/www.press7.tv\/?p=32783#breadcrumb"},"inLanguage":"en-US","potentialAction":[{"@type":"ReadAction","target":["https:\/\/www.press7.tv\/?p=32783"]}]},{"@type":"ImageObject","inLanguage":"en-US","@id":"https:\/\/www.press7.tv\/?p=32783#primaryimage","url":"https:\/\/www.press7.tv\/wp-content\/uploads\/2026\/09\/bcc30dd3-eb91-41c9-8752-41697e579706.avif","contentUrl":"https:\/\/www.press7.tv\/wp-content\/uploads\/2026\/09\/bcc30dd3-eb91-41c9-8752-41697e579706.avif","width":600,"height":360},{"@type":"BreadcrumbList","@id":"https:\/\/www.press7.tv\/?p=32783#breadcrumb","itemListElement":[{"@type":"ListItem","position":1,"name":"Home","item":"https:\/\/www.press7.tv\/"},{"@type":"ListItem","position":2,"name":"Policia shqiptare \u201cn\u00eb gjum\u00eb\u201d derisa Joz Marku dhunoi Edi Ku\u00e7in!"}]},{"@type":"WebSite","@id":"https:\/\/www.news33.tv\/#website","url":"https:\/\/www.news33.tv\/","name":"News33.tv Media","description":"Media","publisher":{"@id":"https:\/\/www.news33.tv\/#organization"},"potentialAction":[{"@type":"SearchAction","target":{"@type":"EntryPoint","urlTemplate":"https:\/\/www.news33.tv\/?s={search_term_string}"},"query-input":{"@type":"PropertyValueSpecification","valueRequired":true,"valueName":"search_term_string"}}],"inLanguage":"en-US"},{"@type":"Organization","@id":"https:\/\/www.news33.tv\/#organization","name":"News33.tv Media","url":"https:\/\/www.news33.tv\/","logo":{"@type":"ImageObject","inLanguage":"en-US","@id":"https:\/\/www.news33.tv\/#\/schema\/logo\/image\/","url":"https:\/\/www.press7.tv\/wp-content\/uploads\/2024\/02\/logo-news33-black.png","contentUrl":"https:\/\/www.press7.tv\/wp-content\/uploads\/2024\/02\/logo-news33-black.png","width":180,"height":37,"caption":"News33.tv Media"},"image":{"@id":"https:\/\/www.news33.tv\/#\/schema\/logo\/image\/"},"sameAs":["https:\/\/www.facebook.com\/press7.tv"]},{"@type":"Person","@id":"https:\/\/www.news33.tv\/#\/schema\/person\/5a04a38a23ccdba82f9bd665cd8f9efa","name":"gazetar2","image":{"@type":"ImageObject","inLanguage":"en-US","@id":"https:\/\/www.news33.tv\/#\/schema\/person\/image\/","url":"https:\/\/www.press7.tv\/wp-content\/litespeed\/avatar\/41975e402c3049d9ddb03adca8f7a883.jpg?ver=1788056178","contentUrl":"https:\/\/www.press7.tv\/wp-content\/litespeed\/avatar\/41975e402c3049d9ddb03adca8f7a883.jpg?ver=1788056178","caption":"gazetar2"},"url":"https:\/\/www.press7.tv\/?author=8"}]}},"amp_enabled":true,"_links":{"self":[{"href":"https:\/\/www.press7.tv\/index.php?rest_route=\/wp\/v2\/posts\/32783","targetHints":{"allow":["GET"]}}],"collection":[{"href":"https:\/\/www.press7.tv\/index.php?rest_route=\/wp\/v2\/posts"}],"about":[{"href":"https:\/\/www.press7.tv\/index.php?rest_route=\/wp\/v2\/types\/post"}],"author":[{"embeddable":true,"href":"https:\/\/www.press7.tv\/index.php?rest_route=\/wp\/v2\/users\/8"}],"replies":[{"embeddable":true,"href":"https:\/\/www.press7.tv\/index.php?rest_route=%2Fwp%2Fv2%2Fcomments&post=32783"}],"version-history":[{"count":1,"href":"https:\/\/www.press7.tv\/index.php?rest_route=\/wp\/v2\/posts\/32783\/revisions"}],"predecessor-version":[{"id":32786,"href":"https:\/\/www.press7.tv\/index.php?rest_route=\/wp\/v2\/posts\/32783\/revisions\/32786"}],"wp:featuredmedia":[{"embeddable":true,"href":"https:\/\/www.press7.tv\/index.php?rest_route=\/wp\/v2\/media\/32784"}],"wp:attachment":[{"href":"https:\/\/www.press7.tv\/index.php?rest_route=%2Fwp%2Fv2%2Fmedia&parent=32783"}],"wp:term":[{"taxonomy":"category","embeddable":true,"href":"https:\/\/www.press7.tv\/index.php?rest_route=%2Fwp%2Fv2%2Fcategories&post=32783"},{"taxonomy":"post_tag","embeddable":true,"href":"https:\/\/www.press7.tv\/index.php?rest_route=%2Fwp%2Fv2%2Ftags&post=32783"}],"curies":[{"name":"wp","href":"https:\/\/api.w.org\/{rel}","templated":true}]}}