{"id":32777,"date":"2026-09-04T08:16:00","date_gmt":"2026-09-04T08:16:00","guid":{"rendered":"https:\/\/www.press7.tv\/?p=32777"},"modified":"2026-09-04T08:16:00","modified_gmt":"2026-09-04T08:16:00","slug":"radoiciqi-rikthehet-ne-regjistrat-e-pronesise-ne-serbi-behet-pronar-i-5-parcelave","status":"publish","type":"post","link":"https:\/\/www.press7.tv\/?p=32777","title":{"rendered":"Radoi\u00e7iqi rikthehet n\u00eb regjistrat e pron\u00ebsis\u00eb n\u00eb Serbi, b\u00ebhet pronar i 5 parcelave"},"content":{"rendered":"\n    <div class=\"xs_social_share_widget xs_share_url before_content \t\tmain_content  wslu-style-2 wslu-share-box-shaped wslu-fill-colored wslu-share-m-5 wslu-none wslu-share-vertical wslu-theme-font-no wslu-main_content\">\n\n\t\t\n        <ul>\n\t\t\t        <\/ul>\n    <\/div> \n<p>Ish-n\u00ebnkryetari i List\u00ebs Serbe, Milan Radoi\u00e7iq, i cili \u00ebsht\u00eb n\u00eb arrati dhe ka marr\u00eb p\u00ebrgjegj\u00ebsin\u00eb p\u00ebr organizimin e sulmit terrorist n\u00eb Banjsk\u00eb, ku u vra rreshteri i Policis\u00eb s\u00eb Kosov\u00ebs Afrim Bunjaku, \u00ebsht\u00eb rikthyer n\u00eb regjistrat e pron\u00ebsis\u00eb n\u00eb Serbi.<\/p>\n<p>Nova.rs ka shkruar se s\u00eb fundmi Radoi\u00e7iqi \u00ebsht\u00eb b\u00ebr\u00eb pronar i pes\u00eb parcelave n\u00eb Novi Pazar, me nj\u00eb sip\u00ebrfaqe totale prej afro kat\u00ebr hektar\u00ebsh. N\u00eb nj\u00ebr\u00ebn prej tyre thuhet se \u00ebsht\u00eb bashk\u00ebpronar me Sinisha Nedelkoviq, ndaj t\u00eb cilit Shtetet e Bashkuara kan\u00eb vendosur sanksione.<\/p>\n<p>Kjo media shkruan se Radoi\u00e7iq nuk \u00ebsht\u00eb shfaqur publikisht q\u00eb prej tre vjet\u00ebsh, kur mori p\u00ebrgjegj\u00ebsin\u00eb p\u00ebr sulmin n\u00eb Banjsk\u00eb. <\/p>\n<p>Pas sulmit thuhet se ai u t\u00ebrhoq nga kompania \u201cInkop\u201d dhe nga kat\u00ebr kompani t\u00eb tjera, nd\u00ebrsa m\u00eb von\u00eb hoqi dor\u00eb edhe nga pron\u00ebsia e disa pasurive t\u00eb paluajtshme n\u00eb lagjen \u201cDedinje\u201d, t\u00eb cilat ia kaloi bashk\u00ebshortes s\u00eb tij. <\/p>\n<p>Megjithat\u00eb, pas nj\u00eb periudhe t\u00eb gjat\u00eb, emri i tij \u00ebsht\u00eb shfaqur s\u00ebrish n\u00eb regjistrat e pron\u00ebsis\u00eb. Sipas t\u00eb dh\u00ebnave t\u00eb Kadastr\u00ebs, Radoi\u00e7iq \u00ebsht\u00eb b\u00ebr\u00eb pronar i pes\u00eb parcelave n\u00eb Novi Pazar, n\u00eb zon\u00ebn kadastrale \u201cKashal\u201d, me nj\u00eb sip\u00ebrfaqe totale prej 37,319 metrash katror\u00eb.<\/p>\n<p>Pron\u00ebsin\u00eb e nj\u00ebr\u00ebs prej parcelave ai e ndan me Sinisha Nedelkoviq nga Zve\u00e7ani, ndaj t\u00eb cilit Departamenti amerikan i Thesarit ka vendosur sanksione p\u00ebr shkak t\u00eb lidhjeve me Zvonko Veselinoviqin, ish-partner biznesi i Radoi\u00e7iqit.<\/p>\n<p>Sipas nj\u00eb raportimi t\u00eb Radios Evropa e Lir\u00eb n\u00eb korrik t\u00eb vitit 2022, autoritetet n\u00eb Mitrovic\u00eb kishin konfirmuar se ndaj Nedelkoviqit ekzistonte nj\u00eb rast aktiv. Ai akuzohej p\u00ebr tentativ\u00eb vrasjeje, prodhim dhe shitje t\u00eb paligjshme t\u00eb drog\u00ebs, si dhe posedim t\u00eb paligjsh\u00ebm t\u00eb arm\u00ebve.<\/p>\n","protected":false},"excerpt":{"rendered":"<p>Ish-n\u00ebnkryetari i List\u00ebs Serbe, Milan Radoi\u00e7iq, i cili \u00ebsht\u00eb n\u00eb arrati dhe ka marr\u00eb p\u00ebrgjegj\u00ebsin\u00eb p\u00ebr organizimin e sulmit terrorist n\u00eb Banjsk\u00eb, ku u vra rreshteri i Policis\u00eb s\u00eb Kosov\u00ebs Afrim Bunjaku, \u00ebsht\u00eb rikthyer n\u00eb regjistrat e pron\u00ebsis\u00eb n\u00eb Serbi. Nova.rs ka shkruar se s\u00eb fundmi Radoi\u00e7iqi \u00ebsht\u00eb b\u00ebr\u00eb pronar i pes\u00eb parcelave n\u00eb Novi [&hellip;]<\/p>\n","protected":false},"author":8,"featured_media":32778,"comment_status":"closed","ping_status":"closed","sticky":false,"template":"","format":"standard","meta":{"footnotes":""},"categories":[219],"tags":[],"class_list":["post-32777","post","type-post","status-publish","format-standard","has-post-thumbnail","hentry","category-rajon"],"yoast_head":"<!-- This site is optimized with the Yoast SEO plugin v25.1 - https:\/\/yoast.com\/wordpress\/plugins\/seo\/ -->\n<title>Radoi\u00e7iqi rikthehet n\u00eb regjistrat e pron\u00ebsis\u00eb n\u00eb Serbi, b\u00ebhet pronar i 5 parcelave - press7.tv<\/title>\n<meta name=\"robots\" content=\"index, follow, max-snippet:-1, max-image-preview:large, max-video-preview:-1\" \/>\n<link rel=\"canonical\" href=\"https:\/\/www.press7.tv\/?p=32777\" \/>\n<meta property=\"og:locale\" content=\"en_US\" \/>\n<meta property=\"og:type\" content=\"article\" \/>\n<meta property=\"og:title\" content=\"Radoi\u00e7iqi rikthehet n\u00eb regjistrat e pron\u00ebsis\u00eb n\u00eb Serbi, b\u00ebhet pronar i 5 parcelave - press7.tv\" \/>\n<meta property=\"og:description\" content=\"Ish-n\u00ebnkryetari i List\u00ebs Serbe, Milan Radoi\u00e7iq, i cili \u00ebsht\u00eb n\u00eb arrati dhe ka marr\u00eb p\u00ebrgjegj\u00ebsin\u00eb p\u00ebr organizimin e sulmit terrorist n\u00eb Banjsk\u00eb, ku u vra rreshteri i Policis\u00eb s\u00eb Kosov\u00ebs Afrim Bunjaku, \u00ebsht\u00eb rikthyer n\u00eb regjistrat e pron\u00ebsis\u00eb n\u00eb Serbi. Nova.rs ka shkruar se s\u00eb fundmi Radoi\u00e7iqi \u00ebsht\u00eb b\u00ebr\u00eb pronar i pes\u00eb parcelave n\u00eb Novi [&hellip;]\" \/>\n<meta property=\"og:url\" content=\"https:\/\/www.press7.tv\/?p=32777\" \/>\n<meta property=\"og:site_name\" content=\"press7.tv\" \/>\n<meta property=\"article:publisher\" content=\"https:\/\/www.facebook.com\/press7.tv\" \/>\n<meta property=\"article:published_time\" content=\"2026-09-04T08:16:00+00:00\" \/>\n<meta property=\"og:image\" content=\"https:\/\/www.press7.tv\/wp-content\/uploads\/2026\/09\/IMG_5494.avif\" \/>\n\t<meta property=\"og:image:width\" content=\"764\" \/>\n\t<meta property=\"og:image:height\" content=\"429\" \/>\n\t<meta property=\"og:image:type\" content=\"image\/webp\" \/>\n<meta name=\"author\" content=\"gazetar2\" \/>\n<meta name=\"twitter:card\" content=\"summary_large_image\" \/>\n<meta name=\"twitter:label1\" content=\"Written by\" \/>\n\t<meta name=\"twitter:data1\" content=\"gazetar2\" \/>\n\t<meta name=\"twitter:label2\" content=\"Est. reading time\" \/>\n\t<meta name=\"twitter:data2\" content=\"1 minute\" \/>\n<script type=\"application\/ld+json\" class=\"yoast-schema-graph\">{\"@context\":\"https:\/\/schema.org\",\"@graph\":[{\"@type\":\"Article\",\"@id\":\"https:\/\/www.press7.tv\/?p=32777#article\",\"isPartOf\":{\"@id\":\"https:\/\/www.press7.tv\/?p=32777\"},\"author\":{\"name\":\"gazetar2\",\"@id\":\"https:\/\/www.news33.tv\/#\/schema\/person\/5a04a38a23ccdba82f9bd665cd8f9efa\"},\"headline\":\"Radoi\u00e7iqi rikthehet n\u00eb regjistrat e pron\u00ebsis\u00eb n\u00eb Serbi, b\u00ebhet pronar i 5 parcelave\",\"datePublished\":\"2026-09-04T08:16:00+00:00\",\"mainEntityOfPage\":{\"@id\":\"https:\/\/www.press7.tv\/?p=32777\"},\"wordCount\":322,\"publisher\":{\"@id\":\"https:\/\/www.news33.tv\/#organization\"},\"image\":{\"@id\":\"https:\/\/www.press7.tv\/?p=32777#primaryimage\"},\"thumbnailUrl\":\"https:\/\/www.press7.tv\/wp-content\/uploads\/2026\/09\/IMG_5494.avif\",\"articleSection\":[\"Rajon\"],\"inLanguage\":\"en-US\"},{\"@type\":\"WebPage\",\"@id\":\"https:\/\/www.press7.tv\/?p=32777\",\"url\":\"https:\/\/www.press7.tv\/?p=32777\",\"name\":\"Radoi\u00e7iqi rikthehet n\u00eb regjistrat e pron\u00ebsis\u00eb n\u00eb Serbi, b\u00ebhet pronar i 5 parcelave - press7.tv\",\"isPartOf\":{\"@id\":\"https:\/\/www.news33.tv\/#website\"},\"primaryImageOfPage\":{\"@id\":\"https:\/\/www.press7.tv\/?p=32777#primaryimage\"},\"image\":{\"@id\":\"https:\/\/www.press7.tv\/?p=32777#primaryimage\"},\"thumbnailUrl\":\"https:\/\/www.press7.tv\/wp-content\/uploads\/2026\/09\/IMG_5494.avif\",\"datePublished\":\"2026-09-04T08:16:00+00:00\",\"breadcrumb\":{\"@id\":\"https:\/\/www.press7.tv\/?p=32777#breadcrumb\"},\"inLanguage\":\"en-US\",\"potentialAction\":[{\"@type\":\"ReadAction\",\"target\":[\"https:\/\/www.press7.tv\/?p=32777\"]}]},{\"@type\":\"ImageObject\",\"inLanguage\":\"en-US\",\"@id\":\"https:\/\/www.press7.tv\/?p=32777#primaryimage\",\"url\":\"https:\/\/www.press7.tv\/wp-content\/uploads\/2026\/09\/IMG_5494.avif\",\"contentUrl\":\"https:\/\/www.press7.tv\/wp-content\/uploads\/2026\/09\/IMG_5494.avif\",\"width\":764,\"height\":429},{\"@type\":\"BreadcrumbList\",\"@id\":\"https:\/\/www.press7.tv\/?p=32777#breadcrumb\",\"itemListElement\":[{\"@type\":\"ListItem\",\"position\":1,\"name\":\"Home\",\"item\":\"https:\/\/www.press7.tv\/\"},{\"@type\":\"ListItem\",\"position\":2,\"name\":\"Radoi\u00e7iqi rikthehet n\u00eb regjistrat e pron\u00ebsis\u00eb n\u00eb Serbi, b\u00ebhet pronar i 5 parcelave\"}]},{\"@type\":\"WebSite\",\"@id\":\"https:\/\/www.news33.tv\/#website\",\"url\":\"https:\/\/www.news33.tv\/\",\"name\":\"News33.tv Media\",\"description\":\"Media\",\"publisher\":{\"@id\":\"https:\/\/www.news33.tv\/#organization\"},\"potentialAction\":[{\"@type\":\"SearchAction\",\"target\":{\"@type\":\"EntryPoint\",\"urlTemplate\":\"https:\/\/www.news33.tv\/?s={search_term_string}\"},\"query-input\":{\"@type\":\"PropertyValueSpecification\",\"valueRequired\":true,\"valueName\":\"search_term_string\"}}],\"inLanguage\":\"en-US\"},{\"@type\":\"Organization\",\"@id\":\"https:\/\/www.news33.tv\/#organization\",\"name\":\"News33.tv Media\",\"url\":\"https:\/\/www.news33.tv\/\",\"logo\":{\"@type\":\"ImageObject\",\"inLanguage\":\"en-US\",\"@id\":\"https:\/\/www.news33.tv\/#\/schema\/logo\/image\/\",\"url\":\"https:\/\/www.press7.tv\/wp-content\/uploads\/2024\/02\/logo-news33-black.png\",\"contentUrl\":\"https:\/\/www.press7.tv\/wp-content\/uploads\/2024\/02\/logo-news33-black.png\",\"width\":180,\"height\":37,\"caption\":\"News33.tv Media\"},\"image\":{\"@id\":\"https:\/\/www.news33.tv\/#\/schema\/logo\/image\/\"},\"sameAs\":[\"https:\/\/www.facebook.com\/press7.tv\"]},{\"@type\":\"Person\",\"@id\":\"https:\/\/www.news33.tv\/#\/schema\/person\/5a04a38a23ccdba82f9bd665cd8f9efa\",\"name\":\"gazetar2\",\"image\":{\"@type\":\"ImageObject\",\"inLanguage\":\"en-US\",\"@id\":\"https:\/\/www.news33.tv\/#\/schema\/person\/image\/\",\"url\":\"https:\/\/www.press7.tv\/wp-content\/litespeed\/avatar\/41975e402c3049d9ddb03adca8f7a883.jpg?ver=1788056178\",\"contentUrl\":\"https:\/\/www.press7.tv\/wp-content\/litespeed\/avatar\/41975e402c3049d9ddb03adca8f7a883.jpg?ver=1788056178\",\"caption\":\"gazetar2\"},\"url\":\"https:\/\/www.press7.tv\/?author=8\"}]}<\/script>\n<!-- \/ Yoast SEO plugin. -->","yoast_head_json":{"title":"Radoi\u00e7iqi rikthehet n\u00eb regjistrat e pron\u00ebsis\u00eb n\u00eb Serbi, b\u00ebhet pronar i 5 parcelave - press7.tv","robots":{"index":"index","follow":"follow","max-snippet":"max-snippet:-1","max-image-preview":"max-image-preview:large","max-video-preview":"max-video-preview:-1"},"canonical":"https:\/\/www.press7.tv\/?p=32777","og_locale":"en_US","og_type":"article","og_title":"Radoi\u00e7iqi rikthehet n\u00eb regjistrat e pron\u00ebsis\u00eb n\u00eb Serbi, b\u00ebhet pronar i 5 parcelave - press7.tv","og_description":"Ish-n\u00ebnkryetari i List\u00ebs Serbe, Milan Radoi\u00e7iq, i cili \u00ebsht\u00eb n\u00eb arrati dhe ka marr\u00eb p\u00ebrgjegj\u00ebsin\u00eb p\u00ebr organizimin e sulmit terrorist n\u00eb Banjsk\u00eb, ku u vra rreshteri i Policis\u00eb s\u00eb Kosov\u00ebs Afrim Bunjaku, \u00ebsht\u00eb rikthyer n\u00eb regjistrat e pron\u00ebsis\u00eb n\u00eb Serbi. Nova.rs ka shkruar se s\u00eb fundmi Radoi\u00e7iqi \u00ebsht\u00eb b\u00ebr\u00eb pronar i pes\u00eb parcelave n\u00eb Novi [&hellip;]","og_url":"https:\/\/www.press7.tv\/?p=32777","og_site_name":"press7.tv","article_publisher":"https:\/\/www.facebook.com\/press7.tv","article_published_time":"2026-09-04T08:16:00+00:00","og_image":[{"width":764,"height":429,"url":"https:\/\/www.press7.tv\/wp-content\/uploads\/2026\/09\/IMG_5494.avif","type":"image\/webp"}],"author":"gazetar2","twitter_card":"summary_large_image","twitter_misc":{"Written by":"gazetar2","Est. reading time":"1 minute"},"schema":{"@context":"https:\/\/schema.org","@graph":[{"@type":"Article","@id":"https:\/\/www.press7.tv\/?p=32777#article","isPartOf":{"@id":"https:\/\/www.press7.tv\/?p=32777"},"author":{"name":"gazetar2","@id":"https:\/\/www.news33.tv\/#\/schema\/person\/5a04a38a23ccdba82f9bd665cd8f9efa"},"headline":"Radoi\u00e7iqi rikthehet n\u00eb regjistrat e pron\u00ebsis\u00eb n\u00eb Serbi, b\u00ebhet pronar i 5 parcelave","datePublished":"2026-09-04T08:16:00+00:00","mainEntityOfPage":{"@id":"https:\/\/www.press7.tv\/?p=32777"},"wordCount":322,"publisher":{"@id":"https:\/\/www.news33.tv\/#organization"},"image":{"@id":"https:\/\/www.press7.tv\/?p=32777#primaryimage"},"thumbnailUrl":"https:\/\/www.press7.tv\/wp-content\/uploads\/2026\/09\/IMG_5494.avif","articleSection":["Rajon"],"inLanguage":"en-US"},{"@type":"WebPage","@id":"https:\/\/www.press7.tv\/?p=32777","url":"https:\/\/www.press7.tv\/?p=32777","name":"Radoi\u00e7iqi rikthehet n\u00eb regjistrat e pron\u00ebsis\u00eb n\u00eb Serbi, b\u00ebhet pronar i 5 parcelave - press7.tv","isPartOf":{"@id":"https:\/\/www.news33.tv\/#website"},"primaryImageOfPage":{"@id":"https:\/\/www.press7.tv\/?p=32777#primaryimage"},"image":{"@id":"https:\/\/www.press7.tv\/?p=32777#primaryimage"},"thumbnailUrl":"https:\/\/www.press7.tv\/wp-content\/uploads\/2026\/09\/IMG_5494.avif","datePublished":"2026-09-04T08:16:00+00:00","breadcrumb":{"@id":"https:\/\/www.press7.tv\/?p=32777#breadcrumb"},"inLanguage":"en-US","potentialAction":[{"@type":"ReadAction","target":["https:\/\/www.press7.tv\/?p=32777"]}]},{"@type":"ImageObject","inLanguage":"en-US","@id":"https:\/\/www.press7.tv\/?p=32777#primaryimage","url":"https:\/\/www.press7.tv\/wp-content\/uploads\/2026\/09\/IMG_5494.avif","contentUrl":"https:\/\/www.press7.tv\/wp-content\/uploads\/2026\/09\/IMG_5494.avif","width":764,"height":429},{"@type":"BreadcrumbList","@id":"https:\/\/www.press7.tv\/?p=32777#breadcrumb","itemListElement":[{"@type":"ListItem","position":1,"name":"Home","item":"https:\/\/www.press7.tv\/"},{"@type":"ListItem","position":2,"name":"Radoi\u00e7iqi rikthehet n\u00eb regjistrat e pron\u00ebsis\u00eb n\u00eb Serbi, b\u00ebhet pronar i 5 parcelave"}]},{"@type":"WebSite","@id":"https:\/\/www.news33.tv\/#website","url":"https:\/\/www.news33.tv\/","name":"News33.tv Media","description":"Media","publisher":{"@id":"https:\/\/www.news33.tv\/#organization"},"potentialAction":[{"@type":"SearchAction","target":{"@type":"EntryPoint","urlTemplate":"https:\/\/www.news33.tv\/?s={search_term_string}"},"query-input":{"@type":"PropertyValueSpecification","valueRequired":true,"valueName":"search_term_string"}}],"inLanguage":"en-US"},{"@type":"Organization","@id":"https:\/\/www.news33.tv\/#organization","name":"News33.tv Media","url":"https:\/\/www.news33.tv\/","logo":{"@type":"ImageObject","inLanguage":"en-US","@id":"https:\/\/www.news33.tv\/#\/schema\/logo\/image\/","url":"https:\/\/www.press7.tv\/wp-content\/uploads\/2024\/02\/logo-news33-black.png","contentUrl":"https:\/\/www.press7.tv\/wp-content\/uploads\/2024\/02\/logo-news33-black.png","width":180,"height":37,"caption":"News33.tv Media"},"image":{"@id":"https:\/\/www.news33.tv\/#\/schema\/logo\/image\/"},"sameAs":["https:\/\/www.facebook.com\/press7.tv"]},{"@type":"Person","@id":"https:\/\/www.news33.tv\/#\/schema\/person\/5a04a38a23ccdba82f9bd665cd8f9efa","name":"gazetar2","image":{"@type":"ImageObject","inLanguage":"en-US","@id":"https:\/\/www.news33.tv\/#\/schema\/person\/image\/","url":"https:\/\/www.press7.tv\/wp-content\/litespeed\/avatar\/41975e402c3049d9ddb03adca8f7a883.jpg?ver=1788056178","contentUrl":"https:\/\/www.press7.tv\/wp-content\/litespeed\/avatar\/41975e402c3049d9ddb03adca8f7a883.jpg?ver=1788056178","caption":"gazetar2"},"url":"https:\/\/www.press7.tv\/?author=8"}]}},"amp_enabled":true,"_links":{"self":[{"href":"https:\/\/www.press7.tv\/index.php?rest_route=\/wp\/v2\/posts\/32777","targetHints":{"allow":["GET"]}}],"collection":[{"href":"https:\/\/www.press7.tv\/index.php?rest_route=\/wp\/v2\/posts"}],"about":[{"href":"https:\/\/www.press7.tv\/index.php?rest_route=\/wp\/v2\/types\/post"}],"author":[{"embeddable":true,"href":"https:\/\/www.press7.tv\/index.php?rest_route=\/wp\/v2\/users\/8"}],"replies":[{"embeddable":true,"href":"https:\/\/www.press7.tv\/index.php?rest_route=%2Fwp%2Fv2%2Fcomments&post=32777"}],"version-history":[{"count":1,"href":"https:\/\/www.press7.tv\/index.php?rest_route=\/wp\/v2\/posts\/32777\/revisions"}],"predecessor-version":[{"id":32779,"href":"https:\/\/www.press7.tv\/index.php?rest_route=\/wp\/v2\/posts\/32777\/revisions\/32779"}],"wp:featuredmedia":[{"embeddable":true,"href":"https:\/\/www.press7.tv\/index.php?rest_route=\/wp\/v2\/media\/32778"}],"wp:attachment":[{"href":"https:\/\/www.press7.tv\/index.php?rest_route=%2Fwp%2Fv2%2Fmedia&parent=32777"}],"wp:term":[{"taxonomy":"category","embeddable":true,"href":"https:\/\/www.press7.tv\/index.php?rest_route=%2Fwp%2Fv2%2Fcategories&post=32777"},{"taxonomy":"post_tag","embeddable":true,"href":"https:\/\/www.press7.tv\/index.php?rest_route=%2Fwp%2Fv2%2Ftags&post=32777"}],"curies":[{"name":"wp","href":"https:\/\/api.w.org\/{rel}","templated":true}]}}