{"id":32768,"date":"2026-09-03T17:31:59","date_gmt":"2026-09-03T17:31:59","guid":{"rendered":"https:\/\/www.press7.tv\/?p=32768"},"modified":"2026-09-03T17:31:59","modified_gmt":"2026-09-03T17:31:59","slug":"gjeneralet-e-rinj-te-fsk-se-marrin-detyrat-e-reja-haxhiu-nenshkruan-dekretet-dokument","status":"publish","type":"post","link":"https:\/\/www.press7.tv\/?p=32768","title":{"rendered":"Gjeneral\u00ebt e rinj t\u00eb FSK-s\u00eb marrin detyrat e reja, Haxhiu n\u00ebnshkruan dekretet (DOKUMENT)"},"content":{"rendered":"\n    <div class=\"xs_social_share_widget xs_share_url before_content \t\tmain_content  wslu-style-2 wslu-share-box-shaped wslu-fill-colored wslu-share-m-5 wslu-none wslu-share-vertical wslu-theme-font-no wslu-main_content\">\n\n\t\t\n        <ul>\n\t\t\t        <\/ul>\n    <\/div> \n<p>Gjeneral\u00ebt e rinj t\u00eb Forc\u00ebs s\u00eb Siguris\u00eb s\u00eb Kosov\u00ebs, Arife Halili, Astrit Haliti dhe Mehmet Lladrovci, t\u00eb cil\u00ebt u graduan s\u00eb fundi, tashm\u00eb kan\u00eb marr\u00eb edhe detyrat e reja n\u00eb kuad\u00ebr t\u00eb FSK-s\u00eb.<\/p>\n<p>Dekretet p\u00ebr em\u00ebrimin e tyre jan\u00eb n\u00ebnshkruar nga ushtruesja e detyr\u00ebs s\u00eb Presidentes s\u00eb Republik\u00ebs s\u00eb Kosov\u00ebs, Albulena Haxhiu.<\/p>\n<p>Sipas dekreteve, Gjeneral Brigade Arife Halili \u00ebsht\u00eb em\u00ebruar Drejtor i Drejtoris\u00eb s\u00eb Burimeve Njer\u00ebzore n\u00eb Ministrin\u00eb e Mbrojtjes.<\/p>\n<p>Gjeneral Brigade Astrit Haliti \u00ebsht\u00eb em\u00ebruar Shef i Shtabit t\u00eb Shtabit t\u00eb P\u00ebrgjithsh\u00ebm t\u00eb Forc\u00ebs s\u00eb Siguris\u00eb s\u00eb Kosov\u00ebs.<\/p>\n<p>Nd\u00ebrsa Gjeneral Brigade Mehmet Lladrovci \u00ebsht\u00eb em\u00ebruar Komandant i Forcave Tok\u00ebsore t\u00eb Forc\u00ebs s\u00eb Siguris\u00eb s\u00eb Kosov\u00ebs.<\/p>\n<p>N\u00eb dit\u00ebn kur ata u graduan me titullin gjeneral, Haxhiu i kishte uruar tre ushtarak\u00ebt p\u00ebr avancimin e tyre.<\/p>\n<p>\u201cUrime gjeneral\u00ebve t\u00eb rinj t\u00eb Forc\u00ebs s\u00eb Siguris\u00eb s\u00eb Kosov\u00ebs, Arife Halili, Astrit Haliti dhe Mehmet Lladrovci. Jam e bindur q\u00eb me profesionalizmin, p\u00ebrvoj\u00ebn dhe p\u00ebrkushtimin tuaj do t\u2019i sh\u00ebrbeni me nder dhe me dinjitet Republik\u00ebs s\u00eb Kosov\u00ebs\u201d, kishte shkruar Haxhiu<\/p>\n<p><img data-dominant-color=\"f9f9f8\" data-has-transparency=\"false\" style=\"--dominant-color: #f9f9f8;\" fetchpriority=\"high\" decoding=\"async\" src=\"https:\/\/www.press7.tv\/wp-content\/uploads\/2026\/09\/IMG_5482-215x300.avif\" alt=\"\" width=\"215\" height=\"300\" class=\"alignnone size-medium wp-image-32769 not-transparent\" srcset=\"https:\/\/www.press7.tv\/wp-content\/uploads\/2026\/09\/IMG_5482-215x300.avif 215w, https:\/\/www.press7.tv\/wp-content\/uploads\/2026\/09\/IMG_5482.avif 597w\" sizes=\"(max-width: 215px) 100vw, 215px\" \/><\/p>\n<p><img data-dominant-color=\"f9f9f7\" data-has-transparency=\"false\" style=\"--dominant-color: #f9f9f7;\" decoding=\"async\" src=\"https:\/\/www.press7.tv\/wp-content\/uploads\/2026\/09\/IMG_5483-217x300.avif\" alt=\"\" width=\"217\" height=\"300\" class=\"alignnone size-medium wp-image-32770 not-transparent\" srcset=\"https:\/\/www.press7.tv\/wp-content\/uploads\/2026\/09\/IMG_5483-217x300.avif 217w, https:\/\/www.press7.tv\/wp-content\/uploads\/2026\/09\/IMG_5483.avif 597w\" sizes=\"(max-width: 217px) 100vw, 217px\" \/><\/p>\n<p><img data-dominant-color=\"f8f8f7\" data-has-transparency=\"false\" style=\"--dominant-color: #f8f8f7;\" decoding=\"async\" src=\"https:\/\/www.press7.tv\/wp-content\/uploads\/2026\/09\/IMG_5484-216x300.avif\" alt=\"\" width=\"216\" height=\"300\" class=\"alignnone size-medium wp-image-32771 not-transparent\" srcset=\"https:\/\/www.press7.tv\/wp-content\/uploads\/2026\/09\/IMG_5484-216x300.avif 216w, https:\/\/www.press7.tv\/wp-content\/uploads\/2026\/09\/IMG_5484.avif 599w\" sizes=\"(max-width: 216px) 100vw, 216px\" \/><\/p>\n","protected":false},"excerpt":{"rendered":"<p>Gjeneral\u00ebt e rinj t\u00eb Forc\u00ebs s\u00eb Siguris\u00eb s\u00eb Kosov\u00ebs, Arife Halili, Astrit Haliti dhe Mehmet Lladrovci, t\u00eb cil\u00ebt u graduan s\u00eb fundi, tashm\u00eb kan\u00eb marr\u00eb edhe detyrat e reja n\u00eb kuad\u00ebr t\u00eb FSK-s\u00eb. Dekretet p\u00ebr em\u00ebrimin e tyre jan\u00eb n\u00ebnshkruar nga ushtruesja e detyr\u00ebs s\u00eb Presidentes s\u00eb Republik\u00ebs s\u00eb Kosov\u00ebs, Albulena Haxhiu. Sipas dekreteve, Gjeneral [&hellip;]<\/p>\n","protected":false},"author":8,"featured_media":32772,"comment_status":"closed","ping_status":"closed","sticky":false,"template":"","format":"standard","meta":{"footnotes":""},"categories":[215,213],"tags":[],"class_list":["post-32768","post","type-post","status-publish","format-standard","has-post-thumbnail","hentry","category-kosove","category-lajme"],"yoast_head":"<!-- This site is optimized with the Yoast SEO plugin v25.1 - https:\/\/yoast.com\/wordpress\/plugins\/seo\/ -->\n<title>Gjeneral\u00ebt e rinj t\u00eb FSK-s\u00eb marrin detyrat e reja, Haxhiu n\u00ebnshkruan dekretet (DOKUMENT) - press7.tv<\/title>\n<meta name=\"robots\" content=\"index, follow, max-snippet:-1, max-image-preview:large, max-video-preview:-1\" \/>\n<link rel=\"canonical\" href=\"https:\/\/www.press7.tv\/?p=32768\" \/>\n<meta property=\"og:locale\" content=\"en_US\" \/>\n<meta property=\"og:type\" content=\"article\" \/>\n<meta property=\"og:title\" content=\"Gjeneral\u00ebt e rinj t\u00eb FSK-s\u00eb marrin detyrat e reja, Haxhiu n\u00ebnshkruan dekretet (DOKUMENT) - press7.tv\" \/>\n<meta property=\"og:description\" content=\"Gjeneral\u00ebt e rinj t\u00eb Forc\u00ebs s\u00eb Siguris\u00eb s\u00eb Kosov\u00ebs, Arife Halili, Astrit Haliti dhe Mehmet Lladrovci, t\u00eb cil\u00ebt u graduan s\u00eb fundi, tashm\u00eb kan\u00eb marr\u00eb edhe detyrat e reja n\u00eb kuad\u00ebr t\u00eb FSK-s\u00eb. Dekretet p\u00ebr em\u00ebrimin e tyre jan\u00eb n\u00ebnshkruar nga ushtruesja e detyr\u00ebs s\u00eb Presidentes s\u00eb Republik\u00ebs s\u00eb Kosov\u00ebs, Albulena Haxhiu. Sipas dekreteve, Gjeneral [&hellip;]\" \/>\n<meta property=\"og:url\" content=\"https:\/\/www.press7.tv\/?p=32768\" \/>\n<meta property=\"og:site_name\" content=\"press7.tv\" \/>\n<meta property=\"article:publisher\" content=\"https:\/\/www.facebook.com\/press7.tv\" \/>\n<meta property=\"article:published_time\" content=\"2026-09-03T17:31:59+00:00\" \/>\n<meta property=\"og:image\" content=\"https:\/\/www.press7.tv\/wp-content\/uploads\/2026\/09\/IMG_5480.avif\" \/>\n\t<meta property=\"og:image:width\" content=\"899\" \/>\n\t<meta property=\"og:image:height\" content=\"500\" \/>\n\t<meta property=\"og:image:type\" content=\"image\/jpeg\" \/>\n<meta name=\"author\" content=\"gazetar2\" \/>\n<meta name=\"twitter:card\" content=\"summary_large_image\" \/>\n<meta name=\"twitter:label1\" content=\"Written by\" \/>\n\t<meta name=\"twitter:data1\" content=\"gazetar2\" \/>\n\t<meta name=\"twitter:label2\" content=\"Est. reading time\" \/>\n\t<meta name=\"twitter:data2\" content=\"1 minute\" \/>\n<script type=\"application\/ld+json\" class=\"yoast-schema-graph\">{\"@context\":\"https:\/\/schema.org\",\"@graph\":[{\"@type\":\"Article\",\"@id\":\"https:\/\/www.press7.tv\/?p=32768#article\",\"isPartOf\":{\"@id\":\"https:\/\/www.press7.tv\/?p=32768\"},\"author\":{\"name\":\"gazetar2\",\"@id\":\"https:\/\/www.news33.tv\/#\/schema\/person\/5a04a38a23ccdba82f9bd665cd8f9efa\"},\"headline\":\"Gjeneral\u00ebt e rinj t\u00eb FSK-s\u00eb marrin detyrat e reja, Haxhiu n\u00ebnshkruan dekretet (DOKUMENT)\",\"datePublished\":\"2026-09-03T17:31:59+00:00\",\"mainEntityOfPage\":{\"@id\":\"https:\/\/www.press7.tv\/?p=32768\"},\"wordCount\":217,\"publisher\":{\"@id\":\"https:\/\/www.news33.tv\/#organization\"},\"image\":{\"@id\":\"https:\/\/www.press7.tv\/?p=32768#primaryimage\"},\"thumbnailUrl\":\"https:\/\/www.press7.tv\/wp-content\/uploads\/2026\/09\/IMG_5480.avif\",\"articleSection\":[\"Kosov\u00eb\",\"Lajme\"],\"inLanguage\":\"en-US\"},{\"@type\":\"WebPage\",\"@id\":\"https:\/\/www.press7.tv\/?p=32768\",\"url\":\"https:\/\/www.press7.tv\/?p=32768\",\"name\":\"Gjeneral\u00ebt e rinj t\u00eb FSK-s\u00eb marrin detyrat e reja, Haxhiu n\u00ebnshkruan dekretet (DOKUMENT) - press7.tv\",\"isPartOf\":{\"@id\":\"https:\/\/www.news33.tv\/#website\"},\"primaryImageOfPage\":{\"@id\":\"https:\/\/www.press7.tv\/?p=32768#primaryimage\"},\"image\":{\"@id\":\"https:\/\/www.press7.tv\/?p=32768#primaryimage\"},\"thumbnailUrl\":\"https:\/\/www.press7.tv\/wp-content\/uploads\/2026\/09\/IMG_5480.avif\",\"datePublished\":\"2026-09-03T17:31:59+00:00\",\"breadcrumb\":{\"@id\":\"https:\/\/www.press7.tv\/?p=32768#breadcrumb\"},\"inLanguage\":\"en-US\",\"potentialAction\":[{\"@type\":\"ReadAction\",\"target\":[\"https:\/\/www.press7.tv\/?p=32768\"]}]},{\"@type\":\"ImageObject\",\"inLanguage\":\"en-US\",\"@id\":\"https:\/\/www.press7.tv\/?p=32768#primaryimage\",\"url\":\"https:\/\/www.press7.tv\/wp-content\/uploads\/2026\/09\/IMG_5480.avif\",\"contentUrl\":\"https:\/\/www.press7.tv\/wp-content\/uploads\/2026\/09\/IMG_5480.avif\",\"width\":899,\"height\":500},{\"@type\":\"BreadcrumbList\",\"@id\":\"https:\/\/www.press7.tv\/?p=32768#breadcrumb\",\"itemListElement\":[{\"@type\":\"ListItem\",\"position\":1,\"name\":\"Home\",\"item\":\"https:\/\/www.press7.tv\/\"},{\"@type\":\"ListItem\",\"position\":2,\"name\":\"Gjeneral\u00ebt e rinj t\u00eb FSK-s\u00eb marrin detyrat e reja, Haxhiu n\u00ebnshkruan dekretet (DOKUMENT)\"}]},{\"@type\":\"WebSite\",\"@id\":\"https:\/\/www.news33.tv\/#website\",\"url\":\"https:\/\/www.news33.tv\/\",\"name\":\"News33.tv Media\",\"description\":\"Media\",\"publisher\":{\"@id\":\"https:\/\/www.news33.tv\/#organization\"},\"potentialAction\":[{\"@type\":\"SearchAction\",\"target\":{\"@type\":\"EntryPoint\",\"urlTemplate\":\"https:\/\/www.news33.tv\/?s={search_term_string}\"},\"query-input\":{\"@type\":\"PropertyValueSpecification\",\"valueRequired\":true,\"valueName\":\"search_term_string\"}}],\"inLanguage\":\"en-US\"},{\"@type\":\"Organization\",\"@id\":\"https:\/\/www.news33.tv\/#organization\",\"name\":\"News33.tv Media\",\"url\":\"https:\/\/www.news33.tv\/\",\"logo\":{\"@type\":\"ImageObject\",\"inLanguage\":\"en-US\",\"@id\":\"https:\/\/www.news33.tv\/#\/schema\/logo\/image\/\",\"url\":\"https:\/\/www.press7.tv\/wp-content\/uploads\/2024\/02\/logo-news33-black.png\",\"contentUrl\":\"https:\/\/www.press7.tv\/wp-content\/uploads\/2024\/02\/logo-news33-black.png\",\"width\":180,\"height\":37,\"caption\":\"News33.tv Media\"},\"image\":{\"@id\":\"https:\/\/www.news33.tv\/#\/schema\/logo\/image\/\"},\"sameAs\":[\"https:\/\/www.facebook.com\/press7.tv\"]},{\"@type\":\"Person\",\"@id\":\"https:\/\/www.news33.tv\/#\/schema\/person\/5a04a38a23ccdba82f9bd665cd8f9efa\",\"name\":\"gazetar2\",\"image\":{\"@type\":\"ImageObject\",\"inLanguage\":\"en-US\",\"@id\":\"https:\/\/www.news33.tv\/#\/schema\/person\/image\/\",\"url\":\"https:\/\/www.press7.tv\/wp-content\/litespeed\/avatar\/41975e402c3049d9ddb03adca8f7a883.jpg?ver=1788056178\",\"contentUrl\":\"https:\/\/www.press7.tv\/wp-content\/litespeed\/avatar\/41975e402c3049d9ddb03adca8f7a883.jpg?ver=1788056178\",\"caption\":\"gazetar2\"},\"url\":\"https:\/\/www.press7.tv\/?author=8\"}]}<\/script>\n<!-- \/ Yoast SEO plugin. -->","yoast_head_json":{"title":"Gjeneral\u00ebt e rinj t\u00eb FSK-s\u00eb marrin detyrat e reja, Haxhiu n\u00ebnshkruan dekretet (DOKUMENT) - press7.tv","robots":{"index":"index","follow":"follow","max-snippet":"max-snippet:-1","max-image-preview":"max-image-preview:large","max-video-preview":"max-video-preview:-1"},"canonical":"https:\/\/www.press7.tv\/?p=32768","og_locale":"en_US","og_type":"article","og_title":"Gjeneral\u00ebt e rinj t\u00eb FSK-s\u00eb marrin detyrat e reja, Haxhiu n\u00ebnshkruan dekretet (DOKUMENT) - press7.tv","og_description":"Gjeneral\u00ebt e rinj t\u00eb Forc\u00ebs s\u00eb Siguris\u00eb s\u00eb Kosov\u00ebs, Arife Halili, Astrit Haliti dhe Mehmet Lladrovci, t\u00eb cil\u00ebt u graduan s\u00eb fundi, tashm\u00eb kan\u00eb marr\u00eb edhe detyrat e reja n\u00eb kuad\u00ebr t\u00eb FSK-s\u00eb. Dekretet p\u00ebr em\u00ebrimin e tyre jan\u00eb n\u00ebnshkruar nga ushtruesja e detyr\u00ebs s\u00eb Presidentes s\u00eb Republik\u00ebs s\u00eb Kosov\u00ebs, Albulena Haxhiu. Sipas dekreteve, Gjeneral [&hellip;]","og_url":"https:\/\/www.press7.tv\/?p=32768","og_site_name":"press7.tv","article_publisher":"https:\/\/www.facebook.com\/press7.tv","article_published_time":"2026-09-03T17:31:59+00:00","og_image":[{"width":899,"height":500,"url":"https:\/\/www.press7.tv\/wp-content\/uploads\/2026\/09\/IMG_5480.avif","type":"image\/jpeg"}],"author":"gazetar2","twitter_card":"summary_large_image","twitter_misc":{"Written by":"gazetar2","Est. reading time":"1 minute"},"schema":{"@context":"https:\/\/schema.org","@graph":[{"@type":"Article","@id":"https:\/\/www.press7.tv\/?p=32768#article","isPartOf":{"@id":"https:\/\/www.press7.tv\/?p=32768"},"author":{"name":"gazetar2","@id":"https:\/\/www.news33.tv\/#\/schema\/person\/5a04a38a23ccdba82f9bd665cd8f9efa"},"headline":"Gjeneral\u00ebt e rinj t\u00eb FSK-s\u00eb marrin detyrat e reja, Haxhiu n\u00ebnshkruan dekretet (DOKUMENT)","datePublished":"2026-09-03T17:31:59+00:00","mainEntityOfPage":{"@id":"https:\/\/www.press7.tv\/?p=32768"},"wordCount":217,"publisher":{"@id":"https:\/\/www.news33.tv\/#organization"},"image":{"@id":"https:\/\/www.press7.tv\/?p=32768#primaryimage"},"thumbnailUrl":"https:\/\/www.press7.tv\/wp-content\/uploads\/2026\/09\/IMG_5480.avif","articleSection":["Kosov\u00eb","Lajme"],"inLanguage":"en-US"},{"@type":"WebPage","@id":"https:\/\/www.press7.tv\/?p=32768","url":"https:\/\/www.press7.tv\/?p=32768","name":"Gjeneral\u00ebt e rinj t\u00eb FSK-s\u00eb marrin detyrat e reja, Haxhiu n\u00ebnshkruan dekretet (DOKUMENT) - press7.tv","isPartOf":{"@id":"https:\/\/www.news33.tv\/#website"},"primaryImageOfPage":{"@id":"https:\/\/www.press7.tv\/?p=32768#primaryimage"},"image":{"@id":"https:\/\/www.press7.tv\/?p=32768#primaryimage"},"thumbnailUrl":"https:\/\/www.press7.tv\/wp-content\/uploads\/2026\/09\/IMG_5480.avif","datePublished":"2026-09-03T17:31:59+00:00","breadcrumb":{"@id":"https:\/\/www.press7.tv\/?p=32768#breadcrumb"},"inLanguage":"en-US","potentialAction":[{"@type":"ReadAction","target":["https:\/\/www.press7.tv\/?p=32768"]}]},{"@type":"ImageObject","inLanguage":"en-US","@id":"https:\/\/www.press7.tv\/?p=32768#primaryimage","url":"https:\/\/www.press7.tv\/wp-content\/uploads\/2026\/09\/IMG_5480.avif","contentUrl":"https:\/\/www.press7.tv\/wp-content\/uploads\/2026\/09\/IMG_5480.avif","width":899,"height":500},{"@type":"BreadcrumbList","@id":"https:\/\/www.press7.tv\/?p=32768#breadcrumb","itemListElement":[{"@type":"ListItem","position":1,"name":"Home","item":"https:\/\/www.press7.tv\/"},{"@type":"ListItem","position":2,"name":"Gjeneral\u00ebt e rinj t\u00eb FSK-s\u00eb marrin detyrat e reja, Haxhiu n\u00ebnshkruan dekretet (DOKUMENT)"}]},{"@type":"WebSite","@id":"https:\/\/www.news33.tv\/#website","url":"https:\/\/www.news33.tv\/","name":"News33.tv Media","description":"Media","publisher":{"@id":"https:\/\/www.news33.tv\/#organization"},"potentialAction":[{"@type":"SearchAction","target":{"@type":"EntryPoint","urlTemplate":"https:\/\/www.news33.tv\/?s={search_term_string}"},"query-input":{"@type":"PropertyValueSpecification","valueRequired":true,"valueName":"search_term_string"}}],"inLanguage":"en-US"},{"@type":"Organization","@id":"https:\/\/www.news33.tv\/#organization","name":"News33.tv Media","url":"https:\/\/www.news33.tv\/","logo":{"@type":"ImageObject","inLanguage":"en-US","@id":"https:\/\/www.news33.tv\/#\/schema\/logo\/image\/","url":"https:\/\/www.press7.tv\/wp-content\/uploads\/2024\/02\/logo-news33-black.png","contentUrl":"https:\/\/www.press7.tv\/wp-content\/uploads\/2024\/02\/logo-news33-black.png","width":180,"height":37,"caption":"News33.tv Media"},"image":{"@id":"https:\/\/www.news33.tv\/#\/schema\/logo\/image\/"},"sameAs":["https:\/\/www.facebook.com\/press7.tv"]},{"@type":"Person","@id":"https:\/\/www.news33.tv\/#\/schema\/person\/5a04a38a23ccdba82f9bd665cd8f9efa","name":"gazetar2","image":{"@type":"ImageObject","inLanguage":"en-US","@id":"https:\/\/www.news33.tv\/#\/schema\/person\/image\/","url":"https:\/\/www.press7.tv\/wp-content\/litespeed\/avatar\/41975e402c3049d9ddb03adca8f7a883.jpg?ver=1788056178","contentUrl":"https:\/\/www.press7.tv\/wp-content\/litespeed\/avatar\/41975e402c3049d9ddb03adca8f7a883.jpg?ver=1788056178","caption":"gazetar2"},"url":"https:\/\/www.press7.tv\/?author=8"}]}},"amp_enabled":true,"_links":{"self":[{"href":"https:\/\/www.press7.tv\/index.php?rest_route=\/wp\/v2\/posts\/32768","targetHints":{"allow":["GET"]}}],"collection":[{"href":"https:\/\/www.press7.tv\/index.php?rest_route=\/wp\/v2\/posts"}],"about":[{"href":"https:\/\/www.press7.tv\/index.php?rest_route=\/wp\/v2\/types\/post"}],"author":[{"embeddable":true,"href":"https:\/\/www.press7.tv\/index.php?rest_route=\/wp\/v2\/users\/8"}],"replies":[{"embeddable":true,"href":"https:\/\/www.press7.tv\/index.php?rest_route=%2Fwp%2Fv2%2Fcomments&post=32768"}],"version-history":[{"count":1,"href":"https:\/\/www.press7.tv\/index.php?rest_route=\/wp\/v2\/posts\/32768\/revisions"}],"predecessor-version":[{"id":32773,"href":"https:\/\/www.press7.tv\/index.php?rest_route=\/wp\/v2\/posts\/32768\/revisions\/32773"}],"wp:featuredmedia":[{"embeddable":true,"href":"https:\/\/www.press7.tv\/index.php?rest_route=\/wp\/v2\/media\/32772"}],"wp:attachment":[{"href":"https:\/\/www.press7.tv\/index.php?rest_route=%2Fwp%2Fv2%2Fmedia&parent=32768"}],"wp:term":[{"taxonomy":"category","embeddable":true,"href":"https:\/\/www.press7.tv\/index.php?rest_route=%2Fwp%2Fv2%2Fcategories&post=32768"},{"taxonomy":"post_tag","embeddable":true,"href":"https:\/\/www.press7.tv\/index.php?rest_route=%2Fwp%2Fv2%2Ftags&post=32768"}],"curies":[{"name":"wp","href":"https:\/\/api.w.org\/{rel}","templated":true}]}}