{"id":32765,"date":"2026-09-03T17:25:50","date_gmt":"2026-09-03T17:25:50","guid":{"rendered":"https:\/\/www.press7.tv\/?p=32765"},"modified":"2026-09-03T17:25:50","modified_gmt":"2026-09-03T17:25:50","slug":"kryeministri-kurti-flet-per-gazetarin-francez-nuk-duam-nje-republike-srpska-te-re-ne-kosove","status":"publish","type":"post","link":"https:\/\/www.press7.tv\/?p=32765","title":{"rendered":"Kryeministri Kurti flet p\u00ebr gazetarin francez: Nuk duam nj\u00eb Republik\u00eb Srpska t\u00eb re n\u00eb Kosov\u00eb"},"content":{"rendered":"\n    <div class=\"xs_social_share_widget xs_share_url before_content \t\tmain_content  wslu-style-2 wslu-share-box-shaped wslu-fill-colored wslu-share-m-5 wslu-none wslu-share-vertical wslu-theme-font-no wslu-main_content\">\n\n\t\t\n        <ul>\n\t\t\t        <\/ul>\n    <\/div> \n<p>Kryeministri i Kosov\u00ebs n\u00eb detyr\u00eb, Albin Kurti, ka kund\u00ebrshtuar s\u00ebrish formimin e Asociacionit t\u00eb Komunave me shumic\u00eb serbe n\u00eb form\u00ebn q\u00eb k\u00ebrkohet nga Beogradi, duke paralajm\u00ebruar se nj\u00eb struktur\u00eb e till\u00eb mund t\u00eb cenonte shtet\u00ebsin\u00eb dhe funksionalitetin e Kosov\u00ebs.<\/p>\n<p>N\u00eb nj\u00eb intervist\u00eb p\u00ebr podcastin gjeopolitik \u201cQuartier G\u00e9n\u00e9ral\u201d, Kurti deklaroi se nuk \u00ebsht\u00eb kund\u00ebr bashk\u00ebpunimit nd\u00ebrmjet komunave, por se nj\u00eb mekaniz\u00ebm i till\u00eb duhet t\u00eb funksionoj\u00eb brenda rendit kushtetues t\u00eb Republik\u00ebs s\u00eb Kosov\u00ebs dhe t\u00eb synoj\u00eb p\u00ebrmir\u00ebsimin e sh\u00ebrbimeve publike.<\/p>\n<p>\u201cNe tashm\u00eb e kemi nj\u00eb asociacion t\u00eb komunave. Por ajo q\u00eb Serbia e quan asociacion, n\u00eb t\u00eb v\u00ebrtet\u00eb nuk \u00ebsht\u00eb p\u00ebr komunitetin serb, por kund\u00ebr pavar\u00ebsis\u00eb s\u00eb Kosov\u00ebs\u201d, tha Kurti.<\/p>\n<p>Sipas tij, Prishtina synon marr\u00ebdh\u00ebnie t\u00eb mira fqinj\u00ebsore dhe normalizim t\u00eb plot\u00eb me Serbin\u00eb, por n\u00eb kuad\u00ebr t\u00eb nj\u00eb procesi q\u00eb p\u00ebrfshin edhe njohjen reciproke.<\/p>\n<p>\u00c7\u00ebshtja e Asociacionit \u00ebsht\u00eb nj\u00eb nga pikat kryesore t\u00eb Marr\u00ebveshjes s\u00eb Brukselit t\u00eb vitit 2013. Formimi i saj \u00ebsht\u00eb k\u00ebrkuar vazhdimisht nga Beogradi, nd\u00ebrsa Prishtina ka refuzuar nj\u00eb asociacion me kompetenca ekzekutive.<\/p>\n<p>Kurti iu referua edhe vendimit t\u00eb Gjykat\u00ebs Kushtetuese t\u00eb Kosov\u00ebs, e cila n\u00eb vitin 2015 konstatoi se parimet e at\u00ebhershme p\u00ebr Asociacionin nuk ishin plot\u00ebsisht n\u00eb p\u00ebrputhje me Kushtetut\u00ebn.<\/p>\n<p>Kryeministri n\u00eb detyr\u00eb argumentoi se problemi, sipas tij, nuk q\u00ebndron te komuniteti serb n\u00eb Kosov\u00eb, por te politika e Beogradit, t\u00eb cil\u00ebn e akuzoi p\u00ebr nj\u00eb \u201cnxitje hegjemoniste\u201d dhe p\u00ebr mospranimin e faktit q\u00eb serb\u00ebt mund t\u00eb jen\u00eb pakic\u00eb n\u00eb shtete t\u00eb tjera.<\/p>\n<p>Prishtina ka paralajm\u00ebruar prej vitesh se nuk do t\u00eb pranoj\u00eb nj\u00eb struktur\u00eb q\u00eb do t\u00eb mund t\u00eb merrte kompetenca t\u00eb ngjashme me ato t\u00eb Republik\u00ebs Srpska n\u00eb Bosnje e Hercegovin\u00eb, duke e konsideruar k\u00ebt\u00eb si rrezik p\u00ebr funksionimin e institucioneve dhe shtet\u00ebsin\u00eb e Kosov\u00ebs.<\/p>\n<p>N\u00eb an\u00ebn tjet\u00ebr, Beogradi e konsideron krijimin e Asociacionit nj\u00eb nga detyrimet kryesore t\u00eb Prishtin\u00ebs q\u00eb rrjedhin nga dialogu i nd\u00ebrmjet\u00ebsuar nga Bashkimi Evropian.<\/p>\n<p>\u00c7\u00ebshtja vazhdon t\u00eb mbetet nj\u00eb nga pengesat m\u00eb t\u00eb m\u00ebdha n\u00eb procesin e normalizimit t\u00eb marr\u00ebdh\u00ebnieve Kosov\u00eb\u2013Serbi. <\/p>\n","protected":false},"excerpt":{"rendered":"<p>Kryeministri i Kosov\u00ebs n\u00eb detyr\u00eb, Albin Kurti, ka kund\u00ebrshtuar s\u00ebrish formimin e Asociacionit t\u00eb Komunave me shumic\u00eb serbe n\u00eb form\u00ebn q\u00eb k\u00ebrkohet nga Beogradi, duke paralajm\u00ebruar se nj\u00eb struktur\u00eb e till\u00eb mund t\u00eb cenonte shtet\u00ebsin\u00eb dhe funksionalitetin e Kosov\u00ebs. N\u00eb nj\u00eb intervist\u00eb p\u00ebr podcastin gjeopolitik \u201cQuartier G\u00e9n\u00e9ral\u201d, Kurti deklaroi se nuk \u00ebsht\u00eb kund\u00ebr bashk\u00ebpunimit nd\u00ebrmjet [&hellip;]<\/p>\n","protected":false},"author":8,"featured_media":32766,"comment_status":"closed","ping_status":"closed","sticky":false,"template":"","format":"standard","meta":{"footnotes":""},"categories":[215,213],"tags":[],"class_list":["post-32765","post","type-post","status-publish","format-standard","has-post-thumbnail","hentry","category-kosove","category-lajme"],"yoast_head":"<!-- This site is optimized with the Yoast SEO plugin v25.1 - https:\/\/yoast.com\/wordpress\/plugins\/seo\/ -->\n<title>Kryeministri Kurti flet p\u00ebr gazetarin francez: Nuk duam nj\u00eb Republik\u00eb Srpska t\u00eb re n\u00eb Kosov\u00eb - press7.tv<\/title>\n<meta name=\"robots\" content=\"index, follow, max-snippet:-1, max-image-preview:large, max-video-preview:-1\" \/>\n<link rel=\"canonical\" href=\"https:\/\/www.press7.tv\/?p=32765\" \/>\n<meta property=\"og:locale\" content=\"en_US\" \/>\n<meta property=\"og:type\" content=\"article\" \/>\n<meta property=\"og:title\" content=\"Kryeministri Kurti flet p\u00ebr gazetarin francez: Nuk duam nj\u00eb Republik\u00eb Srpska t\u00eb re n\u00eb Kosov\u00eb - press7.tv\" \/>\n<meta property=\"og:description\" content=\"Kryeministri i Kosov\u00ebs n\u00eb detyr\u00eb, Albin Kurti, ka kund\u00ebrshtuar s\u00ebrish formimin e Asociacionit t\u00eb Komunave me shumic\u00eb serbe n\u00eb form\u00ebn q\u00eb k\u00ebrkohet nga Beogradi, duke paralajm\u00ebruar se nj\u00eb struktur\u00eb e till\u00eb mund t\u00eb cenonte shtet\u00ebsin\u00eb dhe funksionalitetin e Kosov\u00ebs. N\u00eb nj\u00eb intervist\u00eb p\u00ebr podcastin gjeopolitik \u201cQuartier G\u00e9n\u00e9ral\u201d, Kurti deklaroi se nuk \u00ebsht\u00eb kund\u00ebr bashk\u00ebpunimit nd\u00ebrmjet [&hellip;]\" \/>\n<meta property=\"og:url\" content=\"https:\/\/www.press7.tv\/?p=32765\" \/>\n<meta property=\"og:site_name\" content=\"press7.tv\" \/>\n<meta property=\"article:publisher\" content=\"https:\/\/www.facebook.com\/press7.tv\" \/>\n<meta property=\"article:published_time\" content=\"2026-09-03T17:25:50+00:00\" \/>\n<meta property=\"og:image\" content=\"https:\/\/www.press7.tv\/wp-content\/uploads\/2026\/09\/IMG_5478.avif\" \/>\n\t<meta property=\"og:image:width\" content=\"899\" \/>\n\t<meta property=\"og:image:height\" content=\"500\" \/>\n\t<meta property=\"og:image:type\" content=\"image\/jpeg\" \/>\n<meta name=\"author\" content=\"gazetar2\" \/>\n<meta name=\"twitter:card\" content=\"summary_large_image\" \/>\n<meta name=\"twitter:label1\" content=\"Written by\" \/>\n\t<meta name=\"twitter:data1\" content=\"gazetar2\" \/>\n\t<meta name=\"twitter:label2\" content=\"Est. reading time\" \/>\n\t<meta name=\"twitter:data2\" content=\"1 minute\" \/>\n<script type=\"application\/ld+json\" class=\"yoast-schema-graph\">{\"@context\":\"https:\/\/schema.org\",\"@graph\":[{\"@type\":\"Article\",\"@id\":\"https:\/\/www.press7.tv\/?p=32765#article\",\"isPartOf\":{\"@id\":\"https:\/\/www.press7.tv\/?p=32765\"},\"author\":{\"name\":\"gazetar2\",\"@id\":\"https:\/\/www.news33.tv\/#\/schema\/person\/5a04a38a23ccdba82f9bd665cd8f9efa\"},\"headline\":\"Kryeministri Kurti flet p\u00ebr gazetarin francez: Nuk duam nj\u00eb Republik\u00eb Srpska t\u00eb re n\u00eb Kosov\u00eb\",\"datePublished\":\"2026-09-03T17:25:50+00:00\",\"mainEntityOfPage\":{\"@id\":\"https:\/\/www.press7.tv\/?p=32765\"},\"wordCount\":397,\"publisher\":{\"@id\":\"https:\/\/www.news33.tv\/#organization\"},\"image\":{\"@id\":\"https:\/\/www.press7.tv\/?p=32765#primaryimage\"},\"thumbnailUrl\":\"https:\/\/www.press7.tv\/wp-content\/uploads\/2026\/09\/IMG_5478.avif\",\"articleSection\":[\"Kosov\u00eb\",\"Lajme\"],\"inLanguage\":\"en-US\"},{\"@type\":\"WebPage\",\"@id\":\"https:\/\/www.press7.tv\/?p=32765\",\"url\":\"https:\/\/www.press7.tv\/?p=32765\",\"name\":\"Kryeministri Kurti flet p\u00ebr gazetarin francez: Nuk duam nj\u00eb Republik\u00eb Srpska t\u00eb re n\u00eb Kosov\u00eb - press7.tv\",\"isPartOf\":{\"@id\":\"https:\/\/www.news33.tv\/#website\"},\"primaryImageOfPage\":{\"@id\":\"https:\/\/www.press7.tv\/?p=32765#primaryimage\"},\"image\":{\"@id\":\"https:\/\/www.press7.tv\/?p=32765#primaryimage\"},\"thumbnailUrl\":\"https:\/\/www.press7.tv\/wp-content\/uploads\/2026\/09\/IMG_5478.avif\",\"datePublished\":\"2026-09-03T17:25:50+00:00\",\"breadcrumb\":{\"@id\":\"https:\/\/www.press7.tv\/?p=32765#breadcrumb\"},\"inLanguage\":\"en-US\",\"potentialAction\":[{\"@type\":\"ReadAction\",\"target\":[\"https:\/\/www.press7.tv\/?p=32765\"]}]},{\"@type\":\"ImageObject\",\"inLanguage\":\"en-US\",\"@id\":\"https:\/\/www.press7.tv\/?p=32765#primaryimage\",\"url\":\"https:\/\/www.press7.tv\/wp-content\/uploads\/2026\/09\/IMG_5478.avif\",\"contentUrl\":\"https:\/\/www.press7.tv\/wp-content\/uploads\/2026\/09\/IMG_5478.avif\",\"width\":899,\"height\":500},{\"@type\":\"BreadcrumbList\",\"@id\":\"https:\/\/www.press7.tv\/?p=32765#breadcrumb\",\"itemListElement\":[{\"@type\":\"ListItem\",\"position\":1,\"name\":\"Home\",\"item\":\"https:\/\/www.press7.tv\/\"},{\"@type\":\"ListItem\",\"position\":2,\"name\":\"Kryeministri Kurti flet p\u00ebr gazetarin francez: Nuk duam nj\u00eb Republik\u00eb Srpska t\u00eb re n\u00eb Kosov\u00eb\"}]},{\"@type\":\"WebSite\",\"@id\":\"https:\/\/www.news33.tv\/#website\",\"url\":\"https:\/\/www.news33.tv\/\",\"name\":\"News33.tv Media\",\"description\":\"Media\",\"publisher\":{\"@id\":\"https:\/\/www.news33.tv\/#organization\"},\"potentialAction\":[{\"@type\":\"SearchAction\",\"target\":{\"@type\":\"EntryPoint\",\"urlTemplate\":\"https:\/\/www.news33.tv\/?s={search_term_string}\"},\"query-input\":{\"@type\":\"PropertyValueSpecification\",\"valueRequired\":true,\"valueName\":\"search_term_string\"}}],\"inLanguage\":\"en-US\"},{\"@type\":\"Organization\",\"@id\":\"https:\/\/www.news33.tv\/#organization\",\"name\":\"News33.tv Media\",\"url\":\"https:\/\/www.news33.tv\/\",\"logo\":{\"@type\":\"ImageObject\",\"inLanguage\":\"en-US\",\"@id\":\"https:\/\/www.news33.tv\/#\/schema\/logo\/image\/\",\"url\":\"https:\/\/www.press7.tv\/wp-content\/uploads\/2024\/02\/logo-news33-black.png\",\"contentUrl\":\"https:\/\/www.press7.tv\/wp-content\/uploads\/2024\/02\/logo-news33-black.png\",\"width\":180,\"height\":37,\"caption\":\"News33.tv Media\"},\"image\":{\"@id\":\"https:\/\/www.news33.tv\/#\/schema\/logo\/image\/\"},\"sameAs\":[\"https:\/\/www.facebook.com\/press7.tv\"]},{\"@type\":\"Person\",\"@id\":\"https:\/\/www.news33.tv\/#\/schema\/person\/5a04a38a23ccdba82f9bd665cd8f9efa\",\"name\":\"gazetar2\",\"image\":{\"@type\":\"ImageObject\",\"inLanguage\":\"en-US\",\"@id\":\"https:\/\/www.news33.tv\/#\/schema\/person\/image\/\",\"url\":\"https:\/\/www.press7.tv\/wp-content\/litespeed\/avatar\/41975e402c3049d9ddb03adca8f7a883.jpg?ver=1788056178\",\"contentUrl\":\"https:\/\/www.press7.tv\/wp-content\/litespeed\/avatar\/41975e402c3049d9ddb03adca8f7a883.jpg?ver=1788056178\",\"caption\":\"gazetar2\"},\"url\":\"https:\/\/www.press7.tv\/?author=8\"}]}<\/script>\n<!-- \/ Yoast SEO plugin. -->","yoast_head_json":{"title":"Kryeministri Kurti flet p\u00ebr gazetarin francez: Nuk duam nj\u00eb Republik\u00eb Srpska t\u00eb re n\u00eb Kosov\u00eb - press7.tv","robots":{"index":"index","follow":"follow","max-snippet":"max-snippet:-1","max-image-preview":"max-image-preview:large","max-video-preview":"max-video-preview:-1"},"canonical":"https:\/\/www.press7.tv\/?p=32765","og_locale":"en_US","og_type":"article","og_title":"Kryeministri Kurti flet p\u00ebr gazetarin francez: Nuk duam nj\u00eb Republik\u00eb Srpska t\u00eb re n\u00eb Kosov\u00eb - press7.tv","og_description":"Kryeministri i Kosov\u00ebs n\u00eb detyr\u00eb, Albin Kurti, ka kund\u00ebrshtuar s\u00ebrish formimin e Asociacionit t\u00eb Komunave me shumic\u00eb serbe n\u00eb form\u00ebn q\u00eb k\u00ebrkohet nga Beogradi, duke paralajm\u00ebruar se nj\u00eb struktur\u00eb e till\u00eb mund t\u00eb cenonte shtet\u00ebsin\u00eb dhe funksionalitetin e Kosov\u00ebs. N\u00eb nj\u00eb intervist\u00eb p\u00ebr podcastin gjeopolitik \u201cQuartier G\u00e9n\u00e9ral\u201d, Kurti deklaroi se nuk \u00ebsht\u00eb kund\u00ebr bashk\u00ebpunimit nd\u00ebrmjet [&hellip;]","og_url":"https:\/\/www.press7.tv\/?p=32765","og_site_name":"press7.tv","article_publisher":"https:\/\/www.facebook.com\/press7.tv","article_published_time":"2026-09-03T17:25:50+00:00","og_image":[{"width":899,"height":500,"url":"https:\/\/www.press7.tv\/wp-content\/uploads\/2026\/09\/IMG_5478.avif","type":"image\/jpeg"}],"author":"gazetar2","twitter_card":"summary_large_image","twitter_misc":{"Written by":"gazetar2","Est. reading time":"1 minute"},"schema":{"@context":"https:\/\/schema.org","@graph":[{"@type":"Article","@id":"https:\/\/www.press7.tv\/?p=32765#article","isPartOf":{"@id":"https:\/\/www.press7.tv\/?p=32765"},"author":{"name":"gazetar2","@id":"https:\/\/www.news33.tv\/#\/schema\/person\/5a04a38a23ccdba82f9bd665cd8f9efa"},"headline":"Kryeministri Kurti flet p\u00ebr gazetarin francez: Nuk duam nj\u00eb Republik\u00eb Srpska t\u00eb re n\u00eb Kosov\u00eb","datePublished":"2026-09-03T17:25:50+00:00","mainEntityOfPage":{"@id":"https:\/\/www.press7.tv\/?p=32765"},"wordCount":397,"publisher":{"@id":"https:\/\/www.news33.tv\/#organization"},"image":{"@id":"https:\/\/www.press7.tv\/?p=32765#primaryimage"},"thumbnailUrl":"https:\/\/www.press7.tv\/wp-content\/uploads\/2026\/09\/IMG_5478.avif","articleSection":["Kosov\u00eb","Lajme"],"inLanguage":"en-US"},{"@type":"WebPage","@id":"https:\/\/www.press7.tv\/?p=32765","url":"https:\/\/www.press7.tv\/?p=32765","name":"Kryeministri Kurti flet p\u00ebr gazetarin francez: Nuk duam nj\u00eb Republik\u00eb Srpska t\u00eb re n\u00eb Kosov\u00eb - press7.tv","isPartOf":{"@id":"https:\/\/www.news33.tv\/#website"},"primaryImageOfPage":{"@id":"https:\/\/www.press7.tv\/?p=32765#primaryimage"},"image":{"@id":"https:\/\/www.press7.tv\/?p=32765#primaryimage"},"thumbnailUrl":"https:\/\/www.press7.tv\/wp-content\/uploads\/2026\/09\/IMG_5478.avif","datePublished":"2026-09-03T17:25:50+00:00","breadcrumb":{"@id":"https:\/\/www.press7.tv\/?p=32765#breadcrumb"},"inLanguage":"en-US","potentialAction":[{"@type":"ReadAction","target":["https:\/\/www.press7.tv\/?p=32765"]}]},{"@type":"ImageObject","inLanguage":"en-US","@id":"https:\/\/www.press7.tv\/?p=32765#primaryimage","url":"https:\/\/www.press7.tv\/wp-content\/uploads\/2026\/09\/IMG_5478.avif","contentUrl":"https:\/\/www.press7.tv\/wp-content\/uploads\/2026\/09\/IMG_5478.avif","width":899,"height":500},{"@type":"BreadcrumbList","@id":"https:\/\/www.press7.tv\/?p=32765#breadcrumb","itemListElement":[{"@type":"ListItem","position":1,"name":"Home","item":"https:\/\/www.press7.tv\/"},{"@type":"ListItem","position":2,"name":"Kryeministri Kurti flet p\u00ebr gazetarin francez: Nuk duam nj\u00eb Republik\u00eb Srpska t\u00eb re n\u00eb Kosov\u00eb"}]},{"@type":"WebSite","@id":"https:\/\/www.news33.tv\/#website","url":"https:\/\/www.news33.tv\/","name":"News33.tv Media","description":"Media","publisher":{"@id":"https:\/\/www.news33.tv\/#organization"},"potentialAction":[{"@type":"SearchAction","target":{"@type":"EntryPoint","urlTemplate":"https:\/\/www.news33.tv\/?s={search_term_string}"},"query-input":{"@type":"PropertyValueSpecification","valueRequired":true,"valueName":"search_term_string"}}],"inLanguage":"en-US"},{"@type":"Organization","@id":"https:\/\/www.news33.tv\/#organization","name":"News33.tv Media","url":"https:\/\/www.news33.tv\/","logo":{"@type":"ImageObject","inLanguage":"en-US","@id":"https:\/\/www.news33.tv\/#\/schema\/logo\/image\/","url":"https:\/\/www.press7.tv\/wp-content\/uploads\/2024\/02\/logo-news33-black.png","contentUrl":"https:\/\/www.press7.tv\/wp-content\/uploads\/2024\/02\/logo-news33-black.png","width":180,"height":37,"caption":"News33.tv Media"},"image":{"@id":"https:\/\/www.news33.tv\/#\/schema\/logo\/image\/"},"sameAs":["https:\/\/www.facebook.com\/press7.tv"]},{"@type":"Person","@id":"https:\/\/www.news33.tv\/#\/schema\/person\/5a04a38a23ccdba82f9bd665cd8f9efa","name":"gazetar2","image":{"@type":"ImageObject","inLanguage":"en-US","@id":"https:\/\/www.news33.tv\/#\/schema\/person\/image\/","url":"https:\/\/www.press7.tv\/wp-content\/litespeed\/avatar\/41975e402c3049d9ddb03adca8f7a883.jpg?ver=1788056178","contentUrl":"https:\/\/www.press7.tv\/wp-content\/litespeed\/avatar\/41975e402c3049d9ddb03adca8f7a883.jpg?ver=1788056178","caption":"gazetar2"},"url":"https:\/\/www.press7.tv\/?author=8"}]}},"amp_enabled":true,"_links":{"self":[{"href":"https:\/\/www.press7.tv\/index.php?rest_route=\/wp\/v2\/posts\/32765","targetHints":{"allow":["GET"]}}],"collection":[{"href":"https:\/\/www.press7.tv\/index.php?rest_route=\/wp\/v2\/posts"}],"about":[{"href":"https:\/\/www.press7.tv\/index.php?rest_route=\/wp\/v2\/types\/post"}],"author":[{"embeddable":true,"href":"https:\/\/www.press7.tv\/index.php?rest_route=\/wp\/v2\/users\/8"}],"replies":[{"embeddable":true,"href":"https:\/\/www.press7.tv\/index.php?rest_route=%2Fwp%2Fv2%2Fcomments&post=32765"}],"version-history":[{"count":1,"href":"https:\/\/www.press7.tv\/index.php?rest_route=\/wp\/v2\/posts\/32765\/revisions"}],"predecessor-version":[{"id":32767,"href":"https:\/\/www.press7.tv\/index.php?rest_route=\/wp\/v2\/posts\/32765\/revisions\/32767"}],"wp:featuredmedia":[{"embeddable":true,"href":"https:\/\/www.press7.tv\/index.php?rest_route=\/wp\/v2\/media\/32766"}],"wp:attachment":[{"href":"https:\/\/www.press7.tv\/index.php?rest_route=%2Fwp%2Fv2%2Fmedia&parent=32765"}],"wp:term":[{"taxonomy":"category","embeddable":true,"href":"https:\/\/www.press7.tv\/index.php?rest_route=%2Fwp%2Fv2%2Fcategories&post=32765"},{"taxonomy":"post_tag","embeddable":true,"href":"https:\/\/www.press7.tv\/index.php?rest_route=%2Fwp%2Fv2%2Ftags&post=32765"}],"curies":[{"name":"wp","href":"https:\/\/api.w.org\/{rel}","templated":true}]}}