{"id":32759,"date":"2026-09-03T13:33:07","date_gmt":"2026-09-03T13:33:07","guid":{"rendered":"https:\/\/www.press7.tv\/?p=32759"},"modified":"2026-09-03T13:33:07","modified_gmt":"2026-09-03T13:33:07","slug":"9-medalje-per-kosoven-me-atletiken-mbyllen-garat-ne-lojerat-mesdhetare","status":"publish","type":"post","link":"https:\/\/www.press7.tv\/?p=32759","title":{"rendered":"9 medalje p\u00ebr Kosov\u00ebn: Me atletik\u00ebn mbyllen garat n\u00eb Loj\u00ebrat Mesdhetare"},"content":{"rendered":"\n    <div class=\"xs_social_share_widget xs_share_url before_content \t\tmain_content  wslu-style-2 wslu-share-box-shaped wslu-fill-colored wslu-share-m-5 wslu-none wslu-share-vertical wslu-theme-font-no wslu-main_content\">\n\n\t\t\n        <ul>\n\t\t\t        <\/ul>\n    <\/div> \n<p>Me garat e atletik\u00ebs kan\u00eb p\u00ebrfunduar edhe paraqitjet e ekipit t\u00eb Kosov\u00ebs n\u00eb k\u00ebt\u00eb sport n\u00eb kuad\u00ebr t\u00eb Loj\u00ebrave Mesdhetare Taranto 2026.<\/p>\n<p>Atletja kosovare Gresa Bakraqi garoi n\u00eb gjysm\u00ebmaraton\u00ebn 21 kilometra, por nuk arriti ta p\u00ebrfundoj\u00eb gar\u00ebn, pasi sipas KOK, p\u00ebsoi l\u00ebndim gjat\u00eb nj\u00eb p\u00ebrplasjeje me nj\u00eb garuese tjet\u00ebr.<\/p>\n<p>N\u00eb disiplin\u00ebn e hedhjes s\u00eb gjyl\u00ebs, Muhamet Ramadani u rendit n\u00eb vendin e 10-t\u00eb, me rezultat 18.72 metra.<\/p>\n<p>Nd\u00ebrkoh\u00eb, Leon Thaqi garoi n\u00eb disiplin\u00ebn e 800 metrave, duke e p\u00ebrfunduar gar\u00ebn n\u00eb vendin e 15-t\u00eb, me koh\u00eb 1:49.80.<\/p>\n<p>Atleti tjet\u00ebr kosovar, Eris Avdullahu, nuk u paraqit n\u00eb gar\u00eb p\u00ebr shkak t\u00eb l\u00ebndimit.<\/p>\n<p>Gjat\u00eb k\u00ebsaj periudhe, Kosova rr\u00ebmbeu plot n\u00ebnt\u00eb medalje.<\/p>\n","protected":false},"excerpt":{"rendered":"<p>Me garat e atletik\u00ebs kan\u00eb p\u00ebrfunduar edhe paraqitjet e ekipit t\u00eb Kosov\u00ebs n\u00eb k\u00ebt\u00eb sport n\u00eb kuad\u00ebr t\u00eb Loj\u00ebrave Mesdhetare Taranto 2026. Atletja kosovare Gresa Bakraqi garoi n\u00eb gjysm\u00ebmaraton\u00ebn 21 kilometra, por nuk arriti ta p\u00ebrfundoj\u00eb gar\u00ebn, pasi sipas KOK, p\u00ebsoi l\u00ebndim gjat\u00eb nj\u00eb p\u00ebrplasjeje me nj\u00eb garuese tjet\u00ebr. N\u00eb disiplin\u00ebn e hedhjes s\u00eb gjyl\u00ebs, [&hellip;]<\/p>\n","protected":false},"author":8,"featured_media":32760,"comment_status":"closed","ping_status":"closed","sticky":false,"template":"","format":"standard","meta":{"footnotes":""},"categories":[226],"tags":[],"class_list":["post-32759","post","type-post","status-publish","format-standard","has-post-thumbnail","hentry","category-sport"],"yoast_head":"<!-- This site is optimized with the Yoast SEO plugin v25.1 - https:\/\/yoast.com\/wordpress\/plugins\/seo\/ -->\n<title>9 medalje p\u00ebr Kosov\u00ebn: Me atletik\u00ebn mbyllen garat n\u00eb Loj\u00ebrat Mesdhetare - press7.tv<\/title>\n<meta name=\"robots\" content=\"index, follow, max-snippet:-1, max-image-preview:large, max-video-preview:-1\" \/>\n<link rel=\"canonical\" href=\"https:\/\/www.press7.tv\/?p=32759\" \/>\n<meta property=\"og:locale\" content=\"en_US\" \/>\n<meta property=\"og:type\" content=\"article\" \/>\n<meta property=\"og:title\" content=\"9 medalje p\u00ebr Kosov\u00ebn: Me atletik\u00ebn mbyllen garat n\u00eb Loj\u00ebrat Mesdhetare - press7.tv\" \/>\n<meta property=\"og:description\" content=\"Me garat e atletik\u00ebs kan\u00eb p\u00ebrfunduar edhe paraqitjet e ekipit t\u00eb Kosov\u00ebs n\u00eb k\u00ebt\u00eb sport n\u00eb kuad\u00ebr t\u00eb Loj\u00ebrave Mesdhetare Taranto 2026. Atletja kosovare Gresa Bakraqi garoi n\u00eb gjysm\u00ebmaraton\u00ebn 21 kilometra, por nuk arriti ta p\u00ebrfundoj\u00eb gar\u00ebn, pasi sipas KOK, p\u00ebsoi l\u00ebndim gjat\u00eb nj\u00eb p\u00ebrplasjeje me nj\u00eb garuese tjet\u00ebr. N\u00eb disiplin\u00ebn e hedhjes s\u00eb gjyl\u00ebs, [&hellip;]\" \/>\n<meta property=\"og:url\" content=\"https:\/\/www.press7.tv\/?p=32759\" \/>\n<meta property=\"og:site_name\" content=\"press7.tv\" \/>\n<meta property=\"article:publisher\" content=\"https:\/\/www.facebook.com\/press7.tv\" \/>\n<meta property=\"article:published_time\" content=\"2026-09-03T13:33:07+00:00\" \/>\n<meta property=\"og:image\" content=\"https:\/\/www.press7.tv\/wp-content\/uploads\/2026\/09\/IMG_5473.avif\" \/>\n\t<meta property=\"og:image:width\" content=\"899\" \/>\n\t<meta property=\"og:image:height\" content=\"500\" \/>\n\t<meta property=\"og:image:type\" content=\"image\/jpeg\" \/>\n<meta name=\"author\" content=\"gazetar2\" \/>\n<meta name=\"twitter:card\" content=\"summary_large_image\" \/>\n<meta name=\"twitter:label1\" content=\"Written by\" \/>\n\t<meta name=\"twitter:data1\" content=\"gazetar2\" \/>\n\t<meta name=\"twitter:label2\" content=\"Est. reading time\" \/>\n\t<meta name=\"twitter:data2\" content=\"1 minute\" \/>\n<script type=\"application\/ld+json\" class=\"yoast-schema-graph\">{\"@context\":\"https:\/\/schema.org\",\"@graph\":[{\"@type\":\"Article\",\"@id\":\"https:\/\/www.press7.tv\/?p=32759#article\",\"isPartOf\":{\"@id\":\"https:\/\/www.press7.tv\/?p=32759\"},\"author\":{\"name\":\"gazetar2\",\"@id\":\"https:\/\/www.news33.tv\/#\/schema\/person\/5a04a38a23ccdba82f9bd665cd8f9efa\"},\"headline\":\"9 medalje p\u00ebr Kosov\u00ebn: Me atletik\u00ebn mbyllen garat n\u00eb Loj\u00ebrat Mesdhetare\",\"datePublished\":\"2026-09-03T13:33:07+00:00\",\"mainEntityOfPage\":{\"@id\":\"https:\/\/www.press7.tv\/?p=32759\"},\"wordCount\":144,\"publisher\":{\"@id\":\"https:\/\/www.news33.tv\/#organization\"},\"image\":{\"@id\":\"https:\/\/www.press7.tv\/?p=32759#primaryimage\"},\"thumbnailUrl\":\"https:\/\/www.press7.tv\/wp-content\/uploads\/2026\/09\/IMG_5473.avif\",\"articleSection\":[\"Sport\"],\"inLanguage\":\"en-US\"},{\"@type\":\"WebPage\",\"@id\":\"https:\/\/www.press7.tv\/?p=32759\",\"url\":\"https:\/\/www.press7.tv\/?p=32759\",\"name\":\"9 medalje p\u00ebr Kosov\u00ebn: Me atletik\u00ebn mbyllen garat n\u00eb Loj\u00ebrat Mesdhetare - press7.tv\",\"isPartOf\":{\"@id\":\"https:\/\/www.news33.tv\/#website\"},\"primaryImageOfPage\":{\"@id\":\"https:\/\/www.press7.tv\/?p=32759#primaryimage\"},\"image\":{\"@id\":\"https:\/\/www.press7.tv\/?p=32759#primaryimage\"},\"thumbnailUrl\":\"https:\/\/www.press7.tv\/wp-content\/uploads\/2026\/09\/IMG_5473.avif\",\"datePublished\":\"2026-09-03T13:33:07+00:00\",\"breadcrumb\":{\"@id\":\"https:\/\/www.press7.tv\/?p=32759#breadcrumb\"},\"inLanguage\":\"en-US\",\"potentialAction\":[{\"@type\":\"ReadAction\",\"target\":[\"https:\/\/www.press7.tv\/?p=32759\"]}]},{\"@type\":\"ImageObject\",\"inLanguage\":\"en-US\",\"@id\":\"https:\/\/www.press7.tv\/?p=32759#primaryimage\",\"url\":\"https:\/\/www.press7.tv\/wp-content\/uploads\/2026\/09\/IMG_5473.avif\",\"contentUrl\":\"https:\/\/www.press7.tv\/wp-content\/uploads\/2026\/09\/IMG_5473.avif\",\"width\":899,\"height\":500},{\"@type\":\"BreadcrumbList\",\"@id\":\"https:\/\/www.press7.tv\/?p=32759#breadcrumb\",\"itemListElement\":[{\"@type\":\"ListItem\",\"position\":1,\"name\":\"Home\",\"item\":\"https:\/\/www.press7.tv\/\"},{\"@type\":\"ListItem\",\"position\":2,\"name\":\"9 medalje p\u00ebr Kosov\u00ebn: Me atletik\u00ebn mbyllen garat n\u00eb Loj\u00ebrat Mesdhetare\"}]},{\"@type\":\"WebSite\",\"@id\":\"https:\/\/www.news33.tv\/#website\",\"url\":\"https:\/\/www.news33.tv\/\",\"name\":\"News33.tv Media\",\"description\":\"Media\",\"publisher\":{\"@id\":\"https:\/\/www.news33.tv\/#organization\"},\"potentialAction\":[{\"@type\":\"SearchAction\",\"target\":{\"@type\":\"EntryPoint\",\"urlTemplate\":\"https:\/\/www.news33.tv\/?s={search_term_string}\"},\"query-input\":{\"@type\":\"PropertyValueSpecification\",\"valueRequired\":true,\"valueName\":\"search_term_string\"}}],\"inLanguage\":\"en-US\"},{\"@type\":\"Organization\",\"@id\":\"https:\/\/www.news33.tv\/#organization\",\"name\":\"News33.tv Media\",\"url\":\"https:\/\/www.news33.tv\/\",\"logo\":{\"@type\":\"ImageObject\",\"inLanguage\":\"en-US\",\"@id\":\"https:\/\/www.news33.tv\/#\/schema\/logo\/image\/\",\"url\":\"https:\/\/www.press7.tv\/wp-content\/uploads\/2024\/02\/logo-news33-black.png\",\"contentUrl\":\"https:\/\/www.press7.tv\/wp-content\/uploads\/2024\/02\/logo-news33-black.png\",\"width\":180,\"height\":37,\"caption\":\"News33.tv Media\"},\"image\":{\"@id\":\"https:\/\/www.news33.tv\/#\/schema\/logo\/image\/\"},\"sameAs\":[\"https:\/\/www.facebook.com\/press7.tv\"]},{\"@type\":\"Person\",\"@id\":\"https:\/\/www.news33.tv\/#\/schema\/person\/5a04a38a23ccdba82f9bd665cd8f9efa\",\"name\":\"gazetar2\",\"image\":{\"@type\":\"ImageObject\",\"inLanguage\":\"en-US\",\"@id\":\"https:\/\/www.news33.tv\/#\/schema\/person\/image\/\",\"url\":\"https:\/\/www.press7.tv\/wp-content\/litespeed\/avatar\/41975e402c3049d9ddb03adca8f7a883.jpg?ver=1788056178\",\"contentUrl\":\"https:\/\/www.press7.tv\/wp-content\/litespeed\/avatar\/41975e402c3049d9ddb03adca8f7a883.jpg?ver=1788056178\",\"caption\":\"gazetar2\"},\"url\":\"https:\/\/www.press7.tv\/?author=8\"}]}<\/script>\n<!-- \/ Yoast SEO plugin. -->","yoast_head_json":{"title":"9 medalje p\u00ebr Kosov\u00ebn: Me atletik\u00ebn mbyllen garat n\u00eb Loj\u00ebrat Mesdhetare - press7.tv","robots":{"index":"index","follow":"follow","max-snippet":"max-snippet:-1","max-image-preview":"max-image-preview:large","max-video-preview":"max-video-preview:-1"},"canonical":"https:\/\/www.press7.tv\/?p=32759","og_locale":"en_US","og_type":"article","og_title":"9 medalje p\u00ebr Kosov\u00ebn: Me atletik\u00ebn mbyllen garat n\u00eb Loj\u00ebrat Mesdhetare - press7.tv","og_description":"Me garat e atletik\u00ebs kan\u00eb p\u00ebrfunduar edhe paraqitjet e ekipit t\u00eb Kosov\u00ebs n\u00eb k\u00ebt\u00eb sport n\u00eb kuad\u00ebr t\u00eb Loj\u00ebrave Mesdhetare Taranto 2026. Atletja kosovare Gresa Bakraqi garoi n\u00eb gjysm\u00ebmaraton\u00ebn 21 kilometra, por nuk arriti ta p\u00ebrfundoj\u00eb gar\u00ebn, pasi sipas KOK, p\u00ebsoi l\u00ebndim gjat\u00eb nj\u00eb p\u00ebrplasjeje me nj\u00eb garuese tjet\u00ebr. N\u00eb disiplin\u00ebn e hedhjes s\u00eb gjyl\u00ebs, [&hellip;]","og_url":"https:\/\/www.press7.tv\/?p=32759","og_site_name":"press7.tv","article_publisher":"https:\/\/www.facebook.com\/press7.tv","article_published_time":"2026-09-03T13:33:07+00:00","og_image":[{"width":899,"height":500,"url":"https:\/\/www.press7.tv\/wp-content\/uploads\/2026\/09\/IMG_5473.avif","type":"image\/jpeg"}],"author":"gazetar2","twitter_card":"summary_large_image","twitter_misc":{"Written by":"gazetar2","Est. reading time":"1 minute"},"schema":{"@context":"https:\/\/schema.org","@graph":[{"@type":"Article","@id":"https:\/\/www.press7.tv\/?p=32759#article","isPartOf":{"@id":"https:\/\/www.press7.tv\/?p=32759"},"author":{"name":"gazetar2","@id":"https:\/\/www.news33.tv\/#\/schema\/person\/5a04a38a23ccdba82f9bd665cd8f9efa"},"headline":"9 medalje p\u00ebr Kosov\u00ebn: Me atletik\u00ebn mbyllen garat n\u00eb Loj\u00ebrat Mesdhetare","datePublished":"2026-09-03T13:33:07+00:00","mainEntityOfPage":{"@id":"https:\/\/www.press7.tv\/?p=32759"},"wordCount":144,"publisher":{"@id":"https:\/\/www.news33.tv\/#organization"},"image":{"@id":"https:\/\/www.press7.tv\/?p=32759#primaryimage"},"thumbnailUrl":"https:\/\/www.press7.tv\/wp-content\/uploads\/2026\/09\/IMG_5473.avif","articleSection":["Sport"],"inLanguage":"en-US"},{"@type":"WebPage","@id":"https:\/\/www.press7.tv\/?p=32759","url":"https:\/\/www.press7.tv\/?p=32759","name":"9 medalje p\u00ebr Kosov\u00ebn: Me atletik\u00ebn mbyllen garat n\u00eb Loj\u00ebrat Mesdhetare - press7.tv","isPartOf":{"@id":"https:\/\/www.news33.tv\/#website"},"primaryImageOfPage":{"@id":"https:\/\/www.press7.tv\/?p=32759#primaryimage"},"image":{"@id":"https:\/\/www.press7.tv\/?p=32759#primaryimage"},"thumbnailUrl":"https:\/\/www.press7.tv\/wp-content\/uploads\/2026\/09\/IMG_5473.avif","datePublished":"2026-09-03T13:33:07+00:00","breadcrumb":{"@id":"https:\/\/www.press7.tv\/?p=32759#breadcrumb"},"inLanguage":"en-US","potentialAction":[{"@type":"ReadAction","target":["https:\/\/www.press7.tv\/?p=32759"]}]},{"@type":"ImageObject","inLanguage":"en-US","@id":"https:\/\/www.press7.tv\/?p=32759#primaryimage","url":"https:\/\/www.press7.tv\/wp-content\/uploads\/2026\/09\/IMG_5473.avif","contentUrl":"https:\/\/www.press7.tv\/wp-content\/uploads\/2026\/09\/IMG_5473.avif","width":899,"height":500},{"@type":"BreadcrumbList","@id":"https:\/\/www.press7.tv\/?p=32759#breadcrumb","itemListElement":[{"@type":"ListItem","position":1,"name":"Home","item":"https:\/\/www.press7.tv\/"},{"@type":"ListItem","position":2,"name":"9 medalje p\u00ebr Kosov\u00ebn: Me atletik\u00ebn mbyllen garat n\u00eb Loj\u00ebrat Mesdhetare"}]},{"@type":"WebSite","@id":"https:\/\/www.news33.tv\/#website","url":"https:\/\/www.news33.tv\/","name":"News33.tv Media","description":"Media","publisher":{"@id":"https:\/\/www.news33.tv\/#organization"},"potentialAction":[{"@type":"SearchAction","target":{"@type":"EntryPoint","urlTemplate":"https:\/\/www.news33.tv\/?s={search_term_string}"},"query-input":{"@type":"PropertyValueSpecification","valueRequired":true,"valueName":"search_term_string"}}],"inLanguage":"en-US"},{"@type":"Organization","@id":"https:\/\/www.news33.tv\/#organization","name":"News33.tv Media","url":"https:\/\/www.news33.tv\/","logo":{"@type":"ImageObject","inLanguage":"en-US","@id":"https:\/\/www.news33.tv\/#\/schema\/logo\/image\/","url":"https:\/\/www.press7.tv\/wp-content\/uploads\/2024\/02\/logo-news33-black.png","contentUrl":"https:\/\/www.press7.tv\/wp-content\/uploads\/2024\/02\/logo-news33-black.png","width":180,"height":37,"caption":"News33.tv Media"},"image":{"@id":"https:\/\/www.news33.tv\/#\/schema\/logo\/image\/"},"sameAs":["https:\/\/www.facebook.com\/press7.tv"]},{"@type":"Person","@id":"https:\/\/www.news33.tv\/#\/schema\/person\/5a04a38a23ccdba82f9bd665cd8f9efa","name":"gazetar2","image":{"@type":"ImageObject","inLanguage":"en-US","@id":"https:\/\/www.news33.tv\/#\/schema\/person\/image\/","url":"https:\/\/www.press7.tv\/wp-content\/litespeed\/avatar\/41975e402c3049d9ddb03adca8f7a883.jpg?ver=1788056178","contentUrl":"https:\/\/www.press7.tv\/wp-content\/litespeed\/avatar\/41975e402c3049d9ddb03adca8f7a883.jpg?ver=1788056178","caption":"gazetar2"},"url":"https:\/\/www.press7.tv\/?author=8"}]}},"amp_enabled":true,"_links":{"self":[{"href":"https:\/\/www.press7.tv\/index.php?rest_route=\/wp\/v2\/posts\/32759","targetHints":{"allow":["GET"]}}],"collection":[{"href":"https:\/\/www.press7.tv\/index.php?rest_route=\/wp\/v2\/posts"}],"about":[{"href":"https:\/\/www.press7.tv\/index.php?rest_route=\/wp\/v2\/types\/post"}],"author":[{"embeddable":true,"href":"https:\/\/www.press7.tv\/index.php?rest_route=\/wp\/v2\/users\/8"}],"replies":[{"embeddable":true,"href":"https:\/\/www.press7.tv\/index.php?rest_route=%2Fwp%2Fv2%2Fcomments&post=32759"}],"version-history":[{"count":1,"href":"https:\/\/www.press7.tv\/index.php?rest_route=\/wp\/v2\/posts\/32759\/revisions"}],"predecessor-version":[{"id":32761,"href":"https:\/\/www.press7.tv\/index.php?rest_route=\/wp\/v2\/posts\/32759\/revisions\/32761"}],"wp:featuredmedia":[{"embeddable":true,"href":"https:\/\/www.press7.tv\/index.php?rest_route=\/wp\/v2\/media\/32760"}],"wp:attachment":[{"href":"https:\/\/www.press7.tv\/index.php?rest_route=%2Fwp%2Fv2%2Fmedia&parent=32759"}],"wp:term":[{"taxonomy":"category","embeddable":true,"href":"https:\/\/www.press7.tv\/index.php?rest_route=%2Fwp%2Fv2%2Fcategories&post=32759"},{"taxonomy":"post_tag","embeddable":true,"href":"https:\/\/www.press7.tv\/index.php?rest_route=%2Fwp%2Fv2%2Ftags&post=32759"}],"curies":[{"name":"wp","href":"https:\/\/api.w.org\/{rel}","templated":true}]}}