{"id":32755,"date":"2026-09-03T09:10:51","date_gmt":"2026-09-03T09:10:51","guid":{"rendered":"https:\/\/www.press7.tv\/?p=32755"},"modified":"2026-09-03T09:10:51","modified_gmt":"2026-09-03T09:10:51","slug":"kurti-marreveshja-politike-ka-marre-goditje-te-rende-por-nuk-eshte-zhvleresuar","status":"publish","type":"post","link":"https:\/\/www.press7.tv\/?p=32755","title":{"rendered":"Kurti: Marr\u00ebveshja politike ka marr\u00eb \u2018goditje t\u00eb r\u00ebnd\u00eb\u2019, por nuk \u00ebsht\u00eb zhvler\u00ebsuar"},"content":{"rendered":"\n    <div class=\"xs_social_share_widget xs_share_url before_content \t\tmain_content  wslu-style-2 wslu-share-box-shaped wslu-fill-colored wslu-share-m-5 wslu-none wslu-share-vertical wslu-theme-font-no wslu-main_content\">\n\n\t\t\n        <ul>\n\t\t\t        <\/ul>\n    <\/div> \n<p>Kryeministri n\u00eb detyr\u00eb i Kosov\u00ebs, Albin Kurti, ka deklaruar se marr\u00ebveshja politike e arritur me Lidhjen Demokratike t\u00eb Kosov\u00ebs ka marr\u00eb nj\u00eb \u201cgoditje t\u00eb r\u00ebnd\u00eb\u201d, por, sipas tij, ajo ende nuk \u00ebsht\u00eb zhvler\u00ebsuar. Gjithashtu, shtoi se evitimi i zgjedhjeve b\u00ebhet kur t\u00eb votohet Bekim Sejdiu.<\/p>\n<p>I pyetur n\u00ebse do t\u00eb ket\u00eb bisedime t\u00eb reja me kryetarin e LDK-s\u00eb, Kurti tha se marr\u00ebveshja p\u00ebrb\u00ebn nj\u00eb sukses t\u00eb dy subjekteve politike dhe se ende ekziston mund\u00ebsia p\u00ebr shmangien e zgjedhjeve dhe forcimin e institucioneve.<\/p>\n<p>\u201cMarr\u00ebveshja politike q\u00eb kemi arritur ka marr\u00eb nj\u00eb goditje t\u00eb r\u00ebnd\u00eb, mir\u00ebpo nuk \u00ebsht\u00eb zhvler\u00ebsuar. \u00cbsht\u00eb sukses i madh i dy subjekteve tona politike dhe ata q\u00eb e duan stabilitetin institucional, evitimin e zgjedhjeve, forcimin e shtetit e kan\u00eb shansin\u201d, deklaroi Kurti, p\u00ebr Ekonomia Online.<\/p>\n<p>Ai theksoi se nga kjo marr\u00ebveshje politike ka dal\u00eb edhe nj\u00eb em\u00ebr konkret p\u00ebr kandidat, duke iu referuar profesorit Bekim Sejdiu.<\/p>\n<p>\u201cE kjo \u00ebsht\u00eb, emri i p\u00ebrve\u00e7\u00ebm q\u00eb ka dal\u00eb nga marr\u00ebveshja politike, p\u00ebrkat\u00ebsisht Profesor Bekim Sejdiu\u201d, tha Kurti.<\/p>\n<p>Nd\u00ebrkaq Kurti refuzoi t\u00eb deklarohet n\u00ebse do t\u00eb ket\u00eb kandidat tjet\u00ebr p\u00ebr president.<\/p>\n","protected":false},"excerpt":{"rendered":"<p>Kryeministri n\u00eb detyr\u00eb i Kosov\u00ebs, Albin Kurti, ka deklaruar se marr\u00ebveshja politike e arritur me Lidhjen Demokratike t\u00eb Kosov\u00ebs ka marr\u00eb nj\u00eb \u201cgoditje t\u00eb r\u00ebnd\u00eb\u201d, por, sipas tij, ajo ende nuk \u00ebsht\u00eb zhvler\u00ebsuar. Gjithashtu, shtoi se evitimi i zgjedhjeve b\u00ebhet kur t\u00eb votohet Bekim Sejdiu. I pyetur n\u00ebse do t\u00eb ket\u00eb bisedime t\u00eb reja me [&hellip;]<\/p>\n","protected":false},"author":8,"featured_media":32756,"comment_status":"closed","ping_status":"closed","sticky":false,"template":"","format":"standard","meta":{"footnotes":""},"categories":[215,213],"tags":[],"class_list":["post-32755","post","type-post","status-publish","format-standard","has-post-thumbnail","hentry","category-kosove","category-lajme"],"yoast_head":"<!-- This site is optimized with the Yoast SEO plugin v25.1 - https:\/\/yoast.com\/wordpress\/plugins\/seo\/ -->\n<title>Kurti: Marr\u00ebveshja politike ka marr\u00eb \u2018goditje t\u00eb r\u00ebnd\u00eb\u2019, por nuk \u00ebsht\u00eb zhvler\u00ebsuar - press7.tv<\/title>\n<meta name=\"robots\" content=\"index, follow, max-snippet:-1, max-image-preview:large, max-video-preview:-1\" \/>\n<link rel=\"canonical\" href=\"https:\/\/www.press7.tv\/?p=32755\" \/>\n<meta property=\"og:locale\" content=\"en_US\" \/>\n<meta property=\"og:type\" content=\"article\" \/>\n<meta property=\"og:title\" content=\"Kurti: Marr\u00ebveshja politike ka marr\u00eb \u2018goditje t\u00eb r\u00ebnd\u00eb\u2019, por nuk \u00ebsht\u00eb zhvler\u00ebsuar - press7.tv\" \/>\n<meta property=\"og:description\" content=\"Kryeministri n\u00eb detyr\u00eb i Kosov\u00ebs, Albin Kurti, ka deklaruar se marr\u00ebveshja politike e arritur me Lidhjen Demokratike t\u00eb Kosov\u00ebs ka marr\u00eb nj\u00eb \u201cgoditje t\u00eb r\u00ebnd\u00eb\u201d, por, sipas tij, ajo ende nuk \u00ebsht\u00eb zhvler\u00ebsuar. Gjithashtu, shtoi se evitimi i zgjedhjeve b\u00ebhet kur t\u00eb votohet Bekim Sejdiu. I pyetur n\u00ebse do t\u00eb ket\u00eb bisedime t\u00eb reja me [&hellip;]\" \/>\n<meta property=\"og:url\" content=\"https:\/\/www.press7.tv\/?p=32755\" \/>\n<meta property=\"og:site_name\" content=\"press7.tv\" \/>\n<meta property=\"article:publisher\" content=\"https:\/\/www.facebook.com\/press7.tv\" \/>\n<meta property=\"article:published_time\" content=\"2026-09-03T09:10:51+00:00\" \/>\n<meta property=\"og:image\" content=\"https:\/\/www.press7.tv\/wp-content\/uploads\/2026\/09\/IMG_5447.avif\" \/>\n\t<meta property=\"og:image:width\" content=\"899\" \/>\n\t<meta property=\"og:image:height\" content=\"500\" \/>\n\t<meta property=\"og:image:type\" content=\"image\/jpeg\" \/>\n<meta name=\"author\" content=\"gazetar2\" \/>\n<meta name=\"twitter:card\" content=\"summary_large_image\" \/>\n<meta name=\"twitter:label1\" content=\"Written by\" \/>\n\t<meta name=\"twitter:data1\" content=\"gazetar2\" \/>\n\t<meta name=\"twitter:label2\" content=\"Est. reading time\" \/>\n\t<meta name=\"twitter:data2\" content=\"1 minute\" \/>\n<script type=\"application\/ld+json\" class=\"yoast-schema-graph\">{\"@context\":\"https:\/\/schema.org\",\"@graph\":[{\"@type\":\"Article\",\"@id\":\"https:\/\/www.press7.tv\/?p=32755#article\",\"isPartOf\":{\"@id\":\"https:\/\/www.press7.tv\/?p=32755\"},\"author\":{\"name\":\"gazetar2\",\"@id\":\"https:\/\/www.news33.tv\/#\/schema\/person\/5a04a38a23ccdba82f9bd665cd8f9efa\"},\"headline\":\"Kurti: Marr\u00ebveshja politike ka marr\u00eb \u2018goditje t\u00eb r\u00ebnd\u00eb\u2019, por nuk \u00ebsht\u00eb zhvler\u00ebsuar\",\"datePublished\":\"2026-09-03T09:10:51+00:00\",\"mainEntityOfPage\":{\"@id\":\"https:\/\/www.press7.tv\/?p=32755\"},\"wordCount\":223,\"publisher\":{\"@id\":\"https:\/\/www.news33.tv\/#organization\"},\"image\":{\"@id\":\"https:\/\/www.press7.tv\/?p=32755#primaryimage\"},\"thumbnailUrl\":\"https:\/\/www.press7.tv\/wp-content\/uploads\/2026\/09\/IMG_5447.avif\",\"articleSection\":[\"Kosov\u00eb\",\"Lajme\"],\"inLanguage\":\"en-US\"},{\"@type\":\"WebPage\",\"@id\":\"https:\/\/www.press7.tv\/?p=32755\",\"url\":\"https:\/\/www.press7.tv\/?p=32755\",\"name\":\"Kurti: Marr\u00ebveshja politike ka marr\u00eb \u2018goditje t\u00eb r\u00ebnd\u00eb\u2019, por nuk \u00ebsht\u00eb zhvler\u00ebsuar - press7.tv\",\"isPartOf\":{\"@id\":\"https:\/\/www.news33.tv\/#website\"},\"primaryImageOfPage\":{\"@id\":\"https:\/\/www.press7.tv\/?p=32755#primaryimage\"},\"image\":{\"@id\":\"https:\/\/www.press7.tv\/?p=32755#primaryimage\"},\"thumbnailUrl\":\"https:\/\/www.press7.tv\/wp-content\/uploads\/2026\/09\/IMG_5447.avif\",\"datePublished\":\"2026-09-03T09:10:51+00:00\",\"breadcrumb\":{\"@id\":\"https:\/\/www.press7.tv\/?p=32755#breadcrumb\"},\"inLanguage\":\"en-US\",\"potentialAction\":[{\"@type\":\"ReadAction\",\"target\":[\"https:\/\/www.press7.tv\/?p=32755\"]}]},{\"@type\":\"ImageObject\",\"inLanguage\":\"en-US\",\"@id\":\"https:\/\/www.press7.tv\/?p=32755#primaryimage\",\"url\":\"https:\/\/www.press7.tv\/wp-content\/uploads\/2026\/09\/IMG_5447.avif\",\"contentUrl\":\"https:\/\/www.press7.tv\/wp-content\/uploads\/2026\/09\/IMG_5447.avif\",\"width\":899,\"height\":500},{\"@type\":\"BreadcrumbList\",\"@id\":\"https:\/\/www.press7.tv\/?p=32755#breadcrumb\",\"itemListElement\":[{\"@type\":\"ListItem\",\"position\":1,\"name\":\"Home\",\"item\":\"https:\/\/www.press7.tv\/\"},{\"@type\":\"ListItem\",\"position\":2,\"name\":\"Kurti: Marr\u00ebveshja politike ka marr\u00eb \u2018goditje t\u00eb r\u00ebnd\u00eb\u2019, por nuk \u00ebsht\u00eb zhvler\u00ebsuar\"}]},{\"@type\":\"WebSite\",\"@id\":\"https:\/\/www.news33.tv\/#website\",\"url\":\"https:\/\/www.news33.tv\/\",\"name\":\"News33.tv Media\",\"description\":\"Media\",\"publisher\":{\"@id\":\"https:\/\/www.news33.tv\/#organization\"},\"potentialAction\":[{\"@type\":\"SearchAction\",\"target\":{\"@type\":\"EntryPoint\",\"urlTemplate\":\"https:\/\/www.news33.tv\/?s={search_term_string}\"},\"query-input\":{\"@type\":\"PropertyValueSpecification\",\"valueRequired\":true,\"valueName\":\"search_term_string\"}}],\"inLanguage\":\"en-US\"},{\"@type\":\"Organization\",\"@id\":\"https:\/\/www.news33.tv\/#organization\",\"name\":\"News33.tv Media\",\"url\":\"https:\/\/www.news33.tv\/\",\"logo\":{\"@type\":\"ImageObject\",\"inLanguage\":\"en-US\",\"@id\":\"https:\/\/www.news33.tv\/#\/schema\/logo\/image\/\",\"url\":\"https:\/\/www.press7.tv\/wp-content\/uploads\/2024\/02\/logo-news33-black.png\",\"contentUrl\":\"https:\/\/www.press7.tv\/wp-content\/uploads\/2024\/02\/logo-news33-black.png\",\"width\":180,\"height\":37,\"caption\":\"News33.tv Media\"},\"image\":{\"@id\":\"https:\/\/www.news33.tv\/#\/schema\/logo\/image\/\"},\"sameAs\":[\"https:\/\/www.facebook.com\/press7.tv\"]},{\"@type\":\"Person\",\"@id\":\"https:\/\/www.news33.tv\/#\/schema\/person\/5a04a38a23ccdba82f9bd665cd8f9efa\",\"name\":\"gazetar2\",\"image\":{\"@type\":\"ImageObject\",\"inLanguage\":\"en-US\",\"@id\":\"https:\/\/www.news33.tv\/#\/schema\/person\/image\/\",\"url\":\"https:\/\/www.press7.tv\/wp-content\/litespeed\/avatar\/41975e402c3049d9ddb03adca8f7a883.jpg?ver=1788056178\",\"contentUrl\":\"https:\/\/www.press7.tv\/wp-content\/litespeed\/avatar\/41975e402c3049d9ddb03adca8f7a883.jpg?ver=1788056178\",\"caption\":\"gazetar2\"},\"url\":\"https:\/\/www.press7.tv\/?author=8\"}]}<\/script>\n<!-- \/ Yoast SEO plugin. -->","yoast_head_json":{"title":"Kurti: Marr\u00ebveshja politike ka marr\u00eb \u2018goditje t\u00eb r\u00ebnd\u00eb\u2019, por nuk \u00ebsht\u00eb zhvler\u00ebsuar - press7.tv","robots":{"index":"index","follow":"follow","max-snippet":"max-snippet:-1","max-image-preview":"max-image-preview:large","max-video-preview":"max-video-preview:-1"},"canonical":"https:\/\/www.press7.tv\/?p=32755","og_locale":"en_US","og_type":"article","og_title":"Kurti: Marr\u00ebveshja politike ka marr\u00eb \u2018goditje t\u00eb r\u00ebnd\u00eb\u2019, por nuk \u00ebsht\u00eb zhvler\u00ebsuar - press7.tv","og_description":"Kryeministri n\u00eb detyr\u00eb i Kosov\u00ebs, Albin Kurti, ka deklaruar se marr\u00ebveshja politike e arritur me Lidhjen Demokratike t\u00eb Kosov\u00ebs ka marr\u00eb nj\u00eb \u201cgoditje t\u00eb r\u00ebnd\u00eb\u201d, por, sipas tij, ajo ende nuk \u00ebsht\u00eb zhvler\u00ebsuar. Gjithashtu, shtoi se evitimi i zgjedhjeve b\u00ebhet kur t\u00eb votohet Bekim Sejdiu. I pyetur n\u00ebse do t\u00eb ket\u00eb bisedime t\u00eb reja me [&hellip;]","og_url":"https:\/\/www.press7.tv\/?p=32755","og_site_name":"press7.tv","article_publisher":"https:\/\/www.facebook.com\/press7.tv","article_published_time":"2026-09-03T09:10:51+00:00","og_image":[{"width":899,"height":500,"url":"https:\/\/www.press7.tv\/wp-content\/uploads\/2026\/09\/IMG_5447.avif","type":"image\/jpeg"}],"author":"gazetar2","twitter_card":"summary_large_image","twitter_misc":{"Written by":"gazetar2","Est. reading time":"1 minute"},"schema":{"@context":"https:\/\/schema.org","@graph":[{"@type":"Article","@id":"https:\/\/www.press7.tv\/?p=32755#article","isPartOf":{"@id":"https:\/\/www.press7.tv\/?p=32755"},"author":{"name":"gazetar2","@id":"https:\/\/www.news33.tv\/#\/schema\/person\/5a04a38a23ccdba82f9bd665cd8f9efa"},"headline":"Kurti: Marr\u00ebveshja politike ka marr\u00eb \u2018goditje t\u00eb r\u00ebnd\u00eb\u2019, por nuk \u00ebsht\u00eb zhvler\u00ebsuar","datePublished":"2026-09-03T09:10:51+00:00","mainEntityOfPage":{"@id":"https:\/\/www.press7.tv\/?p=32755"},"wordCount":223,"publisher":{"@id":"https:\/\/www.news33.tv\/#organization"},"image":{"@id":"https:\/\/www.press7.tv\/?p=32755#primaryimage"},"thumbnailUrl":"https:\/\/www.press7.tv\/wp-content\/uploads\/2026\/09\/IMG_5447.avif","articleSection":["Kosov\u00eb","Lajme"],"inLanguage":"en-US"},{"@type":"WebPage","@id":"https:\/\/www.press7.tv\/?p=32755","url":"https:\/\/www.press7.tv\/?p=32755","name":"Kurti: Marr\u00ebveshja politike ka marr\u00eb \u2018goditje t\u00eb r\u00ebnd\u00eb\u2019, por nuk \u00ebsht\u00eb zhvler\u00ebsuar - press7.tv","isPartOf":{"@id":"https:\/\/www.news33.tv\/#website"},"primaryImageOfPage":{"@id":"https:\/\/www.press7.tv\/?p=32755#primaryimage"},"image":{"@id":"https:\/\/www.press7.tv\/?p=32755#primaryimage"},"thumbnailUrl":"https:\/\/www.press7.tv\/wp-content\/uploads\/2026\/09\/IMG_5447.avif","datePublished":"2026-09-03T09:10:51+00:00","breadcrumb":{"@id":"https:\/\/www.press7.tv\/?p=32755#breadcrumb"},"inLanguage":"en-US","potentialAction":[{"@type":"ReadAction","target":["https:\/\/www.press7.tv\/?p=32755"]}]},{"@type":"ImageObject","inLanguage":"en-US","@id":"https:\/\/www.press7.tv\/?p=32755#primaryimage","url":"https:\/\/www.press7.tv\/wp-content\/uploads\/2026\/09\/IMG_5447.avif","contentUrl":"https:\/\/www.press7.tv\/wp-content\/uploads\/2026\/09\/IMG_5447.avif","width":899,"height":500},{"@type":"BreadcrumbList","@id":"https:\/\/www.press7.tv\/?p=32755#breadcrumb","itemListElement":[{"@type":"ListItem","position":1,"name":"Home","item":"https:\/\/www.press7.tv\/"},{"@type":"ListItem","position":2,"name":"Kurti: Marr\u00ebveshja politike ka marr\u00eb \u2018goditje t\u00eb r\u00ebnd\u00eb\u2019, por nuk \u00ebsht\u00eb zhvler\u00ebsuar"}]},{"@type":"WebSite","@id":"https:\/\/www.news33.tv\/#website","url":"https:\/\/www.news33.tv\/","name":"News33.tv Media","description":"Media","publisher":{"@id":"https:\/\/www.news33.tv\/#organization"},"potentialAction":[{"@type":"SearchAction","target":{"@type":"EntryPoint","urlTemplate":"https:\/\/www.news33.tv\/?s={search_term_string}"},"query-input":{"@type":"PropertyValueSpecification","valueRequired":true,"valueName":"search_term_string"}}],"inLanguage":"en-US"},{"@type":"Organization","@id":"https:\/\/www.news33.tv\/#organization","name":"News33.tv Media","url":"https:\/\/www.news33.tv\/","logo":{"@type":"ImageObject","inLanguage":"en-US","@id":"https:\/\/www.news33.tv\/#\/schema\/logo\/image\/","url":"https:\/\/www.press7.tv\/wp-content\/uploads\/2024\/02\/logo-news33-black.png","contentUrl":"https:\/\/www.press7.tv\/wp-content\/uploads\/2024\/02\/logo-news33-black.png","width":180,"height":37,"caption":"News33.tv Media"},"image":{"@id":"https:\/\/www.news33.tv\/#\/schema\/logo\/image\/"},"sameAs":["https:\/\/www.facebook.com\/press7.tv"]},{"@type":"Person","@id":"https:\/\/www.news33.tv\/#\/schema\/person\/5a04a38a23ccdba82f9bd665cd8f9efa","name":"gazetar2","image":{"@type":"ImageObject","inLanguage":"en-US","@id":"https:\/\/www.news33.tv\/#\/schema\/person\/image\/","url":"https:\/\/www.press7.tv\/wp-content\/litespeed\/avatar\/41975e402c3049d9ddb03adca8f7a883.jpg?ver=1788056178","contentUrl":"https:\/\/www.press7.tv\/wp-content\/litespeed\/avatar\/41975e402c3049d9ddb03adca8f7a883.jpg?ver=1788056178","caption":"gazetar2"},"url":"https:\/\/www.press7.tv\/?author=8"}]}},"amp_enabled":true,"_links":{"self":[{"href":"https:\/\/www.press7.tv\/index.php?rest_route=\/wp\/v2\/posts\/32755","targetHints":{"allow":["GET"]}}],"collection":[{"href":"https:\/\/www.press7.tv\/index.php?rest_route=\/wp\/v2\/posts"}],"about":[{"href":"https:\/\/www.press7.tv\/index.php?rest_route=\/wp\/v2\/types\/post"}],"author":[{"embeddable":true,"href":"https:\/\/www.press7.tv\/index.php?rest_route=\/wp\/v2\/users\/8"}],"replies":[{"embeddable":true,"href":"https:\/\/www.press7.tv\/index.php?rest_route=%2Fwp%2Fv2%2Fcomments&post=32755"}],"version-history":[{"count":1,"href":"https:\/\/www.press7.tv\/index.php?rest_route=\/wp\/v2\/posts\/32755\/revisions"}],"predecessor-version":[{"id":32757,"href":"https:\/\/www.press7.tv\/index.php?rest_route=\/wp\/v2\/posts\/32755\/revisions\/32757"}],"wp:featuredmedia":[{"embeddable":true,"href":"https:\/\/www.press7.tv\/index.php?rest_route=\/wp\/v2\/media\/32756"}],"wp:attachment":[{"href":"https:\/\/www.press7.tv\/index.php?rest_route=%2Fwp%2Fv2%2Fmedia&parent=32755"}],"wp:term":[{"taxonomy":"category","embeddable":true,"href":"https:\/\/www.press7.tv\/index.php?rest_route=%2Fwp%2Fv2%2Fcategories&post=32755"},{"taxonomy":"post_tag","embeddable":true,"href":"https:\/\/www.press7.tv\/index.php?rest_route=%2Fwp%2Fv2%2Ftags&post=32755"}],"curies":[{"name":"wp","href":"https:\/\/api.w.org\/{rel}","templated":true}]}}