{"id":32752,"date":"2026-09-03T07:55:21","date_gmt":"2026-09-03T07:55:21","guid":{"rendered":"https:\/\/www.press7.tv\/?p=32752"},"modified":"2026-09-03T07:55:21","modified_gmt":"2026-09-03T07:55:21","slug":"trump-shqyrton-shpalljen-e-perfundimit-te-luftes-me-iranin","status":"publish","type":"post","link":"https:\/\/www.press7.tv\/?p=32752","title":{"rendered":"Trump shqyrton shpalljen e p\u00ebrfundimit t\u00eb luft\u00ebs me Iranin"},"content":{"rendered":"\n    <div class=\"xs_social_share_widget xs_share_url before_content \t\tmain_content  wslu-style-2 wslu-share-box-shaped wslu-fill-colored wslu-share-m-5 wslu-none wslu-share-vertical wslu-theme-font-no wslu-main_content\">\n\n\t\t\n        <ul>\n\t\t\t        <\/ul>\n    <\/div> \n<p>Presidenti i Shteteve t\u00eb Bashkuara, Donald Trump, po vler\u00ebson mund\u00ebsin\u00eb p\u00ebr t\u00eb deklaruar zyrtarisht p\u00ebrfundimin e luft\u00ebs me Iranin, nd\u00ebrkoh\u00eb q\u00eb Pentagoni po shton kapacitetet ushtarake amerikane n\u00eb Lindjen e Mesme.<\/p>\n<p>The Wall Street Journal raporton se kjo \u00e7\u00ebshtje \u00ebsht\u00eb diskutuar privatisht mes Trump dhe k\u00ebshilltar\u00ebve t\u00eb tij t\u00eb lart\u00eb. Sipas raportimit, presidenti mb\u00ebshtet iden\u00eb e shpalljes s\u00eb fundit t\u00eb luft\u00ebs, pasi beson se presioni ekonomik mund ta detyroj\u00eb Teheranin t\u00eb braktis\u00eb programin b\u00ebrthamor ose t\u00eb p\u00ebrballet me nj\u00eb kriz\u00eb t\u00eb r\u00ebnd\u00eb t\u00eb brendshme.<\/p>\n<p>Paralelisht, administrata amerikane po vijon fushat\u00ebn e presionit ekonomik ndaj Iranit. Jav\u00ebn e kaluar, SHBA nisi Operacionin \u201cPariah Ekonomik\u201d, q\u00eb p\u00ebrfshin masa ndaj sektor\u00ebve ky\u00e7 t\u00eb ekonomis\u00eb iraniane, si nafta, transporti detar, aviacioni, ari, teknologjia dhe ekonomia digjitale.<\/p>\n<p>Megjithat\u00eb, nd\u00ebrsa n\u00eb qarqet politike po shqyrtohet mund\u00ebsia e p\u00ebrfundimit t\u00eb konfliktit, Pentagoni po p\u00ebrgatitet p\u00ebr nj\u00eb p\u00ebrballje q\u00eb mund t\u00eb zgjas\u00eb m\u00eb shum\u00eb. Sipas WSJ, ushtria amerikane ka nisur t\u00eb zgjeroj\u00eb dislokimet n\u00eb rajon, duke sinjalizuar se luftimet mund t\u00eb vazhdojn\u00eb edhe gjat\u00eb vitit t\u00eb ardhsh\u00ebm.<\/p>\n<p>Aktualisht, Shtetet e Bashkuara kan\u00eb rreth 50 mij\u00eb trupa dhe 19 anije luftarake t\u00eb vendosura n\u00eb Lindjen e Mesme. N\u00eb k\u00ebt\u00eb forc\u00eb p\u00ebrfshihen dy aeroplanmbajt\u00ebse dhe 13 shkat\u00ebrrues t\u00eb pajisur me raketa t\u00eb drejtuara.<\/p>\n<p>Kjo prani ushtarake synon t\u2019i siguroj\u00eb presidentit Trump m\u00eb shum\u00eb hap\u00ebsir\u00eb veprimi dhe mund\u00ebsi reagimi, n\u00eb var\u00ebsi t\u00eb zhvillimeve n\u00eb terren.<\/p>\n<p>Pra, nd\u00ebrsa Sht\u00ebpia e Bardh\u00eb po diskuton nj\u00eb mbyllje zyrtare t\u00eb luft\u00ebs, p\u00ebrgatitjet e Pentagonit tregojn\u00eb se Uashingtoni po llogarit edhe mund\u00ebsin\u00eb e nj\u00eb konflikti t\u00eb zgjatur me Iranin.<\/p>\n","protected":false},"excerpt":{"rendered":"<p>Presidenti i Shteteve t\u00eb Bashkuara, Donald Trump, po vler\u00ebson mund\u00ebsin\u00eb p\u00ebr t\u00eb deklaruar zyrtarisht p\u00ebrfundimin e luft\u00ebs me Iranin, nd\u00ebrkoh\u00eb q\u00eb Pentagoni po shton kapacitetet ushtarake amerikane n\u00eb Lindjen e Mesme. The Wall Street Journal raporton se kjo \u00e7\u00ebshtje \u00ebsht\u00eb diskutuar privatisht mes Trump dhe k\u00ebshilltar\u00ebve t\u00eb tij t\u00eb lart\u00eb. Sipas raportimit, presidenti mb\u00ebshtet iden\u00eb [&hellip;]<\/p>\n","protected":false},"author":8,"featured_media":32753,"comment_status":"closed","ping_status":"closed","sticky":false,"template":"","format":"standard","meta":{"footnotes":""},"categories":[217,213],"tags":[],"class_list":["post-32752","post","type-post","status-publish","format-standard","has-post-thumbnail","hentry","category-bote","category-lajme"],"yoast_head":"<!-- This site is optimized with the Yoast SEO plugin v25.1 - https:\/\/yoast.com\/wordpress\/plugins\/seo\/ -->\n<title>Trump shqyrton shpalljen e p\u00ebrfundimit t\u00eb luft\u00ebs me Iranin - press7.tv<\/title>\n<meta name=\"robots\" content=\"index, follow, max-snippet:-1, max-image-preview:large, max-video-preview:-1\" \/>\n<link rel=\"canonical\" href=\"https:\/\/www.press7.tv\/?p=32752\" \/>\n<meta property=\"og:locale\" content=\"en_US\" \/>\n<meta property=\"og:type\" content=\"article\" \/>\n<meta property=\"og:title\" content=\"Trump shqyrton shpalljen e p\u00ebrfundimit t\u00eb luft\u00ebs me Iranin - press7.tv\" \/>\n<meta property=\"og:description\" content=\"Presidenti i Shteteve t\u00eb Bashkuara, Donald Trump, po vler\u00ebson mund\u00ebsin\u00eb p\u00ebr t\u00eb deklaruar zyrtarisht p\u00ebrfundimin e luft\u00ebs me Iranin, nd\u00ebrkoh\u00eb q\u00eb Pentagoni po shton kapacitetet ushtarake amerikane n\u00eb Lindjen e Mesme. The Wall Street Journal raporton se kjo \u00e7\u00ebshtje \u00ebsht\u00eb diskutuar privatisht mes Trump dhe k\u00ebshilltar\u00ebve t\u00eb tij t\u00eb lart\u00eb. Sipas raportimit, presidenti mb\u00ebshtet iden\u00eb [&hellip;]\" \/>\n<meta property=\"og:url\" content=\"https:\/\/www.press7.tv\/?p=32752\" \/>\n<meta property=\"og:site_name\" content=\"press7.tv\" \/>\n<meta property=\"article:publisher\" content=\"https:\/\/www.facebook.com\/press7.tv\" \/>\n<meta property=\"article:published_time\" content=\"2026-09-03T07:55:21+00:00\" \/>\n<meta property=\"og:image\" content=\"https:\/\/www.press7.tv\/wp-content\/uploads\/2026\/09\/IMG_3459.avif\" \/>\n\t<meta property=\"og:image:width\" content=\"1304\" \/>\n\t<meta property=\"og:image:height\" content=\"773\" \/>\n\t<meta property=\"og:image:type\" content=\"image\/jpeg\" \/>\n<meta name=\"author\" content=\"gazetar2\" \/>\n<meta name=\"twitter:card\" content=\"summary_large_image\" \/>\n<meta name=\"twitter:label1\" content=\"Written by\" \/>\n\t<meta name=\"twitter:data1\" content=\"gazetar2\" \/>\n\t<meta name=\"twitter:label2\" content=\"Est. reading time\" \/>\n\t<meta name=\"twitter:data2\" content=\"1 minute\" \/>\n<script type=\"application\/ld+json\" class=\"yoast-schema-graph\">{\"@context\":\"https:\/\/schema.org\",\"@graph\":[{\"@type\":\"Article\",\"@id\":\"https:\/\/www.press7.tv\/?p=32752#article\",\"isPartOf\":{\"@id\":\"https:\/\/www.press7.tv\/?p=32752\"},\"author\":{\"name\":\"gazetar2\",\"@id\":\"https:\/\/www.news33.tv\/#\/schema\/person\/5a04a38a23ccdba82f9bd665cd8f9efa\"},\"headline\":\"Trump shqyrton shpalljen e p\u00ebrfundimit t\u00eb luft\u00ebs me Iranin\",\"datePublished\":\"2026-09-03T07:55:21+00:00\",\"mainEntityOfPage\":{\"@id\":\"https:\/\/www.press7.tv\/?p=32752\"},\"wordCount\":298,\"publisher\":{\"@id\":\"https:\/\/www.news33.tv\/#organization\"},\"image\":{\"@id\":\"https:\/\/www.press7.tv\/?p=32752#primaryimage\"},\"thumbnailUrl\":\"https:\/\/www.press7.tv\/wp-content\/uploads\/2026\/09\/IMG_3459.avif\",\"articleSection\":[\"Bot\u00eb\",\"Lajme\"],\"inLanguage\":\"en-US\"},{\"@type\":\"WebPage\",\"@id\":\"https:\/\/www.press7.tv\/?p=32752\",\"url\":\"https:\/\/www.press7.tv\/?p=32752\",\"name\":\"Trump shqyrton shpalljen e p\u00ebrfundimit t\u00eb luft\u00ebs me Iranin - press7.tv\",\"isPartOf\":{\"@id\":\"https:\/\/www.news33.tv\/#website\"},\"primaryImageOfPage\":{\"@id\":\"https:\/\/www.press7.tv\/?p=32752#primaryimage\"},\"image\":{\"@id\":\"https:\/\/www.press7.tv\/?p=32752#primaryimage\"},\"thumbnailUrl\":\"https:\/\/www.press7.tv\/wp-content\/uploads\/2026\/09\/IMG_3459.avif\",\"datePublished\":\"2026-09-03T07:55:21+00:00\",\"breadcrumb\":{\"@id\":\"https:\/\/www.press7.tv\/?p=32752#breadcrumb\"},\"inLanguage\":\"en-US\",\"potentialAction\":[{\"@type\":\"ReadAction\",\"target\":[\"https:\/\/www.press7.tv\/?p=32752\"]}]},{\"@type\":\"ImageObject\",\"inLanguage\":\"en-US\",\"@id\":\"https:\/\/www.press7.tv\/?p=32752#primaryimage\",\"url\":\"https:\/\/www.press7.tv\/wp-content\/uploads\/2026\/09\/IMG_3459.avif\",\"contentUrl\":\"https:\/\/www.press7.tv\/wp-content\/uploads\/2026\/09\/IMG_3459.avif\",\"width\":1304,\"height\":773},{\"@type\":\"BreadcrumbList\",\"@id\":\"https:\/\/www.press7.tv\/?p=32752#breadcrumb\",\"itemListElement\":[{\"@type\":\"ListItem\",\"position\":1,\"name\":\"Home\",\"item\":\"https:\/\/www.press7.tv\/\"},{\"@type\":\"ListItem\",\"position\":2,\"name\":\"Trump shqyrton shpalljen e p\u00ebrfundimit t\u00eb luft\u00ebs me Iranin\"}]},{\"@type\":\"WebSite\",\"@id\":\"https:\/\/www.news33.tv\/#website\",\"url\":\"https:\/\/www.news33.tv\/\",\"name\":\"News33.tv Media\",\"description\":\"Media\",\"publisher\":{\"@id\":\"https:\/\/www.news33.tv\/#organization\"},\"potentialAction\":[{\"@type\":\"SearchAction\",\"target\":{\"@type\":\"EntryPoint\",\"urlTemplate\":\"https:\/\/www.news33.tv\/?s={search_term_string}\"},\"query-input\":{\"@type\":\"PropertyValueSpecification\",\"valueRequired\":true,\"valueName\":\"search_term_string\"}}],\"inLanguage\":\"en-US\"},{\"@type\":\"Organization\",\"@id\":\"https:\/\/www.news33.tv\/#organization\",\"name\":\"News33.tv Media\",\"url\":\"https:\/\/www.news33.tv\/\",\"logo\":{\"@type\":\"ImageObject\",\"inLanguage\":\"en-US\",\"@id\":\"https:\/\/www.news33.tv\/#\/schema\/logo\/image\/\",\"url\":\"https:\/\/www.press7.tv\/wp-content\/uploads\/2024\/02\/logo-news33-black.png\",\"contentUrl\":\"https:\/\/www.press7.tv\/wp-content\/uploads\/2024\/02\/logo-news33-black.png\",\"width\":180,\"height\":37,\"caption\":\"News33.tv Media\"},\"image\":{\"@id\":\"https:\/\/www.news33.tv\/#\/schema\/logo\/image\/\"},\"sameAs\":[\"https:\/\/www.facebook.com\/press7.tv\"]},{\"@type\":\"Person\",\"@id\":\"https:\/\/www.news33.tv\/#\/schema\/person\/5a04a38a23ccdba82f9bd665cd8f9efa\",\"name\":\"gazetar2\",\"image\":{\"@type\":\"ImageObject\",\"inLanguage\":\"en-US\",\"@id\":\"https:\/\/www.news33.tv\/#\/schema\/person\/image\/\",\"url\":\"https:\/\/www.press7.tv\/wp-content\/litespeed\/avatar\/41975e402c3049d9ddb03adca8f7a883.jpg?ver=1788056178\",\"contentUrl\":\"https:\/\/www.press7.tv\/wp-content\/litespeed\/avatar\/41975e402c3049d9ddb03adca8f7a883.jpg?ver=1788056178\",\"caption\":\"gazetar2\"},\"url\":\"https:\/\/www.press7.tv\/?author=8\"}]}<\/script>\n<!-- \/ Yoast SEO plugin. -->","yoast_head_json":{"title":"Trump shqyrton shpalljen e p\u00ebrfundimit t\u00eb luft\u00ebs me Iranin - press7.tv","robots":{"index":"index","follow":"follow","max-snippet":"max-snippet:-1","max-image-preview":"max-image-preview:large","max-video-preview":"max-video-preview:-1"},"canonical":"https:\/\/www.press7.tv\/?p=32752","og_locale":"en_US","og_type":"article","og_title":"Trump shqyrton shpalljen e p\u00ebrfundimit t\u00eb luft\u00ebs me Iranin - press7.tv","og_description":"Presidenti i Shteteve t\u00eb Bashkuara, Donald Trump, po vler\u00ebson mund\u00ebsin\u00eb p\u00ebr t\u00eb deklaruar zyrtarisht p\u00ebrfundimin e luft\u00ebs me Iranin, nd\u00ebrkoh\u00eb q\u00eb Pentagoni po shton kapacitetet ushtarake amerikane n\u00eb Lindjen e Mesme. The Wall Street Journal raporton se kjo \u00e7\u00ebshtje \u00ebsht\u00eb diskutuar privatisht mes Trump dhe k\u00ebshilltar\u00ebve t\u00eb tij t\u00eb lart\u00eb. Sipas raportimit, presidenti mb\u00ebshtet iden\u00eb [&hellip;]","og_url":"https:\/\/www.press7.tv\/?p=32752","og_site_name":"press7.tv","article_publisher":"https:\/\/www.facebook.com\/press7.tv","article_published_time":"2026-09-03T07:55:21+00:00","og_image":[{"width":1304,"height":773,"url":"https:\/\/www.press7.tv\/wp-content\/uploads\/2026\/09\/IMG_3459.avif","type":"image\/jpeg"}],"author":"gazetar2","twitter_card":"summary_large_image","twitter_misc":{"Written by":"gazetar2","Est. reading time":"1 minute"},"schema":{"@context":"https:\/\/schema.org","@graph":[{"@type":"Article","@id":"https:\/\/www.press7.tv\/?p=32752#article","isPartOf":{"@id":"https:\/\/www.press7.tv\/?p=32752"},"author":{"name":"gazetar2","@id":"https:\/\/www.news33.tv\/#\/schema\/person\/5a04a38a23ccdba82f9bd665cd8f9efa"},"headline":"Trump shqyrton shpalljen e p\u00ebrfundimit t\u00eb luft\u00ebs me Iranin","datePublished":"2026-09-03T07:55:21+00:00","mainEntityOfPage":{"@id":"https:\/\/www.press7.tv\/?p=32752"},"wordCount":298,"publisher":{"@id":"https:\/\/www.news33.tv\/#organization"},"image":{"@id":"https:\/\/www.press7.tv\/?p=32752#primaryimage"},"thumbnailUrl":"https:\/\/www.press7.tv\/wp-content\/uploads\/2026\/09\/IMG_3459.avif","articleSection":["Bot\u00eb","Lajme"],"inLanguage":"en-US"},{"@type":"WebPage","@id":"https:\/\/www.press7.tv\/?p=32752","url":"https:\/\/www.press7.tv\/?p=32752","name":"Trump shqyrton shpalljen e p\u00ebrfundimit t\u00eb luft\u00ebs me Iranin - press7.tv","isPartOf":{"@id":"https:\/\/www.news33.tv\/#website"},"primaryImageOfPage":{"@id":"https:\/\/www.press7.tv\/?p=32752#primaryimage"},"image":{"@id":"https:\/\/www.press7.tv\/?p=32752#primaryimage"},"thumbnailUrl":"https:\/\/www.press7.tv\/wp-content\/uploads\/2026\/09\/IMG_3459.avif","datePublished":"2026-09-03T07:55:21+00:00","breadcrumb":{"@id":"https:\/\/www.press7.tv\/?p=32752#breadcrumb"},"inLanguage":"en-US","potentialAction":[{"@type":"ReadAction","target":["https:\/\/www.press7.tv\/?p=32752"]}]},{"@type":"ImageObject","inLanguage":"en-US","@id":"https:\/\/www.press7.tv\/?p=32752#primaryimage","url":"https:\/\/www.press7.tv\/wp-content\/uploads\/2026\/09\/IMG_3459.avif","contentUrl":"https:\/\/www.press7.tv\/wp-content\/uploads\/2026\/09\/IMG_3459.avif","width":1304,"height":773},{"@type":"BreadcrumbList","@id":"https:\/\/www.press7.tv\/?p=32752#breadcrumb","itemListElement":[{"@type":"ListItem","position":1,"name":"Home","item":"https:\/\/www.press7.tv\/"},{"@type":"ListItem","position":2,"name":"Trump shqyrton shpalljen e p\u00ebrfundimit t\u00eb luft\u00ebs me Iranin"}]},{"@type":"WebSite","@id":"https:\/\/www.news33.tv\/#website","url":"https:\/\/www.news33.tv\/","name":"News33.tv Media","description":"Media","publisher":{"@id":"https:\/\/www.news33.tv\/#organization"},"potentialAction":[{"@type":"SearchAction","target":{"@type":"EntryPoint","urlTemplate":"https:\/\/www.news33.tv\/?s={search_term_string}"},"query-input":{"@type":"PropertyValueSpecification","valueRequired":true,"valueName":"search_term_string"}}],"inLanguage":"en-US"},{"@type":"Organization","@id":"https:\/\/www.news33.tv\/#organization","name":"News33.tv Media","url":"https:\/\/www.news33.tv\/","logo":{"@type":"ImageObject","inLanguage":"en-US","@id":"https:\/\/www.news33.tv\/#\/schema\/logo\/image\/","url":"https:\/\/www.press7.tv\/wp-content\/uploads\/2024\/02\/logo-news33-black.png","contentUrl":"https:\/\/www.press7.tv\/wp-content\/uploads\/2024\/02\/logo-news33-black.png","width":180,"height":37,"caption":"News33.tv Media"},"image":{"@id":"https:\/\/www.news33.tv\/#\/schema\/logo\/image\/"},"sameAs":["https:\/\/www.facebook.com\/press7.tv"]},{"@type":"Person","@id":"https:\/\/www.news33.tv\/#\/schema\/person\/5a04a38a23ccdba82f9bd665cd8f9efa","name":"gazetar2","image":{"@type":"ImageObject","inLanguage":"en-US","@id":"https:\/\/www.news33.tv\/#\/schema\/person\/image\/","url":"https:\/\/www.press7.tv\/wp-content\/litespeed\/avatar\/41975e402c3049d9ddb03adca8f7a883.jpg?ver=1788056178","contentUrl":"https:\/\/www.press7.tv\/wp-content\/litespeed\/avatar\/41975e402c3049d9ddb03adca8f7a883.jpg?ver=1788056178","caption":"gazetar2"},"url":"https:\/\/www.press7.tv\/?author=8"}]}},"amp_enabled":true,"_links":{"self":[{"href":"https:\/\/www.press7.tv\/index.php?rest_route=\/wp\/v2\/posts\/32752","targetHints":{"allow":["GET"]}}],"collection":[{"href":"https:\/\/www.press7.tv\/index.php?rest_route=\/wp\/v2\/posts"}],"about":[{"href":"https:\/\/www.press7.tv\/index.php?rest_route=\/wp\/v2\/types\/post"}],"author":[{"embeddable":true,"href":"https:\/\/www.press7.tv\/index.php?rest_route=\/wp\/v2\/users\/8"}],"replies":[{"embeddable":true,"href":"https:\/\/www.press7.tv\/index.php?rest_route=%2Fwp%2Fv2%2Fcomments&post=32752"}],"version-history":[{"count":1,"href":"https:\/\/www.press7.tv\/index.php?rest_route=\/wp\/v2\/posts\/32752\/revisions"}],"predecessor-version":[{"id":32754,"href":"https:\/\/www.press7.tv\/index.php?rest_route=\/wp\/v2\/posts\/32752\/revisions\/32754"}],"wp:featuredmedia":[{"embeddable":true,"href":"https:\/\/www.press7.tv\/index.php?rest_route=\/wp\/v2\/media\/32753"}],"wp:attachment":[{"href":"https:\/\/www.press7.tv\/index.php?rest_route=%2Fwp%2Fv2%2Fmedia&parent=32752"}],"wp:term":[{"taxonomy":"category","embeddable":true,"href":"https:\/\/www.press7.tv\/index.php?rest_route=%2Fwp%2Fv2%2Fcategories&post=32752"},{"taxonomy":"post_tag","embeddable":true,"href":"https:\/\/www.press7.tv\/index.php?rest_route=%2Fwp%2Fv2%2Ftags&post=32752"}],"curies":[{"name":"wp","href":"https:\/\/api.w.org\/{rel}","templated":true}]}}