{"id":32749,"date":"2026-09-03T07:47:06","date_gmt":"2026-09-03T07:47:06","guid":{"rendered":"https:\/\/www.press7.tv\/?p=32749"},"modified":"2026-09-03T07:47:06","modified_gmt":"2026-09-03T07:47:06","slug":"be-dhe-nato-zotohen-te-shtojne-presionin-ndaj-rusise-pas-pershkallezimit-te-ri-ne-gjermani","status":"publish","type":"post","link":"https:\/\/www.press7.tv\/?p=32749","title":{"rendered":"BE dhe NATO zotohen t\u00eb shtojn\u00eb presionin ndaj Rusis\u00eb pas \u2018p\u00ebrshkall\u00ebzimit t\u00eb ri\u2019 n\u00eb Gjermani"},"content":{"rendered":"\n    <div class=\"xs_social_share_widget xs_share_url before_content \t\tmain_content  wslu-style-2 wslu-share-box-shaped wslu-fill-colored wslu-share-m-5 wslu-none wslu-share-vertical wslu-theme-font-no wslu-main_content\">\n\n\t\t\n        <ul>\n\t\t\t        <\/ul>\n    <\/div> \n<p>Krer\u00ebt e NATO-s dhe Komisionit Evropian kan\u00eb paralajm\u00ebruar se Rusia po b\u00ebhet gjithnj\u00eb e m\u00eb e pamatur dhe jan\u00eb zotuar se do t\u2019i p\u00ebrgjigjet nj\u00eb \u201cnormaliteti t\u00eb ri\u201d.<\/p>\n<p>\u201cLeipzigu sh\u00ebnon nj\u00eb p\u00ebrshkall\u00ebzim t\u00eb ri n\u00eb tok\u00ebn e Bashkimit Evropian, q\u00eb i atribuohet drejtp\u00ebrdrejt Rusis\u00eb\u201d, tha Presidentja e Komisionit Ursula von der Leyen, nj\u00eb dit\u00eb pasi Gjermania faj\u00ebsoi Rusin\u00eb p\u00ebr nj\u00eb sulm t\u00eb d\u00ebshtuar me dron n\u00eb aeroportin e Leipzigut.<\/p>\n<p>Sekretari i P\u00ebrgjithsh\u00ebm i NATO-s, Mark Rutte, tha se aleanca, e cila p\u00ebrfshin SHBA-n\u00eb, q\u00ebndronte \u201cn\u00eb solidaritet t\u00eb plot\u00eb me Gjermanin\u00eb\u201d.<\/p>\n<p>Rusia hedh posht\u00eb akuzat se ka sh\u00ebnjestruar nj\u00eb aeroplan mallrash ukrainas m\u00eb 4 gusht me nj\u00eb dron t\u00eb mbushur me eksploziv.<\/p>\n<p>Ajo i \u00ebsht\u00eb p\u00ebrgjigjur sanksioneve t\u00eb reja gjermane duke th\u00ebn\u00eb se do t\u00eb mbyll\u00eb qendrat kulturore t\u00eb Institutit Goethe t\u00eb Gjermanis\u00eb n\u00eb Rusi.<\/p>\n<p>Droni u \u00e7aktivizua nga nj\u00eb robot n\u00eb aeroportin e Leipzig\/Halle dhe nj\u00eb dron i dyt\u00eb mendohet se \u00ebsht\u00eb p\u00ebrplasur me nj\u00eb aeroplan tjet\u00ebr mallrash.<\/p>\n<p>Nj\u00eb dron i tret\u00eb thuhet se u gjet 10 dit\u00eb m\u00eb von\u00eb n\u00eb aeroport, i cili \u00ebsht\u00eb nj\u00eb qend\u00ebr e r\u00ebnd\u00ebsishme e NATO-s dhe p\u00ebrdoret rregullisht nga avion\u00ebt ukrainas t\u00eb transportit Antonov.<\/p>\n<p>Vet\u00ebm t\u00eb mart\u00ebn qeveria gjermane tha se hetimet e policis\u00eb dhe gjetjet e inteligjenc\u00ebs kishin v\u00ebrtetuar se Rusia ishte pas incidenteve.<\/p>\n<p>Ministri i Brendsh\u00ebm tha se konfigurimi, p\u00ebrb\u00ebr\u00ebsit, eksploziv\u00ebt dhe detonatori i dronit ishin t\u00eb gjitha t\u00eb njohura nga operacione t\u00eb tjera hibride ruse.<\/p>\n<p>Dy t\u00eb dyshuar thuhet se jan\u00eb identifikuar n\u00eb sulmin n\u00eb Leipzig, p\u00ebrfshir\u00eb nj\u00eb bjellorus me pasaport\u00eb ruse q\u00eb hyri me viz\u00eb turistike, dhe nj\u00eb tjet\u00ebr me pasaporta letoneze dhe ruse q\u00eb mb\u00ebrriti me aeroplan n\u00eb Berlin dhe u largua me avion dy dit\u00eb para sulmit t\u00eb d\u00ebshtuar.<\/p>\n<p>Berlini ka th\u00ebn\u00eb se do t\u00eb mbyll\u00eb konsullat\u00ebn ruse n\u00eb Bon, si dhe institucionin kulturor Sht\u00ebpia Ruse, p\u00ebr t\u00eb cilin Berlini dyshohet gjer\u00ebsisht se vepron si nj\u00eb mjet propagande p\u00ebr Kremlinin.<\/p>\n<p>Ministria e Jashtme ruse tha se Berlini nuk kishte ofruar prova p\u00ebr t\u00eb mb\u00ebshtetur pretendimet e saj.<\/p>\n<p>Ministri i Jasht\u00ebm rus Sergei Lavrov njoftoi se qendrat kulturore t\u00eb Institutit Goethe t\u00eb Gjermanis\u00eb n\u00eb Mosk\u00eb, Sh\u00ebn Petersburg dhe Jekaterinburg do t\u00eb mbyllen n\u00eb p\u00ebrgjigje t\u00eb veprimeve t\u00eb Berlinit.<\/p>\n<p>M\u00eb par\u00eb, i ngarkuari me pun\u00eb i Gjermanis\u00eb, Bernd Finke, u thirr p\u00ebr t\u00eb d\u00ebgjuar refuzimin e Mosk\u00ebs p\u00ebr \u201cakuzat krejt\u00ebsisht t\u00eb pabaza\u201d t\u00eb Berlinit.<\/p>\n<p>Presidenti rus Vladimir Putin i ka d\u00ebnuar masat e Gjermanis\u00eb si nj\u00eb gabim serioz q\u00eb \u201cqartazi bie ndesh me interesat e popullit gjerman\u201d.<\/p>\n<p>I pyetur n\u00ebse Moska do t\u00eb ishte e p\u00ebrgatitur t\u00eb nd\u00ebrpres\u00eb marr\u00ebdh\u00ebniet me Berlinin, z\u00ebvend\u00ebsministri i Jasht\u00ebm rus Alexander Grushko u p\u00ebrgjigj \u201cndoshta\u201d, por tha se p\u00ebr momentin kjo po i jep nj\u00eb shans diplomacis\u00eb.<\/p>\n<p>Kritik\u00ebt n\u00eb Gjermani sugjeruan se p\u00ebrgjigjja gjermane ishte relativisht e dob\u00ebt, por Berlini synon nj\u00eb p\u00ebrgjigje m\u00eb t\u00eb koordinuar me aleat\u00ebt e saj, duke p\u00ebrfshir\u00eb sanksione t\u00eb zgjeruara t\u00eb BE-s\u00eb dhe kufizime hyrjeje p\u00ebr vizitor\u00ebt rus\u00eb n\u00eb t\u00eb gjith\u00eb bllokun.<\/p>\n<p>Von der Leyen ishte e qart\u00eb n\u00eb deklarat\u00ebn e saj se sulmi n\u00eb Leipzig kishte p\u00ebrfshir\u00eb \u201cmateriale t\u00eb nivelit ushtarak t\u00eb kryera nga operativ\u00eb rus\u00eb n\u00eb tok\u00ebn e Bashkimit Evropian\u201d.<\/p>\n<p>\u201cNe nuk do ta tolerojm\u00eb k\u00ebt\u00eb,\u201d tha ajo. \u201cNe duhet t\u00eb nd\u00ebrmarrim hapa p\u00ebrpara dhe kjo do t\u00eb thot\u00eb t\u00eb jemi t\u00eb gatsh\u00ebm t\u2019i p\u00ebrgjigjemi pamaturis\u00eb s\u00eb Rusis\u00eb m\u00eb shpejt dhe m\u00eb mir\u00eb.\u201d<\/p>\n<p>Nd\u00ebrsa ajo po takohej me Rutte n\u00eb Bruksel, ministrat e jasht\u00ebm t\u00eb BE-s\u00eb ishin mbledhur n\u00eb Wicklow t\u00eb Irland\u00ebs, ku Ministri i Jasht\u00ebm i Franc\u00ebs, Jean-No\u00ebl Barrot, tha se mund t\u00eb nd\u00ebrmerren veprime n\u00eb nivel evropian kund\u00ebr t\u00eb ashtuquajtur\u00ebs \u201cflot\u00eb n\u00eb hije\u201d t\u00eb anijeve t\u00eb Rusis\u00eb q\u00eb transportojn\u00eb naft\u00eb dhe ngarkesa t\u00eb tjera, me q\u00ebllim shmangien e sanksioneve t\u00eb BE-s\u00eb.<\/p>\n<p>Barrot dhe koleg\u00ebt e tij ministra nga Belgjika dhe Holanda than\u00eb se kishin thirrur ambasador\u00ebt rus\u00eb n\u00eb shenj\u00eb proteste ndaj sulmit.<\/p>\n<p>Ministri i Jasht\u00ebm i Lituanis\u00eb, Kestutis Budrys, tha se ishte e qart\u00eb se Rusia nuk shihte asnj\u00eb kosto politike n\u00eb operacionet e saj hibride kund\u00ebr aleat\u00ebve evropian\u00eb.<\/p>\n<p>Shefja e politik\u00ebs s\u00eb jashtme t\u00eb BE-s\u00eb, Kaja Kallas, tha se po punonin p\u00ebr t\u00eb forcuar zbatimin e sanksioneve ekzistuese dhe shtoi se kishte mb\u00ebshtetje t\u00eb gjer\u00eb p\u00ebr nj\u00eb ndalim t\u00eb hyrjes me viz\u00eb n\u00eb BE p\u00ebr ish-luft\u00ebtar\u00ebt rus\u00eb, si dhe kufizime m\u00eb t\u00eb rrepta vizash p\u00ebr turist\u00ebt rus\u00eb.<\/p>\n<p>Disa vende t\u00eb BE-s\u00eb, p\u00ebrfshir\u00eb Suedin\u00eb, Holand\u00ebn, Polonin\u00eb dhe Spanj\u00ebn, po k\u00ebrkojn\u00eb q\u00eb m\u00eb shum\u00eb se 193 miliard\u00eb euro (165 miliard\u00eb paund) n\u00eb asete t\u00eb ngrira ruse t\u00eb p\u00ebrdoren p\u00ebr t\u00eb ndihmuar Ukrain\u00ebn. Ideja u planifikua fillimisht n\u00eb fund t\u00eb vitit 2025 dhe u refuzua nga Belgjika, ku mbahen parat\u00eb. Megjithat\u00eb, q\u00ebndrimi i Belgjik\u00ebs \u00ebsht\u00eb i pandryshuar sepse ka frik\u00eb se mund t\u00eb mbahet financiarisht p\u00ebrgjegj\u00ebse nga gjykatat.<\/p>\n<p>Sulmi n\u00eb Leipzig ishte pjes\u00eb e nj\u00eb modeli m\u00eb t\u00eb gjer\u00eb incidentesh gjithnj\u00eb e m\u00eb t\u00eb rrezikshme, duke p\u00ebrfshir\u00eb dron\u00ebt dhe nd\u00ebrhyrjen n\u00eb infrastruktur\u00ebn kritike, tha von der Leyen.<\/p>\n<p>Mark Rutte shtoi se kishte pasur rrezik n\u00eb rritje p\u00ebr evropian\u00ebt nga dron\u00ebt dhe raketat q\u00eb kalonin n\u00eb vendet n\u00eb krahun lindor t\u00eb Aleanc\u00ebs, dhe kishte pasur m\u00eb shum\u00eb \u201caktivitete dashakeqe q\u00eb synonin drejtp\u00ebrdrejt territorin ton\u00eb, qoft\u00eb zjarre t\u00eb v\u00ebna n\u00eb fabrikat q\u00eb prodhojn\u00eb pajisje mbrojt\u00ebse p\u00ebr Ukrain\u00ebn apo sulmi hibrid rus n\u00eb Leipzig\u201d.<\/p>\n<p>Disa akte t\u00eb dyshuara sabotimi jan\u00eb raportuar n\u00eb Gjermani vet\u00ebm gjat\u00eb 24 or\u00ebve t\u00eb fundit, duke p\u00ebrfshir\u00eb dy sulme ndaj n\u00ebnstacioneve t\u00eb energjis\u00eb elektrike, nj\u00eb n\u00eb lindje dhe nj\u00eb n\u00eb per\u00ebndim pran\u00eb K\u00eblnit.<\/p>\n<p>Edhe pse autoritetet ende nuk e din\u00eb se kush q\u00ebndron pas incidenteve, Ministri i Brendsh\u00ebm i North Rhine-Westphalia, Herbert Reul, tha se nj\u00eb sulm q\u00eb synonte linjat e energjis\u00eb elektrike n\u00eb Bergheim n\u00eb Gjermanin\u00eb per\u00ebndimore ishte i q\u00ebllimsh\u00ebm dhe kushdo q\u00eb e kishte kryer at\u00eb po sulmonte vendin n\u00eb t\u00ebr\u00ebsi.<\/p>\n<p>\u201cPo hetojm\u00eb dy mund\u00ebsi: sabotim t\u00eb drejtuar nga nj\u00eb shtet i huaj dhe ekstremiz\u00ebm t\u00eb krahut t\u00eb majt\u00eb\u201d, tha ai.<\/p>\n<p>Disa linja elektrike u prish\u00ebn duke b\u00ebr\u00eb q\u00eb pes\u00eb nj\u00ebsi t\u00eb termocentraleve t\u00eb dalin nga puna n\u00eb dy termocentrale t\u00eb ndara me qymyr. Policia tha se gjasht\u00eb pajisje l\u00ebshimi ishin gjetur n\u00eb nj\u00eb fush\u00eb.<\/p>\n<p>Linjat e energjis\u00eb me tension t\u00eb lart\u00eb u d\u00ebmtuan pran\u00eb termocentralit me qymyr J\u00e4nschwalde n\u00eb Brandenburg her\u00ebt t\u00eb mart\u00ebn dhe m\u00eb von\u00eb u gjet\u00ebn pajisje shp\u00ebrthyese n\u00eb nj\u00eb n\u00ebnstacion.<\/p>\n<p>Nd\u00ebrkoh\u00eb, n\u00eb Polonin\u00eb fqinje, kryeministri Donald Tusk tha se nj\u00eb zjarr n\u00eb nj\u00eb fabrik\u00eb q\u00eb prodhonte dron\u00eb luftarak\u00eb n\u00eb Skar\u017cysko-Kamienna, 140 km (85 milje) n\u00eb jug t\u00eb Varshav\u00ebs, ishte nj\u00eb akt i q\u00ebllimsh\u00ebm zjarrv\u00ebnieje dhe sabotimi. Gjithashtu nuk \u00ebsht\u00eb p\u00ebrjashtuar edhe zjarrv\u00ebnia n\u00eb nj\u00eb zjarr n\u00eb nj\u00eb fabrik\u00eb n\u00eb Lublin t\u00eb diel\u00ebn n\u00eb mbr\u00ebmje.<\/p>\n<p>Von der Leyen tha se sanksionet ishin p\u00ebrdorur tashm\u00eb p\u00ebr t\u00eb penguar Rusin\u00eb dhe se ministrat e jasht\u00ebm t\u00eb BE-s\u00eb po diskutonin m\u00ebnyra t\u00eb m\u00ebtejshme p\u00ebr t\u00eb \u201cprer\u00eb m\u00eb thell\u00eb ndikimin e Rusis\u00eb n\u00eb luft\u00ebn kund\u00ebr saj\u201d.<\/p>\n<p>BE-ja ka r\u00ebn\u00eb dakord tashm\u00eb t\u2019i jap\u00eb Ukrain\u00ebs nj\u00eb hua prej 90 miliard\u00eb eurosh (77 miliard\u00eb paund), dhe von der Leyen tha se Kievi kishte k\u00ebrkuar miliarda euro shtes\u00eb n\u00eb fonde p\u00ebr t\u00eb ndihmuar n\u00eb pages\u00ebn e raketave t\u00eb mbrojtjes ajrore PAC-3. Puna tashm\u00eb po zhvillohej n\u00eb nj\u00eb projekt t\u00eb p\u00ebrbashk\u00ebt Evrop\u00eb-Ukrain\u00eb p\u00ebr mbrojtjen nga raketat balistike Freyja, shtoi ajo.<\/p>\n<p>Ajo premtoi se Evropa dhe NATO do t\u00eb vazhdojn\u00eb presionin mbi Mosk\u00ebn, por \u201cne do ta rrisim at\u00eb dhe nuk do t\u00eb ndalemi, derisa Rusia t\u00eb ndaloj\u00eb bombardimet dhe vrasjen e burrave, grave dhe f\u00ebmij\u00ebve t\u00eb pafajsh\u00ebm n\u00eb Ukrain\u00eb\u201d.<\/p>\n","protected":false},"excerpt":{"rendered":"<p>Krer\u00ebt e NATO-s dhe Komisionit Evropian kan\u00eb paralajm\u00ebruar se Rusia po b\u00ebhet gjithnj\u00eb e m\u00eb e pamatur dhe jan\u00eb zotuar se do t\u2019i p\u00ebrgjigjet nj\u00eb \u201cnormaliteti t\u00eb ri\u201d. \u201cLeipzigu sh\u00ebnon nj\u00eb p\u00ebrshkall\u00ebzim t\u00eb ri n\u00eb tok\u00ebn e Bashkimit Evropian, q\u00eb i atribuohet drejtp\u00ebrdrejt Rusis\u00eb\u201d, tha Presidentja e Komisionit Ursula von der Leyen, nj\u00eb dit\u00eb pasi [&hellip;]<\/p>\n","protected":false},"author":8,"featured_media":32750,"comment_status":"closed","ping_status":"closed","sticky":false,"template":"","format":"standard","meta":{"footnotes":""},"categories":[217,213],"tags":[],"class_list":["post-32749","post","type-post","status-publish","format-standard","has-post-thumbnail","hentry","category-bote","category-lajme"],"yoast_head":"<!-- This site is optimized with the Yoast SEO plugin v25.1 - https:\/\/yoast.com\/wordpress\/plugins\/seo\/ -->\n<title>BE dhe NATO zotohen t\u00eb shtojn\u00eb presionin ndaj Rusis\u00eb pas \u2018p\u00ebrshkall\u00ebzimit t\u00eb ri\u2019 n\u00eb Gjermani - press7.tv<\/title>\n<meta name=\"robots\" content=\"index, follow, max-snippet:-1, max-image-preview:large, max-video-preview:-1\" \/>\n<link rel=\"canonical\" href=\"https:\/\/www.press7.tv\/?p=32749\" \/>\n<meta property=\"og:locale\" content=\"en_US\" \/>\n<meta property=\"og:type\" content=\"article\" \/>\n<meta property=\"og:title\" content=\"BE dhe NATO zotohen t\u00eb shtojn\u00eb presionin ndaj Rusis\u00eb pas \u2018p\u00ebrshkall\u00ebzimit t\u00eb ri\u2019 n\u00eb Gjermani - press7.tv\" \/>\n<meta property=\"og:description\" content=\"Krer\u00ebt e NATO-s dhe Komisionit Evropian kan\u00eb paralajm\u00ebruar se Rusia po b\u00ebhet gjithnj\u00eb e m\u00eb e pamatur dhe jan\u00eb zotuar se do t\u2019i p\u00ebrgjigjet nj\u00eb \u201cnormaliteti t\u00eb ri\u201d. \u201cLeipzigu sh\u00ebnon nj\u00eb p\u00ebrshkall\u00ebzim t\u00eb ri n\u00eb tok\u00ebn e Bashkimit Evropian, q\u00eb i atribuohet drejtp\u00ebrdrejt Rusis\u00eb\u201d, tha Presidentja e Komisionit Ursula von der Leyen, nj\u00eb dit\u00eb pasi [&hellip;]\" \/>\n<meta property=\"og:url\" content=\"https:\/\/www.press7.tv\/?p=32749\" \/>\n<meta property=\"og:site_name\" content=\"press7.tv\" \/>\n<meta property=\"article:publisher\" content=\"https:\/\/www.facebook.com\/press7.tv\" \/>\n<meta property=\"article:published_time\" content=\"2026-09-03T07:47:06+00:00\" \/>\n<meta property=\"og:image\" content=\"https:\/\/www.press7.tv\/wp-content\/uploads\/2026\/09\/IMG_5442.avif\" \/>\n\t<meta property=\"og:image:width\" content=\"899\" \/>\n\t<meta property=\"og:image:height\" content=\"500\" \/>\n\t<meta property=\"og:image:type\" content=\"image\/jpeg\" \/>\n<meta name=\"author\" content=\"gazetar2\" \/>\n<meta name=\"twitter:card\" content=\"summary_large_image\" \/>\n<meta name=\"twitter:label1\" content=\"Written by\" \/>\n\t<meta name=\"twitter:data1\" content=\"gazetar2\" \/>\n\t<meta name=\"twitter:label2\" content=\"Est. reading time\" \/>\n\t<meta name=\"twitter:data2\" content=\"1 minute\" \/>\n<script type=\"application\/ld+json\" class=\"yoast-schema-graph\">{\"@context\":\"https:\/\/schema.org\",\"@graph\":[{\"@type\":\"Article\",\"@id\":\"https:\/\/www.press7.tv\/?p=32749#article\",\"isPartOf\":{\"@id\":\"https:\/\/www.press7.tv\/?p=32749\"},\"author\":{\"name\":\"gazetar2\",\"@id\":\"https:\/\/www.news33.tv\/#\/schema\/person\/5a04a38a23ccdba82f9bd665cd8f9efa\"},\"headline\":\"BE dhe NATO zotohen t\u00eb shtojn\u00eb presionin ndaj Rusis\u00eb pas \u2018p\u00ebrshkall\u00ebzimit t\u00eb ri\u2019 n\u00eb Gjermani\",\"datePublished\":\"2026-09-03T07:47:06+00:00\",\"mainEntityOfPage\":{\"@id\":\"https:\/\/www.press7.tv\/?p=32749\"},\"wordCount\":1407,\"publisher\":{\"@id\":\"https:\/\/www.news33.tv\/#organization\"},\"image\":{\"@id\":\"https:\/\/www.press7.tv\/?p=32749#primaryimage\"},\"thumbnailUrl\":\"https:\/\/www.press7.tv\/wp-content\/uploads\/2026\/09\/IMG_5442.avif\",\"articleSection\":[\"Bot\u00eb\",\"Lajme\"],\"inLanguage\":\"en-US\"},{\"@type\":\"WebPage\",\"@id\":\"https:\/\/www.press7.tv\/?p=32749\",\"url\":\"https:\/\/www.press7.tv\/?p=32749\",\"name\":\"BE dhe NATO zotohen t\u00eb shtojn\u00eb presionin ndaj Rusis\u00eb pas \u2018p\u00ebrshkall\u00ebzimit t\u00eb ri\u2019 n\u00eb Gjermani - press7.tv\",\"isPartOf\":{\"@id\":\"https:\/\/www.news33.tv\/#website\"},\"primaryImageOfPage\":{\"@id\":\"https:\/\/www.press7.tv\/?p=32749#primaryimage\"},\"image\":{\"@id\":\"https:\/\/www.press7.tv\/?p=32749#primaryimage\"},\"thumbnailUrl\":\"https:\/\/www.press7.tv\/wp-content\/uploads\/2026\/09\/IMG_5442.avif\",\"datePublished\":\"2026-09-03T07:47:06+00:00\",\"breadcrumb\":{\"@id\":\"https:\/\/www.press7.tv\/?p=32749#breadcrumb\"},\"inLanguage\":\"en-US\",\"potentialAction\":[{\"@type\":\"ReadAction\",\"target\":[\"https:\/\/www.press7.tv\/?p=32749\"]}]},{\"@type\":\"ImageObject\",\"inLanguage\":\"en-US\",\"@id\":\"https:\/\/www.press7.tv\/?p=32749#primaryimage\",\"url\":\"https:\/\/www.press7.tv\/wp-content\/uploads\/2026\/09\/IMG_5442.avif\",\"contentUrl\":\"https:\/\/www.press7.tv\/wp-content\/uploads\/2026\/09\/IMG_5442.avif\",\"width\":899,\"height\":500},{\"@type\":\"BreadcrumbList\",\"@id\":\"https:\/\/www.press7.tv\/?p=32749#breadcrumb\",\"itemListElement\":[{\"@type\":\"ListItem\",\"position\":1,\"name\":\"Home\",\"item\":\"https:\/\/www.press7.tv\/\"},{\"@type\":\"ListItem\",\"position\":2,\"name\":\"BE dhe NATO zotohen t\u00eb shtojn\u00eb presionin ndaj Rusis\u00eb pas \u2018p\u00ebrshkall\u00ebzimit t\u00eb ri\u2019 n\u00eb Gjermani\"}]},{\"@type\":\"WebSite\",\"@id\":\"https:\/\/www.news33.tv\/#website\",\"url\":\"https:\/\/www.news33.tv\/\",\"name\":\"News33.tv Media\",\"description\":\"Media\",\"publisher\":{\"@id\":\"https:\/\/www.news33.tv\/#organization\"},\"potentialAction\":[{\"@type\":\"SearchAction\",\"target\":{\"@type\":\"EntryPoint\",\"urlTemplate\":\"https:\/\/www.news33.tv\/?s={search_term_string}\"},\"query-input\":{\"@type\":\"PropertyValueSpecification\",\"valueRequired\":true,\"valueName\":\"search_term_string\"}}],\"inLanguage\":\"en-US\"},{\"@type\":\"Organization\",\"@id\":\"https:\/\/www.news33.tv\/#organization\",\"name\":\"News33.tv Media\",\"url\":\"https:\/\/www.news33.tv\/\",\"logo\":{\"@type\":\"ImageObject\",\"inLanguage\":\"en-US\",\"@id\":\"https:\/\/www.news33.tv\/#\/schema\/logo\/image\/\",\"url\":\"https:\/\/www.press7.tv\/wp-content\/uploads\/2024\/02\/logo-news33-black.png\",\"contentUrl\":\"https:\/\/www.press7.tv\/wp-content\/uploads\/2024\/02\/logo-news33-black.png\",\"width\":180,\"height\":37,\"caption\":\"News33.tv Media\"},\"image\":{\"@id\":\"https:\/\/www.news33.tv\/#\/schema\/logo\/image\/\"},\"sameAs\":[\"https:\/\/www.facebook.com\/press7.tv\"]},{\"@type\":\"Person\",\"@id\":\"https:\/\/www.news33.tv\/#\/schema\/person\/5a04a38a23ccdba82f9bd665cd8f9efa\",\"name\":\"gazetar2\",\"image\":{\"@type\":\"ImageObject\",\"inLanguage\":\"en-US\",\"@id\":\"https:\/\/www.news33.tv\/#\/schema\/person\/image\/\",\"url\":\"https:\/\/www.press7.tv\/wp-content\/litespeed\/avatar\/41975e402c3049d9ddb03adca8f7a883.jpg?ver=1788056178\",\"contentUrl\":\"https:\/\/www.press7.tv\/wp-content\/litespeed\/avatar\/41975e402c3049d9ddb03adca8f7a883.jpg?ver=1788056178\",\"caption\":\"gazetar2\"},\"url\":\"https:\/\/www.press7.tv\/?author=8\"}]}<\/script>\n<!-- \/ Yoast SEO plugin. -->","yoast_head_json":{"title":"BE dhe NATO zotohen t\u00eb shtojn\u00eb presionin ndaj Rusis\u00eb pas \u2018p\u00ebrshkall\u00ebzimit t\u00eb ri\u2019 n\u00eb Gjermani - press7.tv","robots":{"index":"index","follow":"follow","max-snippet":"max-snippet:-1","max-image-preview":"max-image-preview:large","max-video-preview":"max-video-preview:-1"},"canonical":"https:\/\/www.press7.tv\/?p=32749","og_locale":"en_US","og_type":"article","og_title":"BE dhe NATO zotohen t\u00eb shtojn\u00eb presionin ndaj Rusis\u00eb pas \u2018p\u00ebrshkall\u00ebzimit t\u00eb ri\u2019 n\u00eb Gjermani - press7.tv","og_description":"Krer\u00ebt e NATO-s dhe Komisionit Evropian kan\u00eb paralajm\u00ebruar se Rusia po b\u00ebhet gjithnj\u00eb e m\u00eb e pamatur dhe jan\u00eb zotuar se do t\u2019i p\u00ebrgjigjet nj\u00eb \u201cnormaliteti t\u00eb ri\u201d. \u201cLeipzigu sh\u00ebnon nj\u00eb p\u00ebrshkall\u00ebzim t\u00eb ri n\u00eb tok\u00ebn e Bashkimit Evropian, q\u00eb i atribuohet drejtp\u00ebrdrejt Rusis\u00eb\u201d, tha Presidentja e Komisionit Ursula von der Leyen, nj\u00eb dit\u00eb pasi [&hellip;]","og_url":"https:\/\/www.press7.tv\/?p=32749","og_site_name":"press7.tv","article_publisher":"https:\/\/www.facebook.com\/press7.tv","article_published_time":"2026-09-03T07:47:06+00:00","og_image":[{"width":899,"height":500,"url":"https:\/\/www.press7.tv\/wp-content\/uploads\/2026\/09\/IMG_5442.avif","type":"image\/jpeg"}],"author":"gazetar2","twitter_card":"summary_large_image","twitter_misc":{"Written by":"gazetar2","Est. reading time":"1 minute"},"schema":{"@context":"https:\/\/schema.org","@graph":[{"@type":"Article","@id":"https:\/\/www.press7.tv\/?p=32749#article","isPartOf":{"@id":"https:\/\/www.press7.tv\/?p=32749"},"author":{"name":"gazetar2","@id":"https:\/\/www.news33.tv\/#\/schema\/person\/5a04a38a23ccdba82f9bd665cd8f9efa"},"headline":"BE dhe NATO zotohen t\u00eb shtojn\u00eb presionin ndaj Rusis\u00eb pas \u2018p\u00ebrshkall\u00ebzimit t\u00eb ri\u2019 n\u00eb Gjermani","datePublished":"2026-09-03T07:47:06+00:00","mainEntityOfPage":{"@id":"https:\/\/www.press7.tv\/?p=32749"},"wordCount":1407,"publisher":{"@id":"https:\/\/www.news33.tv\/#organization"},"image":{"@id":"https:\/\/www.press7.tv\/?p=32749#primaryimage"},"thumbnailUrl":"https:\/\/www.press7.tv\/wp-content\/uploads\/2026\/09\/IMG_5442.avif","articleSection":["Bot\u00eb","Lajme"],"inLanguage":"en-US"},{"@type":"WebPage","@id":"https:\/\/www.press7.tv\/?p=32749","url":"https:\/\/www.press7.tv\/?p=32749","name":"BE dhe NATO zotohen t\u00eb shtojn\u00eb presionin ndaj Rusis\u00eb pas \u2018p\u00ebrshkall\u00ebzimit t\u00eb ri\u2019 n\u00eb Gjermani - press7.tv","isPartOf":{"@id":"https:\/\/www.news33.tv\/#website"},"primaryImageOfPage":{"@id":"https:\/\/www.press7.tv\/?p=32749#primaryimage"},"image":{"@id":"https:\/\/www.press7.tv\/?p=32749#primaryimage"},"thumbnailUrl":"https:\/\/www.press7.tv\/wp-content\/uploads\/2026\/09\/IMG_5442.avif","datePublished":"2026-09-03T07:47:06+00:00","breadcrumb":{"@id":"https:\/\/www.press7.tv\/?p=32749#breadcrumb"},"inLanguage":"en-US","potentialAction":[{"@type":"ReadAction","target":["https:\/\/www.press7.tv\/?p=32749"]}]},{"@type":"ImageObject","inLanguage":"en-US","@id":"https:\/\/www.press7.tv\/?p=32749#primaryimage","url":"https:\/\/www.press7.tv\/wp-content\/uploads\/2026\/09\/IMG_5442.avif","contentUrl":"https:\/\/www.press7.tv\/wp-content\/uploads\/2026\/09\/IMG_5442.avif","width":899,"height":500},{"@type":"BreadcrumbList","@id":"https:\/\/www.press7.tv\/?p=32749#breadcrumb","itemListElement":[{"@type":"ListItem","position":1,"name":"Home","item":"https:\/\/www.press7.tv\/"},{"@type":"ListItem","position":2,"name":"BE dhe NATO zotohen t\u00eb shtojn\u00eb presionin ndaj Rusis\u00eb pas \u2018p\u00ebrshkall\u00ebzimit t\u00eb ri\u2019 n\u00eb Gjermani"}]},{"@type":"WebSite","@id":"https:\/\/www.news33.tv\/#website","url":"https:\/\/www.news33.tv\/","name":"News33.tv Media","description":"Media","publisher":{"@id":"https:\/\/www.news33.tv\/#organization"},"potentialAction":[{"@type":"SearchAction","target":{"@type":"EntryPoint","urlTemplate":"https:\/\/www.news33.tv\/?s={search_term_string}"},"query-input":{"@type":"PropertyValueSpecification","valueRequired":true,"valueName":"search_term_string"}}],"inLanguage":"en-US"},{"@type":"Organization","@id":"https:\/\/www.news33.tv\/#organization","name":"News33.tv Media","url":"https:\/\/www.news33.tv\/","logo":{"@type":"ImageObject","inLanguage":"en-US","@id":"https:\/\/www.news33.tv\/#\/schema\/logo\/image\/","url":"https:\/\/www.press7.tv\/wp-content\/uploads\/2024\/02\/logo-news33-black.png","contentUrl":"https:\/\/www.press7.tv\/wp-content\/uploads\/2024\/02\/logo-news33-black.png","width":180,"height":37,"caption":"News33.tv Media"},"image":{"@id":"https:\/\/www.news33.tv\/#\/schema\/logo\/image\/"},"sameAs":["https:\/\/www.facebook.com\/press7.tv"]},{"@type":"Person","@id":"https:\/\/www.news33.tv\/#\/schema\/person\/5a04a38a23ccdba82f9bd665cd8f9efa","name":"gazetar2","image":{"@type":"ImageObject","inLanguage":"en-US","@id":"https:\/\/www.news33.tv\/#\/schema\/person\/image\/","url":"https:\/\/www.press7.tv\/wp-content\/litespeed\/avatar\/41975e402c3049d9ddb03adca8f7a883.jpg?ver=1788056178","contentUrl":"https:\/\/www.press7.tv\/wp-content\/litespeed\/avatar\/41975e402c3049d9ddb03adca8f7a883.jpg?ver=1788056178","caption":"gazetar2"},"url":"https:\/\/www.press7.tv\/?author=8"}]}},"amp_enabled":true,"_links":{"self":[{"href":"https:\/\/www.press7.tv\/index.php?rest_route=\/wp\/v2\/posts\/32749","targetHints":{"allow":["GET"]}}],"collection":[{"href":"https:\/\/www.press7.tv\/index.php?rest_route=\/wp\/v2\/posts"}],"about":[{"href":"https:\/\/www.press7.tv\/index.php?rest_route=\/wp\/v2\/types\/post"}],"author":[{"embeddable":true,"href":"https:\/\/www.press7.tv\/index.php?rest_route=\/wp\/v2\/users\/8"}],"replies":[{"embeddable":true,"href":"https:\/\/www.press7.tv\/index.php?rest_route=%2Fwp%2Fv2%2Fcomments&post=32749"}],"version-history":[{"count":1,"href":"https:\/\/www.press7.tv\/index.php?rest_route=\/wp\/v2\/posts\/32749\/revisions"}],"predecessor-version":[{"id":32751,"href":"https:\/\/www.press7.tv\/index.php?rest_route=\/wp\/v2\/posts\/32749\/revisions\/32751"}],"wp:featuredmedia":[{"embeddable":true,"href":"https:\/\/www.press7.tv\/index.php?rest_route=\/wp\/v2\/media\/32750"}],"wp:attachment":[{"href":"https:\/\/www.press7.tv\/index.php?rest_route=%2Fwp%2Fv2%2Fmedia&parent=32749"}],"wp:term":[{"taxonomy":"category","embeddable":true,"href":"https:\/\/www.press7.tv\/index.php?rest_route=%2Fwp%2Fv2%2Fcategories&post=32749"},{"taxonomy":"post_tag","embeddable":true,"href":"https:\/\/www.press7.tv\/index.php?rest_route=%2Fwp%2Fv2%2Ftags&post=32749"}],"curies":[{"name":"wp","href":"https:\/\/api.w.org\/{rel}","templated":true}]}}