{"id":32736,"date":"2026-09-02T17:20:38","date_gmt":"2026-09-02T17:20:38","guid":{"rendered":"https:\/\/www.press7.tv\/?p=32736"},"modified":"2026-09-02T17:20:38","modified_gmt":"2026-09-02T17:20:38","slug":"perfundon-takimi-kurti-nuk-deklarohet-abdixhiku-thote-se-vendi-po-shkon-drejt-zgjedhjeve","status":"publish","type":"post","link":"https:\/\/www.press7.tv\/?p=32736","title":{"rendered":"P\u00ebrfundon takimi, Kurti nuk deklarohet, Abdixhiku thot\u00eb se vendi po shkon drejt zgjedhjeve"},"content":{"rendered":"\n    <div class=\"xs_social_share_widget xs_share_url before_content \t\tmain_content  wslu-style-2 wslu-share-box-shaped wslu-fill-colored wslu-share-m-5 wslu-none wslu-share-vertical wslu-theme-font-no wslu-main_content\">\n\n\t\t\n        <ul>\n\t\t\t        <\/ul>\n    <\/div> \n<p>(Tekst i p\u00ebrdit\u00ebsuar) \u2013 Ka p\u00ebrfunduar takimi n\u00eb mes t\u00eb kryetarit t\u00eb L\u00ebvizjes Vet\u00ebvendosje Albin Kurti dhe kryetarit t\u00eb Lidhjes Demokratike t\u00eb Kosov\u00ebs, Lumir Abdixhiku.<\/p>\n<p>Pas takimit Kurti nuk \u00ebsht\u00eb deklaruar p\u00ebr media, nd\u00ebrsa Abdixhiku ka th\u00ebn\u00eb se do t\u00eb p\u00ebrpiqen q\u00eb t\u00eb takohen s\u00ebrish, por se numrat n\u00eb Kuvend dihen tashm\u00eb. Ai ka th\u00ebn\u00eb se vendi po shkon drejt zgjedhjeve t\u00eb reja.<\/p>\n<p>Abdixhiku ka th\u00ebn\u00eb se kan\u00eb diskutuar p\u00ebr zhvillimet e fundit.<\/p>\n<p>\u201cNjoftim i rregullt pas zhvillimeve n\u00eb t\u00eb dy partit\u00eb, si\u00e7 e do rendi do t\u00eb ket\u00eb procese diskutuese, do t\u00eb njoftojm\u00eb edhe zyrtarisht njeri-tjetrin p\u00ebr zhvillimet partiake, k\u00ebt\u00eb e b\u00ebra p\u00ebr takimet q\u00eb kan\u00eb ndodhur dje e njoftova zyrtarisht\u201d, \u00ebsht\u00eb shprehur Abdixhiku.<\/p>\n<p>Takimi \u00ebsht\u00eb zhvilluar pasi t\u00eb mart\u00eb 6 prej 18 deputet\u00ebve t\u00eb kLDK-s\u00eb kan\u00eb deklaruar se nuk do ta mb\u00ebshtesin kandidatur\u00ebn e Bekim Sejdiut p\u00ebr president. <\/p>\n<p>Abdixhiku t\u00eb mart\u00ebn pas mbledhjes s\u00eb Grupit Parlamentar tha se Hykmete Bajrami, Avdullah Hoti, Kujtim Shala, Arben Gashi, Armend Zemaj e Janina Ymeri jan\u00eb deklaruar se nuk do ta votojn\u00eb Sejdiun.<\/p>\n<p>E po t\u00eb mart\u00ebn u takua edhe Grupin Parlamentar i Vet\u00ebvendosjes. Pas takimit Kurti tha se n\u00eb k\u00ebt\u00eb grup t\u00eb gjith\u00eb ishin t\u00eb pajtimit p\u00ebr kandidatur\u00ebn e Sejdiut, por tha se me refuzimin e 6 deputet\u00ebve t\u00eb LDK-s\u00eb numri maksimal i votave q\u00eb mund t\u00eb sigurojn\u00eb \u00ebsht\u00eb 74. <\/p>\n<p>Kurti tha se marr\u00ebveshja politike p\u00ebr t\u00eb \u00ebsht\u00eb ende valide, por shtoi se duhet t\u00eb takohet s\u00ebrish me Abdixhikun dhe m\u00eb pas edhe me Kryesin\u00eb e Vet\u00ebvendosjes. <\/p>\n<p>Bekim Sejdiu u propozua t\u00eb h\u00ebn\u00ebn si kandidat p\u00ebr president pas dakordimit t\u00eb arritur mes Vet\u00ebvendosjes dhe LDK-s\u00eb.<\/p>\n","protected":false},"excerpt":{"rendered":"<p>(Tekst i p\u00ebrdit\u00ebsuar) \u2013 Ka p\u00ebrfunduar takimi n\u00eb mes t\u00eb kryetarit t\u00eb L\u00ebvizjes Vet\u00ebvendosje Albin Kurti dhe kryetarit t\u00eb Lidhjes Demokratike t\u00eb Kosov\u00ebs, Lumir Abdixhiku. Pas takimit Kurti nuk \u00ebsht\u00eb deklaruar p\u00ebr media, nd\u00ebrsa Abdixhiku ka th\u00ebn\u00eb se do t\u00eb p\u00ebrpiqen q\u00eb t\u00eb takohen s\u00ebrish, por se numrat n\u00eb Kuvend dihen tashm\u00eb. Ai ka th\u00ebn\u00eb [&hellip;]<\/p>\n","protected":false},"author":8,"featured_media":32737,"comment_status":"closed","ping_status":"closed","sticky":false,"template":"","format":"standard","meta":{"footnotes":""},"categories":[215,213],"tags":[],"class_list":["post-32736","post","type-post","status-publish","format-standard","has-post-thumbnail","hentry","category-kosove","category-lajme"],"yoast_head":"<!-- This site is optimized with the Yoast SEO plugin v25.1 - https:\/\/yoast.com\/wordpress\/plugins\/seo\/ -->\n<title>P\u00ebrfundon takimi, Kurti nuk deklarohet, Abdixhiku thot\u00eb se vendi po shkon drejt zgjedhjeve - press7.tv<\/title>\n<meta name=\"robots\" content=\"index, follow, max-snippet:-1, max-image-preview:large, max-video-preview:-1\" \/>\n<link rel=\"canonical\" href=\"https:\/\/www.press7.tv\/?p=32736\" \/>\n<meta property=\"og:locale\" content=\"en_US\" \/>\n<meta property=\"og:type\" content=\"article\" \/>\n<meta property=\"og:title\" content=\"P\u00ebrfundon takimi, Kurti nuk deklarohet, Abdixhiku thot\u00eb se vendi po shkon drejt zgjedhjeve - press7.tv\" \/>\n<meta property=\"og:description\" content=\"(Tekst i p\u00ebrdit\u00ebsuar) \u2013 Ka p\u00ebrfunduar takimi n\u00eb mes t\u00eb kryetarit t\u00eb L\u00ebvizjes Vet\u00ebvendosje Albin Kurti dhe kryetarit t\u00eb Lidhjes Demokratike t\u00eb Kosov\u00ebs, Lumir Abdixhiku. Pas takimit Kurti nuk \u00ebsht\u00eb deklaruar p\u00ebr media, nd\u00ebrsa Abdixhiku ka th\u00ebn\u00eb se do t\u00eb p\u00ebrpiqen q\u00eb t\u00eb takohen s\u00ebrish, por se numrat n\u00eb Kuvend dihen tashm\u00eb. Ai ka th\u00ebn\u00eb [&hellip;]\" \/>\n<meta property=\"og:url\" content=\"https:\/\/www.press7.tv\/?p=32736\" \/>\n<meta property=\"og:site_name\" content=\"press7.tv\" \/>\n<meta property=\"article:publisher\" content=\"https:\/\/www.facebook.com\/press7.tv\" \/>\n<meta property=\"article:published_time\" content=\"2026-09-02T17:20:38+00:00\" \/>\n<meta property=\"og:image\" content=\"https:\/\/www.press7.tv\/wp-content\/uploads\/2026\/09\/IMG_5434.avif\" \/>\n\t<meta property=\"og:image:width\" content=\"1360\" \/>\n\t<meta property=\"og:image:height\" content=\"870\" \/>\n\t<meta property=\"og:image:type\" content=\"image\/webp\" \/>\n<meta name=\"author\" content=\"gazetar2\" \/>\n<meta name=\"twitter:card\" content=\"summary_large_image\" \/>\n<meta name=\"twitter:label1\" content=\"Written by\" \/>\n\t<meta name=\"twitter:data1\" content=\"gazetar2\" \/>\n\t<meta name=\"twitter:label2\" content=\"Est. reading time\" \/>\n\t<meta name=\"twitter:data2\" content=\"1 minute\" \/>\n<script type=\"application\/ld+json\" class=\"yoast-schema-graph\">{\"@context\":\"https:\/\/schema.org\",\"@graph\":[{\"@type\":\"Article\",\"@id\":\"https:\/\/www.press7.tv\/?p=32736#article\",\"isPartOf\":{\"@id\":\"https:\/\/www.press7.tv\/?p=32736\"},\"author\":{\"name\":\"gazetar2\",\"@id\":\"https:\/\/www.news33.tv\/#\/schema\/person\/5a04a38a23ccdba82f9bd665cd8f9efa\"},\"headline\":\"P\u00ebrfundon takimi, Kurti nuk deklarohet, Abdixhiku thot\u00eb se vendi po shkon drejt zgjedhjeve\",\"datePublished\":\"2026-09-02T17:20:38+00:00\",\"mainEntityOfPage\":{\"@id\":\"https:\/\/www.press7.tv\/?p=32736\"},\"wordCount\":310,\"publisher\":{\"@id\":\"https:\/\/www.news33.tv\/#organization\"},\"image\":{\"@id\":\"https:\/\/www.press7.tv\/?p=32736#primaryimage\"},\"thumbnailUrl\":\"https:\/\/www.press7.tv\/wp-content\/uploads\/2026\/09\/IMG_5434.avif\",\"articleSection\":[\"Kosov\u00eb\",\"Lajme\"],\"inLanguage\":\"en-US\"},{\"@type\":\"WebPage\",\"@id\":\"https:\/\/www.press7.tv\/?p=32736\",\"url\":\"https:\/\/www.press7.tv\/?p=32736\",\"name\":\"P\u00ebrfundon takimi, Kurti nuk deklarohet, Abdixhiku thot\u00eb se vendi po shkon drejt zgjedhjeve - press7.tv\",\"isPartOf\":{\"@id\":\"https:\/\/www.news33.tv\/#website\"},\"primaryImageOfPage\":{\"@id\":\"https:\/\/www.press7.tv\/?p=32736#primaryimage\"},\"image\":{\"@id\":\"https:\/\/www.press7.tv\/?p=32736#primaryimage\"},\"thumbnailUrl\":\"https:\/\/www.press7.tv\/wp-content\/uploads\/2026\/09\/IMG_5434.avif\",\"datePublished\":\"2026-09-02T17:20:38+00:00\",\"breadcrumb\":{\"@id\":\"https:\/\/www.press7.tv\/?p=32736#breadcrumb\"},\"inLanguage\":\"en-US\",\"potentialAction\":[{\"@type\":\"ReadAction\",\"target\":[\"https:\/\/www.press7.tv\/?p=32736\"]}]},{\"@type\":\"ImageObject\",\"inLanguage\":\"en-US\",\"@id\":\"https:\/\/www.press7.tv\/?p=32736#primaryimage\",\"url\":\"https:\/\/www.press7.tv\/wp-content\/uploads\/2026\/09\/IMG_5434.avif\",\"contentUrl\":\"https:\/\/www.press7.tv\/wp-content\/uploads\/2026\/09\/IMG_5434.avif\",\"width\":1360,\"height\":870},{\"@type\":\"BreadcrumbList\",\"@id\":\"https:\/\/www.press7.tv\/?p=32736#breadcrumb\",\"itemListElement\":[{\"@type\":\"ListItem\",\"position\":1,\"name\":\"Home\",\"item\":\"https:\/\/www.press7.tv\/\"},{\"@type\":\"ListItem\",\"position\":2,\"name\":\"P\u00ebrfundon takimi, Kurti nuk deklarohet, Abdixhiku thot\u00eb se vendi po shkon drejt zgjedhjeve\"}]},{\"@type\":\"WebSite\",\"@id\":\"https:\/\/www.news33.tv\/#website\",\"url\":\"https:\/\/www.news33.tv\/\",\"name\":\"News33.tv Media\",\"description\":\"Media\",\"publisher\":{\"@id\":\"https:\/\/www.news33.tv\/#organization\"},\"potentialAction\":[{\"@type\":\"SearchAction\",\"target\":{\"@type\":\"EntryPoint\",\"urlTemplate\":\"https:\/\/www.news33.tv\/?s={search_term_string}\"},\"query-input\":{\"@type\":\"PropertyValueSpecification\",\"valueRequired\":true,\"valueName\":\"search_term_string\"}}],\"inLanguage\":\"en-US\"},{\"@type\":\"Organization\",\"@id\":\"https:\/\/www.news33.tv\/#organization\",\"name\":\"News33.tv Media\",\"url\":\"https:\/\/www.news33.tv\/\",\"logo\":{\"@type\":\"ImageObject\",\"inLanguage\":\"en-US\",\"@id\":\"https:\/\/www.news33.tv\/#\/schema\/logo\/image\/\",\"url\":\"https:\/\/www.press7.tv\/wp-content\/uploads\/2024\/02\/logo-news33-black.png\",\"contentUrl\":\"https:\/\/www.press7.tv\/wp-content\/uploads\/2024\/02\/logo-news33-black.png\",\"width\":180,\"height\":37,\"caption\":\"News33.tv Media\"},\"image\":{\"@id\":\"https:\/\/www.news33.tv\/#\/schema\/logo\/image\/\"},\"sameAs\":[\"https:\/\/www.facebook.com\/press7.tv\"]},{\"@type\":\"Person\",\"@id\":\"https:\/\/www.news33.tv\/#\/schema\/person\/5a04a38a23ccdba82f9bd665cd8f9efa\",\"name\":\"gazetar2\",\"image\":{\"@type\":\"ImageObject\",\"inLanguage\":\"en-US\",\"@id\":\"https:\/\/www.news33.tv\/#\/schema\/person\/image\/\",\"url\":\"https:\/\/www.press7.tv\/wp-content\/litespeed\/avatar\/41975e402c3049d9ddb03adca8f7a883.jpg?ver=1788056178\",\"contentUrl\":\"https:\/\/www.press7.tv\/wp-content\/litespeed\/avatar\/41975e402c3049d9ddb03adca8f7a883.jpg?ver=1788056178\",\"caption\":\"gazetar2\"},\"url\":\"https:\/\/www.press7.tv\/?author=8\"}]}<\/script>\n<!-- \/ Yoast SEO plugin. -->","yoast_head_json":{"title":"P\u00ebrfundon takimi, Kurti nuk deklarohet, Abdixhiku thot\u00eb se vendi po shkon drejt zgjedhjeve - press7.tv","robots":{"index":"index","follow":"follow","max-snippet":"max-snippet:-1","max-image-preview":"max-image-preview:large","max-video-preview":"max-video-preview:-1"},"canonical":"https:\/\/www.press7.tv\/?p=32736","og_locale":"en_US","og_type":"article","og_title":"P\u00ebrfundon takimi, Kurti nuk deklarohet, Abdixhiku thot\u00eb se vendi po shkon drejt zgjedhjeve - press7.tv","og_description":"(Tekst i p\u00ebrdit\u00ebsuar) \u2013 Ka p\u00ebrfunduar takimi n\u00eb mes t\u00eb kryetarit t\u00eb L\u00ebvizjes Vet\u00ebvendosje Albin Kurti dhe kryetarit t\u00eb Lidhjes Demokratike t\u00eb Kosov\u00ebs, Lumir Abdixhiku. Pas takimit Kurti nuk \u00ebsht\u00eb deklaruar p\u00ebr media, nd\u00ebrsa Abdixhiku ka th\u00ebn\u00eb se do t\u00eb p\u00ebrpiqen q\u00eb t\u00eb takohen s\u00ebrish, por se numrat n\u00eb Kuvend dihen tashm\u00eb. Ai ka th\u00ebn\u00eb [&hellip;]","og_url":"https:\/\/www.press7.tv\/?p=32736","og_site_name":"press7.tv","article_publisher":"https:\/\/www.facebook.com\/press7.tv","article_published_time":"2026-09-02T17:20:38+00:00","og_image":[{"width":1360,"height":870,"url":"https:\/\/www.press7.tv\/wp-content\/uploads\/2026\/09\/IMG_5434.avif","type":"image\/webp"}],"author":"gazetar2","twitter_card":"summary_large_image","twitter_misc":{"Written by":"gazetar2","Est. reading time":"1 minute"},"schema":{"@context":"https:\/\/schema.org","@graph":[{"@type":"Article","@id":"https:\/\/www.press7.tv\/?p=32736#article","isPartOf":{"@id":"https:\/\/www.press7.tv\/?p=32736"},"author":{"name":"gazetar2","@id":"https:\/\/www.news33.tv\/#\/schema\/person\/5a04a38a23ccdba82f9bd665cd8f9efa"},"headline":"P\u00ebrfundon takimi, Kurti nuk deklarohet, Abdixhiku thot\u00eb se vendi po shkon drejt zgjedhjeve","datePublished":"2026-09-02T17:20:38+00:00","mainEntityOfPage":{"@id":"https:\/\/www.press7.tv\/?p=32736"},"wordCount":310,"publisher":{"@id":"https:\/\/www.news33.tv\/#organization"},"image":{"@id":"https:\/\/www.press7.tv\/?p=32736#primaryimage"},"thumbnailUrl":"https:\/\/www.press7.tv\/wp-content\/uploads\/2026\/09\/IMG_5434.avif","articleSection":["Kosov\u00eb","Lajme"],"inLanguage":"en-US"},{"@type":"WebPage","@id":"https:\/\/www.press7.tv\/?p=32736","url":"https:\/\/www.press7.tv\/?p=32736","name":"P\u00ebrfundon takimi, Kurti nuk deklarohet, Abdixhiku thot\u00eb se vendi po shkon drejt zgjedhjeve - press7.tv","isPartOf":{"@id":"https:\/\/www.news33.tv\/#website"},"primaryImageOfPage":{"@id":"https:\/\/www.press7.tv\/?p=32736#primaryimage"},"image":{"@id":"https:\/\/www.press7.tv\/?p=32736#primaryimage"},"thumbnailUrl":"https:\/\/www.press7.tv\/wp-content\/uploads\/2026\/09\/IMG_5434.avif","datePublished":"2026-09-02T17:20:38+00:00","breadcrumb":{"@id":"https:\/\/www.press7.tv\/?p=32736#breadcrumb"},"inLanguage":"en-US","potentialAction":[{"@type":"ReadAction","target":["https:\/\/www.press7.tv\/?p=32736"]}]},{"@type":"ImageObject","inLanguage":"en-US","@id":"https:\/\/www.press7.tv\/?p=32736#primaryimage","url":"https:\/\/www.press7.tv\/wp-content\/uploads\/2026\/09\/IMG_5434.avif","contentUrl":"https:\/\/www.press7.tv\/wp-content\/uploads\/2026\/09\/IMG_5434.avif","width":1360,"height":870},{"@type":"BreadcrumbList","@id":"https:\/\/www.press7.tv\/?p=32736#breadcrumb","itemListElement":[{"@type":"ListItem","position":1,"name":"Home","item":"https:\/\/www.press7.tv\/"},{"@type":"ListItem","position":2,"name":"P\u00ebrfundon takimi, Kurti nuk deklarohet, Abdixhiku thot\u00eb se vendi po shkon drejt zgjedhjeve"}]},{"@type":"WebSite","@id":"https:\/\/www.news33.tv\/#website","url":"https:\/\/www.news33.tv\/","name":"News33.tv Media","description":"Media","publisher":{"@id":"https:\/\/www.news33.tv\/#organization"},"potentialAction":[{"@type":"SearchAction","target":{"@type":"EntryPoint","urlTemplate":"https:\/\/www.news33.tv\/?s={search_term_string}"},"query-input":{"@type":"PropertyValueSpecification","valueRequired":true,"valueName":"search_term_string"}}],"inLanguage":"en-US"},{"@type":"Organization","@id":"https:\/\/www.news33.tv\/#organization","name":"News33.tv Media","url":"https:\/\/www.news33.tv\/","logo":{"@type":"ImageObject","inLanguage":"en-US","@id":"https:\/\/www.news33.tv\/#\/schema\/logo\/image\/","url":"https:\/\/www.press7.tv\/wp-content\/uploads\/2024\/02\/logo-news33-black.png","contentUrl":"https:\/\/www.press7.tv\/wp-content\/uploads\/2024\/02\/logo-news33-black.png","width":180,"height":37,"caption":"News33.tv Media"},"image":{"@id":"https:\/\/www.news33.tv\/#\/schema\/logo\/image\/"},"sameAs":["https:\/\/www.facebook.com\/press7.tv"]},{"@type":"Person","@id":"https:\/\/www.news33.tv\/#\/schema\/person\/5a04a38a23ccdba82f9bd665cd8f9efa","name":"gazetar2","image":{"@type":"ImageObject","inLanguage":"en-US","@id":"https:\/\/www.news33.tv\/#\/schema\/person\/image\/","url":"https:\/\/www.press7.tv\/wp-content\/litespeed\/avatar\/41975e402c3049d9ddb03adca8f7a883.jpg?ver=1788056178","contentUrl":"https:\/\/www.press7.tv\/wp-content\/litespeed\/avatar\/41975e402c3049d9ddb03adca8f7a883.jpg?ver=1788056178","caption":"gazetar2"},"url":"https:\/\/www.press7.tv\/?author=8"}]}},"amp_enabled":true,"_links":{"self":[{"href":"https:\/\/www.press7.tv\/index.php?rest_route=\/wp\/v2\/posts\/32736","targetHints":{"allow":["GET"]}}],"collection":[{"href":"https:\/\/www.press7.tv\/index.php?rest_route=\/wp\/v2\/posts"}],"about":[{"href":"https:\/\/www.press7.tv\/index.php?rest_route=\/wp\/v2\/types\/post"}],"author":[{"embeddable":true,"href":"https:\/\/www.press7.tv\/index.php?rest_route=\/wp\/v2\/users\/8"}],"replies":[{"embeddable":true,"href":"https:\/\/www.press7.tv\/index.php?rest_route=%2Fwp%2Fv2%2Fcomments&post=32736"}],"version-history":[{"count":1,"href":"https:\/\/www.press7.tv\/index.php?rest_route=\/wp\/v2\/posts\/32736\/revisions"}],"predecessor-version":[{"id":32738,"href":"https:\/\/www.press7.tv\/index.php?rest_route=\/wp\/v2\/posts\/32736\/revisions\/32738"}],"wp:featuredmedia":[{"embeddable":true,"href":"https:\/\/www.press7.tv\/index.php?rest_route=\/wp\/v2\/media\/32737"}],"wp:attachment":[{"href":"https:\/\/www.press7.tv\/index.php?rest_route=%2Fwp%2Fv2%2Fmedia&parent=32736"}],"wp:term":[{"taxonomy":"category","embeddable":true,"href":"https:\/\/www.press7.tv\/index.php?rest_route=%2Fwp%2Fv2%2Fcategories&post=32736"},{"taxonomy":"post_tag","embeddable":true,"href":"https:\/\/www.press7.tv\/index.php?rest_route=%2Fwp%2Fv2%2Ftags&post=32736"}],"curies":[{"name":"wp","href":"https:\/\/api.w.org\/{rel}","templated":true}]}}