{"id":32733,"date":"2026-09-02T15:43:56","date_gmt":"2026-09-02T15:43:56","guid":{"rendered":"https:\/\/www.press7.tv\/?p=32733"},"modified":"2026-09-02T15:43:56","modified_gmt":"2026-09-02T15:43:56","slug":"kurti-vizitoi-atk-ne-mbi-17-mije-punetore-me-shume-te-deklaruar-krahasuar-me-vitin-e-kaluar","status":"publish","type":"post","link":"https:\/\/www.press7.tv\/?p=32733","title":{"rendered":"Kurti vizitoi ATK-n\u00eb: Mbi 17 mij\u00eb pun\u00ebtor\u00eb m\u00eb shum\u00eb t\u00eb deklaruar krahasuar me vitin e kaluar"},"content":{"rendered":"\n    <div class=\"xs_social_share_widget xs_share_url before_content \t\tmain_content  wslu-style-2 wslu-share-box-shaped wslu-fill-colored wslu-share-m-5 wslu-none wslu-share-vertical wslu-theme-font-no wslu-main_content\">\n\n\t\t\n        <ul>\n\t\t\t        <\/ul>\n    <\/div> \n<p>Gjat\u00eb dit\u00ebs s\u00eb sotme Kryeministri i Kosov\u00ebs, Albin Kurti, bashk\u00eb me ministrin e Financave, Hekuran Murati, kan\u00eb vizituar Administrat\u00ebn Tatimore t\u00eb Kosov\u00ebs, me \u00e7\u2019rast u njoftuan me rezultatet e pun\u00ebs.<\/p>\n<p>Duke fal\u00ebnderuar stafin dhe menaxhmentin, Kurti tha se rezultatet e arritura nuk jan\u00eb rast\u00ebsi.<\/p>\n<p>\u201cSot, rezultatet jan\u00eb t\u00eb matshme. T\u00eb hyrat tatimore jan\u00eb rritur me rreth 14%, nd\u00ebrsa aktivitetet operative me mbi 35%, krahasuar me periudh\u00ebn e nj\u00ebjt\u00eb t\u00eb vitit t\u00eb kaluar. Por pas k\u00ebtyre shifrave q\u00ebndron nj\u00eb tregues edhe m\u00eb i r\u00ebnd\u00ebsish\u00ebm: ekonomia jon\u00eb po vazhdon t\u00eb zhvillohet dhe t\u00eb zgjerohet. Krahasuar me vitin e kaluar, kemi rreth 5,700 biznese m\u00eb shum\u00eb dhe mbi 17,000 pun\u00ebtor\u00eb m\u00eb shum\u00eb t\u00eb deklaruar. Kjo do t\u00eb thot\u00eb m\u00eb shum\u00eb aktivitet ekonomik, m\u00eb shum\u00eb vende pune dhe nj\u00eb baz\u00eb m\u00eb e gjer\u00eb p\u00ebr zhvillimin e vendit\u201d, tha Kurti.<\/p>\n<p>Kurti shtoi se, n\u00eb t\u00eb nj\u00ebjt\u00ebn koh\u00eb, ATK-ja po ndryshon m\u00ebnyr\u00ebn se si nd\u00ebrvepron me bizneset dhe qytetar\u00ebt.<\/p>\n<p>\u201cRritja e transparenc\u00ebs, p\u00ebrfshir\u00eb publikimin e vendimeve t\u00eb Departamentit t\u00eb Ankesave, si dhe synimi q\u00eb 100% e kontrolleve t\u00eb bazohen n\u00eb vler\u00ebsimin e riskut, jan\u00eb hapa t\u00eb r\u00ebnd\u00ebsish\u00ebm drejt nj\u00eb administrate m\u00eb profesionale dhe m\u00eb t\u00eb besueshme. Rritja prej 46% e denoncimeve \u00ebsht\u00eb gjithashtu nj\u00eb tregues i r\u00ebnd\u00ebsish\u00ebm i rritjes s\u00eb besimit n\u00eb institucion. Nd\u00ebrsa r\u00ebnia e numrit t\u00eb gjobave \u00ebsht\u00eb n\u00eb p\u00ebrputhje me nj\u00eb qasje q\u00eb ne e kemi mb\u00ebshtetur: biznesi duhet s\u00eb pari t\u00eb k\u00ebshillohet dhe t\u00eb udh\u00ebzohet, nd\u00ebrsa nd\u00ebshkimi duhet t\u00eb jet\u00eb mjeti p\u00ebrfundimtar kur ligji shkelet me q\u00ebllim ose n\u00eb m\u00ebnyr\u00eb t\u00eb p\u00ebrs\u00ebritur\u201d, theksoi ai.<\/p>\n<p>Duke ofruar mb\u00ebshtetjen e Qeveris\u00eb, Kurti tha se pret q\u00eb ATK-ja t\u00eb vazhdoj\u00eb me profesionaliz\u00ebm, transparenc\u00eb dhe trajtim t\u00eb barabart\u00eb t\u00eb t\u00eb gjith\u00eb tatimpaguesve.<\/p>\n<p>\u201cDigjitalizimi \u00ebsht\u00eb nj\u00eb tjet\u00ebr drejtim ku duhet t\u00eb vazhdojm\u00eb t\u00eb ecim. Certifikimi i n\u00ebnt\u00eb kompanive softuerike n\u00eb procesin e fiskalizimit krijon m\u00eb shum\u00eb konkurrenc\u00eb dhe m\u00eb shum\u00eb mund\u00ebsi p\u00ebr sh\u00ebrbime m\u00eb t\u00eb mira dhe m\u00eb t\u00eb p\u00ebrballueshme p\u00ebr bizneset. Edhe investimi n\u00eb njer\u00ebz \u00ebsht\u00eb thelb\u00ebsor.Pun\u00ebsimi i inspektor\u00ebve dhe mbledh\u00ebsve t\u00eb rinj t\u00eb borxheve tregon se po nd\u00ebrtojm\u00eb kapacitetet q\u00eb i nevojiten ATK-s\u00eb p\u00ebr t\u00eb ardhmen\u201d, tha Kurti.<\/p>\n","protected":false},"excerpt":{"rendered":"<p>Gjat\u00eb dit\u00ebs s\u00eb sotme Kryeministri i Kosov\u00ebs, Albin Kurti, bashk\u00eb me ministrin e Financave, Hekuran Murati, kan\u00eb vizituar Administrat\u00ebn Tatimore t\u00eb Kosov\u00ebs, me \u00e7\u2019rast u njoftuan me rezultatet e pun\u00ebs. Duke fal\u00ebnderuar stafin dhe menaxhmentin, Kurti tha se rezultatet e arritura nuk jan\u00eb rast\u00ebsi. \u201cSot, rezultatet jan\u00eb t\u00eb matshme. T\u00eb hyrat tatimore jan\u00eb rritur me [&hellip;]<\/p>\n","protected":false},"author":8,"featured_media":32734,"comment_status":"closed","ping_status":"closed","sticky":false,"template":"","format":"standard","meta":{"footnotes":""},"categories":[215,213],"tags":[],"class_list":["post-32733","post","type-post","status-publish","format-standard","has-post-thumbnail","hentry","category-kosove","category-lajme"],"yoast_head":"<!-- This site is optimized with the Yoast SEO plugin v25.1 - https:\/\/yoast.com\/wordpress\/plugins\/seo\/ -->\n<title>Kurti vizitoi ATK-n\u00eb: Mbi 17 mij\u00eb pun\u00ebtor\u00eb m\u00eb shum\u00eb t\u00eb deklaruar krahasuar me vitin e kaluar - press7.tv<\/title>\n<meta name=\"robots\" content=\"index, follow, max-snippet:-1, max-image-preview:large, max-video-preview:-1\" \/>\n<link rel=\"canonical\" href=\"https:\/\/www.press7.tv\/?p=32733\" \/>\n<meta property=\"og:locale\" content=\"en_US\" \/>\n<meta property=\"og:type\" content=\"article\" \/>\n<meta property=\"og:title\" content=\"Kurti vizitoi ATK-n\u00eb: Mbi 17 mij\u00eb pun\u00ebtor\u00eb m\u00eb shum\u00eb t\u00eb deklaruar krahasuar me vitin e kaluar - press7.tv\" \/>\n<meta property=\"og:description\" content=\"Gjat\u00eb dit\u00ebs s\u00eb sotme Kryeministri i Kosov\u00ebs, Albin Kurti, bashk\u00eb me ministrin e Financave, Hekuran Murati, kan\u00eb vizituar Administrat\u00ebn Tatimore t\u00eb Kosov\u00ebs, me \u00e7\u2019rast u njoftuan me rezultatet e pun\u00ebs. Duke fal\u00ebnderuar stafin dhe menaxhmentin, Kurti tha se rezultatet e arritura nuk jan\u00eb rast\u00ebsi. \u201cSot, rezultatet jan\u00eb t\u00eb matshme. T\u00eb hyrat tatimore jan\u00eb rritur me [&hellip;]\" \/>\n<meta property=\"og:url\" content=\"https:\/\/www.press7.tv\/?p=32733\" \/>\n<meta property=\"og:site_name\" content=\"press7.tv\" \/>\n<meta property=\"article:publisher\" content=\"https:\/\/www.facebook.com\/press7.tv\" \/>\n<meta property=\"article:published_time\" content=\"2026-09-02T15:43:56+00:00\" \/>\n<meta property=\"og:image\" content=\"https:\/\/www.press7.tv\/wp-content\/uploads\/2026\/09\/IMG_5431.avif\" \/>\n\t<meta property=\"og:image:width\" content=\"1536\" \/>\n\t<meta property=\"og:image:height\" content=\"1022\" \/>\n\t<meta property=\"og:image:type\" content=\"image\/jpeg\" \/>\n<meta name=\"author\" content=\"gazetar2\" \/>\n<meta name=\"twitter:card\" content=\"summary_large_image\" \/>\n<meta name=\"twitter:label1\" content=\"Written by\" \/>\n\t<meta name=\"twitter:data1\" content=\"gazetar2\" \/>\n\t<meta name=\"twitter:label2\" content=\"Est. reading time\" \/>\n\t<meta name=\"twitter:data2\" content=\"1 minute\" \/>\n<script type=\"application\/ld+json\" class=\"yoast-schema-graph\">{\"@context\":\"https:\/\/schema.org\",\"@graph\":[{\"@type\":\"Article\",\"@id\":\"https:\/\/www.press7.tv\/?p=32733#article\",\"isPartOf\":{\"@id\":\"https:\/\/www.press7.tv\/?p=32733\"},\"author\":{\"name\":\"gazetar2\",\"@id\":\"https:\/\/www.news33.tv\/#\/schema\/person\/5a04a38a23ccdba82f9bd665cd8f9efa\"},\"headline\":\"Kurti vizitoi ATK-n\u00eb: Mbi 17 mij\u00eb pun\u00ebtor\u00eb m\u00eb shum\u00eb t\u00eb deklaruar krahasuar me vitin e kaluar\",\"datePublished\":\"2026-09-02T15:43:56+00:00\",\"mainEntityOfPage\":{\"@id\":\"https:\/\/www.press7.tv\/?p=32733\"},\"wordCount\":415,\"publisher\":{\"@id\":\"https:\/\/www.news33.tv\/#organization\"},\"image\":{\"@id\":\"https:\/\/www.press7.tv\/?p=32733#primaryimage\"},\"thumbnailUrl\":\"https:\/\/www.press7.tv\/wp-content\/uploads\/2026\/09\/IMG_5431.avif\",\"articleSection\":[\"Kosov\u00eb\",\"Lajme\"],\"inLanguage\":\"en-US\"},{\"@type\":\"WebPage\",\"@id\":\"https:\/\/www.press7.tv\/?p=32733\",\"url\":\"https:\/\/www.press7.tv\/?p=32733\",\"name\":\"Kurti vizitoi ATK-n\u00eb: Mbi 17 mij\u00eb pun\u00ebtor\u00eb m\u00eb shum\u00eb t\u00eb deklaruar krahasuar me vitin e kaluar - press7.tv\",\"isPartOf\":{\"@id\":\"https:\/\/www.news33.tv\/#website\"},\"primaryImageOfPage\":{\"@id\":\"https:\/\/www.press7.tv\/?p=32733#primaryimage\"},\"image\":{\"@id\":\"https:\/\/www.press7.tv\/?p=32733#primaryimage\"},\"thumbnailUrl\":\"https:\/\/www.press7.tv\/wp-content\/uploads\/2026\/09\/IMG_5431.avif\",\"datePublished\":\"2026-09-02T15:43:56+00:00\",\"breadcrumb\":{\"@id\":\"https:\/\/www.press7.tv\/?p=32733#breadcrumb\"},\"inLanguage\":\"en-US\",\"potentialAction\":[{\"@type\":\"ReadAction\",\"target\":[\"https:\/\/www.press7.tv\/?p=32733\"]}]},{\"@type\":\"ImageObject\",\"inLanguage\":\"en-US\",\"@id\":\"https:\/\/www.press7.tv\/?p=32733#primaryimage\",\"url\":\"https:\/\/www.press7.tv\/wp-content\/uploads\/2026\/09\/IMG_5431.avif\",\"contentUrl\":\"https:\/\/www.press7.tv\/wp-content\/uploads\/2026\/09\/IMG_5431.avif\",\"width\":1536,\"height\":1022},{\"@type\":\"BreadcrumbList\",\"@id\":\"https:\/\/www.press7.tv\/?p=32733#breadcrumb\",\"itemListElement\":[{\"@type\":\"ListItem\",\"position\":1,\"name\":\"Home\",\"item\":\"https:\/\/www.press7.tv\/\"},{\"@type\":\"ListItem\",\"position\":2,\"name\":\"Kurti vizitoi ATK-n\u00eb: Mbi 17 mij\u00eb pun\u00ebtor\u00eb m\u00eb shum\u00eb t\u00eb deklaruar krahasuar me vitin e kaluar\"}]},{\"@type\":\"WebSite\",\"@id\":\"https:\/\/www.news33.tv\/#website\",\"url\":\"https:\/\/www.news33.tv\/\",\"name\":\"News33.tv Media\",\"description\":\"Media\",\"publisher\":{\"@id\":\"https:\/\/www.news33.tv\/#organization\"},\"potentialAction\":[{\"@type\":\"SearchAction\",\"target\":{\"@type\":\"EntryPoint\",\"urlTemplate\":\"https:\/\/www.news33.tv\/?s={search_term_string}\"},\"query-input\":{\"@type\":\"PropertyValueSpecification\",\"valueRequired\":true,\"valueName\":\"search_term_string\"}}],\"inLanguage\":\"en-US\"},{\"@type\":\"Organization\",\"@id\":\"https:\/\/www.news33.tv\/#organization\",\"name\":\"News33.tv Media\",\"url\":\"https:\/\/www.news33.tv\/\",\"logo\":{\"@type\":\"ImageObject\",\"inLanguage\":\"en-US\",\"@id\":\"https:\/\/www.news33.tv\/#\/schema\/logo\/image\/\",\"url\":\"https:\/\/www.press7.tv\/wp-content\/uploads\/2024\/02\/logo-news33-black.png\",\"contentUrl\":\"https:\/\/www.press7.tv\/wp-content\/uploads\/2024\/02\/logo-news33-black.png\",\"width\":180,\"height\":37,\"caption\":\"News33.tv Media\"},\"image\":{\"@id\":\"https:\/\/www.news33.tv\/#\/schema\/logo\/image\/\"},\"sameAs\":[\"https:\/\/www.facebook.com\/press7.tv\"]},{\"@type\":\"Person\",\"@id\":\"https:\/\/www.news33.tv\/#\/schema\/person\/5a04a38a23ccdba82f9bd665cd8f9efa\",\"name\":\"gazetar2\",\"image\":{\"@type\":\"ImageObject\",\"inLanguage\":\"en-US\",\"@id\":\"https:\/\/www.news33.tv\/#\/schema\/person\/image\/\",\"url\":\"https:\/\/www.press7.tv\/wp-content\/litespeed\/avatar\/41975e402c3049d9ddb03adca8f7a883.jpg?ver=1788056178\",\"contentUrl\":\"https:\/\/www.press7.tv\/wp-content\/litespeed\/avatar\/41975e402c3049d9ddb03adca8f7a883.jpg?ver=1788056178\",\"caption\":\"gazetar2\"},\"url\":\"https:\/\/www.press7.tv\/?author=8\"}]}<\/script>\n<!-- \/ Yoast SEO plugin. -->","yoast_head_json":{"title":"Kurti vizitoi ATK-n\u00eb: Mbi 17 mij\u00eb pun\u00ebtor\u00eb m\u00eb shum\u00eb t\u00eb deklaruar krahasuar me vitin e kaluar - press7.tv","robots":{"index":"index","follow":"follow","max-snippet":"max-snippet:-1","max-image-preview":"max-image-preview:large","max-video-preview":"max-video-preview:-1"},"canonical":"https:\/\/www.press7.tv\/?p=32733","og_locale":"en_US","og_type":"article","og_title":"Kurti vizitoi ATK-n\u00eb: Mbi 17 mij\u00eb pun\u00ebtor\u00eb m\u00eb shum\u00eb t\u00eb deklaruar krahasuar me vitin e kaluar - press7.tv","og_description":"Gjat\u00eb dit\u00ebs s\u00eb sotme Kryeministri i Kosov\u00ebs, Albin Kurti, bashk\u00eb me ministrin e Financave, Hekuran Murati, kan\u00eb vizituar Administrat\u00ebn Tatimore t\u00eb Kosov\u00ebs, me \u00e7\u2019rast u njoftuan me rezultatet e pun\u00ebs. Duke fal\u00ebnderuar stafin dhe menaxhmentin, Kurti tha se rezultatet e arritura nuk jan\u00eb rast\u00ebsi. \u201cSot, rezultatet jan\u00eb t\u00eb matshme. T\u00eb hyrat tatimore jan\u00eb rritur me [&hellip;]","og_url":"https:\/\/www.press7.tv\/?p=32733","og_site_name":"press7.tv","article_publisher":"https:\/\/www.facebook.com\/press7.tv","article_published_time":"2026-09-02T15:43:56+00:00","og_image":[{"width":1536,"height":1022,"url":"https:\/\/www.press7.tv\/wp-content\/uploads\/2026\/09\/IMG_5431.avif","type":"image\/jpeg"}],"author":"gazetar2","twitter_card":"summary_large_image","twitter_misc":{"Written by":"gazetar2","Est. reading time":"1 minute"},"schema":{"@context":"https:\/\/schema.org","@graph":[{"@type":"Article","@id":"https:\/\/www.press7.tv\/?p=32733#article","isPartOf":{"@id":"https:\/\/www.press7.tv\/?p=32733"},"author":{"name":"gazetar2","@id":"https:\/\/www.news33.tv\/#\/schema\/person\/5a04a38a23ccdba82f9bd665cd8f9efa"},"headline":"Kurti vizitoi ATK-n\u00eb: Mbi 17 mij\u00eb pun\u00ebtor\u00eb m\u00eb shum\u00eb t\u00eb deklaruar krahasuar me vitin e kaluar","datePublished":"2026-09-02T15:43:56+00:00","mainEntityOfPage":{"@id":"https:\/\/www.press7.tv\/?p=32733"},"wordCount":415,"publisher":{"@id":"https:\/\/www.news33.tv\/#organization"},"image":{"@id":"https:\/\/www.press7.tv\/?p=32733#primaryimage"},"thumbnailUrl":"https:\/\/www.press7.tv\/wp-content\/uploads\/2026\/09\/IMG_5431.avif","articleSection":["Kosov\u00eb","Lajme"],"inLanguage":"en-US"},{"@type":"WebPage","@id":"https:\/\/www.press7.tv\/?p=32733","url":"https:\/\/www.press7.tv\/?p=32733","name":"Kurti vizitoi ATK-n\u00eb: Mbi 17 mij\u00eb pun\u00ebtor\u00eb m\u00eb shum\u00eb t\u00eb deklaruar krahasuar me vitin e kaluar - press7.tv","isPartOf":{"@id":"https:\/\/www.news33.tv\/#website"},"primaryImageOfPage":{"@id":"https:\/\/www.press7.tv\/?p=32733#primaryimage"},"image":{"@id":"https:\/\/www.press7.tv\/?p=32733#primaryimage"},"thumbnailUrl":"https:\/\/www.press7.tv\/wp-content\/uploads\/2026\/09\/IMG_5431.avif","datePublished":"2026-09-02T15:43:56+00:00","breadcrumb":{"@id":"https:\/\/www.press7.tv\/?p=32733#breadcrumb"},"inLanguage":"en-US","potentialAction":[{"@type":"ReadAction","target":["https:\/\/www.press7.tv\/?p=32733"]}]},{"@type":"ImageObject","inLanguage":"en-US","@id":"https:\/\/www.press7.tv\/?p=32733#primaryimage","url":"https:\/\/www.press7.tv\/wp-content\/uploads\/2026\/09\/IMG_5431.avif","contentUrl":"https:\/\/www.press7.tv\/wp-content\/uploads\/2026\/09\/IMG_5431.avif","width":1536,"height":1022},{"@type":"BreadcrumbList","@id":"https:\/\/www.press7.tv\/?p=32733#breadcrumb","itemListElement":[{"@type":"ListItem","position":1,"name":"Home","item":"https:\/\/www.press7.tv\/"},{"@type":"ListItem","position":2,"name":"Kurti vizitoi ATK-n\u00eb: Mbi 17 mij\u00eb pun\u00ebtor\u00eb m\u00eb shum\u00eb t\u00eb deklaruar krahasuar me vitin e kaluar"}]},{"@type":"WebSite","@id":"https:\/\/www.news33.tv\/#website","url":"https:\/\/www.news33.tv\/","name":"News33.tv Media","description":"Media","publisher":{"@id":"https:\/\/www.news33.tv\/#organization"},"potentialAction":[{"@type":"SearchAction","target":{"@type":"EntryPoint","urlTemplate":"https:\/\/www.news33.tv\/?s={search_term_string}"},"query-input":{"@type":"PropertyValueSpecification","valueRequired":true,"valueName":"search_term_string"}}],"inLanguage":"en-US"},{"@type":"Organization","@id":"https:\/\/www.news33.tv\/#organization","name":"News33.tv Media","url":"https:\/\/www.news33.tv\/","logo":{"@type":"ImageObject","inLanguage":"en-US","@id":"https:\/\/www.news33.tv\/#\/schema\/logo\/image\/","url":"https:\/\/www.press7.tv\/wp-content\/uploads\/2024\/02\/logo-news33-black.png","contentUrl":"https:\/\/www.press7.tv\/wp-content\/uploads\/2024\/02\/logo-news33-black.png","width":180,"height":37,"caption":"News33.tv Media"},"image":{"@id":"https:\/\/www.news33.tv\/#\/schema\/logo\/image\/"},"sameAs":["https:\/\/www.facebook.com\/press7.tv"]},{"@type":"Person","@id":"https:\/\/www.news33.tv\/#\/schema\/person\/5a04a38a23ccdba82f9bd665cd8f9efa","name":"gazetar2","image":{"@type":"ImageObject","inLanguage":"en-US","@id":"https:\/\/www.news33.tv\/#\/schema\/person\/image\/","url":"https:\/\/www.press7.tv\/wp-content\/litespeed\/avatar\/41975e402c3049d9ddb03adca8f7a883.jpg?ver=1788056178","contentUrl":"https:\/\/www.press7.tv\/wp-content\/litespeed\/avatar\/41975e402c3049d9ddb03adca8f7a883.jpg?ver=1788056178","caption":"gazetar2"},"url":"https:\/\/www.press7.tv\/?author=8"}]}},"amp_enabled":true,"_links":{"self":[{"href":"https:\/\/www.press7.tv\/index.php?rest_route=\/wp\/v2\/posts\/32733","targetHints":{"allow":["GET"]}}],"collection":[{"href":"https:\/\/www.press7.tv\/index.php?rest_route=\/wp\/v2\/posts"}],"about":[{"href":"https:\/\/www.press7.tv\/index.php?rest_route=\/wp\/v2\/types\/post"}],"author":[{"embeddable":true,"href":"https:\/\/www.press7.tv\/index.php?rest_route=\/wp\/v2\/users\/8"}],"replies":[{"embeddable":true,"href":"https:\/\/www.press7.tv\/index.php?rest_route=%2Fwp%2Fv2%2Fcomments&post=32733"}],"version-history":[{"count":1,"href":"https:\/\/www.press7.tv\/index.php?rest_route=\/wp\/v2\/posts\/32733\/revisions"}],"predecessor-version":[{"id":32735,"href":"https:\/\/www.press7.tv\/index.php?rest_route=\/wp\/v2\/posts\/32733\/revisions\/32735"}],"wp:featuredmedia":[{"embeddable":true,"href":"https:\/\/www.press7.tv\/index.php?rest_route=\/wp\/v2\/media\/32734"}],"wp:attachment":[{"href":"https:\/\/www.press7.tv\/index.php?rest_route=%2Fwp%2Fv2%2Fmedia&parent=32733"}],"wp:term":[{"taxonomy":"category","embeddable":true,"href":"https:\/\/www.press7.tv\/index.php?rest_route=%2Fwp%2Fv2%2Fcategories&post=32733"},{"taxonomy":"post_tag","embeddable":true,"href":"https:\/\/www.press7.tv\/index.php?rest_route=%2Fwp%2Fv2%2Ftags&post=32733"}],"curies":[{"name":"wp","href":"https:\/\/api.w.org\/{rel}","templated":true}]}}