{"id":32730,"date":"2026-09-02T14:32:23","date_gmt":"2026-09-02T14:32:23","guid":{"rendered":"https:\/\/www.press7.tv\/?p=32730"},"modified":"2026-09-02T14:32:23","modified_gmt":"2026-09-02T14:32:23","slug":"lirohen-nga-detyra-18-gjyqtaret-serbe-te-dorehequr-me-2022","status":"publish","type":"post","link":"https:\/\/www.press7.tv\/?p=32730","title":{"rendered":"Lirohen nga detyra 18 gjyqtar\u00ebt serb\u00eb t\u00eb dor\u00ebhequr m\u00eb 2022"},"content":{"rendered":"\n    <div class=\"xs_social_share_widget xs_share_url before_content \t\tmain_content  wslu-style-2 wslu-share-box-shaped wslu-fill-colored wslu-share-m-5 wslu-none wslu-share-vertical wslu-theme-font-no wslu-main_content\">\n\n\t\t\n        <ul>\n\t\t\t        <\/ul>\n    <\/div> \n<p>Ushtruesja e detyr\u00ebs s\u00eb presidentes, Albulena Haxhiu, ka njoftuar p\u00ebr lirimin nga detyra t\u00eb 18 gjyqtar\u00ebve serb\u00eb t\u00eb dor\u00ebhequr m\u00eb 2022.<\/p>\n<p>\u201cPas propozimit t\u00eb K\u00ebshillit Gjyq\u00ebsor t\u00eb Kosov\u00ebs, n\u00eb p\u00ebrputhje me p\u00ebrgjegj\u00ebsit\u00eb kushtetuese dhe ligjore, sot kam liruar nga detyra 18 gjyqtar\u00eb serb\u00eb, t\u00eb cil\u00ebt kishin dh\u00ebn\u00eb dor\u00ebheqje n\u00eb vitin 2022\u201d, ka shkruar Haxhiu n\u00eb Facebook.<\/p>\n<p>M\u00eb 27 gusht, K\u00ebshilli Gjyq\u00ebsor i Kosov\u00ebs pati refuzuar k\u00ebrkes\u00ebn e gjyqtar\u00ebve dhe stafit nga komuniteti serb p\u00ebr t\u00ebrheqje t\u00eb dor\u00ebheqjeve nga sistemi gjyq\u00ebsor n\u00eb vitin 2022. KGJK-ja i pati propozuar Haxhiu, lirimin nga detyra t\u00eb k\u00ebtyre gjyqtar\u00ebve.<\/p>\n<p>Pas vendimit t\u00eb KGJK-s\u00eb pati reaguar edhe Bashkimi Evropian q\u00eb shprehu \u201ckeqardhje t\u00eb thell\u00eb\u201d.<\/p>\n<p>BE-ja pati k\u00ebrkuar q\u00eb \u00e7\u00ebshtja e riintegrimit t\u00eb gjyqtar\u00ebve dhe prokuror\u00ebve t\u00eb dor\u00ebhequr serb\u00eb t\u00eb zgjidhet n\u00eb kuad\u00ebr t\u00eb dialogut.<\/p>\n<p>Para KGJK-s\u00eb vendim t\u00eb nj\u00ebjt\u00eb pati marr\u00eb edhe K\u00ebshilli Prokurorial.<\/p>\n<p>Rreth 130 gjyqtar\u00eb, prokuror\u00eb dhe punonj\u00ebs administrativ\u00eb t\u00eb sistemit t\u00eb drejt\u00ebsis\u00eb kishin dh\u00ebn\u00eb dor\u00ebheqje n\u00eb fund t\u00eb n\u00ebntorit 2022, n\u00eb kuad\u00ebr t\u00eb largimit kolektiv t\u00eb serb\u00ebve nga institucionet e Kosov\u00ebs n\u00eb kat\u00ebr komunat n\u00eb veri t\u00eb vendit. <\/p>\n","protected":false},"excerpt":{"rendered":"<p>Ushtruesja e detyr\u00ebs s\u00eb presidentes, Albulena Haxhiu, ka njoftuar p\u00ebr lirimin nga detyra t\u00eb 18 gjyqtar\u00ebve serb\u00eb t\u00eb dor\u00ebhequr m\u00eb 2022. \u201cPas propozimit t\u00eb K\u00ebshillit Gjyq\u00ebsor t\u00eb Kosov\u00ebs, n\u00eb p\u00ebrputhje me p\u00ebrgjegj\u00ebsit\u00eb kushtetuese dhe ligjore, sot kam liruar nga detyra 18 gjyqtar\u00eb serb\u00eb, t\u00eb cil\u00ebt kishin dh\u00ebn\u00eb dor\u00ebheqje n\u00eb vitin 2022\u201d, ka shkruar Haxhiu n\u00eb [&hellip;]<\/p>\n","protected":false},"author":8,"featured_media":32731,"comment_status":"closed","ping_status":"closed","sticky":false,"template":"","format":"standard","meta":{"footnotes":""},"categories":[215,213],"tags":[],"class_list":["post-32730","post","type-post","status-publish","format-standard","has-post-thumbnail","hentry","category-kosove","category-lajme"],"yoast_head":"<!-- This site is optimized with the Yoast SEO plugin v25.1 - https:\/\/yoast.com\/wordpress\/plugins\/seo\/ -->\n<title>Lirohen nga detyra 18 gjyqtar\u00ebt serb\u00eb t\u00eb dor\u00ebhequr m\u00eb 2022 - press7.tv<\/title>\n<meta name=\"robots\" content=\"index, follow, max-snippet:-1, max-image-preview:large, max-video-preview:-1\" \/>\n<link rel=\"canonical\" href=\"https:\/\/www.press7.tv\/?p=32730\" \/>\n<meta property=\"og:locale\" content=\"en_US\" \/>\n<meta property=\"og:type\" content=\"article\" \/>\n<meta property=\"og:title\" content=\"Lirohen nga detyra 18 gjyqtar\u00ebt serb\u00eb t\u00eb dor\u00ebhequr m\u00eb 2022 - press7.tv\" \/>\n<meta property=\"og:description\" content=\"Ushtruesja e detyr\u00ebs s\u00eb presidentes, Albulena Haxhiu, ka njoftuar p\u00ebr lirimin nga detyra t\u00eb 18 gjyqtar\u00ebve serb\u00eb t\u00eb dor\u00ebhequr m\u00eb 2022. \u201cPas propozimit t\u00eb K\u00ebshillit Gjyq\u00ebsor t\u00eb Kosov\u00ebs, n\u00eb p\u00ebrputhje me p\u00ebrgjegj\u00ebsit\u00eb kushtetuese dhe ligjore, sot kam liruar nga detyra 18 gjyqtar\u00eb serb\u00eb, t\u00eb cil\u00ebt kishin dh\u00ebn\u00eb dor\u00ebheqje n\u00eb vitin 2022\u201d, ka shkruar Haxhiu n\u00eb [&hellip;]\" \/>\n<meta property=\"og:url\" content=\"https:\/\/www.press7.tv\/?p=32730\" \/>\n<meta property=\"og:site_name\" content=\"press7.tv\" \/>\n<meta property=\"article:publisher\" content=\"https:\/\/www.facebook.com\/press7.tv\" \/>\n<meta property=\"article:published_time\" content=\"2026-09-02T14:32:23+00:00\" \/>\n<meta property=\"og:image\" content=\"https:\/\/www.press7.tv\/wp-content\/uploads\/2026\/09\/IMG_5428.avif\" \/>\n\t<meta property=\"og:image:width\" content=\"1360\" \/>\n\t<meta property=\"og:image:height\" content=\"870\" \/>\n\t<meta property=\"og:image:type\" content=\"image\/webp\" \/>\n<meta name=\"author\" content=\"gazetar2\" \/>\n<meta name=\"twitter:card\" content=\"summary_large_image\" \/>\n<meta name=\"twitter:label1\" content=\"Written by\" \/>\n\t<meta name=\"twitter:data1\" content=\"gazetar2\" \/>\n\t<meta name=\"twitter:label2\" content=\"Est. reading time\" \/>\n\t<meta name=\"twitter:data2\" content=\"1 minute\" \/>\n<script type=\"application\/ld+json\" class=\"yoast-schema-graph\">{\"@context\":\"https:\/\/schema.org\",\"@graph\":[{\"@type\":\"Article\",\"@id\":\"https:\/\/www.press7.tv\/?p=32730#article\",\"isPartOf\":{\"@id\":\"https:\/\/www.press7.tv\/?p=32730\"},\"author\":{\"name\":\"gazetar2\",\"@id\":\"https:\/\/www.news33.tv\/#\/schema\/person\/5a04a38a23ccdba82f9bd665cd8f9efa\"},\"headline\":\"Lirohen nga detyra 18 gjyqtar\u00ebt serb\u00eb t\u00eb dor\u00ebhequr m\u00eb 2022\",\"datePublished\":\"2026-09-02T14:32:23+00:00\",\"mainEntityOfPage\":{\"@id\":\"https:\/\/www.press7.tv\/?p=32730\"},\"wordCount\":218,\"publisher\":{\"@id\":\"https:\/\/www.news33.tv\/#organization\"},\"image\":{\"@id\":\"https:\/\/www.press7.tv\/?p=32730#primaryimage\"},\"thumbnailUrl\":\"https:\/\/www.press7.tv\/wp-content\/uploads\/2026\/09\/IMG_5428.avif\",\"articleSection\":[\"Kosov\u00eb\",\"Lajme\"],\"inLanguage\":\"en-US\"},{\"@type\":\"WebPage\",\"@id\":\"https:\/\/www.press7.tv\/?p=32730\",\"url\":\"https:\/\/www.press7.tv\/?p=32730\",\"name\":\"Lirohen nga detyra 18 gjyqtar\u00ebt serb\u00eb t\u00eb dor\u00ebhequr m\u00eb 2022 - press7.tv\",\"isPartOf\":{\"@id\":\"https:\/\/www.news33.tv\/#website\"},\"primaryImageOfPage\":{\"@id\":\"https:\/\/www.press7.tv\/?p=32730#primaryimage\"},\"image\":{\"@id\":\"https:\/\/www.press7.tv\/?p=32730#primaryimage\"},\"thumbnailUrl\":\"https:\/\/www.press7.tv\/wp-content\/uploads\/2026\/09\/IMG_5428.avif\",\"datePublished\":\"2026-09-02T14:32:23+00:00\",\"breadcrumb\":{\"@id\":\"https:\/\/www.press7.tv\/?p=32730#breadcrumb\"},\"inLanguage\":\"en-US\",\"potentialAction\":[{\"@type\":\"ReadAction\",\"target\":[\"https:\/\/www.press7.tv\/?p=32730\"]}]},{\"@type\":\"ImageObject\",\"inLanguage\":\"en-US\",\"@id\":\"https:\/\/www.press7.tv\/?p=32730#primaryimage\",\"url\":\"https:\/\/www.press7.tv\/wp-content\/uploads\/2026\/09\/IMG_5428.avif\",\"contentUrl\":\"https:\/\/www.press7.tv\/wp-content\/uploads\/2026\/09\/IMG_5428.avif\",\"width\":1360,\"height\":870},{\"@type\":\"BreadcrumbList\",\"@id\":\"https:\/\/www.press7.tv\/?p=32730#breadcrumb\",\"itemListElement\":[{\"@type\":\"ListItem\",\"position\":1,\"name\":\"Home\",\"item\":\"https:\/\/www.press7.tv\/\"},{\"@type\":\"ListItem\",\"position\":2,\"name\":\"Lirohen nga detyra 18 gjyqtar\u00ebt serb\u00eb t\u00eb dor\u00ebhequr m\u00eb 2022\"}]},{\"@type\":\"WebSite\",\"@id\":\"https:\/\/www.news33.tv\/#website\",\"url\":\"https:\/\/www.news33.tv\/\",\"name\":\"News33.tv Media\",\"description\":\"Media\",\"publisher\":{\"@id\":\"https:\/\/www.news33.tv\/#organization\"},\"potentialAction\":[{\"@type\":\"SearchAction\",\"target\":{\"@type\":\"EntryPoint\",\"urlTemplate\":\"https:\/\/www.news33.tv\/?s={search_term_string}\"},\"query-input\":{\"@type\":\"PropertyValueSpecification\",\"valueRequired\":true,\"valueName\":\"search_term_string\"}}],\"inLanguage\":\"en-US\"},{\"@type\":\"Organization\",\"@id\":\"https:\/\/www.news33.tv\/#organization\",\"name\":\"News33.tv Media\",\"url\":\"https:\/\/www.news33.tv\/\",\"logo\":{\"@type\":\"ImageObject\",\"inLanguage\":\"en-US\",\"@id\":\"https:\/\/www.news33.tv\/#\/schema\/logo\/image\/\",\"url\":\"https:\/\/www.press7.tv\/wp-content\/uploads\/2024\/02\/logo-news33-black.png\",\"contentUrl\":\"https:\/\/www.press7.tv\/wp-content\/uploads\/2024\/02\/logo-news33-black.png\",\"width\":180,\"height\":37,\"caption\":\"News33.tv Media\"},\"image\":{\"@id\":\"https:\/\/www.news33.tv\/#\/schema\/logo\/image\/\"},\"sameAs\":[\"https:\/\/www.facebook.com\/press7.tv\"]},{\"@type\":\"Person\",\"@id\":\"https:\/\/www.news33.tv\/#\/schema\/person\/5a04a38a23ccdba82f9bd665cd8f9efa\",\"name\":\"gazetar2\",\"image\":{\"@type\":\"ImageObject\",\"inLanguage\":\"en-US\",\"@id\":\"https:\/\/www.news33.tv\/#\/schema\/person\/image\/\",\"url\":\"https:\/\/www.press7.tv\/wp-content\/litespeed\/avatar\/41975e402c3049d9ddb03adca8f7a883.jpg?ver=1788056178\",\"contentUrl\":\"https:\/\/www.press7.tv\/wp-content\/litespeed\/avatar\/41975e402c3049d9ddb03adca8f7a883.jpg?ver=1788056178\",\"caption\":\"gazetar2\"},\"url\":\"https:\/\/www.press7.tv\/?author=8\"}]}<\/script>\n<!-- \/ Yoast SEO plugin. -->","yoast_head_json":{"title":"Lirohen nga detyra 18 gjyqtar\u00ebt serb\u00eb t\u00eb dor\u00ebhequr m\u00eb 2022 - press7.tv","robots":{"index":"index","follow":"follow","max-snippet":"max-snippet:-1","max-image-preview":"max-image-preview:large","max-video-preview":"max-video-preview:-1"},"canonical":"https:\/\/www.press7.tv\/?p=32730","og_locale":"en_US","og_type":"article","og_title":"Lirohen nga detyra 18 gjyqtar\u00ebt serb\u00eb t\u00eb dor\u00ebhequr m\u00eb 2022 - press7.tv","og_description":"Ushtruesja e detyr\u00ebs s\u00eb presidentes, Albulena Haxhiu, ka njoftuar p\u00ebr lirimin nga detyra t\u00eb 18 gjyqtar\u00ebve serb\u00eb t\u00eb dor\u00ebhequr m\u00eb 2022. \u201cPas propozimit t\u00eb K\u00ebshillit Gjyq\u00ebsor t\u00eb Kosov\u00ebs, n\u00eb p\u00ebrputhje me p\u00ebrgjegj\u00ebsit\u00eb kushtetuese dhe ligjore, sot kam liruar nga detyra 18 gjyqtar\u00eb serb\u00eb, t\u00eb cil\u00ebt kishin dh\u00ebn\u00eb dor\u00ebheqje n\u00eb vitin 2022\u201d, ka shkruar Haxhiu n\u00eb [&hellip;]","og_url":"https:\/\/www.press7.tv\/?p=32730","og_site_name":"press7.tv","article_publisher":"https:\/\/www.facebook.com\/press7.tv","article_published_time":"2026-09-02T14:32:23+00:00","og_image":[{"width":1360,"height":870,"url":"https:\/\/www.press7.tv\/wp-content\/uploads\/2026\/09\/IMG_5428.avif","type":"image\/webp"}],"author":"gazetar2","twitter_card":"summary_large_image","twitter_misc":{"Written by":"gazetar2","Est. reading time":"1 minute"},"schema":{"@context":"https:\/\/schema.org","@graph":[{"@type":"Article","@id":"https:\/\/www.press7.tv\/?p=32730#article","isPartOf":{"@id":"https:\/\/www.press7.tv\/?p=32730"},"author":{"name":"gazetar2","@id":"https:\/\/www.news33.tv\/#\/schema\/person\/5a04a38a23ccdba82f9bd665cd8f9efa"},"headline":"Lirohen nga detyra 18 gjyqtar\u00ebt serb\u00eb t\u00eb dor\u00ebhequr m\u00eb 2022","datePublished":"2026-09-02T14:32:23+00:00","mainEntityOfPage":{"@id":"https:\/\/www.press7.tv\/?p=32730"},"wordCount":218,"publisher":{"@id":"https:\/\/www.news33.tv\/#organization"},"image":{"@id":"https:\/\/www.press7.tv\/?p=32730#primaryimage"},"thumbnailUrl":"https:\/\/www.press7.tv\/wp-content\/uploads\/2026\/09\/IMG_5428.avif","articleSection":["Kosov\u00eb","Lajme"],"inLanguage":"en-US"},{"@type":"WebPage","@id":"https:\/\/www.press7.tv\/?p=32730","url":"https:\/\/www.press7.tv\/?p=32730","name":"Lirohen nga detyra 18 gjyqtar\u00ebt serb\u00eb t\u00eb dor\u00ebhequr m\u00eb 2022 - press7.tv","isPartOf":{"@id":"https:\/\/www.news33.tv\/#website"},"primaryImageOfPage":{"@id":"https:\/\/www.press7.tv\/?p=32730#primaryimage"},"image":{"@id":"https:\/\/www.press7.tv\/?p=32730#primaryimage"},"thumbnailUrl":"https:\/\/www.press7.tv\/wp-content\/uploads\/2026\/09\/IMG_5428.avif","datePublished":"2026-09-02T14:32:23+00:00","breadcrumb":{"@id":"https:\/\/www.press7.tv\/?p=32730#breadcrumb"},"inLanguage":"en-US","potentialAction":[{"@type":"ReadAction","target":["https:\/\/www.press7.tv\/?p=32730"]}]},{"@type":"ImageObject","inLanguage":"en-US","@id":"https:\/\/www.press7.tv\/?p=32730#primaryimage","url":"https:\/\/www.press7.tv\/wp-content\/uploads\/2026\/09\/IMG_5428.avif","contentUrl":"https:\/\/www.press7.tv\/wp-content\/uploads\/2026\/09\/IMG_5428.avif","width":1360,"height":870},{"@type":"BreadcrumbList","@id":"https:\/\/www.press7.tv\/?p=32730#breadcrumb","itemListElement":[{"@type":"ListItem","position":1,"name":"Home","item":"https:\/\/www.press7.tv\/"},{"@type":"ListItem","position":2,"name":"Lirohen nga detyra 18 gjyqtar\u00ebt serb\u00eb t\u00eb dor\u00ebhequr m\u00eb 2022"}]},{"@type":"WebSite","@id":"https:\/\/www.news33.tv\/#website","url":"https:\/\/www.news33.tv\/","name":"News33.tv Media","description":"Media","publisher":{"@id":"https:\/\/www.news33.tv\/#organization"},"potentialAction":[{"@type":"SearchAction","target":{"@type":"EntryPoint","urlTemplate":"https:\/\/www.news33.tv\/?s={search_term_string}"},"query-input":{"@type":"PropertyValueSpecification","valueRequired":true,"valueName":"search_term_string"}}],"inLanguage":"en-US"},{"@type":"Organization","@id":"https:\/\/www.news33.tv\/#organization","name":"News33.tv Media","url":"https:\/\/www.news33.tv\/","logo":{"@type":"ImageObject","inLanguage":"en-US","@id":"https:\/\/www.news33.tv\/#\/schema\/logo\/image\/","url":"https:\/\/www.press7.tv\/wp-content\/uploads\/2024\/02\/logo-news33-black.png","contentUrl":"https:\/\/www.press7.tv\/wp-content\/uploads\/2024\/02\/logo-news33-black.png","width":180,"height":37,"caption":"News33.tv Media"},"image":{"@id":"https:\/\/www.news33.tv\/#\/schema\/logo\/image\/"},"sameAs":["https:\/\/www.facebook.com\/press7.tv"]},{"@type":"Person","@id":"https:\/\/www.news33.tv\/#\/schema\/person\/5a04a38a23ccdba82f9bd665cd8f9efa","name":"gazetar2","image":{"@type":"ImageObject","inLanguage":"en-US","@id":"https:\/\/www.news33.tv\/#\/schema\/person\/image\/","url":"https:\/\/www.press7.tv\/wp-content\/litespeed\/avatar\/41975e402c3049d9ddb03adca8f7a883.jpg?ver=1788056178","contentUrl":"https:\/\/www.press7.tv\/wp-content\/litespeed\/avatar\/41975e402c3049d9ddb03adca8f7a883.jpg?ver=1788056178","caption":"gazetar2"},"url":"https:\/\/www.press7.tv\/?author=8"}]}},"amp_enabled":true,"_links":{"self":[{"href":"https:\/\/www.press7.tv\/index.php?rest_route=\/wp\/v2\/posts\/32730","targetHints":{"allow":["GET"]}}],"collection":[{"href":"https:\/\/www.press7.tv\/index.php?rest_route=\/wp\/v2\/posts"}],"about":[{"href":"https:\/\/www.press7.tv\/index.php?rest_route=\/wp\/v2\/types\/post"}],"author":[{"embeddable":true,"href":"https:\/\/www.press7.tv\/index.php?rest_route=\/wp\/v2\/users\/8"}],"replies":[{"embeddable":true,"href":"https:\/\/www.press7.tv\/index.php?rest_route=%2Fwp%2Fv2%2Fcomments&post=32730"}],"version-history":[{"count":1,"href":"https:\/\/www.press7.tv\/index.php?rest_route=\/wp\/v2\/posts\/32730\/revisions"}],"predecessor-version":[{"id":32732,"href":"https:\/\/www.press7.tv\/index.php?rest_route=\/wp\/v2\/posts\/32730\/revisions\/32732"}],"wp:featuredmedia":[{"embeddable":true,"href":"https:\/\/www.press7.tv\/index.php?rest_route=\/wp\/v2\/media\/32731"}],"wp:attachment":[{"href":"https:\/\/www.press7.tv\/index.php?rest_route=%2Fwp%2Fv2%2Fmedia&parent=32730"}],"wp:term":[{"taxonomy":"category","embeddable":true,"href":"https:\/\/www.press7.tv\/index.php?rest_route=%2Fwp%2Fv2%2Fcategories&post=32730"},{"taxonomy":"post_tag","embeddable":true,"href":"https:\/\/www.press7.tv\/index.php?rest_route=%2Fwp%2Fv2%2Ftags&post=32730"}],"curies":[{"name":"wp","href":"https:\/\/api.w.org\/{rel}","templated":true}]}}