{"id":32727,"date":"2026-09-02T13:01:57","date_gmt":"2026-09-02T13:01:57","guid":{"rendered":"https:\/\/www.press7.tv\/?p=32727"},"modified":"2026-09-02T13:01:57","modified_gmt":"2026-09-02T13:01:57","slug":"astrit-iseni-maqedonia-e-veriut-dhe-polonia-thellojne-bashkepunimin-ne-fushen-e-sigurise","status":"publish","type":"post","link":"https:\/\/www.press7.tv\/?p=32727","title":{"rendered":"Astrit Iseni: Maqedonia e Veriut dhe Polonia thellojn\u00eb bashk\u00ebpunimin n\u00eb fush\u00ebn e siguris\u00eb"},"content":{"rendered":"\n    <div class=\"xs_social_share_widget xs_share_url before_content \t\tmain_content  wslu-style-2 wslu-share-box-shaped wslu-fill-colored wslu-share-m-5 wslu-none wslu-share-vertical wslu-theme-font-no wslu-main_content\">\n\n\t\t\n        <ul>\n\t\t\t        <\/ul>\n    <\/div> \n<p>Z\u00ebvend\u00ebsministri i Pun\u00ebve t\u00eb Brendshme, Astrit Iseni, ka zhvilluar sot n\u00eb Shkup takim me nj\u00eb delegacion t\u00eb lart\u00eb t\u00eb Ministris\u00eb s\u00eb Pun\u00ebve t\u00eb Brendshme dhe Administrat\u00ebs s\u00eb Polonis\u00eb, t\u00eb kryesuar nga z\u00ebvend\u00ebsministri Maciej Diszczyk. N\u00eb takim ishte i pranish\u00ebm edhe ambasadori i Polonis\u00eb n\u00eb Maqedonin\u00eb e Veriut, Mariusz Brymora.<\/p>\n<p>N\u00eb fokus t\u00eb takimit ishte avancimi i bashk\u00ebpunimit bilateral n\u00eb fush\u00ebn e siguris\u00eb, menaxhimi i migracionit, lufta kund\u00ebr krimit t\u00eb organizuar dhe trafikimit me qenie njer\u00ebzore, si dhe forcimi i kapaciteteve institucionale dhe operative.<\/p>\n<p>Iseni theksoi r\u00ebnd\u00ebsin\u00eb e shk\u00ebmbimit t\u00eb p\u00ebrvojave dhe praktikave t\u00eb mira mes dy vendeve, duke vler\u00ebsuar se bashk\u00ebpunimi i nd\u00ebrsjell\u00eb krijon baz\u00eb p\u00ebr iniciativa konkrete dhe p\u00ebrballje m\u00eb efikase me sfidat e siguris\u00eb.<\/p>\n<p>N\u00eb takim u konfirmua p\u00ebrkushtimi i p\u00ebrbashk\u00ebt p\u00ebr thellimin e partneritetit dhe vazhdimin e bashk\u00ebpunimit n\u00eb t\u00eb gjitha fushat me interes t\u00eb p\u00ebrbashk\u00ebt.<\/p>\n","protected":false},"excerpt":{"rendered":"<p>Z\u00ebvend\u00ebsministri i Pun\u00ebve t\u00eb Brendshme, Astrit Iseni, ka zhvilluar sot n\u00eb Shkup takim me nj\u00eb delegacion t\u00eb lart\u00eb t\u00eb Ministris\u00eb s\u00eb Pun\u00ebve t\u00eb Brendshme dhe Administrat\u00ebs s\u00eb Polonis\u00eb, t\u00eb kryesuar nga z\u00ebvend\u00ebsministri Maciej Diszczyk. N\u00eb takim ishte i pranish\u00ebm edhe ambasadori i Polonis\u00eb n\u00eb Maqedonin\u00eb e Veriut, Mariusz Brymora. N\u00eb fokus t\u00eb takimit ishte avancimi [&hellip;]<\/p>\n","protected":false},"author":8,"featured_media":32728,"comment_status":"closed","ping_status":"closed","sticky":false,"template":"","format":"standard","meta":{"footnotes":""},"categories":[214],"tags":[],"class_list":["post-32727","post","type-post","status-publish","format-standard","has-post-thumbnail","hentry","category-maqedoni"],"yoast_head":"<!-- This site is optimized with the Yoast SEO plugin v25.1 - https:\/\/yoast.com\/wordpress\/plugins\/seo\/ -->\n<title>Astrit Iseni: Maqedonia e Veriut dhe Polonia thellojn\u00eb bashk\u00ebpunimin n\u00eb fush\u00ebn e siguris\u00eb - press7.tv<\/title>\n<meta name=\"robots\" content=\"index, follow, max-snippet:-1, max-image-preview:large, max-video-preview:-1\" \/>\n<link rel=\"canonical\" href=\"https:\/\/www.press7.tv\/?p=32727\" \/>\n<meta property=\"og:locale\" content=\"en_US\" \/>\n<meta property=\"og:type\" content=\"article\" \/>\n<meta property=\"og:title\" content=\"Astrit Iseni: Maqedonia e Veriut dhe Polonia thellojn\u00eb bashk\u00ebpunimin n\u00eb fush\u00ebn e siguris\u00eb - press7.tv\" \/>\n<meta property=\"og:description\" content=\"Z\u00ebvend\u00ebsministri i Pun\u00ebve t\u00eb Brendshme, Astrit Iseni, ka zhvilluar sot n\u00eb Shkup takim me nj\u00eb delegacion t\u00eb lart\u00eb t\u00eb Ministris\u00eb s\u00eb Pun\u00ebve t\u00eb Brendshme dhe Administrat\u00ebs s\u00eb Polonis\u00eb, t\u00eb kryesuar nga z\u00ebvend\u00ebsministri Maciej Diszczyk. N\u00eb takim ishte i pranish\u00ebm edhe ambasadori i Polonis\u00eb n\u00eb Maqedonin\u00eb e Veriut, Mariusz Brymora. N\u00eb fokus t\u00eb takimit ishte avancimi [&hellip;]\" \/>\n<meta property=\"og:url\" content=\"https:\/\/www.press7.tv\/?p=32727\" \/>\n<meta property=\"og:site_name\" content=\"press7.tv\" \/>\n<meta property=\"article:publisher\" content=\"https:\/\/www.facebook.com\/press7.tv\" \/>\n<meta property=\"article:published_time\" content=\"2026-09-02T13:01:57+00:00\" \/>\n<meta property=\"og:image\" content=\"https:\/\/www.press7.tv\/wp-content\/uploads\/2026\/09\/IMG_4300.avif\" \/>\n\t<meta property=\"og:image:width\" content=\"1580\" \/>\n\t<meta property=\"og:image:height\" content=\"1580\" \/>\n\t<meta property=\"og:image:type\" content=\"image\/jpeg\" \/>\n<meta name=\"author\" content=\"gazetar2\" \/>\n<meta name=\"twitter:card\" content=\"summary_large_image\" \/>\n<meta name=\"twitter:label1\" content=\"Written by\" \/>\n\t<meta name=\"twitter:data1\" content=\"gazetar2\" \/>\n\t<meta name=\"twitter:label2\" content=\"Est. reading time\" \/>\n\t<meta name=\"twitter:data2\" content=\"1 minute\" \/>\n<script type=\"application\/ld+json\" class=\"yoast-schema-graph\">{\"@context\":\"https:\/\/schema.org\",\"@graph\":[{\"@type\":\"Article\",\"@id\":\"https:\/\/www.press7.tv\/?p=32727#article\",\"isPartOf\":{\"@id\":\"https:\/\/www.press7.tv\/?p=32727\"},\"author\":{\"name\":\"gazetar2\",\"@id\":\"https:\/\/www.news33.tv\/#\/schema\/person\/5a04a38a23ccdba82f9bd665cd8f9efa\"},\"headline\":\"Astrit Iseni: Maqedonia e Veriut dhe Polonia thellojn\u00eb bashk\u00ebpunimin n\u00eb fush\u00ebn e siguris\u00eb\",\"datePublished\":\"2026-09-02T13:01:57+00:00\",\"mainEntityOfPage\":{\"@id\":\"https:\/\/www.press7.tv\/?p=32727\"},\"wordCount\":182,\"publisher\":{\"@id\":\"https:\/\/www.news33.tv\/#organization\"},\"image\":{\"@id\":\"https:\/\/www.press7.tv\/?p=32727#primaryimage\"},\"thumbnailUrl\":\"https:\/\/www.press7.tv\/wp-content\/uploads\/2026\/09\/IMG_4300.avif\",\"articleSection\":[\"Maqedoni\"],\"inLanguage\":\"en-US\"},{\"@type\":\"WebPage\",\"@id\":\"https:\/\/www.press7.tv\/?p=32727\",\"url\":\"https:\/\/www.press7.tv\/?p=32727\",\"name\":\"Astrit Iseni: Maqedonia e Veriut dhe Polonia thellojn\u00eb bashk\u00ebpunimin n\u00eb fush\u00ebn e siguris\u00eb - press7.tv\",\"isPartOf\":{\"@id\":\"https:\/\/www.news33.tv\/#website\"},\"primaryImageOfPage\":{\"@id\":\"https:\/\/www.press7.tv\/?p=32727#primaryimage\"},\"image\":{\"@id\":\"https:\/\/www.press7.tv\/?p=32727#primaryimage\"},\"thumbnailUrl\":\"https:\/\/www.press7.tv\/wp-content\/uploads\/2026\/09\/IMG_4300.avif\",\"datePublished\":\"2026-09-02T13:01:57+00:00\",\"breadcrumb\":{\"@id\":\"https:\/\/www.press7.tv\/?p=32727#breadcrumb\"},\"inLanguage\":\"en-US\",\"potentialAction\":[{\"@type\":\"ReadAction\",\"target\":[\"https:\/\/www.press7.tv\/?p=32727\"]}]},{\"@type\":\"ImageObject\",\"inLanguage\":\"en-US\",\"@id\":\"https:\/\/www.press7.tv\/?p=32727#primaryimage\",\"url\":\"https:\/\/www.press7.tv\/wp-content\/uploads\/2026\/09\/IMG_4300.avif\",\"contentUrl\":\"https:\/\/www.press7.tv\/wp-content\/uploads\/2026\/09\/IMG_4300.avif\",\"width\":1580,\"height\":1580},{\"@type\":\"BreadcrumbList\",\"@id\":\"https:\/\/www.press7.tv\/?p=32727#breadcrumb\",\"itemListElement\":[{\"@type\":\"ListItem\",\"position\":1,\"name\":\"Home\",\"item\":\"https:\/\/www.press7.tv\/\"},{\"@type\":\"ListItem\",\"position\":2,\"name\":\"Astrit Iseni: Maqedonia e Veriut dhe Polonia thellojn\u00eb bashk\u00ebpunimin n\u00eb fush\u00ebn e siguris\u00eb\"}]},{\"@type\":\"WebSite\",\"@id\":\"https:\/\/www.news33.tv\/#website\",\"url\":\"https:\/\/www.news33.tv\/\",\"name\":\"News33.tv Media\",\"description\":\"Media\",\"publisher\":{\"@id\":\"https:\/\/www.news33.tv\/#organization\"},\"potentialAction\":[{\"@type\":\"SearchAction\",\"target\":{\"@type\":\"EntryPoint\",\"urlTemplate\":\"https:\/\/www.news33.tv\/?s={search_term_string}\"},\"query-input\":{\"@type\":\"PropertyValueSpecification\",\"valueRequired\":true,\"valueName\":\"search_term_string\"}}],\"inLanguage\":\"en-US\"},{\"@type\":\"Organization\",\"@id\":\"https:\/\/www.news33.tv\/#organization\",\"name\":\"News33.tv Media\",\"url\":\"https:\/\/www.news33.tv\/\",\"logo\":{\"@type\":\"ImageObject\",\"inLanguage\":\"en-US\",\"@id\":\"https:\/\/www.news33.tv\/#\/schema\/logo\/image\/\",\"url\":\"https:\/\/www.press7.tv\/wp-content\/uploads\/2024\/02\/logo-news33-black.png\",\"contentUrl\":\"https:\/\/www.press7.tv\/wp-content\/uploads\/2024\/02\/logo-news33-black.png\",\"width\":180,\"height\":37,\"caption\":\"News33.tv Media\"},\"image\":{\"@id\":\"https:\/\/www.news33.tv\/#\/schema\/logo\/image\/\"},\"sameAs\":[\"https:\/\/www.facebook.com\/press7.tv\"]},{\"@type\":\"Person\",\"@id\":\"https:\/\/www.news33.tv\/#\/schema\/person\/5a04a38a23ccdba82f9bd665cd8f9efa\",\"name\":\"gazetar2\",\"image\":{\"@type\":\"ImageObject\",\"inLanguage\":\"en-US\",\"@id\":\"https:\/\/www.news33.tv\/#\/schema\/person\/image\/\",\"url\":\"https:\/\/www.press7.tv\/wp-content\/litespeed\/avatar\/41975e402c3049d9ddb03adca8f7a883.jpg?ver=1788056178\",\"contentUrl\":\"https:\/\/www.press7.tv\/wp-content\/litespeed\/avatar\/41975e402c3049d9ddb03adca8f7a883.jpg?ver=1788056178\",\"caption\":\"gazetar2\"},\"url\":\"https:\/\/www.press7.tv\/?author=8\"}]}<\/script>\n<!-- \/ Yoast SEO plugin. -->","yoast_head_json":{"title":"Astrit Iseni: Maqedonia e Veriut dhe Polonia thellojn\u00eb bashk\u00ebpunimin n\u00eb fush\u00ebn e siguris\u00eb - press7.tv","robots":{"index":"index","follow":"follow","max-snippet":"max-snippet:-1","max-image-preview":"max-image-preview:large","max-video-preview":"max-video-preview:-1"},"canonical":"https:\/\/www.press7.tv\/?p=32727","og_locale":"en_US","og_type":"article","og_title":"Astrit Iseni: Maqedonia e Veriut dhe Polonia thellojn\u00eb bashk\u00ebpunimin n\u00eb fush\u00ebn e siguris\u00eb - press7.tv","og_description":"Z\u00ebvend\u00ebsministri i Pun\u00ebve t\u00eb Brendshme, Astrit Iseni, ka zhvilluar sot n\u00eb Shkup takim me nj\u00eb delegacion t\u00eb lart\u00eb t\u00eb Ministris\u00eb s\u00eb Pun\u00ebve t\u00eb Brendshme dhe Administrat\u00ebs s\u00eb Polonis\u00eb, t\u00eb kryesuar nga z\u00ebvend\u00ebsministri Maciej Diszczyk. N\u00eb takim ishte i pranish\u00ebm edhe ambasadori i Polonis\u00eb n\u00eb Maqedonin\u00eb e Veriut, Mariusz Brymora. N\u00eb fokus t\u00eb takimit ishte avancimi [&hellip;]","og_url":"https:\/\/www.press7.tv\/?p=32727","og_site_name":"press7.tv","article_publisher":"https:\/\/www.facebook.com\/press7.tv","article_published_time":"2026-09-02T13:01:57+00:00","og_image":[{"width":1580,"height":1580,"url":"https:\/\/www.press7.tv\/wp-content\/uploads\/2026\/09\/IMG_4300.avif","type":"image\/jpeg"}],"author":"gazetar2","twitter_card":"summary_large_image","twitter_misc":{"Written by":"gazetar2","Est. reading time":"1 minute"},"schema":{"@context":"https:\/\/schema.org","@graph":[{"@type":"Article","@id":"https:\/\/www.press7.tv\/?p=32727#article","isPartOf":{"@id":"https:\/\/www.press7.tv\/?p=32727"},"author":{"name":"gazetar2","@id":"https:\/\/www.news33.tv\/#\/schema\/person\/5a04a38a23ccdba82f9bd665cd8f9efa"},"headline":"Astrit Iseni: Maqedonia e Veriut dhe Polonia thellojn\u00eb bashk\u00ebpunimin n\u00eb fush\u00ebn e siguris\u00eb","datePublished":"2026-09-02T13:01:57+00:00","mainEntityOfPage":{"@id":"https:\/\/www.press7.tv\/?p=32727"},"wordCount":182,"publisher":{"@id":"https:\/\/www.news33.tv\/#organization"},"image":{"@id":"https:\/\/www.press7.tv\/?p=32727#primaryimage"},"thumbnailUrl":"https:\/\/www.press7.tv\/wp-content\/uploads\/2026\/09\/IMG_4300.avif","articleSection":["Maqedoni"],"inLanguage":"en-US"},{"@type":"WebPage","@id":"https:\/\/www.press7.tv\/?p=32727","url":"https:\/\/www.press7.tv\/?p=32727","name":"Astrit Iseni: Maqedonia e Veriut dhe Polonia thellojn\u00eb bashk\u00ebpunimin n\u00eb fush\u00ebn e siguris\u00eb - press7.tv","isPartOf":{"@id":"https:\/\/www.news33.tv\/#website"},"primaryImageOfPage":{"@id":"https:\/\/www.press7.tv\/?p=32727#primaryimage"},"image":{"@id":"https:\/\/www.press7.tv\/?p=32727#primaryimage"},"thumbnailUrl":"https:\/\/www.press7.tv\/wp-content\/uploads\/2026\/09\/IMG_4300.avif","datePublished":"2026-09-02T13:01:57+00:00","breadcrumb":{"@id":"https:\/\/www.press7.tv\/?p=32727#breadcrumb"},"inLanguage":"en-US","potentialAction":[{"@type":"ReadAction","target":["https:\/\/www.press7.tv\/?p=32727"]}]},{"@type":"ImageObject","inLanguage":"en-US","@id":"https:\/\/www.press7.tv\/?p=32727#primaryimage","url":"https:\/\/www.press7.tv\/wp-content\/uploads\/2026\/09\/IMG_4300.avif","contentUrl":"https:\/\/www.press7.tv\/wp-content\/uploads\/2026\/09\/IMG_4300.avif","width":1580,"height":1580},{"@type":"BreadcrumbList","@id":"https:\/\/www.press7.tv\/?p=32727#breadcrumb","itemListElement":[{"@type":"ListItem","position":1,"name":"Home","item":"https:\/\/www.press7.tv\/"},{"@type":"ListItem","position":2,"name":"Astrit Iseni: Maqedonia e Veriut dhe Polonia thellojn\u00eb bashk\u00ebpunimin n\u00eb fush\u00ebn e siguris\u00eb"}]},{"@type":"WebSite","@id":"https:\/\/www.news33.tv\/#website","url":"https:\/\/www.news33.tv\/","name":"News33.tv Media","description":"Media","publisher":{"@id":"https:\/\/www.news33.tv\/#organization"},"potentialAction":[{"@type":"SearchAction","target":{"@type":"EntryPoint","urlTemplate":"https:\/\/www.news33.tv\/?s={search_term_string}"},"query-input":{"@type":"PropertyValueSpecification","valueRequired":true,"valueName":"search_term_string"}}],"inLanguage":"en-US"},{"@type":"Organization","@id":"https:\/\/www.news33.tv\/#organization","name":"News33.tv Media","url":"https:\/\/www.news33.tv\/","logo":{"@type":"ImageObject","inLanguage":"en-US","@id":"https:\/\/www.news33.tv\/#\/schema\/logo\/image\/","url":"https:\/\/www.press7.tv\/wp-content\/uploads\/2024\/02\/logo-news33-black.png","contentUrl":"https:\/\/www.press7.tv\/wp-content\/uploads\/2024\/02\/logo-news33-black.png","width":180,"height":37,"caption":"News33.tv Media"},"image":{"@id":"https:\/\/www.news33.tv\/#\/schema\/logo\/image\/"},"sameAs":["https:\/\/www.facebook.com\/press7.tv"]},{"@type":"Person","@id":"https:\/\/www.news33.tv\/#\/schema\/person\/5a04a38a23ccdba82f9bd665cd8f9efa","name":"gazetar2","image":{"@type":"ImageObject","inLanguage":"en-US","@id":"https:\/\/www.news33.tv\/#\/schema\/person\/image\/","url":"https:\/\/www.press7.tv\/wp-content\/litespeed\/avatar\/41975e402c3049d9ddb03adca8f7a883.jpg?ver=1788056178","contentUrl":"https:\/\/www.press7.tv\/wp-content\/litespeed\/avatar\/41975e402c3049d9ddb03adca8f7a883.jpg?ver=1788056178","caption":"gazetar2"},"url":"https:\/\/www.press7.tv\/?author=8"}]}},"amp_enabled":true,"_links":{"self":[{"href":"https:\/\/www.press7.tv\/index.php?rest_route=\/wp\/v2\/posts\/32727","targetHints":{"allow":["GET"]}}],"collection":[{"href":"https:\/\/www.press7.tv\/index.php?rest_route=\/wp\/v2\/posts"}],"about":[{"href":"https:\/\/www.press7.tv\/index.php?rest_route=\/wp\/v2\/types\/post"}],"author":[{"embeddable":true,"href":"https:\/\/www.press7.tv\/index.php?rest_route=\/wp\/v2\/users\/8"}],"replies":[{"embeddable":true,"href":"https:\/\/www.press7.tv\/index.php?rest_route=%2Fwp%2Fv2%2Fcomments&post=32727"}],"version-history":[{"count":1,"href":"https:\/\/www.press7.tv\/index.php?rest_route=\/wp\/v2\/posts\/32727\/revisions"}],"predecessor-version":[{"id":32729,"href":"https:\/\/www.press7.tv\/index.php?rest_route=\/wp\/v2\/posts\/32727\/revisions\/32729"}],"wp:featuredmedia":[{"embeddable":true,"href":"https:\/\/www.press7.tv\/index.php?rest_route=\/wp\/v2\/media\/32728"}],"wp:attachment":[{"href":"https:\/\/www.press7.tv\/index.php?rest_route=%2Fwp%2Fv2%2Fmedia&parent=32727"}],"wp:term":[{"taxonomy":"category","embeddable":true,"href":"https:\/\/www.press7.tv\/index.php?rest_route=%2Fwp%2Fv2%2Fcategories&post=32727"},{"taxonomy":"post_tag","embeddable":true,"href":"https:\/\/www.press7.tv\/index.php?rest_route=%2Fwp%2Fv2%2Ftags&post=32727"}],"curies":[{"name":"wp","href":"https:\/\/api.w.org\/{rel}","templated":true}]}}