{"id":32721,"date":"2026-09-02T09:54:13","date_gmt":"2026-09-02T09:54:13","guid":{"rendered":"https:\/\/www.press7.tv\/?p=32721"},"modified":"2026-09-02T09:54:13","modified_gmt":"2026-09-02T09:54:13","slug":"kurti-paralajmeron-takime-te-reja-me-ldk-ne","status":"publish","type":"post","link":"https:\/\/www.press7.tv\/?p=32721","title":{"rendered":"Kurti paralajm\u00ebron takime t\u00eb reja me LDK-n\u00eb"},"content":{"rendered":"\n    <div class=\"xs_social_share_widget xs_share_url before_content \t\tmain_content  wslu-style-2 wslu-share-box-shaped wslu-fill-colored wslu-share-m-5 wslu-none wslu-share-vertical wslu-theme-font-no wslu-main_content\">\n\n\t\t\n        <ul>\n\t\t\t        <\/ul>\n    <\/div> \n<p>Kryeministri n\u00eb detyr\u00eb, Albin Kurti, ka paralajm\u00ebruar takime t\u00eb reja me Lidhjen Demokratike t\u00eb Kosov\u00ebs sa i p\u00ebrket \u00e7\u00ebshtjes s\u00eb presidentit. Ka deklaruar se p\u00ebrkund\u00ebr kund\u00ebrshtive brenda LDK-s\u00eb, marr\u00ebveshja p\u00ebr emrin e Bekim Sejdiut p\u00ebr president, \u00ebsht\u00eb ende valide.<\/p>\n<p>Ai tha se takimet e reja me LDK-n\u00eb do t\u00eb zhvillohen p\u00ebr t\u2019u gjetur zgjidhje.<\/p>\n<p>\u201cFlasim n\u00eb Prishtin\u00eb p\u00ebr k\u00ebto \u00e7\u00ebshtjet tjera. K\u00ebtu jemi p\u00ebr eficienc\u00eb t\u00eb energjis\u00eb. Por, natyrisht, si\u00e7 kam th\u00ebn\u00eb mbr\u00ebm\u00eb, do t\u00eb zhvillojm\u00eb edhe takime dhe mbledhje. P\u00ebr neve marr\u00ebveshja politike \u00ebsht\u00eb valide\u201d, tha Kurti.<\/p>\n<p>Ai nuk p\u00ebrjashtoi q\u00eb nj\u00eb takim i tij me liderin e LDK-s\u00eb, Lumir Abdixhiku, t\u00eb mbahet dikur m\u00eb von\u00eb, por konfirmoi se di\u00e7ka e till\u00eb nuk ndodhi n\u00eb m\u00ebngjes.<\/p>\n<p>&#8220;Jo se n\u00eb m\u00ebngjes u nisa p\u00ebr Viti&#8221;, tha ai.<\/p>\n<p>Kurti i b\u00ebri k\u00ebto deklarata pas ceremonis\u00eb s\u00eb p\u00ebrurimit t\u00eb implementimit t\u00eb masave t\u00eb efi\u00e7ienc\u00ebs s\u00eb energjis\u00eb n\u00eb shkoll\u00ebn \u201c28 N\u00ebntori\u201d n\u00eb Viti.<\/p>\n<p>Nj\u00eb dit\u00eb m\u00eb par\u00eb, Avdullah Hoti, Hykmete Bajrami, Arben Gashi, Janina Ymeri, Armend Zemaj e Kujtim Shala dol\u00ebn kund\u00ebr marr\u00ebveshjes q\u00eb kryetari i k\u00ebtij subjekti e arriti me Vet\u00ebvendosjen p\u00ebr t\u00eb propozuar Bekim Sejdiun p\u00ebr president. Madje marr\u00ebveshja u mb\u00ebshtet edhe nga Kryesia e partis\u00eb. Pa k\u00ebto vota, votimi i Sejdiut duket i paarritsh\u00ebm n\u00ebse nuk p\u00ebrfshihen parti t\u00eb tjera shqiptare.<\/p>\n","protected":false},"excerpt":{"rendered":"<p>Kryeministri n\u00eb detyr\u00eb, Albin Kurti, ka paralajm\u00ebruar takime t\u00eb reja me Lidhjen Demokratike t\u00eb Kosov\u00ebs sa i p\u00ebrket \u00e7\u00ebshtjes s\u00eb presidentit. Ka deklaruar se p\u00ebrkund\u00ebr kund\u00ebrshtive brenda LDK-s\u00eb, marr\u00ebveshja p\u00ebr emrin e Bekim Sejdiut p\u00ebr president, \u00ebsht\u00eb ende valide. Ai tha se takimet e reja me LDK-n\u00eb do t\u00eb zhvillohen p\u00ebr t\u2019u gjetur zgjidhje. \u201cFlasim [&hellip;]<\/p>\n","protected":false},"author":8,"featured_media":32722,"comment_status":"closed","ping_status":"closed","sticky":false,"template":"","format":"standard","meta":{"footnotes":""},"categories":[215,213],"tags":[],"class_list":["post-32721","post","type-post","status-publish","format-standard","has-post-thumbnail","hentry","category-kosove","category-lajme"],"yoast_head":"<!-- This site is optimized with the Yoast SEO plugin v25.1 - https:\/\/yoast.com\/wordpress\/plugins\/seo\/ -->\n<title>Kurti paralajm\u00ebron takime t\u00eb reja me LDK-n\u00eb - press7.tv<\/title>\n<meta name=\"robots\" content=\"index, follow, max-snippet:-1, max-image-preview:large, max-video-preview:-1\" \/>\n<link rel=\"canonical\" href=\"https:\/\/www.press7.tv\/?p=32721\" \/>\n<meta property=\"og:locale\" content=\"en_US\" \/>\n<meta property=\"og:type\" content=\"article\" \/>\n<meta property=\"og:title\" content=\"Kurti paralajm\u00ebron takime t\u00eb reja me LDK-n\u00eb - press7.tv\" \/>\n<meta property=\"og:description\" content=\"Kryeministri n\u00eb detyr\u00eb, Albin Kurti, ka paralajm\u00ebruar takime t\u00eb reja me Lidhjen Demokratike t\u00eb Kosov\u00ebs sa i p\u00ebrket \u00e7\u00ebshtjes s\u00eb presidentit. Ka deklaruar se p\u00ebrkund\u00ebr kund\u00ebrshtive brenda LDK-s\u00eb, marr\u00ebveshja p\u00ebr emrin e Bekim Sejdiut p\u00ebr president, \u00ebsht\u00eb ende valide. Ai tha se takimet e reja me LDK-n\u00eb do t\u00eb zhvillohen p\u00ebr t\u2019u gjetur zgjidhje. \u201cFlasim [&hellip;]\" \/>\n<meta property=\"og:url\" content=\"https:\/\/www.press7.tv\/?p=32721\" \/>\n<meta property=\"og:site_name\" content=\"press7.tv\" \/>\n<meta property=\"article:publisher\" content=\"https:\/\/www.facebook.com\/press7.tv\" \/>\n<meta property=\"article:published_time\" content=\"2026-09-02T09:54:13+00:00\" \/>\n<meta property=\"og:image\" content=\"https:\/\/www.press7.tv\/wp-content\/uploads\/2026\/09\/IMG_5420.avif\" \/>\n\t<meta property=\"og:image:width\" content=\"600\" \/>\n\t<meta property=\"og:image:height\" content=\"620\" \/>\n\t<meta property=\"og:image:type\" content=\"image\/webp\" \/>\n<meta name=\"author\" content=\"gazetar2\" \/>\n<meta name=\"twitter:card\" content=\"summary_large_image\" \/>\n<meta name=\"twitter:label1\" content=\"Written by\" \/>\n\t<meta name=\"twitter:data1\" content=\"gazetar2\" \/>\n\t<meta name=\"twitter:label2\" content=\"Est. reading time\" \/>\n\t<meta name=\"twitter:data2\" content=\"1 minute\" \/>\n<script type=\"application\/ld+json\" class=\"yoast-schema-graph\">{\"@context\":\"https:\/\/schema.org\",\"@graph\":[{\"@type\":\"Article\",\"@id\":\"https:\/\/www.press7.tv\/?p=32721#article\",\"isPartOf\":{\"@id\":\"https:\/\/www.press7.tv\/?p=32721\"},\"author\":{\"name\":\"gazetar2\",\"@id\":\"https:\/\/www.news33.tv\/#\/schema\/person\/5a04a38a23ccdba82f9bd665cd8f9efa\"},\"headline\":\"Kurti paralajm\u00ebron takime t\u00eb reja me LDK-n\u00eb\",\"datePublished\":\"2026-09-02T09:54:13+00:00\",\"mainEntityOfPage\":{\"@id\":\"https:\/\/www.press7.tv\/?p=32721\"},\"wordCount\":262,\"publisher\":{\"@id\":\"https:\/\/www.news33.tv\/#organization\"},\"image\":{\"@id\":\"https:\/\/www.press7.tv\/?p=32721#primaryimage\"},\"thumbnailUrl\":\"https:\/\/www.press7.tv\/wp-content\/uploads\/2026\/09\/IMG_5420.avif\",\"articleSection\":[\"Kosov\u00eb\",\"Lajme\"],\"inLanguage\":\"en-US\"},{\"@type\":\"WebPage\",\"@id\":\"https:\/\/www.press7.tv\/?p=32721\",\"url\":\"https:\/\/www.press7.tv\/?p=32721\",\"name\":\"Kurti paralajm\u00ebron takime t\u00eb reja me LDK-n\u00eb - press7.tv\",\"isPartOf\":{\"@id\":\"https:\/\/www.news33.tv\/#website\"},\"primaryImageOfPage\":{\"@id\":\"https:\/\/www.press7.tv\/?p=32721#primaryimage\"},\"image\":{\"@id\":\"https:\/\/www.press7.tv\/?p=32721#primaryimage\"},\"thumbnailUrl\":\"https:\/\/www.press7.tv\/wp-content\/uploads\/2026\/09\/IMG_5420.avif\",\"datePublished\":\"2026-09-02T09:54:13+00:00\",\"breadcrumb\":{\"@id\":\"https:\/\/www.press7.tv\/?p=32721#breadcrumb\"},\"inLanguage\":\"en-US\",\"potentialAction\":[{\"@type\":\"ReadAction\",\"target\":[\"https:\/\/www.press7.tv\/?p=32721\"]}]},{\"@type\":\"ImageObject\",\"inLanguage\":\"en-US\",\"@id\":\"https:\/\/www.press7.tv\/?p=32721#primaryimage\",\"url\":\"https:\/\/www.press7.tv\/wp-content\/uploads\/2026\/09\/IMG_5420.avif\",\"contentUrl\":\"https:\/\/www.press7.tv\/wp-content\/uploads\/2026\/09\/IMG_5420.avif\",\"width\":600,\"height\":620},{\"@type\":\"BreadcrumbList\",\"@id\":\"https:\/\/www.press7.tv\/?p=32721#breadcrumb\",\"itemListElement\":[{\"@type\":\"ListItem\",\"position\":1,\"name\":\"Home\",\"item\":\"https:\/\/www.press7.tv\/\"},{\"@type\":\"ListItem\",\"position\":2,\"name\":\"Kurti paralajm\u00ebron takime t\u00eb reja me LDK-n\u00eb\"}]},{\"@type\":\"WebSite\",\"@id\":\"https:\/\/www.news33.tv\/#website\",\"url\":\"https:\/\/www.news33.tv\/\",\"name\":\"News33.tv Media\",\"description\":\"Media\",\"publisher\":{\"@id\":\"https:\/\/www.news33.tv\/#organization\"},\"potentialAction\":[{\"@type\":\"SearchAction\",\"target\":{\"@type\":\"EntryPoint\",\"urlTemplate\":\"https:\/\/www.news33.tv\/?s={search_term_string}\"},\"query-input\":{\"@type\":\"PropertyValueSpecification\",\"valueRequired\":true,\"valueName\":\"search_term_string\"}}],\"inLanguage\":\"en-US\"},{\"@type\":\"Organization\",\"@id\":\"https:\/\/www.news33.tv\/#organization\",\"name\":\"News33.tv Media\",\"url\":\"https:\/\/www.news33.tv\/\",\"logo\":{\"@type\":\"ImageObject\",\"inLanguage\":\"en-US\",\"@id\":\"https:\/\/www.news33.tv\/#\/schema\/logo\/image\/\",\"url\":\"https:\/\/www.press7.tv\/wp-content\/uploads\/2024\/02\/logo-news33-black.png\",\"contentUrl\":\"https:\/\/www.press7.tv\/wp-content\/uploads\/2024\/02\/logo-news33-black.png\",\"width\":180,\"height\":37,\"caption\":\"News33.tv Media\"},\"image\":{\"@id\":\"https:\/\/www.news33.tv\/#\/schema\/logo\/image\/\"},\"sameAs\":[\"https:\/\/www.facebook.com\/press7.tv\"]},{\"@type\":\"Person\",\"@id\":\"https:\/\/www.news33.tv\/#\/schema\/person\/5a04a38a23ccdba82f9bd665cd8f9efa\",\"name\":\"gazetar2\",\"image\":{\"@type\":\"ImageObject\",\"inLanguage\":\"en-US\",\"@id\":\"https:\/\/www.news33.tv\/#\/schema\/person\/image\/\",\"url\":\"https:\/\/www.press7.tv\/wp-content\/litespeed\/avatar\/41975e402c3049d9ddb03adca8f7a883.jpg?ver=1788056178\",\"contentUrl\":\"https:\/\/www.press7.tv\/wp-content\/litespeed\/avatar\/41975e402c3049d9ddb03adca8f7a883.jpg?ver=1788056178\",\"caption\":\"gazetar2\"},\"url\":\"https:\/\/www.press7.tv\/?author=8\"}]}<\/script>\n<!-- \/ Yoast SEO plugin. -->","yoast_head_json":{"title":"Kurti paralajm\u00ebron takime t\u00eb reja me LDK-n\u00eb - press7.tv","robots":{"index":"index","follow":"follow","max-snippet":"max-snippet:-1","max-image-preview":"max-image-preview:large","max-video-preview":"max-video-preview:-1"},"canonical":"https:\/\/www.press7.tv\/?p=32721","og_locale":"en_US","og_type":"article","og_title":"Kurti paralajm\u00ebron takime t\u00eb reja me LDK-n\u00eb - press7.tv","og_description":"Kryeministri n\u00eb detyr\u00eb, Albin Kurti, ka paralajm\u00ebruar takime t\u00eb reja me Lidhjen Demokratike t\u00eb Kosov\u00ebs sa i p\u00ebrket \u00e7\u00ebshtjes s\u00eb presidentit. Ka deklaruar se p\u00ebrkund\u00ebr kund\u00ebrshtive brenda LDK-s\u00eb, marr\u00ebveshja p\u00ebr emrin e Bekim Sejdiut p\u00ebr president, \u00ebsht\u00eb ende valide. Ai tha se takimet e reja me LDK-n\u00eb do t\u00eb zhvillohen p\u00ebr t\u2019u gjetur zgjidhje. \u201cFlasim [&hellip;]","og_url":"https:\/\/www.press7.tv\/?p=32721","og_site_name":"press7.tv","article_publisher":"https:\/\/www.facebook.com\/press7.tv","article_published_time":"2026-09-02T09:54:13+00:00","og_image":[{"width":600,"height":620,"url":"https:\/\/www.press7.tv\/wp-content\/uploads\/2026\/09\/IMG_5420.avif","type":"image\/webp"}],"author":"gazetar2","twitter_card":"summary_large_image","twitter_misc":{"Written by":"gazetar2","Est. reading time":"1 minute"},"schema":{"@context":"https:\/\/schema.org","@graph":[{"@type":"Article","@id":"https:\/\/www.press7.tv\/?p=32721#article","isPartOf":{"@id":"https:\/\/www.press7.tv\/?p=32721"},"author":{"name":"gazetar2","@id":"https:\/\/www.news33.tv\/#\/schema\/person\/5a04a38a23ccdba82f9bd665cd8f9efa"},"headline":"Kurti paralajm\u00ebron takime t\u00eb reja me LDK-n\u00eb","datePublished":"2026-09-02T09:54:13+00:00","mainEntityOfPage":{"@id":"https:\/\/www.press7.tv\/?p=32721"},"wordCount":262,"publisher":{"@id":"https:\/\/www.news33.tv\/#organization"},"image":{"@id":"https:\/\/www.press7.tv\/?p=32721#primaryimage"},"thumbnailUrl":"https:\/\/www.press7.tv\/wp-content\/uploads\/2026\/09\/IMG_5420.avif","articleSection":["Kosov\u00eb","Lajme"],"inLanguage":"en-US"},{"@type":"WebPage","@id":"https:\/\/www.press7.tv\/?p=32721","url":"https:\/\/www.press7.tv\/?p=32721","name":"Kurti paralajm\u00ebron takime t\u00eb reja me LDK-n\u00eb - press7.tv","isPartOf":{"@id":"https:\/\/www.news33.tv\/#website"},"primaryImageOfPage":{"@id":"https:\/\/www.press7.tv\/?p=32721#primaryimage"},"image":{"@id":"https:\/\/www.press7.tv\/?p=32721#primaryimage"},"thumbnailUrl":"https:\/\/www.press7.tv\/wp-content\/uploads\/2026\/09\/IMG_5420.avif","datePublished":"2026-09-02T09:54:13+00:00","breadcrumb":{"@id":"https:\/\/www.press7.tv\/?p=32721#breadcrumb"},"inLanguage":"en-US","potentialAction":[{"@type":"ReadAction","target":["https:\/\/www.press7.tv\/?p=32721"]}]},{"@type":"ImageObject","inLanguage":"en-US","@id":"https:\/\/www.press7.tv\/?p=32721#primaryimage","url":"https:\/\/www.press7.tv\/wp-content\/uploads\/2026\/09\/IMG_5420.avif","contentUrl":"https:\/\/www.press7.tv\/wp-content\/uploads\/2026\/09\/IMG_5420.avif","width":600,"height":620},{"@type":"BreadcrumbList","@id":"https:\/\/www.press7.tv\/?p=32721#breadcrumb","itemListElement":[{"@type":"ListItem","position":1,"name":"Home","item":"https:\/\/www.press7.tv\/"},{"@type":"ListItem","position":2,"name":"Kurti paralajm\u00ebron takime t\u00eb reja me LDK-n\u00eb"}]},{"@type":"WebSite","@id":"https:\/\/www.news33.tv\/#website","url":"https:\/\/www.news33.tv\/","name":"News33.tv Media","description":"Media","publisher":{"@id":"https:\/\/www.news33.tv\/#organization"},"potentialAction":[{"@type":"SearchAction","target":{"@type":"EntryPoint","urlTemplate":"https:\/\/www.news33.tv\/?s={search_term_string}"},"query-input":{"@type":"PropertyValueSpecification","valueRequired":true,"valueName":"search_term_string"}}],"inLanguage":"en-US"},{"@type":"Organization","@id":"https:\/\/www.news33.tv\/#organization","name":"News33.tv Media","url":"https:\/\/www.news33.tv\/","logo":{"@type":"ImageObject","inLanguage":"en-US","@id":"https:\/\/www.news33.tv\/#\/schema\/logo\/image\/","url":"https:\/\/www.press7.tv\/wp-content\/uploads\/2024\/02\/logo-news33-black.png","contentUrl":"https:\/\/www.press7.tv\/wp-content\/uploads\/2024\/02\/logo-news33-black.png","width":180,"height":37,"caption":"News33.tv Media"},"image":{"@id":"https:\/\/www.news33.tv\/#\/schema\/logo\/image\/"},"sameAs":["https:\/\/www.facebook.com\/press7.tv"]},{"@type":"Person","@id":"https:\/\/www.news33.tv\/#\/schema\/person\/5a04a38a23ccdba82f9bd665cd8f9efa","name":"gazetar2","image":{"@type":"ImageObject","inLanguage":"en-US","@id":"https:\/\/www.news33.tv\/#\/schema\/person\/image\/","url":"https:\/\/www.press7.tv\/wp-content\/litespeed\/avatar\/41975e402c3049d9ddb03adca8f7a883.jpg?ver=1788056178","contentUrl":"https:\/\/www.press7.tv\/wp-content\/litespeed\/avatar\/41975e402c3049d9ddb03adca8f7a883.jpg?ver=1788056178","caption":"gazetar2"},"url":"https:\/\/www.press7.tv\/?author=8"}]}},"amp_enabled":true,"_links":{"self":[{"href":"https:\/\/www.press7.tv\/index.php?rest_route=\/wp\/v2\/posts\/32721","targetHints":{"allow":["GET"]}}],"collection":[{"href":"https:\/\/www.press7.tv\/index.php?rest_route=\/wp\/v2\/posts"}],"about":[{"href":"https:\/\/www.press7.tv\/index.php?rest_route=\/wp\/v2\/types\/post"}],"author":[{"embeddable":true,"href":"https:\/\/www.press7.tv\/index.php?rest_route=\/wp\/v2\/users\/8"}],"replies":[{"embeddable":true,"href":"https:\/\/www.press7.tv\/index.php?rest_route=%2Fwp%2Fv2%2Fcomments&post=32721"}],"version-history":[{"count":1,"href":"https:\/\/www.press7.tv\/index.php?rest_route=\/wp\/v2\/posts\/32721\/revisions"}],"predecessor-version":[{"id":32723,"href":"https:\/\/www.press7.tv\/index.php?rest_route=\/wp\/v2\/posts\/32721\/revisions\/32723"}],"wp:featuredmedia":[{"embeddable":true,"href":"https:\/\/www.press7.tv\/index.php?rest_route=\/wp\/v2\/media\/32722"}],"wp:attachment":[{"href":"https:\/\/www.press7.tv\/index.php?rest_route=%2Fwp%2Fv2%2Fmedia&parent=32721"}],"wp:term":[{"taxonomy":"category","embeddable":true,"href":"https:\/\/www.press7.tv\/index.php?rest_route=%2Fwp%2Fv2%2Fcategories&post=32721"},{"taxonomy":"post_tag","embeddable":true,"href":"https:\/\/www.press7.tv\/index.php?rest_route=%2Fwp%2Fv2%2Ftags&post=32721"}],"curies":[{"name":"wp","href":"https:\/\/api.w.org\/{rel}","templated":true}]}}