{"id":32715,"date":"2026-09-02T08:40:55","date_gmt":"2026-09-02T08:40:55","guid":{"rendered":"https:\/\/www.press7.tv\/?p=32715"},"modified":"2026-09-02T08:40:55","modified_gmt":"2026-09-02T08:40:55","slug":"deda-ka-nje-pyetje-per-6-deputetet-e-ldk-se-pse-vendimet-e-kryesise-te-vitit-2016-ishin-obligative-ndersa-jo-ato-te-2026","status":"publish","type":"post","link":"https:\/\/www.press7.tv\/?p=32715","title":{"rendered":"Deda ka nj\u00eb pyetje p\u00ebr 6 deputet\u00ebt e LDK-s\u00eb: Pse vendimet e kryesis\u00eb t\u00eb vitit 2016 ishin obligative, nd\u00ebrsa jo ato t\u00eb 2026?"},"content":{"rendered":"\n    <div class=\"xs_social_share_widget xs_share_url before_content \t\tmain_content  wslu-style-2 wslu-share-box-shaped wslu-fill-colored wslu-share-m-5 wslu-none wslu-share-vertical wslu-theme-font-no wslu-main_content\">\n\n\t\t\n        <ul>\n\t\t\t        <\/ul>\n    <\/div> \n<p>Ish-deputeti Ilir Deda ka kritikuar gjasht\u00eb deputet\u00ebt e Lidhjes Demokratike t\u00eb Kosov\u00ebs p\u00ebr q\u00ebndrimet e tyre lidhur me marr\u00ebveshjen e fundit t\u00eb LDK-s\u00eb me L\u00ebvizjen Vet\u00ebvendosje p\u00ebr zgjedhjen e presidentit.<\/p>\n<p>N\u00eb nj\u00eb reagim t\u00eb publikuar n\u00eb Facebook, Deda ka th\u00ebn\u00eb se deputet\u00ebt \u00ebsht\u00eb dashur q\u00eb n\u00eb fillim t\u00eb negociatave t\u00eb deklaroheshin publikisht n\u00ebse nuk do ta mb\u00ebshtesnin asnj\u00eb marr\u00ebveshje mes dy partive.<\/p>\n<p>\u201cGjasht\u00eb deputet\u00ebt e LDK-s\u00eb \u00ebsht\u00eb dashur q\u00eb n\u00eb fillim t\u00eb negociatave t\u00eb partis\u00eb s\u00eb tyre me LVV t\u00eb tregojn\u00eb publikisht q\u00eb nuk do ta p\u00ebrkrahin asnj\u00eb marr\u00ebveshje t\u00eb dy partive\u201d, ka shkruar Deda.<\/p>\n<p>Sipas tij, deputet\u00ebt do t\u00eb duhej t\u00eb shpjegonin q\u00ebndrimin e tyre dhe t\u00eb argumentonin pse zgjedhjet e reja parlamentare do t\u00eb ishin zgjidhja m\u00eb e mir\u00eb.<\/p>\n<p>Deda ka kritikuar gjithashtu deputet\u00ebt p\u00ebr mosp\u00ebrputhje, sipas tij, n\u00eb raport me vendimet e organeve t\u00eb LDK-s\u00eb.<\/p>\n<p>\u201cTre deputet\u00eb nga ky grup do t\u00eb duhej t\u00eb arsyetonin nj\u00eb fakt \u2013 pse vendimet e kryesis\u00eb s\u00eb partis\u00eb s\u00eb tyre n\u00eb vitin 2016 ishin obligative p\u00ebr ta, nd\u00ebrsa nuk jan\u00eb obligative vendimet e kryesis\u00eb n\u00eb vitin 2026\u201d, ka deklaruar ai.<\/p>\n<p>Ish-deputeti ka th\u00ebn\u00eb se deputet\u00ebt, n\u00ebse e konsiderojn\u00eb veten institucionalist\u00eb, do t\u00eb duhej t\u00eb kontribuonin edhe n\u00eb adresimin e \u00e7\u00ebshtjes s\u00eb afatit kushtetues p\u00ebr konstituimin e Kuvendit.<\/p>\n<p>\u201cSi institucionalist\u00eb q\u00eb jan\u00eb, do t\u2019i vinin n\u00eb dispozicion n\u00ebnshkrimet e tyre p\u00ebr k\u00ebrkes\u00eb drejtuar Gjykat\u00ebs Kushtetuese ndaj shkeljes s\u00eb afatit kushtetues p\u00ebr konstituimin e Kuvendit\u201d, ka shkruar Deda.<\/p>\n<p>N\u00eb fund, ai ka vler\u00ebsuar se deputet\u00ebt duhet t\u00eb mbajn\u00eb p\u00ebrgjegj\u00ebsi p\u00ebr pasojat politike t\u00eb q\u00ebndrimeve t\u00eb tyre.<\/p>\n<p>\u201cDhe k\u00ebshtu pra do ta hiqnin nga vetja barr\u00ebn e madhe q\u00eb e mor\u00ebn, si shkaktar\u00ebt kryesor\u00eb t\u00eb shkuarjes n\u00eb zgjedhje t\u00eb reja parlamentare\u201d, ka p\u00ebrfunduar Deda.<\/p>\n","protected":false},"excerpt":{"rendered":"<p>Ish-deputeti Ilir Deda ka kritikuar gjasht\u00eb deputet\u00ebt e Lidhjes Demokratike t\u00eb Kosov\u00ebs p\u00ebr q\u00ebndrimet e tyre lidhur me marr\u00ebveshjen e fundit t\u00eb LDK-s\u00eb me L\u00ebvizjen Vet\u00ebvendosje p\u00ebr zgjedhjen e presidentit. N\u00eb nj\u00eb reagim t\u00eb publikuar n\u00eb Facebook, Deda ka th\u00ebn\u00eb se deputet\u00ebt \u00ebsht\u00eb dashur q\u00eb n\u00eb fillim t\u00eb negociatave t\u00eb deklaroheshin publikisht n\u00ebse nuk do [&hellip;]<\/p>\n","protected":false},"author":8,"featured_media":32716,"comment_status":"closed","ping_status":"closed","sticky":false,"template":"","format":"standard","meta":{"footnotes":""},"categories":[215,213],"tags":[],"class_list":["post-32715","post","type-post","status-publish","format-standard","has-post-thumbnail","hentry","category-kosove","category-lajme"],"yoast_head":"<!-- This site is optimized with the Yoast SEO plugin v25.1 - https:\/\/yoast.com\/wordpress\/plugins\/seo\/ -->\n<title>Deda ka nj\u00eb pyetje p\u00ebr 6 deputet\u00ebt e LDK-s\u00eb: Pse vendimet e kryesis\u00eb t\u00eb vitit 2016 ishin obligative, nd\u00ebrsa jo ato t\u00eb 2026? - press7.tv<\/title>\n<meta name=\"robots\" content=\"index, follow, max-snippet:-1, max-image-preview:large, max-video-preview:-1\" \/>\n<link rel=\"canonical\" href=\"https:\/\/www.press7.tv\/?p=32715\" \/>\n<meta property=\"og:locale\" content=\"en_US\" \/>\n<meta property=\"og:type\" content=\"article\" \/>\n<meta property=\"og:title\" content=\"Deda ka nj\u00eb pyetje p\u00ebr 6 deputet\u00ebt e LDK-s\u00eb: Pse vendimet e kryesis\u00eb t\u00eb vitit 2016 ishin obligative, nd\u00ebrsa jo ato t\u00eb 2026? - press7.tv\" \/>\n<meta property=\"og:description\" content=\"Ish-deputeti Ilir Deda ka kritikuar gjasht\u00eb deputet\u00ebt e Lidhjes Demokratike t\u00eb Kosov\u00ebs p\u00ebr q\u00ebndrimet e tyre lidhur me marr\u00ebveshjen e fundit t\u00eb LDK-s\u00eb me L\u00ebvizjen Vet\u00ebvendosje p\u00ebr zgjedhjen e presidentit. N\u00eb nj\u00eb reagim t\u00eb publikuar n\u00eb Facebook, Deda ka th\u00ebn\u00eb se deputet\u00ebt \u00ebsht\u00eb dashur q\u00eb n\u00eb fillim t\u00eb negociatave t\u00eb deklaroheshin publikisht n\u00ebse nuk do [&hellip;]\" \/>\n<meta property=\"og:url\" content=\"https:\/\/www.press7.tv\/?p=32715\" \/>\n<meta property=\"og:site_name\" content=\"press7.tv\" \/>\n<meta property=\"article:publisher\" content=\"https:\/\/www.facebook.com\/press7.tv\" \/>\n<meta property=\"article:published_time\" content=\"2026-09-02T08:40:55+00:00\" \/>\n<meta property=\"og:image\" content=\"https:\/\/www.press7.tv\/wp-content\/uploads\/2026\/09\/IMG_5418.avif\" \/>\n\t<meta property=\"og:image:width\" content=\"899\" \/>\n\t<meta property=\"og:image:height\" content=\"500\" \/>\n\t<meta property=\"og:image:type\" content=\"image\/jpeg\" \/>\n<meta name=\"author\" content=\"gazetar2\" \/>\n<meta name=\"twitter:card\" content=\"summary_large_image\" \/>\n<meta name=\"twitter:label1\" content=\"Written by\" \/>\n\t<meta name=\"twitter:data1\" content=\"gazetar2\" \/>\n\t<meta name=\"twitter:label2\" content=\"Est. reading time\" \/>\n\t<meta name=\"twitter:data2\" content=\"1 minute\" \/>\n<script type=\"application\/ld+json\" class=\"yoast-schema-graph\">{\"@context\":\"https:\/\/schema.org\",\"@graph\":[{\"@type\":\"Article\",\"@id\":\"https:\/\/www.press7.tv\/?p=32715#article\",\"isPartOf\":{\"@id\":\"https:\/\/www.press7.tv\/?p=32715\"},\"author\":{\"name\":\"gazetar2\",\"@id\":\"https:\/\/www.news33.tv\/#\/schema\/person\/5a04a38a23ccdba82f9bd665cd8f9efa\"},\"headline\":\"Deda ka nj\u00eb pyetje p\u00ebr 6 deputet\u00ebt e LDK-s\u00eb: Pse vendimet e kryesis\u00eb t\u00eb vitit 2016 ishin obligative, nd\u00ebrsa jo ato t\u00eb 2026?\",\"datePublished\":\"2026-09-02T08:40:55+00:00\",\"mainEntityOfPage\":{\"@id\":\"https:\/\/www.press7.tv\/?p=32715\"},\"wordCount\":344,\"publisher\":{\"@id\":\"https:\/\/www.news33.tv\/#organization\"},\"image\":{\"@id\":\"https:\/\/www.press7.tv\/?p=32715#primaryimage\"},\"thumbnailUrl\":\"https:\/\/www.press7.tv\/wp-content\/uploads\/2026\/09\/IMG_5418.avif\",\"articleSection\":[\"Kosov\u00eb\",\"Lajme\"],\"inLanguage\":\"en-US\"},{\"@type\":\"WebPage\",\"@id\":\"https:\/\/www.press7.tv\/?p=32715\",\"url\":\"https:\/\/www.press7.tv\/?p=32715\",\"name\":\"Deda ka nj\u00eb pyetje p\u00ebr 6 deputet\u00ebt e LDK-s\u00eb: Pse vendimet e kryesis\u00eb t\u00eb vitit 2016 ishin obligative, nd\u00ebrsa jo ato t\u00eb 2026? - press7.tv\",\"isPartOf\":{\"@id\":\"https:\/\/www.news33.tv\/#website\"},\"primaryImageOfPage\":{\"@id\":\"https:\/\/www.press7.tv\/?p=32715#primaryimage\"},\"image\":{\"@id\":\"https:\/\/www.press7.tv\/?p=32715#primaryimage\"},\"thumbnailUrl\":\"https:\/\/www.press7.tv\/wp-content\/uploads\/2026\/09\/IMG_5418.avif\",\"datePublished\":\"2026-09-02T08:40:55+00:00\",\"breadcrumb\":{\"@id\":\"https:\/\/www.press7.tv\/?p=32715#breadcrumb\"},\"inLanguage\":\"en-US\",\"potentialAction\":[{\"@type\":\"ReadAction\",\"target\":[\"https:\/\/www.press7.tv\/?p=32715\"]}]},{\"@type\":\"ImageObject\",\"inLanguage\":\"en-US\",\"@id\":\"https:\/\/www.press7.tv\/?p=32715#primaryimage\",\"url\":\"https:\/\/www.press7.tv\/wp-content\/uploads\/2026\/09\/IMG_5418.avif\",\"contentUrl\":\"https:\/\/www.press7.tv\/wp-content\/uploads\/2026\/09\/IMG_5418.avif\",\"width\":899,\"height\":500},{\"@type\":\"BreadcrumbList\",\"@id\":\"https:\/\/www.press7.tv\/?p=32715#breadcrumb\",\"itemListElement\":[{\"@type\":\"ListItem\",\"position\":1,\"name\":\"Home\",\"item\":\"https:\/\/www.press7.tv\/\"},{\"@type\":\"ListItem\",\"position\":2,\"name\":\"Deda ka nj\u00eb pyetje p\u00ebr 6 deputet\u00ebt e LDK-s\u00eb: Pse vendimet e kryesis\u00eb t\u00eb vitit 2016 ishin obligative, nd\u00ebrsa jo ato t\u00eb 2026?\"}]},{\"@type\":\"WebSite\",\"@id\":\"https:\/\/www.news33.tv\/#website\",\"url\":\"https:\/\/www.news33.tv\/\",\"name\":\"News33.tv Media\",\"description\":\"Media\",\"publisher\":{\"@id\":\"https:\/\/www.news33.tv\/#organization\"},\"potentialAction\":[{\"@type\":\"SearchAction\",\"target\":{\"@type\":\"EntryPoint\",\"urlTemplate\":\"https:\/\/www.news33.tv\/?s={search_term_string}\"},\"query-input\":{\"@type\":\"PropertyValueSpecification\",\"valueRequired\":true,\"valueName\":\"search_term_string\"}}],\"inLanguage\":\"en-US\"},{\"@type\":\"Organization\",\"@id\":\"https:\/\/www.news33.tv\/#organization\",\"name\":\"News33.tv Media\",\"url\":\"https:\/\/www.news33.tv\/\",\"logo\":{\"@type\":\"ImageObject\",\"inLanguage\":\"en-US\",\"@id\":\"https:\/\/www.news33.tv\/#\/schema\/logo\/image\/\",\"url\":\"https:\/\/www.press7.tv\/wp-content\/uploads\/2024\/02\/logo-news33-black.png\",\"contentUrl\":\"https:\/\/www.press7.tv\/wp-content\/uploads\/2024\/02\/logo-news33-black.png\",\"width\":180,\"height\":37,\"caption\":\"News33.tv Media\"},\"image\":{\"@id\":\"https:\/\/www.news33.tv\/#\/schema\/logo\/image\/\"},\"sameAs\":[\"https:\/\/www.facebook.com\/press7.tv\"]},{\"@type\":\"Person\",\"@id\":\"https:\/\/www.news33.tv\/#\/schema\/person\/5a04a38a23ccdba82f9bd665cd8f9efa\",\"name\":\"gazetar2\",\"image\":{\"@type\":\"ImageObject\",\"inLanguage\":\"en-US\",\"@id\":\"https:\/\/www.news33.tv\/#\/schema\/person\/image\/\",\"url\":\"https:\/\/www.press7.tv\/wp-content\/litespeed\/avatar\/41975e402c3049d9ddb03adca8f7a883.jpg?ver=1788056178\",\"contentUrl\":\"https:\/\/www.press7.tv\/wp-content\/litespeed\/avatar\/41975e402c3049d9ddb03adca8f7a883.jpg?ver=1788056178\",\"caption\":\"gazetar2\"},\"url\":\"https:\/\/www.press7.tv\/?author=8\"}]}<\/script>\n<!-- \/ Yoast SEO plugin. -->","yoast_head_json":{"title":"Deda ka nj\u00eb pyetje p\u00ebr 6 deputet\u00ebt e LDK-s\u00eb: Pse vendimet e kryesis\u00eb t\u00eb vitit 2016 ishin obligative, nd\u00ebrsa jo ato t\u00eb 2026? - press7.tv","robots":{"index":"index","follow":"follow","max-snippet":"max-snippet:-1","max-image-preview":"max-image-preview:large","max-video-preview":"max-video-preview:-1"},"canonical":"https:\/\/www.press7.tv\/?p=32715","og_locale":"en_US","og_type":"article","og_title":"Deda ka nj\u00eb pyetje p\u00ebr 6 deputet\u00ebt e LDK-s\u00eb: Pse vendimet e kryesis\u00eb t\u00eb vitit 2016 ishin obligative, nd\u00ebrsa jo ato t\u00eb 2026? - press7.tv","og_description":"Ish-deputeti Ilir Deda ka kritikuar gjasht\u00eb deputet\u00ebt e Lidhjes Demokratike t\u00eb Kosov\u00ebs p\u00ebr q\u00ebndrimet e tyre lidhur me marr\u00ebveshjen e fundit t\u00eb LDK-s\u00eb me L\u00ebvizjen Vet\u00ebvendosje p\u00ebr zgjedhjen e presidentit. N\u00eb nj\u00eb reagim t\u00eb publikuar n\u00eb Facebook, Deda ka th\u00ebn\u00eb se deputet\u00ebt \u00ebsht\u00eb dashur q\u00eb n\u00eb fillim t\u00eb negociatave t\u00eb deklaroheshin publikisht n\u00ebse nuk do [&hellip;]","og_url":"https:\/\/www.press7.tv\/?p=32715","og_site_name":"press7.tv","article_publisher":"https:\/\/www.facebook.com\/press7.tv","article_published_time":"2026-09-02T08:40:55+00:00","og_image":[{"width":899,"height":500,"url":"https:\/\/www.press7.tv\/wp-content\/uploads\/2026\/09\/IMG_5418.avif","type":"image\/jpeg"}],"author":"gazetar2","twitter_card":"summary_large_image","twitter_misc":{"Written by":"gazetar2","Est. reading time":"1 minute"},"schema":{"@context":"https:\/\/schema.org","@graph":[{"@type":"Article","@id":"https:\/\/www.press7.tv\/?p=32715#article","isPartOf":{"@id":"https:\/\/www.press7.tv\/?p=32715"},"author":{"name":"gazetar2","@id":"https:\/\/www.news33.tv\/#\/schema\/person\/5a04a38a23ccdba82f9bd665cd8f9efa"},"headline":"Deda ka nj\u00eb pyetje p\u00ebr 6 deputet\u00ebt e LDK-s\u00eb: Pse vendimet e kryesis\u00eb t\u00eb vitit 2016 ishin obligative, nd\u00ebrsa jo ato t\u00eb 2026?","datePublished":"2026-09-02T08:40:55+00:00","mainEntityOfPage":{"@id":"https:\/\/www.press7.tv\/?p=32715"},"wordCount":344,"publisher":{"@id":"https:\/\/www.news33.tv\/#organization"},"image":{"@id":"https:\/\/www.press7.tv\/?p=32715#primaryimage"},"thumbnailUrl":"https:\/\/www.press7.tv\/wp-content\/uploads\/2026\/09\/IMG_5418.avif","articleSection":["Kosov\u00eb","Lajme"],"inLanguage":"en-US"},{"@type":"WebPage","@id":"https:\/\/www.press7.tv\/?p=32715","url":"https:\/\/www.press7.tv\/?p=32715","name":"Deda ka nj\u00eb pyetje p\u00ebr 6 deputet\u00ebt e LDK-s\u00eb: Pse vendimet e kryesis\u00eb t\u00eb vitit 2016 ishin obligative, nd\u00ebrsa jo ato t\u00eb 2026? - press7.tv","isPartOf":{"@id":"https:\/\/www.news33.tv\/#website"},"primaryImageOfPage":{"@id":"https:\/\/www.press7.tv\/?p=32715#primaryimage"},"image":{"@id":"https:\/\/www.press7.tv\/?p=32715#primaryimage"},"thumbnailUrl":"https:\/\/www.press7.tv\/wp-content\/uploads\/2026\/09\/IMG_5418.avif","datePublished":"2026-09-02T08:40:55+00:00","breadcrumb":{"@id":"https:\/\/www.press7.tv\/?p=32715#breadcrumb"},"inLanguage":"en-US","potentialAction":[{"@type":"ReadAction","target":["https:\/\/www.press7.tv\/?p=32715"]}]},{"@type":"ImageObject","inLanguage":"en-US","@id":"https:\/\/www.press7.tv\/?p=32715#primaryimage","url":"https:\/\/www.press7.tv\/wp-content\/uploads\/2026\/09\/IMG_5418.avif","contentUrl":"https:\/\/www.press7.tv\/wp-content\/uploads\/2026\/09\/IMG_5418.avif","width":899,"height":500},{"@type":"BreadcrumbList","@id":"https:\/\/www.press7.tv\/?p=32715#breadcrumb","itemListElement":[{"@type":"ListItem","position":1,"name":"Home","item":"https:\/\/www.press7.tv\/"},{"@type":"ListItem","position":2,"name":"Deda ka nj\u00eb pyetje p\u00ebr 6 deputet\u00ebt e LDK-s\u00eb: Pse vendimet e kryesis\u00eb t\u00eb vitit 2016 ishin obligative, nd\u00ebrsa jo ato t\u00eb 2026?"}]},{"@type":"WebSite","@id":"https:\/\/www.news33.tv\/#website","url":"https:\/\/www.news33.tv\/","name":"News33.tv Media","description":"Media","publisher":{"@id":"https:\/\/www.news33.tv\/#organization"},"potentialAction":[{"@type":"SearchAction","target":{"@type":"EntryPoint","urlTemplate":"https:\/\/www.news33.tv\/?s={search_term_string}"},"query-input":{"@type":"PropertyValueSpecification","valueRequired":true,"valueName":"search_term_string"}}],"inLanguage":"en-US"},{"@type":"Organization","@id":"https:\/\/www.news33.tv\/#organization","name":"News33.tv Media","url":"https:\/\/www.news33.tv\/","logo":{"@type":"ImageObject","inLanguage":"en-US","@id":"https:\/\/www.news33.tv\/#\/schema\/logo\/image\/","url":"https:\/\/www.press7.tv\/wp-content\/uploads\/2024\/02\/logo-news33-black.png","contentUrl":"https:\/\/www.press7.tv\/wp-content\/uploads\/2024\/02\/logo-news33-black.png","width":180,"height":37,"caption":"News33.tv Media"},"image":{"@id":"https:\/\/www.news33.tv\/#\/schema\/logo\/image\/"},"sameAs":["https:\/\/www.facebook.com\/press7.tv"]},{"@type":"Person","@id":"https:\/\/www.news33.tv\/#\/schema\/person\/5a04a38a23ccdba82f9bd665cd8f9efa","name":"gazetar2","image":{"@type":"ImageObject","inLanguage":"en-US","@id":"https:\/\/www.news33.tv\/#\/schema\/person\/image\/","url":"https:\/\/www.press7.tv\/wp-content\/litespeed\/avatar\/41975e402c3049d9ddb03adca8f7a883.jpg?ver=1788056178","contentUrl":"https:\/\/www.press7.tv\/wp-content\/litespeed\/avatar\/41975e402c3049d9ddb03adca8f7a883.jpg?ver=1788056178","caption":"gazetar2"},"url":"https:\/\/www.press7.tv\/?author=8"}]}},"amp_enabled":true,"_links":{"self":[{"href":"https:\/\/www.press7.tv\/index.php?rest_route=\/wp\/v2\/posts\/32715","targetHints":{"allow":["GET"]}}],"collection":[{"href":"https:\/\/www.press7.tv\/index.php?rest_route=\/wp\/v2\/posts"}],"about":[{"href":"https:\/\/www.press7.tv\/index.php?rest_route=\/wp\/v2\/types\/post"}],"author":[{"embeddable":true,"href":"https:\/\/www.press7.tv\/index.php?rest_route=\/wp\/v2\/users\/8"}],"replies":[{"embeddable":true,"href":"https:\/\/www.press7.tv\/index.php?rest_route=%2Fwp%2Fv2%2Fcomments&post=32715"}],"version-history":[{"count":1,"href":"https:\/\/www.press7.tv\/index.php?rest_route=\/wp\/v2\/posts\/32715\/revisions"}],"predecessor-version":[{"id":32717,"href":"https:\/\/www.press7.tv\/index.php?rest_route=\/wp\/v2\/posts\/32715\/revisions\/32717"}],"wp:featuredmedia":[{"embeddable":true,"href":"https:\/\/www.press7.tv\/index.php?rest_route=\/wp\/v2\/media\/32716"}],"wp:attachment":[{"href":"https:\/\/www.press7.tv\/index.php?rest_route=%2Fwp%2Fv2%2Fmedia&parent=32715"}],"wp:term":[{"taxonomy":"category","embeddable":true,"href":"https:\/\/www.press7.tv\/index.php?rest_route=%2Fwp%2Fv2%2Fcategories&post=32715"},{"taxonomy":"post_tag","embeddable":true,"href":"https:\/\/www.press7.tv\/index.php?rest_route=%2Fwp%2Fv2%2Ftags&post=32715"}],"curies":[{"name":"wp","href":"https:\/\/api.w.org\/{rel}","templated":true}]}}