{"id":32709,"date":"2026-09-02T07:25:55","date_gmt":"2026-09-02T07:25:55","guid":{"rendered":"https:\/\/www.press7.tv\/?p=32709"},"modified":"2026-09-02T07:25:55","modified_gmt":"2026-09-02T07:25:55","slug":"irani-i-pergjigjet-shba-se-duke-ia-sulmuar-bazat-ne-lindjen-e-mesme","status":"publish","type":"post","link":"https:\/\/www.press7.tv\/?p=32709","title":{"rendered":"Irani i p\u00ebrgjigjet SHBA-s\u00eb duke ia sulmuar bazat n\u00eb Lindjen e Mesme"},"content":{"rendered":"\n    <div class=\"xs_social_share_widget xs_share_url before_content \t\tmain_content  wslu-style-2 wslu-share-box-shaped wslu-fill-colored wslu-share-m-5 wslu-none wslu-share-vertical wslu-theme-font-no wslu-main_content\">\n\n\t\t\n        <ul>\n\t\t\t        <\/ul>\n    <\/div> \n<p>Teherani ka nisur sulme me raketa dhe dron\u00eb ndaj objektivave amerikane n\u00eb Jordani, Kuvajt, Irak dhe Bahrejn, pasi forcat amerikane rikthyen sulmet kund\u00ebr Iranit t\u00eb mart\u00ebn.<\/p>\n<p>Gjysm\u00ebh\u00ebna e Kuqe Iraniane tha se pes\u00eb persona, p\u00ebrfshir\u00eb nj\u00eb f\u00ebmij\u00eb, u vran\u00eb dhe m\u00eb shum\u00eb se 50 u plagos\u00ebn kur mbetjet nga nj\u00eb sulm me raketa amerikane goditi nj\u00eb sht\u00ebpi ku po mbahej nj\u00eb dasm\u00eb n\u00eb Sirik n\u00eb Iranin jugor.<\/p>\n<p>Ushtria amerikane tha se ishte n\u00eb dijeni t\u00eb raporteve, por se nuk ka synuar kurr\u00eb civil\u00eb.<\/p>\n<p>Komanda Qendrore Amerikane tha se sulmet amerikane ndaj Iranit erdh\u00ebn pas sulmeve t\u00eb koh\u00ebve t\u00eb fundit nga Trupat e Gard\u00ebs Revolucionare Islamike t\u00eb Iranit kund\u00ebr anijeve tregtare n\u00eb Ngushtic\u00ebn e Hormuzit dhe forcave amerikane n\u00eb rajon.<\/p>\n<p>Grada Revolucionare e Iranit u zotua se \u201cSHBA-ja do t\u00eb pendohet\u201d p\u00ebr sulmet.<\/p>\n<p>Deri t\u00eb m\u00ebrkur\u00ebn n\u00eb m\u00ebngjes, ajo ka nisur bresh\u00ebri raketash balistike drejt nj\u00eb baze t\u00eb Marin\u00ebs Amerikane n\u00eb Akab\u00ebn t\u00eb Jordanis\u00eb n\u00eb shenj\u00eb hakmarrjeje p\u00ebr sulmin n\u00eb Sirik, sipas agjencis\u00eb gjysm\u00ebzyrtare t\u00eb lajmeve Tasnim t\u00eb Iranit.<\/p>\n<p>Forcat e Armatosura Jordaneze than\u00eb se kishin kapur 13 raketa balistike, 10 prej t\u00eb cilave u shkat\u00ebrruan, nd\u00ebrsa tri ran\u00eb n\u00eb zona t\u00eb larg\u00ebta.<\/p>\n<p>Disa shp\u00ebrthime u raportuan gjithashtu n\u00eb Bahrejn, sipas mediave shtet\u00ebrore iraniane.<\/p>\n<p>Mediat iraniane kan\u00eb raportuar po ashtu se forcat iraniane kan\u00eb goditur bazat amerikane n\u00eb rajonin autonom t\u00eb Kurdistanit n\u00eb Irak, duke shkat\u00ebrruar nj\u00eb qend\u00ebr mir\u00ebmbajtjeje, depo dhe pajisje.<\/p>\n","protected":false},"excerpt":{"rendered":"<p>Teherani ka nisur sulme me raketa dhe dron\u00eb ndaj objektivave amerikane n\u00eb Jordani, Kuvajt, Irak dhe Bahrejn, pasi forcat amerikane rikthyen sulmet kund\u00ebr Iranit t\u00eb mart\u00ebn. Gjysm\u00ebh\u00ebna e Kuqe Iraniane tha se pes\u00eb persona, p\u00ebrfshir\u00eb nj\u00eb f\u00ebmij\u00eb, u vran\u00eb dhe m\u00eb shum\u00eb se 50 u plagos\u00ebn kur mbetjet nga nj\u00eb sulm me raketa amerikane goditi [&hellip;]<\/p>\n","protected":false},"author":8,"featured_media":32710,"comment_status":"closed","ping_status":"closed","sticky":false,"template":"","format":"standard","meta":{"footnotes":""},"categories":[217,213],"tags":[],"class_list":["post-32709","post","type-post","status-publish","format-standard","has-post-thumbnail","hentry","category-bote","category-lajme"],"yoast_head":"<!-- This site is optimized with the Yoast SEO plugin v25.1 - https:\/\/yoast.com\/wordpress\/plugins\/seo\/ -->\n<title>Irani i p\u00ebrgjigjet SHBA-s\u00eb duke ia sulmuar bazat n\u00eb Lindjen e Mesme - press7.tv<\/title>\n<meta name=\"robots\" content=\"index, follow, max-snippet:-1, max-image-preview:large, max-video-preview:-1\" \/>\n<link rel=\"canonical\" href=\"https:\/\/www.press7.tv\/?p=32709\" \/>\n<meta property=\"og:locale\" content=\"en_US\" \/>\n<meta property=\"og:type\" content=\"article\" \/>\n<meta property=\"og:title\" content=\"Irani i p\u00ebrgjigjet SHBA-s\u00eb duke ia sulmuar bazat n\u00eb Lindjen e Mesme - press7.tv\" \/>\n<meta property=\"og:description\" content=\"Teherani ka nisur sulme me raketa dhe dron\u00eb ndaj objektivave amerikane n\u00eb Jordani, Kuvajt, Irak dhe Bahrejn, pasi forcat amerikane rikthyen sulmet kund\u00ebr Iranit t\u00eb mart\u00ebn. Gjysm\u00ebh\u00ebna e Kuqe Iraniane tha se pes\u00eb persona, p\u00ebrfshir\u00eb nj\u00eb f\u00ebmij\u00eb, u vran\u00eb dhe m\u00eb shum\u00eb se 50 u plagos\u00ebn kur mbetjet nga nj\u00eb sulm me raketa amerikane goditi [&hellip;]\" \/>\n<meta property=\"og:url\" content=\"https:\/\/www.press7.tv\/?p=32709\" \/>\n<meta property=\"og:site_name\" content=\"press7.tv\" \/>\n<meta property=\"article:publisher\" content=\"https:\/\/www.facebook.com\/press7.tv\" \/>\n<meta property=\"article:published_time\" content=\"2026-09-02T07:25:55+00:00\" \/>\n<meta property=\"og:image\" content=\"https:\/\/www.press7.tv\/wp-content\/uploads\/2026\/09\/IMG_5414.avif\" \/>\n\t<meta property=\"og:image:width\" content=\"1360\" \/>\n\t<meta property=\"og:image:height\" content=\"870\" \/>\n\t<meta property=\"og:image:type\" content=\"image\/webp\" \/>\n<meta name=\"author\" content=\"gazetar2\" \/>\n<meta name=\"twitter:card\" content=\"summary_large_image\" \/>\n<meta name=\"twitter:label1\" content=\"Written by\" \/>\n\t<meta name=\"twitter:data1\" content=\"gazetar2\" \/>\n\t<meta name=\"twitter:label2\" content=\"Est. reading time\" \/>\n\t<meta name=\"twitter:data2\" content=\"1 minute\" \/>\n<script type=\"application\/ld+json\" class=\"yoast-schema-graph\">{\"@context\":\"https:\/\/schema.org\",\"@graph\":[{\"@type\":\"Article\",\"@id\":\"https:\/\/www.press7.tv\/?p=32709#article\",\"isPartOf\":{\"@id\":\"https:\/\/www.press7.tv\/?p=32709\"},\"author\":{\"name\":\"gazetar2\",\"@id\":\"https:\/\/www.news33.tv\/#\/schema\/person\/5a04a38a23ccdba82f9bd665cd8f9efa\"},\"headline\":\"Irani i p\u00ebrgjigjet SHBA-s\u00eb duke ia sulmuar bazat n\u00eb Lindjen e Mesme\",\"datePublished\":\"2026-09-02T07:25:55+00:00\",\"mainEntityOfPage\":{\"@id\":\"https:\/\/www.press7.tv\/?p=32709\"},\"wordCount\":271,\"publisher\":{\"@id\":\"https:\/\/www.news33.tv\/#organization\"},\"image\":{\"@id\":\"https:\/\/www.press7.tv\/?p=32709#primaryimage\"},\"thumbnailUrl\":\"https:\/\/www.press7.tv\/wp-content\/uploads\/2026\/09\/IMG_5414.avif\",\"articleSection\":[\"Bot\u00eb\",\"Lajme\"],\"inLanguage\":\"en-US\"},{\"@type\":\"WebPage\",\"@id\":\"https:\/\/www.press7.tv\/?p=32709\",\"url\":\"https:\/\/www.press7.tv\/?p=32709\",\"name\":\"Irani i p\u00ebrgjigjet SHBA-s\u00eb duke ia sulmuar bazat n\u00eb Lindjen e Mesme - press7.tv\",\"isPartOf\":{\"@id\":\"https:\/\/www.news33.tv\/#website\"},\"primaryImageOfPage\":{\"@id\":\"https:\/\/www.press7.tv\/?p=32709#primaryimage\"},\"image\":{\"@id\":\"https:\/\/www.press7.tv\/?p=32709#primaryimage\"},\"thumbnailUrl\":\"https:\/\/www.press7.tv\/wp-content\/uploads\/2026\/09\/IMG_5414.avif\",\"datePublished\":\"2026-09-02T07:25:55+00:00\",\"breadcrumb\":{\"@id\":\"https:\/\/www.press7.tv\/?p=32709#breadcrumb\"},\"inLanguage\":\"en-US\",\"potentialAction\":[{\"@type\":\"ReadAction\",\"target\":[\"https:\/\/www.press7.tv\/?p=32709\"]}]},{\"@type\":\"ImageObject\",\"inLanguage\":\"en-US\",\"@id\":\"https:\/\/www.press7.tv\/?p=32709#primaryimage\",\"url\":\"https:\/\/www.press7.tv\/wp-content\/uploads\/2026\/09\/IMG_5414.avif\",\"contentUrl\":\"https:\/\/www.press7.tv\/wp-content\/uploads\/2026\/09\/IMG_5414.avif\",\"width\":1360,\"height\":870},{\"@type\":\"BreadcrumbList\",\"@id\":\"https:\/\/www.press7.tv\/?p=32709#breadcrumb\",\"itemListElement\":[{\"@type\":\"ListItem\",\"position\":1,\"name\":\"Home\",\"item\":\"https:\/\/www.press7.tv\/\"},{\"@type\":\"ListItem\",\"position\":2,\"name\":\"Irani i p\u00ebrgjigjet SHBA-s\u00eb duke ia sulmuar bazat n\u00eb Lindjen e Mesme\"}]},{\"@type\":\"WebSite\",\"@id\":\"https:\/\/www.news33.tv\/#website\",\"url\":\"https:\/\/www.news33.tv\/\",\"name\":\"News33.tv Media\",\"description\":\"Media\",\"publisher\":{\"@id\":\"https:\/\/www.news33.tv\/#organization\"},\"potentialAction\":[{\"@type\":\"SearchAction\",\"target\":{\"@type\":\"EntryPoint\",\"urlTemplate\":\"https:\/\/www.news33.tv\/?s={search_term_string}\"},\"query-input\":{\"@type\":\"PropertyValueSpecification\",\"valueRequired\":true,\"valueName\":\"search_term_string\"}}],\"inLanguage\":\"en-US\"},{\"@type\":\"Organization\",\"@id\":\"https:\/\/www.news33.tv\/#organization\",\"name\":\"News33.tv Media\",\"url\":\"https:\/\/www.news33.tv\/\",\"logo\":{\"@type\":\"ImageObject\",\"inLanguage\":\"en-US\",\"@id\":\"https:\/\/www.news33.tv\/#\/schema\/logo\/image\/\",\"url\":\"https:\/\/www.press7.tv\/wp-content\/uploads\/2024\/02\/logo-news33-black.png\",\"contentUrl\":\"https:\/\/www.press7.tv\/wp-content\/uploads\/2024\/02\/logo-news33-black.png\",\"width\":180,\"height\":37,\"caption\":\"News33.tv Media\"},\"image\":{\"@id\":\"https:\/\/www.news33.tv\/#\/schema\/logo\/image\/\"},\"sameAs\":[\"https:\/\/www.facebook.com\/press7.tv\"]},{\"@type\":\"Person\",\"@id\":\"https:\/\/www.news33.tv\/#\/schema\/person\/5a04a38a23ccdba82f9bd665cd8f9efa\",\"name\":\"gazetar2\",\"image\":{\"@type\":\"ImageObject\",\"inLanguage\":\"en-US\",\"@id\":\"https:\/\/www.news33.tv\/#\/schema\/person\/image\/\",\"url\":\"https:\/\/www.press7.tv\/wp-content\/litespeed\/avatar\/41975e402c3049d9ddb03adca8f7a883.jpg?ver=1788056178\",\"contentUrl\":\"https:\/\/www.press7.tv\/wp-content\/litespeed\/avatar\/41975e402c3049d9ddb03adca8f7a883.jpg?ver=1788056178\",\"caption\":\"gazetar2\"},\"url\":\"https:\/\/www.press7.tv\/?author=8\"}]}<\/script>\n<!-- \/ Yoast SEO plugin. -->","yoast_head_json":{"title":"Irani i p\u00ebrgjigjet SHBA-s\u00eb duke ia sulmuar bazat n\u00eb Lindjen e Mesme - press7.tv","robots":{"index":"index","follow":"follow","max-snippet":"max-snippet:-1","max-image-preview":"max-image-preview:large","max-video-preview":"max-video-preview:-1"},"canonical":"https:\/\/www.press7.tv\/?p=32709","og_locale":"en_US","og_type":"article","og_title":"Irani i p\u00ebrgjigjet SHBA-s\u00eb duke ia sulmuar bazat n\u00eb Lindjen e Mesme - press7.tv","og_description":"Teherani ka nisur sulme me raketa dhe dron\u00eb ndaj objektivave amerikane n\u00eb Jordani, Kuvajt, Irak dhe Bahrejn, pasi forcat amerikane rikthyen sulmet kund\u00ebr Iranit t\u00eb mart\u00ebn. Gjysm\u00ebh\u00ebna e Kuqe Iraniane tha se pes\u00eb persona, p\u00ebrfshir\u00eb nj\u00eb f\u00ebmij\u00eb, u vran\u00eb dhe m\u00eb shum\u00eb se 50 u plagos\u00ebn kur mbetjet nga nj\u00eb sulm me raketa amerikane goditi [&hellip;]","og_url":"https:\/\/www.press7.tv\/?p=32709","og_site_name":"press7.tv","article_publisher":"https:\/\/www.facebook.com\/press7.tv","article_published_time":"2026-09-02T07:25:55+00:00","og_image":[{"width":1360,"height":870,"url":"https:\/\/www.press7.tv\/wp-content\/uploads\/2026\/09\/IMG_5414.avif","type":"image\/webp"}],"author":"gazetar2","twitter_card":"summary_large_image","twitter_misc":{"Written by":"gazetar2","Est. reading time":"1 minute"},"schema":{"@context":"https:\/\/schema.org","@graph":[{"@type":"Article","@id":"https:\/\/www.press7.tv\/?p=32709#article","isPartOf":{"@id":"https:\/\/www.press7.tv\/?p=32709"},"author":{"name":"gazetar2","@id":"https:\/\/www.news33.tv\/#\/schema\/person\/5a04a38a23ccdba82f9bd665cd8f9efa"},"headline":"Irani i p\u00ebrgjigjet SHBA-s\u00eb duke ia sulmuar bazat n\u00eb Lindjen e Mesme","datePublished":"2026-09-02T07:25:55+00:00","mainEntityOfPage":{"@id":"https:\/\/www.press7.tv\/?p=32709"},"wordCount":271,"publisher":{"@id":"https:\/\/www.news33.tv\/#organization"},"image":{"@id":"https:\/\/www.press7.tv\/?p=32709#primaryimage"},"thumbnailUrl":"https:\/\/www.press7.tv\/wp-content\/uploads\/2026\/09\/IMG_5414.avif","articleSection":["Bot\u00eb","Lajme"],"inLanguage":"en-US"},{"@type":"WebPage","@id":"https:\/\/www.press7.tv\/?p=32709","url":"https:\/\/www.press7.tv\/?p=32709","name":"Irani i p\u00ebrgjigjet SHBA-s\u00eb duke ia sulmuar bazat n\u00eb Lindjen e Mesme - press7.tv","isPartOf":{"@id":"https:\/\/www.news33.tv\/#website"},"primaryImageOfPage":{"@id":"https:\/\/www.press7.tv\/?p=32709#primaryimage"},"image":{"@id":"https:\/\/www.press7.tv\/?p=32709#primaryimage"},"thumbnailUrl":"https:\/\/www.press7.tv\/wp-content\/uploads\/2026\/09\/IMG_5414.avif","datePublished":"2026-09-02T07:25:55+00:00","breadcrumb":{"@id":"https:\/\/www.press7.tv\/?p=32709#breadcrumb"},"inLanguage":"en-US","potentialAction":[{"@type":"ReadAction","target":["https:\/\/www.press7.tv\/?p=32709"]}]},{"@type":"ImageObject","inLanguage":"en-US","@id":"https:\/\/www.press7.tv\/?p=32709#primaryimage","url":"https:\/\/www.press7.tv\/wp-content\/uploads\/2026\/09\/IMG_5414.avif","contentUrl":"https:\/\/www.press7.tv\/wp-content\/uploads\/2026\/09\/IMG_5414.avif","width":1360,"height":870},{"@type":"BreadcrumbList","@id":"https:\/\/www.press7.tv\/?p=32709#breadcrumb","itemListElement":[{"@type":"ListItem","position":1,"name":"Home","item":"https:\/\/www.press7.tv\/"},{"@type":"ListItem","position":2,"name":"Irani i p\u00ebrgjigjet SHBA-s\u00eb duke ia sulmuar bazat n\u00eb Lindjen e Mesme"}]},{"@type":"WebSite","@id":"https:\/\/www.news33.tv\/#website","url":"https:\/\/www.news33.tv\/","name":"News33.tv Media","description":"Media","publisher":{"@id":"https:\/\/www.news33.tv\/#organization"},"potentialAction":[{"@type":"SearchAction","target":{"@type":"EntryPoint","urlTemplate":"https:\/\/www.news33.tv\/?s={search_term_string}"},"query-input":{"@type":"PropertyValueSpecification","valueRequired":true,"valueName":"search_term_string"}}],"inLanguage":"en-US"},{"@type":"Organization","@id":"https:\/\/www.news33.tv\/#organization","name":"News33.tv Media","url":"https:\/\/www.news33.tv\/","logo":{"@type":"ImageObject","inLanguage":"en-US","@id":"https:\/\/www.news33.tv\/#\/schema\/logo\/image\/","url":"https:\/\/www.press7.tv\/wp-content\/uploads\/2024\/02\/logo-news33-black.png","contentUrl":"https:\/\/www.press7.tv\/wp-content\/uploads\/2024\/02\/logo-news33-black.png","width":180,"height":37,"caption":"News33.tv Media"},"image":{"@id":"https:\/\/www.news33.tv\/#\/schema\/logo\/image\/"},"sameAs":["https:\/\/www.facebook.com\/press7.tv"]},{"@type":"Person","@id":"https:\/\/www.news33.tv\/#\/schema\/person\/5a04a38a23ccdba82f9bd665cd8f9efa","name":"gazetar2","image":{"@type":"ImageObject","inLanguage":"en-US","@id":"https:\/\/www.news33.tv\/#\/schema\/person\/image\/","url":"https:\/\/www.press7.tv\/wp-content\/litespeed\/avatar\/41975e402c3049d9ddb03adca8f7a883.jpg?ver=1788056178","contentUrl":"https:\/\/www.press7.tv\/wp-content\/litespeed\/avatar\/41975e402c3049d9ddb03adca8f7a883.jpg?ver=1788056178","caption":"gazetar2"},"url":"https:\/\/www.press7.tv\/?author=8"}]}},"amp_enabled":true,"_links":{"self":[{"href":"https:\/\/www.press7.tv\/index.php?rest_route=\/wp\/v2\/posts\/32709","targetHints":{"allow":["GET"]}}],"collection":[{"href":"https:\/\/www.press7.tv\/index.php?rest_route=\/wp\/v2\/posts"}],"about":[{"href":"https:\/\/www.press7.tv\/index.php?rest_route=\/wp\/v2\/types\/post"}],"author":[{"embeddable":true,"href":"https:\/\/www.press7.tv\/index.php?rest_route=\/wp\/v2\/users\/8"}],"replies":[{"embeddable":true,"href":"https:\/\/www.press7.tv\/index.php?rest_route=%2Fwp%2Fv2%2Fcomments&post=32709"}],"version-history":[{"count":1,"href":"https:\/\/www.press7.tv\/index.php?rest_route=\/wp\/v2\/posts\/32709\/revisions"}],"predecessor-version":[{"id":32711,"href":"https:\/\/www.press7.tv\/index.php?rest_route=\/wp\/v2\/posts\/32709\/revisions\/32711"}],"wp:featuredmedia":[{"embeddable":true,"href":"https:\/\/www.press7.tv\/index.php?rest_route=\/wp\/v2\/media\/32710"}],"wp:attachment":[{"href":"https:\/\/www.press7.tv\/index.php?rest_route=%2Fwp%2Fv2%2Fmedia&parent=32709"}],"wp:term":[{"taxonomy":"category","embeddable":true,"href":"https:\/\/www.press7.tv\/index.php?rest_route=%2Fwp%2Fv2%2Fcategories&post=32709"},{"taxonomy":"post_tag","embeddable":true,"href":"https:\/\/www.press7.tv\/index.php?rest_route=%2Fwp%2Fv2%2Ftags&post=32709"}],"curies":[{"name":"wp","href":"https:\/\/api.w.org\/{rel}","templated":true}]}}