{"id":32703,"date":"2026-09-01T13:07:46","date_gmt":"2026-09-01T13:07:46","guid":{"rendered":"https:\/\/www.press7.tv\/?p=32703"},"modified":"2026-09-01T13:07:46","modified_gmt":"2026-09-01T13:07:46","slug":"gezim-ostreni-ali-ahmeti-pranoi-qe-gjuha-shqipe-mos-te-figuroje-ne-kushtetute-por-te-zevendesohet-me-termin-20","status":"publish","type":"post","link":"https:\/\/www.press7.tv\/?p=32703","title":{"rendered":"G\u00ebzim Ostreni: Ali Ahmeti pranoi q\u00eb gjuha shqipe mos t\u00eb figuroj\u00eb n\u00eb Kushtetut\u00eb, por t\u00eb z\u00ebvend\u00ebsohet me termin 20%"},"content":{"rendered":"\n    <div class=\"xs_social_share_widget xs_share_url before_content \t\tmain_content  wslu-style-2 wslu-share-box-shaped wslu-fill-colored wslu-share-m-5 wslu-none wslu-share-vertical wslu-theme-font-no wslu-main_content\">\n\n\t\t\n        <ul>\n\t\t\t        <\/ul>\n    <\/div> \n<p>Nj\u00eb deklarat\u00eb p\u00ebr emisionin Rishtazi, q\u00eb emitohet n\u00eb gazet\u00ebn Koha, p\u00ebrfaq\u00ebsuesi ushtarak i U\u00c7K-s\u00eb n\u00eb Maqedoni, G\u00ebzim Ostreni, rikthen n\u00eb v\u00ebmendje nj\u00eb prej \u00e7\u00ebshtjeve m\u00eb t\u00eb debatueshme q\u00eb lidhen me negociatat politike pas konfliktit t\u00eb vitit 2001.<\/p>\n<p>Ostreni pretendon se Ali Ahmeti, i cili n\u00eb at\u00eb koh\u00eb ishte p\u00ebrfaq\u00ebsues politik i U\u00c7K-s\u00eb, kishte b\u00ebr\u00eb kompromis pa e njoftuar at\u00eb dhe kishte pranuar q\u00eb n\u00eb Kushtetut\u00ebn e Maqedonis\u00eb t\u00eb mos p\u00ebrdorej p\u00ebrcaktimi i drejtp\u00ebrdrejt\u00eb p\u00ebr gjuh\u00ebn shqipe, por formulimi q\u00eb lidhej me pragun prej 20 p\u00ebr qind.<\/p>\n<p>\u201cNeve gjat\u00eb U\u00c7K-s\u00eb kemi qen\u00eb t\u00eb ndar\u00eb n\u00eb detyra, pjes\u00ebn politike Ali Ahmeti dhe pjes\u00ebn e luft\u00ebs G\u00ebzimi. Un\u00eb shum\u00eb von\u00eb e kam par\u00eb, un\u00eb mendoja se \u00ebsht\u00eb gjuha shqipe. N\u00eb komunikat\u00ebn num\u00ebr gjasht\u00eb k\u00ebrkohet q\u00eb Maqedonia t\u00eb jet\u00eb shtet shqiptaro-maqedon. Aty nuk ishte gjuha shqipe e shqiptar\u00ebve, por gjuha e nj\u00eb populli q\u00eb ka mbi 20%. Edhe ajo e le t\u00eb hapur nj\u00eb dritare p\u00ebr diskutim. Ta z\u00ebm\u00eb se nese pranohen bullgar\u00ebt dhe pranohen se jan\u00eb 25% k\u00ebtu n\u00eb Maqedoni, at\u00ebher\u00eb gjuha bullgare do t\u00eb jet\u00eb zyrtare, nd\u00ebrsa gjuha shqipe do t\u00eb bie posht\u00eb. \u00cbsht\u00eb dashur t\u00eb ndikohet politikisht q\u00eb t\u00eb mos jet\u00eb me p\u00ebrqindje por me em\u00ebr dhe mbiem\u00ebr, gjuha shqipe\u201d, u shpreh G\u00ebzim Ostreni.<\/p>\n","protected":false},"excerpt":{"rendered":"<p>Nj\u00eb deklarat\u00eb p\u00ebr emisionin Rishtazi, q\u00eb emitohet n\u00eb gazet\u00ebn Koha, p\u00ebrfaq\u00ebsuesi ushtarak i U\u00c7K-s\u00eb n\u00eb Maqedoni, G\u00ebzim Ostreni, rikthen n\u00eb v\u00ebmendje nj\u00eb prej \u00e7\u00ebshtjeve m\u00eb t\u00eb debatueshme q\u00eb lidhen me negociatat politike pas konfliktit t\u00eb vitit 2001. Ostreni pretendon se Ali Ahmeti, i cili n\u00eb at\u00eb koh\u00eb ishte p\u00ebrfaq\u00ebsues politik i U\u00c7K-s\u00eb, kishte b\u00ebr\u00eb kompromis [&hellip;]<\/p>\n","protected":false},"author":8,"featured_media":32704,"comment_status":"closed","ping_status":"closed","sticky":false,"template":"","format":"standard","meta":{"footnotes":""},"categories":[214],"tags":[],"class_list":["post-32703","post","type-post","status-publish","format-standard","has-post-thumbnail","hentry","category-maqedoni"],"yoast_head":"<!-- This site is optimized with the Yoast SEO plugin v25.1 - https:\/\/yoast.com\/wordpress\/plugins\/seo\/ -->\n<title>G\u00ebzim Ostreni: Ali Ahmeti pranoi q\u00eb gjuha shqipe mos t\u00eb figuroj\u00eb n\u00eb Kushtetut\u00eb, por t\u00eb z\u00ebvend\u00ebsohet me termin 20% - press7.tv<\/title>\n<meta name=\"robots\" content=\"index, follow, max-snippet:-1, max-image-preview:large, max-video-preview:-1\" \/>\n<link rel=\"canonical\" href=\"https:\/\/www.press7.tv\/?p=32703\" \/>\n<meta property=\"og:locale\" content=\"en_US\" \/>\n<meta property=\"og:type\" content=\"article\" \/>\n<meta property=\"og:title\" content=\"G\u00ebzim Ostreni: Ali Ahmeti pranoi q\u00eb gjuha shqipe mos t\u00eb figuroj\u00eb n\u00eb Kushtetut\u00eb, por t\u00eb z\u00ebvend\u00ebsohet me termin 20% - press7.tv\" \/>\n<meta property=\"og:description\" content=\"Nj\u00eb deklarat\u00eb p\u00ebr emisionin Rishtazi, q\u00eb emitohet n\u00eb gazet\u00ebn Koha, p\u00ebrfaq\u00ebsuesi ushtarak i U\u00c7K-s\u00eb n\u00eb Maqedoni, G\u00ebzim Ostreni, rikthen n\u00eb v\u00ebmendje nj\u00eb prej \u00e7\u00ebshtjeve m\u00eb t\u00eb debatueshme q\u00eb lidhen me negociatat politike pas konfliktit t\u00eb vitit 2001. Ostreni pretendon se Ali Ahmeti, i cili n\u00eb at\u00eb koh\u00eb ishte p\u00ebrfaq\u00ebsues politik i U\u00c7K-s\u00eb, kishte b\u00ebr\u00eb kompromis [&hellip;]\" \/>\n<meta property=\"og:url\" content=\"https:\/\/www.press7.tv\/?p=32703\" \/>\n<meta property=\"og:site_name\" content=\"press7.tv\" \/>\n<meta property=\"article:publisher\" content=\"https:\/\/www.facebook.com\/press7.tv\" \/>\n<meta property=\"article:published_time\" content=\"2026-09-01T13:07:46+00:00\" \/>\n<meta property=\"og:image\" content=\"https:\/\/www.press7.tv\/wp-content\/uploads\/2026\/09\/IMG_5405.avif\" \/>\n\t<meta property=\"og:image:width\" content=\"1064\" \/>\n\t<meta property=\"og:image:height\" content=\"709\" \/>\n\t<meta property=\"og:image:type\" content=\"image\/jpeg\" \/>\n<meta name=\"author\" content=\"gazetar2\" \/>\n<meta name=\"twitter:card\" content=\"summary_large_image\" \/>\n<meta name=\"twitter:label1\" content=\"Written by\" \/>\n\t<meta name=\"twitter:data1\" content=\"gazetar2\" \/>\n\t<meta name=\"twitter:label2\" content=\"Est. reading time\" \/>\n\t<meta name=\"twitter:data2\" content=\"1 minute\" \/>\n<script type=\"application\/ld+json\" class=\"yoast-schema-graph\">{\"@context\":\"https:\/\/schema.org\",\"@graph\":[{\"@type\":\"Article\",\"@id\":\"https:\/\/www.press7.tv\/?p=32703#article\",\"isPartOf\":{\"@id\":\"https:\/\/www.press7.tv\/?p=32703\"},\"author\":{\"name\":\"gazetar2\",\"@id\":\"https:\/\/www.news33.tv\/#\/schema\/person\/5a04a38a23ccdba82f9bd665cd8f9efa\"},\"headline\":\"G\u00ebzim Ostreni: Ali Ahmeti pranoi q\u00eb gjuha shqipe mos t\u00eb figuroj\u00eb n\u00eb Kushtetut\u00eb, por t\u00eb z\u00ebvend\u00ebsohet me termin 20%\",\"datePublished\":\"2026-09-01T13:07:46+00:00\",\"mainEntityOfPage\":{\"@id\":\"https:\/\/www.press7.tv\/?p=32703\"},\"wordCount\":257,\"publisher\":{\"@id\":\"https:\/\/www.news33.tv\/#organization\"},\"image\":{\"@id\":\"https:\/\/www.press7.tv\/?p=32703#primaryimage\"},\"thumbnailUrl\":\"https:\/\/www.press7.tv\/wp-content\/uploads\/2026\/09\/IMG_5405.avif\",\"articleSection\":[\"Maqedoni\"],\"inLanguage\":\"en-US\"},{\"@type\":\"WebPage\",\"@id\":\"https:\/\/www.press7.tv\/?p=32703\",\"url\":\"https:\/\/www.press7.tv\/?p=32703\",\"name\":\"G\u00ebzim Ostreni: Ali Ahmeti pranoi q\u00eb gjuha shqipe mos t\u00eb figuroj\u00eb n\u00eb Kushtetut\u00eb, por t\u00eb z\u00ebvend\u00ebsohet me termin 20% - press7.tv\",\"isPartOf\":{\"@id\":\"https:\/\/www.news33.tv\/#website\"},\"primaryImageOfPage\":{\"@id\":\"https:\/\/www.press7.tv\/?p=32703#primaryimage\"},\"image\":{\"@id\":\"https:\/\/www.press7.tv\/?p=32703#primaryimage\"},\"thumbnailUrl\":\"https:\/\/www.press7.tv\/wp-content\/uploads\/2026\/09\/IMG_5405.avif\",\"datePublished\":\"2026-09-01T13:07:46+00:00\",\"breadcrumb\":{\"@id\":\"https:\/\/www.press7.tv\/?p=32703#breadcrumb\"},\"inLanguage\":\"en-US\",\"potentialAction\":[{\"@type\":\"ReadAction\",\"target\":[\"https:\/\/www.press7.tv\/?p=32703\"]}]},{\"@type\":\"ImageObject\",\"inLanguage\":\"en-US\",\"@id\":\"https:\/\/www.press7.tv\/?p=32703#primaryimage\",\"url\":\"https:\/\/www.press7.tv\/wp-content\/uploads\/2026\/09\/IMG_5405.avif\",\"contentUrl\":\"https:\/\/www.press7.tv\/wp-content\/uploads\/2026\/09\/IMG_5405.avif\",\"width\":1064,\"height\":709,\"caption\":\"Screenshot\"},{\"@type\":\"BreadcrumbList\",\"@id\":\"https:\/\/www.press7.tv\/?p=32703#breadcrumb\",\"itemListElement\":[{\"@type\":\"ListItem\",\"position\":1,\"name\":\"Home\",\"item\":\"https:\/\/www.press7.tv\/\"},{\"@type\":\"ListItem\",\"position\":2,\"name\":\"G\u00ebzim Ostreni: Ali Ahmeti pranoi q\u00eb gjuha shqipe mos t\u00eb figuroj\u00eb n\u00eb Kushtetut\u00eb, por t\u00eb z\u00ebvend\u00ebsohet me termin 20%\"}]},{\"@type\":\"WebSite\",\"@id\":\"https:\/\/www.news33.tv\/#website\",\"url\":\"https:\/\/www.news33.tv\/\",\"name\":\"News33.tv Media\",\"description\":\"Media\",\"publisher\":{\"@id\":\"https:\/\/www.news33.tv\/#organization\"},\"potentialAction\":[{\"@type\":\"SearchAction\",\"target\":{\"@type\":\"EntryPoint\",\"urlTemplate\":\"https:\/\/www.news33.tv\/?s={search_term_string}\"},\"query-input\":{\"@type\":\"PropertyValueSpecification\",\"valueRequired\":true,\"valueName\":\"search_term_string\"}}],\"inLanguage\":\"en-US\"},{\"@type\":\"Organization\",\"@id\":\"https:\/\/www.news33.tv\/#organization\",\"name\":\"News33.tv Media\",\"url\":\"https:\/\/www.news33.tv\/\",\"logo\":{\"@type\":\"ImageObject\",\"inLanguage\":\"en-US\",\"@id\":\"https:\/\/www.news33.tv\/#\/schema\/logo\/image\/\",\"url\":\"https:\/\/www.press7.tv\/wp-content\/uploads\/2024\/02\/logo-news33-black.png\",\"contentUrl\":\"https:\/\/www.press7.tv\/wp-content\/uploads\/2024\/02\/logo-news33-black.png\",\"width\":180,\"height\":37,\"caption\":\"News33.tv Media\"},\"image\":{\"@id\":\"https:\/\/www.news33.tv\/#\/schema\/logo\/image\/\"},\"sameAs\":[\"https:\/\/www.facebook.com\/press7.tv\"]},{\"@type\":\"Person\",\"@id\":\"https:\/\/www.news33.tv\/#\/schema\/person\/5a04a38a23ccdba82f9bd665cd8f9efa\",\"name\":\"gazetar2\",\"image\":{\"@type\":\"ImageObject\",\"inLanguage\":\"en-US\",\"@id\":\"https:\/\/www.news33.tv\/#\/schema\/person\/image\/\",\"url\":\"https:\/\/www.press7.tv\/wp-content\/litespeed\/avatar\/41975e402c3049d9ddb03adca8f7a883.jpg?ver=1788056178\",\"contentUrl\":\"https:\/\/www.press7.tv\/wp-content\/litespeed\/avatar\/41975e402c3049d9ddb03adca8f7a883.jpg?ver=1788056178\",\"caption\":\"gazetar2\"},\"url\":\"https:\/\/www.press7.tv\/?author=8\"}]}<\/script>\n<!-- \/ Yoast SEO plugin. -->","yoast_head_json":{"title":"G\u00ebzim Ostreni: Ali Ahmeti pranoi q\u00eb gjuha shqipe mos t\u00eb figuroj\u00eb n\u00eb Kushtetut\u00eb, por t\u00eb z\u00ebvend\u00ebsohet me termin 20% - press7.tv","robots":{"index":"index","follow":"follow","max-snippet":"max-snippet:-1","max-image-preview":"max-image-preview:large","max-video-preview":"max-video-preview:-1"},"canonical":"https:\/\/www.press7.tv\/?p=32703","og_locale":"en_US","og_type":"article","og_title":"G\u00ebzim Ostreni: Ali Ahmeti pranoi q\u00eb gjuha shqipe mos t\u00eb figuroj\u00eb n\u00eb Kushtetut\u00eb, por t\u00eb z\u00ebvend\u00ebsohet me termin 20% - press7.tv","og_description":"Nj\u00eb deklarat\u00eb p\u00ebr emisionin Rishtazi, q\u00eb emitohet n\u00eb gazet\u00ebn Koha, p\u00ebrfaq\u00ebsuesi ushtarak i U\u00c7K-s\u00eb n\u00eb Maqedoni, G\u00ebzim Ostreni, rikthen n\u00eb v\u00ebmendje nj\u00eb prej \u00e7\u00ebshtjeve m\u00eb t\u00eb debatueshme q\u00eb lidhen me negociatat politike pas konfliktit t\u00eb vitit 2001. Ostreni pretendon se Ali Ahmeti, i cili n\u00eb at\u00eb koh\u00eb ishte p\u00ebrfaq\u00ebsues politik i U\u00c7K-s\u00eb, kishte b\u00ebr\u00eb kompromis [&hellip;]","og_url":"https:\/\/www.press7.tv\/?p=32703","og_site_name":"press7.tv","article_publisher":"https:\/\/www.facebook.com\/press7.tv","article_published_time":"2026-09-01T13:07:46+00:00","og_image":[{"width":1064,"height":709,"url":"https:\/\/www.press7.tv\/wp-content\/uploads\/2026\/09\/IMG_5405.avif","type":"image\/jpeg"}],"author":"gazetar2","twitter_card":"summary_large_image","twitter_misc":{"Written by":"gazetar2","Est. reading time":"1 minute"},"schema":{"@context":"https:\/\/schema.org","@graph":[{"@type":"Article","@id":"https:\/\/www.press7.tv\/?p=32703#article","isPartOf":{"@id":"https:\/\/www.press7.tv\/?p=32703"},"author":{"name":"gazetar2","@id":"https:\/\/www.news33.tv\/#\/schema\/person\/5a04a38a23ccdba82f9bd665cd8f9efa"},"headline":"G\u00ebzim Ostreni: Ali Ahmeti pranoi q\u00eb gjuha shqipe mos t\u00eb figuroj\u00eb n\u00eb Kushtetut\u00eb, por t\u00eb z\u00ebvend\u00ebsohet me termin 20%","datePublished":"2026-09-01T13:07:46+00:00","mainEntityOfPage":{"@id":"https:\/\/www.press7.tv\/?p=32703"},"wordCount":257,"publisher":{"@id":"https:\/\/www.news33.tv\/#organization"},"image":{"@id":"https:\/\/www.press7.tv\/?p=32703#primaryimage"},"thumbnailUrl":"https:\/\/www.press7.tv\/wp-content\/uploads\/2026\/09\/IMG_5405.avif","articleSection":["Maqedoni"],"inLanguage":"en-US"},{"@type":"WebPage","@id":"https:\/\/www.press7.tv\/?p=32703","url":"https:\/\/www.press7.tv\/?p=32703","name":"G\u00ebzim Ostreni: Ali Ahmeti pranoi q\u00eb gjuha shqipe mos t\u00eb figuroj\u00eb n\u00eb Kushtetut\u00eb, por t\u00eb z\u00ebvend\u00ebsohet me termin 20% - press7.tv","isPartOf":{"@id":"https:\/\/www.news33.tv\/#website"},"primaryImageOfPage":{"@id":"https:\/\/www.press7.tv\/?p=32703#primaryimage"},"image":{"@id":"https:\/\/www.press7.tv\/?p=32703#primaryimage"},"thumbnailUrl":"https:\/\/www.press7.tv\/wp-content\/uploads\/2026\/09\/IMG_5405.avif","datePublished":"2026-09-01T13:07:46+00:00","breadcrumb":{"@id":"https:\/\/www.press7.tv\/?p=32703#breadcrumb"},"inLanguage":"en-US","potentialAction":[{"@type":"ReadAction","target":["https:\/\/www.press7.tv\/?p=32703"]}]},{"@type":"ImageObject","inLanguage":"en-US","@id":"https:\/\/www.press7.tv\/?p=32703#primaryimage","url":"https:\/\/www.press7.tv\/wp-content\/uploads\/2026\/09\/IMG_5405.avif","contentUrl":"https:\/\/www.press7.tv\/wp-content\/uploads\/2026\/09\/IMG_5405.avif","width":1064,"height":709,"caption":"Screenshot"},{"@type":"BreadcrumbList","@id":"https:\/\/www.press7.tv\/?p=32703#breadcrumb","itemListElement":[{"@type":"ListItem","position":1,"name":"Home","item":"https:\/\/www.press7.tv\/"},{"@type":"ListItem","position":2,"name":"G\u00ebzim Ostreni: Ali Ahmeti pranoi q\u00eb gjuha shqipe mos t\u00eb figuroj\u00eb n\u00eb Kushtetut\u00eb, por t\u00eb z\u00ebvend\u00ebsohet me termin 20%"}]},{"@type":"WebSite","@id":"https:\/\/www.news33.tv\/#website","url":"https:\/\/www.news33.tv\/","name":"News33.tv Media","description":"Media","publisher":{"@id":"https:\/\/www.news33.tv\/#organization"},"potentialAction":[{"@type":"SearchAction","target":{"@type":"EntryPoint","urlTemplate":"https:\/\/www.news33.tv\/?s={search_term_string}"},"query-input":{"@type":"PropertyValueSpecification","valueRequired":true,"valueName":"search_term_string"}}],"inLanguage":"en-US"},{"@type":"Organization","@id":"https:\/\/www.news33.tv\/#organization","name":"News33.tv Media","url":"https:\/\/www.news33.tv\/","logo":{"@type":"ImageObject","inLanguage":"en-US","@id":"https:\/\/www.news33.tv\/#\/schema\/logo\/image\/","url":"https:\/\/www.press7.tv\/wp-content\/uploads\/2024\/02\/logo-news33-black.png","contentUrl":"https:\/\/www.press7.tv\/wp-content\/uploads\/2024\/02\/logo-news33-black.png","width":180,"height":37,"caption":"News33.tv Media"},"image":{"@id":"https:\/\/www.news33.tv\/#\/schema\/logo\/image\/"},"sameAs":["https:\/\/www.facebook.com\/press7.tv"]},{"@type":"Person","@id":"https:\/\/www.news33.tv\/#\/schema\/person\/5a04a38a23ccdba82f9bd665cd8f9efa","name":"gazetar2","image":{"@type":"ImageObject","inLanguage":"en-US","@id":"https:\/\/www.news33.tv\/#\/schema\/person\/image\/","url":"https:\/\/www.press7.tv\/wp-content\/litespeed\/avatar\/41975e402c3049d9ddb03adca8f7a883.jpg?ver=1788056178","contentUrl":"https:\/\/www.press7.tv\/wp-content\/litespeed\/avatar\/41975e402c3049d9ddb03adca8f7a883.jpg?ver=1788056178","caption":"gazetar2"},"url":"https:\/\/www.press7.tv\/?author=8"}]}},"amp_enabled":true,"_links":{"self":[{"href":"https:\/\/www.press7.tv\/index.php?rest_route=\/wp\/v2\/posts\/32703","targetHints":{"allow":["GET"]}}],"collection":[{"href":"https:\/\/www.press7.tv\/index.php?rest_route=\/wp\/v2\/posts"}],"about":[{"href":"https:\/\/www.press7.tv\/index.php?rest_route=\/wp\/v2\/types\/post"}],"author":[{"embeddable":true,"href":"https:\/\/www.press7.tv\/index.php?rest_route=\/wp\/v2\/users\/8"}],"replies":[{"embeddable":true,"href":"https:\/\/www.press7.tv\/index.php?rest_route=%2Fwp%2Fv2%2Fcomments&post=32703"}],"version-history":[{"count":1,"href":"https:\/\/www.press7.tv\/index.php?rest_route=\/wp\/v2\/posts\/32703\/revisions"}],"predecessor-version":[{"id":32705,"href":"https:\/\/www.press7.tv\/index.php?rest_route=\/wp\/v2\/posts\/32703\/revisions\/32705"}],"wp:featuredmedia":[{"embeddable":true,"href":"https:\/\/www.press7.tv\/index.php?rest_route=\/wp\/v2\/media\/32704"}],"wp:attachment":[{"href":"https:\/\/www.press7.tv\/index.php?rest_route=%2Fwp%2Fv2%2Fmedia&parent=32703"}],"wp:term":[{"taxonomy":"category","embeddable":true,"href":"https:\/\/www.press7.tv\/index.php?rest_route=%2Fwp%2Fv2%2Fcategories&post=32703"},{"taxonomy":"post_tag","embeddable":true,"href":"https:\/\/www.press7.tv\/index.php?rest_route=%2Fwp%2Fv2%2Ftags&post=32703"}],"curies":[{"name":"wp","href":"https:\/\/api.w.org\/{rel}","templated":true}]}}