{"id":32694,"date":"2026-09-01T08:18:59","date_gmt":"2026-09-01T08:18:59","guid":{"rendered":"https:\/\/www.press7.tv\/?p=32694"},"modified":"2026-09-01T08:18:59","modified_gmt":"2026-09-01T08:18:59","slug":"peci-per-protesten-e-komunave-nuk-e-kane-hallin-e-qytetarit-por-pazaret-politike","status":"publish","type":"post","link":"https:\/\/www.press7.tv\/?p=32694","title":{"rendered":"Peci p\u00ebr protest\u00ebn e komunave: Nuk e kan\u00eb hallin e qytetarit, por pazaret politike"},"content":{"rendered":"\n    <div class=\"xs_social_share_widget xs_share_url before_content \t\tmain_content  wslu-style-2 wslu-share-box-shaped wslu-fill-colored wslu-share-m-5 wslu-none wslu-share-vertical wslu-theme-font-no wslu-main_content\">\n\n\t\t\n        <ul>\n\t\t\t        <\/ul>\n    <\/div> \n<p>Komunat e Kosov\u00ebs sot do t\u00eb protestojn\u00eb n\u00eb Prishtin\u00eb, kund\u00ebr asaj q\u00eb e konsiderojn\u00eb cenim t\u00eb kompetencave dhe t\u00eb drejtave t\u00eb tyre ligjore nga niveli qendror.<\/p>\n<p>Protesta \u00ebsht\u00eb organizuar nga Asociacioni i Komunave t\u00eb Kosov\u00ebs dhe do t\u00eb mbahet n\u00eb or\u00ebn 11:00, n\u00eb sheshin \u201cSk\u00ebnderbeu\u201d.<\/p>\n<p>Por kund\u00ebr k\u00ebsaj proteste ka dal kryetari i komun\u00ebs s\u00eb Mitrovic\u00ebs Faton Peci. Peci ka th\u00ebn\u00eb se protesta e sotme e disa kryetar\u00ebve t\u00eb komunave nuk e ka hallin e qytetarit, por agjend\u00ebn e pazarit<\/p>\n<p>\u201cJam kund\u00ebr protest\u00ebs s\u00eb nxitur me agjend\u00eb politike. Komunikimi nd\u00ebrinstitucional duhet t\u00eb zgjidhet p\u00ebrmes dialogut. Kjo nism\u00eb q\u00eb synon t\u00eb krijohet si praktik\u00eb, ku disa kryetar\u00eb komunash paralajm\u00ebruan t\u00eb marrin pjes\u00eb n\u00eb nj\u00eb protest\u00eb kund\u00ebr Qeveris\u00eb, ka agjend\u00eb t\u00ebr\u00ebsisht politike dhe nuk e avancon ngritjen e sh\u00ebrbimit ndaj qytetarit. Qindra milionat euro e barr\u00ebs financiare t\u00eb komunave nuk jan\u00eb obligime t\u00eb Qeveris\u00eb s\u00eb Albin Kurtit, por jan\u00eb obligime t\u00eb qeveris\u00eb PAN\u201d, ka th\u00ebn\u00eb Peci.<\/p>\n","protected":false},"excerpt":{"rendered":"<p>Komunat e Kosov\u00ebs sot do t\u00eb protestojn\u00eb n\u00eb Prishtin\u00eb, kund\u00ebr asaj q\u00eb e konsiderojn\u00eb cenim t\u00eb kompetencave dhe t\u00eb drejtave t\u00eb tyre ligjore nga niveli qendror. Protesta \u00ebsht\u00eb organizuar nga Asociacioni i Komunave t\u00eb Kosov\u00ebs dhe do t\u00eb mbahet n\u00eb or\u00ebn 11:00, n\u00eb sheshin \u201cSk\u00ebnderbeu\u201d. Por kund\u00ebr k\u00ebsaj proteste ka dal kryetari i komun\u00ebs s\u00eb [&hellip;]<\/p>\n","protected":false},"author":8,"featured_media":32695,"comment_status":"closed","ping_status":"closed","sticky":false,"template":"","format":"standard","meta":{"footnotes":""},"categories":[215,213],"tags":[],"class_list":["post-32694","post","type-post","status-publish","format-standard","has-post-thumbnail","hentry","category-kosove","category-lajme"],"yoast_head":"<!-- This site is optimized with the Yoast SEO plugin v25.1 - https:\/\/yoast.com\/wordpress\/plugins\/seo\/ -->\n<title>Peci p\u00ebr protest\u00ebn e komunave: Nuk e kan\u00eb hallin e qytetarit, por pazaret politike - press7.tv<\/title>\n<meta name=\"robots\" content=\"index, follow, max-snippet:-1, max-image-preview:large, max-video-preview:-1\" \/>\n<link rel=\"canonical\" href=\"https:\/\/www.press7.tv\/?p=32694\" \/>\n<meta property=\"og:locale\" content=\"en_US\" \/>\n<meta property=\"og:type\" content=\"article\" \/>\n<meta property=\"og:title\" content=\"Peci p\u00ebr protest\u00ebn e komunave: Nuk e kan\u00eb hallin e qytetarit, por pazaret politike - press7.tv\" \/>\n<meta property=\"og:description\" content=\"Komunat e Kosov\u00ebs sot do t\u00eb protestojn\u00eb n\u00eb Prishtin\u00eb, kund\u00ebr asaj q\u00eb e konsiderojn\u00eb cenim t\u00eb kompetencave dhe t\u00eb drejtave t\u00eb tyre ligjore nga niveli qendror. Protesta \u00ebsht\u00eb organizuar nga Asociacioni i Komunave t\u00eb Kosov\u00ebs dhe do t\u00eb mbahet n\u00eb or\u00ebn 11:00, n\u00eb sheshin \u201cSk\u00ebnderbeu\u201d. Por kund\u00ebr k\u00ebsaj proteste ka dal kryetari i komun\u00ebs s\u00eb [&hellip;]\" \/>\n<meta property=\"og:url\" content=\"https:\/\/www.press7.tv\/?p=32694\" \/>\n<meta property=\"og:site_name\" content=\"press7.tv\" \/>\n<meta property=\"article:publisher\" content=\"https:\/\/www.facebook.com\/press7.tv\" \/>\n<meta property=\"article:published_time\" content=\"2026-09-01T08:18:59+00:00\" \/>\n<meta property=\"og:image\" content=\"https:\/\/www.press7.tv\/wp-content\/uploads\/2026\/09\/IMG_5397.avif\" \/>\n\t<meta property=\"og:image:width\" content=\"800\" \/>\n\t<meta property=\"og:image:height\" content=\"445\" \/>\n\t<meta property=\"og:image:type\" content=\"image\/png\" \/>\n<meta name=\"author\" content=\"gazetar2\" \/>\n<meta name=\"twitter:card\" content=\"summary_large_image\" \/>\n<meta name=\"twitter:label1\" content=\"Written by\" \/>\n\t<meta name=\"twitter:data1\" content=\"gazetar2\" \/>\n\t<meta name=\"twitter:label2\" content=\"Est. reading time\" \/>\n\t<meta name=\"twitter:data2\" content=\"1 minute\" \/>\n<script type=\"application\/ld+json\" class=\"yoast-schema-graph\">{\"@context\":\"https:\/\/schema.org\",\"@graph\":[{\"@type\":\"Article\",\"@id\":\"https:\/\/www.press7.tv\/?p=32694#article\",\"isPartOf\":{\"@id\":\"https:\/\/www.press7.tv\/?p=32694\"},\"author\":{\"name\":\"gazetar2\",\"@id\":\"https:\/\/www.news33.tv\/#\/schema\/person\/5a04a38a23ccdba82f9bd665cd8f9efa\"},\"headline\":\"Peci p\u00ebr protest\u00ebn e komunave: Nuk e kan\u00eb hallin e qytetarit, por pazaret politike\",\"datePublished\":\"2026-09-01T08:18:59+00:00\",\"mainEntityOfPage\":{\"@id\":\"https:\/\/www.press7.tv\/?p=32694\"},\"wordCount\":192,\"publisher\":{\"@id\":\"https:\/\/www.news33.tv\/#organization\"},\"image\":{\"@id\":\"https:\/\/www.press7.tv\/?p=32694#primaryimage\"},\"thumbnailUrl\":\"https:\/\/www.press7.tv\/wp-content\/uploads\/2026\/09\/IMG_5397.avif\",\"articleSection\":[\"Kosov\u00eb\",\"Lajme\"],\"inLanguage\":\"en-US\"},{\"@type\":\"WebPage\",\"@id\":\"https:\/\/www.press7.tv\/?p=32694\",\"url\":\"https:\/\/www.press7.tv\/?p=32694\",\"name\":\"Peci p\u00ebr protest\u00ebn e komunave: Nuk e kan\u00eb hallin e qytetarit, por pazaret politike - press7.tv\",\"isPartOf\":{\"@id\":\"https:\/\/www.news33.tv\/#website\"},\"primaryImageOfPage\":{\"@id\":\"https:\/\/www.press7.tv\/?p=32694#primaryimage\"},\"image\":{\"@id\":\"https:\/\/www.press7.tv\/?p=32694#primaryimage\"},\"thumbnailUrl\":\"https:\/\/www.press7.tv\/wp-content\/uploads\/2026\/09\/IMG_5397.avif\",\"datePublished\":\"2026-09-01T08:18:59+00:00\",\"breadcrumb\":{\"@id\":\"https:\/\/www.press7.tv\/?p=32694#breadcrumb\"},\"inLanguage\":\"en-US\",\"potentialAction\":[{\"@type\":\"ReadAction\",\"target\":[\"https:\/\/www.press7.tv\/?p=32694\"]}]},{\"@type\":\"ImageObject\",\"inLanguage\":\"en-US\",\"@id\":\"https:\/\/www.press7.tv\/?p=32694#primaryimage\",\"url\":\"https:\/\/www.press7.tv\/wp-content\/uploads\/2026\/09\/IMG_5397.avif\",\"contentUrl\":\"https:\/\/www.press7.tv\/wp-content\/uploads\/2026\/09\/IMG_5397.avif\",\"width\":800,\"height\":445},{\"@type\":\"BreadcrumbList\",\"@id\":\"https:\/\/www.press7.tv\/?p=32694#breadcrumb\",\"itemListElement\":[{\"@type\":\"ListItem\",\"position\":1,\"name\":\"Home\",\"item\":\"https:\/\/www.press7.tv\/\"},{\"@type\":\"ListItem\",\"position\":2,\"name\":\"Peci p\u00ebr protest\u00ebn e komunave: Nuk e kan\u00eb hallin e qytetarit, por pazaret politike\"}]},{\"@type\":\"WebSite\",\"@id\":\"https:\/\/www.news33.tv\/#website\",\"url\":\"https:\/\/www.news33.tv\/\",\"name\":\"News33.tv Media\",\"description\":\"Media\",\"publisher\":{\"@id\":\"https:\/\/www.news33.tv\/#organization\"},\"potentialAction\":[{\"@type\":\"SearchAction\",\"target\":{\"@type\":\"EntryPoint\",\"urlTemplate\":\"https:\/\/www.news33.tv\/?s={search_term_string}\"},\"query-input\":{\"@type\":\"PropertyValueSpecification\",\"valueRequired\":true,\"valueName\":\"search_term_string\"}}],\"inLanguage\":\"en-US\"},{\"@type\":\"Organization\",\"@id\":\"https:\/\/www.news33.tv\/#organization\",\"name\":\"News33.tv Media\",\"url\":\"https:\/\/www.news33.tv\/\",\"logo\":{\"@type\":\"ImageObject\",\"inLanguage\":\"en-US\",\"@id\":\"https:\/\/www.news33.tv\/#\/schema\/logo\/image\/\",\"url\":\"https:\/\/www.press7.tv\/wp-content\/uploads\/2024\/02\/logo-news33-black.png\",\"contentUrl\":\"https:\/\/www.press7.tv\/wp-content\/uploads\/2024\/02\/logo-news33-black.png\",\"width\":180,\"height\":37,\"caption\":\"News33.tv Media\"},\"image\":{\"@id\":\"https:\/\/www.news33.tv\/#\/schema\/logo\/image\/\"},\"sameAs\":[\"https:\/\/www.facebook.com\/press7.tv\"]},{\"@type\":\"Person\",\"@id\":\"https:\/\/www.news33.tv\/#\/schema\/person\/5a04a38a23ccdba82f9bd665cd8f9efa\",\"name\":\"gazetar2\",\"image\":{\"@type\":\"ImageObject\",\"inLanguage\":\"en-US\",\"@id\":\"https:\/\/www.news33.tv\/#\/schema\/person\/image\/\",\"url\":\"https:\/\/www.press7.tv\/wp-content\/litespeed\/avatar\/41975e402c3049d9ddb03adca8f7a883.jpg?ver=1788056178\",\"contentUrl\":\"https:\/\/www.press7.tv\/wp-content\/litespeed\/avatar\/41975e402c3049d9ddb03adca8f7a883.jpg?ver=1788056178\",\"caption\":\"gazetar2\"},\"url\":\"https:\/\/www.press7.tv\/?author=8\"}]}<\/script>\n<!-- \/ Yoast SEO plugin. -->","yoast_head_json":{"title":"Peci p\u00ebr protest\u00ebn e komunave: Nuk e kan\u00eb hallin e qytetarit, por pazaret politike - press7.tv","robots":{"index":"index","follow":"follow","max-snippet":"max-snippet:-1","max-image-preview":"max-image-preview:large","max-video-preview":"max-video-preview:-1"},"canonical":"https:\/\/www.press7.tv\/?p=32694","og_locale":"en_US","og_type":"article","og_title":"Peci p\u00ebr protest\u00ebn e komunave: Nuk e kan\u00eb hallin e qytetarit, por pazaret politike - press7.tv","og_description":"Komunat e Kosov\u00ebs sot do t\u00eb protestojn\u00eb n\u00eb Prishtin\u00eb, kund\u00ebr asaj q\u00eb e konsiderojn\u00eb cenim t\u00eb kompetencave dhe t\u00eb drejtave t\u00eb tyre ligjore nga niveli qendror. Protesta \u00ebsht\u00eb organizuar nga Asociacioni i Komunave t\u00eb Kosov\u00ebs dhe do t\u00eb mbahet n\u00eb or\u00ebn 11:00, n\u00eb sheshin \u201cSk\u00ebnderbeu\u201d. Por kund\u00ebr k\u00ebsaj proteste ka dal kryetari i komun\u00ebs s\u00eb [&hellip;]","og_url":"https:\/\/www.press7.tv\/?p=32694","og_site_name":"press7.tv","article_publisher":"https:\/\/www.facebook.com\/press7.tv","article_published_time":"2026-09-01T08:18:59+00:00","og_image":[{"width":800,"height":445,"url":"https:\/\/www.press7.tv\/wp-content\/uploads\/2026\/09\/IMG_5397.avif","type":"image\/png"}],"author":"gazetar2","twitter_card":"summary_large_image","twitter_misc":{"Written by":"gazetar2","Est. reading time":"1 minute"},"schema":{"@context":"https:\/\/schema.org","@graph":[{"@type":"Article","@id":"https:\/\/www.press7.tv\/?p=32694#article","isPartOf":{"@id":"https:\/\/www.press7.tv\/?p=32694"},"author":{"name":"gazetar2","@id":"https:\/\/www.news33.tv\/#\/schema\/person\/5a04a38a23ccdba82f9bd665cd8f9efa"},"headline":"Peci p\u00ebr protest\u00ebn e komunave: Nuk e kan\u00eb hallin e qytetarit, por pazaret politike","datePublished":"2026-09-01T08:18:59+00:00","mainEntityOfPage":{"@id":"https:\/\/www.press7.tv\/?p=32694"},"wordCount":192,"publisher":{"@id":"https:\/\/www.news33.tv\/#organization"},"image":{"@id":"https:\/\/www.press7.tv\/?p=32694#primaryimage"},"thumbnailUrl":"https:\/\/www.press7.tv\/wp-content\/uploads\/2026\/09\/IMG_5397.avif","articleSection":["Kosov\u00eb","Lajme"],"inLanguage":"en-US"},{"@type":"WebPage","@id":"https:\/\/www.press7.tv\/?p=32694","url":"https:\/\/www.press7.tv\/?p=32694","name":"Peci p\u00ebr protest\u00ebn e komunave: Nuk e kan\u00eb hallin e qytetarit, por pazaret politike - press7.tv","isPartOf":{"@id":"https:\/\/www.news33.tv\/#website"},"primaryImageOfPage":{"@id":"https:\/\/www.press7.tv\/?p=32694#primaryimage"},"image":{"@id":"https:\/\/www.press7.tv\/?p=32694#primaryimage"},"thumbnailUrl":"https:\/\/www.press7.tv\/wp-content\/uploads\/2026\/09\/IMG_5397.avif","datePublished":"2026-09-01T08:18:59+00:00","breadcrumb":{"@id":"https:\/\/www.press7.tv\/?p=32694#breadcrumb"},"inLanguage":"en-US","potentialAction":[{"@type":"ReadAction","target":["https:\/\/www.press7.tv\/?p=32694"]}]},{"@type":"ImageObject","inLanguage":"en-US","@id":"https:\/\/www.press7.tv\/?p=32694#primaryimage","url":"https:\/\/www.press7.tv\/wp-content\/uploads\/2026\/09\/IMG_5397.avif","contentUrl":"https:\/\/www.press7.tv\/wp-content\/uploads\/2026\/09\/IMG_5397.avif","width":800,"height":445},{"@type":"BreadcrumbList","@id":"https:\/\/www.press7.tv\/?p=32694#breadcrumb","itemListElement":[{"@type":"ListItem","position":1,"name":"Home","item":"https:\/\/www.press7.tv\/"},{"@type":"ListItem","position":2,"name":"Peci p\u00ebr protest\u00ebn e komunave: Nuk e kan\u00eb hallin e qytetarit, por pazaret politike"}]},{"@type":"WebSite","@id":"https:\/\/www.news33.tv\/#website","url":"https:\/\/www.news33.tv\/","name":"News33.tv Media","description":"Media","publisher":{"@id":"https:\/\/www.news33.tv\/#organization"},"potentialAction":[{"@type":"SearchAction","target":{"@type":"EntryPoint","urlTemplate":"https:\/\/www.news33.tv\/?s={search_term_string}"},"query-input":{"@type":"PropertyValueSpecification","valueRequired":true,"valueName":"search_term_string"}}],"inLanguage":"en-US"},{"@type":"Organization","@id":"https:\/\/www.news33.tv\/#organization","name":"News33.tv Media","url":"https:\/\/www.news33.tv\/","logo":{"@type":"ImageObject","inLanguage":"en-US","@id":"https:\/\/www.news33.tv\/#\/schema\/logo\/image\/","url":"https:\/\/www.press7.tv\/wp-content\/uploads\/2024\/02\/logo-news33-black.png","contentUrl":"https:\/\/www.press7.tv\/wp-content\/uploads\/2024\/02\/logo-news33-black.png","width":180,"height":37,"caption":"News33.tv Media"},"image":{"@id":"https:\/\/www.news33.tv\/#\/schema\/logo\/image\/"},"sameAs":["https:\/\/www.facebook.com\/press7.tv"]},{"@type":"Person","@id":"https:\/\/www.news33.tv\/#\/schema\/person\/5a04a38a23ccdba82f9bd665cd8f9efa","name":"gazetar2","image":{"@type":"ImageObject","inLanguage":"en-US","@id":"https:\/\/www.news33.tv\/#\/schema\/person\/image\/","url":"https:\/\/www.press7.tv\/wp-content\/litespeed\/avatar\/41975e402c3049d9ddb03adca8f7a883.jpg?ver=1788056178","contentUrl":"https:\/\/www.press7.tv\/wp-content\/litespeed\/avatar\/41975e402c3049d9ddb03adca8f7a883.jpg?ver=1788056178","caption":"gazetar2"},"url":"https:\/\/www.press7.tv\/?author=8"}]}},"amp_enabled":true,"_links":{"self":[{"href":"https:\/\/www.press7.tv\/index.php?rest_route=\/wp\/v2\/posts\/32694","targetHints":{"allow":["GET"]}}],"collection":[{"href":"https:\/\/www.press7.tv\/index.php?rest_route=\/wp\/v2\/posts"}],"about":[{"href":"https:\/\/www.press7.tv\/index.php?rest_route=\/wp\/v2\/types\/post"}],"author":[{"embeddable":true,"href":"https:\/\/www.press7.tv\/index.php?rest_route=\/wp\/v2\/users\/8"}],"replies":[{"embeddable":true,"href":"https:\/\/www.press7.tv\/index.php?rest_route=%2Fwp%2Fv2%2Fcomments&post=32694"}],"version-history":[{"count":1,"href":"https:\/\/www.press7.tv\/index.php?rest_route=\/wp\/v2\/posts\/32694\/revisions"}],"predecessor-version":[{"id":32696,"href":"https:\/\/www.press7.tv\/index.php?rest_route=\/wp\/v2\/posts\/32694\/revisions\/32696"}],"wp:featuredmedia":[{"embeddable":true,"href":"https:\/\/www.press7.tv\/index.php?rest_route=\/wp\/v2\/media\/32695"}],"wp:attachment":[{"href":"https:\/\/www.press7.tv\/index.php?rest_route=%2Fwp%2Fv2%2Fmedia&parent=32694"}],"wp:term":[{"taxonomy":"category","embeddable":true,"href":"https:\/\/www.press7.tv\/index.php?rest_route=%2Fwp%2Fv2%2Fcategories&post=32694"},{"taxonomy":"post_tag","embeddable":true,"href":"https:\/\/www.press7.tv\/index.php?rest_route=%2Fwp%2Fv2%2Ftags&post=32694"}],"curies":[{"name":"wp","href":"https:\/\/api.w.org\/{rel}","templated":true}]}}