{"id":32688,"date":"2026-09-01T07:24:39","date_gmt":"2026-09-01T07:24:39","guid":{"rendered":"https:\/\/www.press7.tv\/?p=32688"},"modified":"2026-09-01T07:24:39","modified_gmt":"2026-09-01T07:24:39","slug":"dita-e-32-te-e-protestes-banoret-e-divjakes-ne-shesh-kunder-shkrirjes-se-bashkise-qeveria-pergjigjet-vetem-me-statuse-ne-facebook","status":"publish","type":"post","link":"https:\/\/www.press7.tv\/?p=32688","title":{"rendered":"Dita e 32-t\u00eb e protest\u00ebs\/ Banor\u00ebt e Divjak\u00ebs n\u00eb shesh kund\u00ebr shkrirjes s\u00eb bashkis\u00eb: Qeveria p\u00ebrgjigjet vet\u00ebm me statuse n\u00eb Facebook"},"content":{"rendered":"\n    <div class=\"xs_social_share_widget xs_share_url before_content \t\tmain_content  wslu-style-2 wslu-share-box-shaped wslu-fill-colored wslu-share-m-5 wslu-none wslu-share-vertical wslu-theme-font-no wslu-main_content\">\n\n\t\t\n        <ul>\n\t\t\t        <\/ul>\n    <\/div> \n<p>Banor\u00ebt e Divjak\u00ebs kan\u00eb zbritur s\u00ebrish n\u00eb shesh, duke sh\u00ebnuar dit\u00ebn e 32-t\u00eb t\u00eb protest\u00ebs kund\u00ebr projektit t\u00eb reform\u00ebs administrative-territoriale t\u00eb propozuar nga Partia Socialiste. Qytetar\u00ebt po kund\u00ebrshtojn\u00eb me forc\u00eb planin p\u00ebr shkrirjen e Bashkis\u00eb Divjak\u00eb me at\u00eb t\u00eb Lushnj\u00ebs, nj\u00eb l\u00ebvizje q\u00eb sipas tyre i b\u00ebn t\u00eb humbasin jo vet\u00ebm institucionin vendor, por edhe vet\u00eb identitetin e zon\u00ebs.<\/p>\n<p>Sipas banor\u00ebve q\u00eb kan\u00eb marr\u00eb fjal\u00ebn gjat\u00eb tubimit, q\u00ebndresa e tyre m\u00eb shum\u00eb se nj\u00ebmujore po injorohet t\u00ebr\u00ebsisht nga drejtuesit vendor\u00eb dhe ata qendror\u00eb. Ata denoncojn\u00eb se n\u00eb vend t\u00eb nj\u00eb dialogu t\u00eb drejtp\u00ebrdrejt\u00eb apo d\u00ebgjese publike, p\u00ebrgjigjja e vetme q\u00eb marrin nga zyrtar\u00ebt \u00ebsht\u00eb p\u00ebrmes statuseve n\u00eb Facebook.<\/p>\n<p>Pavar\u00ebsisht se mbr\u00ebmjen e sotme nuk ka pasur shk\u00ebputje t\u00eb energjis\u00eb elektrike, qytetar\u00ebt shprehen se presioni ndaj tyre p\u00ebr t\u00eb mos marr\u00eb pjes\u00eb n\u00eb protest\u00eb \u00ebsht\u00eb mjaft i madh. Megjithat\u00eb, ata konfirmojn\u00eb se vendosm\u00ebria e tyre mbetet e pal\u00ebkundur p\u00ebr t\u00eb mbrojtur autonomin\u00eb e qytetit.<\/p>\n<p>Edhe mbr\u00ebmja e 32-t\u00eb e protest\u00ebs \u00ebsht\u00eb p\u00ebrmbyllur me nj\u00eb marshim masiv n\u00eb rrug\u00ebt kryesore t\u00eb Divjak\u00ebs.<\/p>\n<p>P\u00ebrgjat\u00eb gjith\u00eb itinerarit nuk kan\u00eb munguar thirrjet e forta kund\u00ebr qeveris\u00eb dhe vendimit p\u00ebr shkrirjen e bashkis\u00eb, nd\u00ebrsa banor\u00ebt paralajm\u00ebruan se q\u00ebndresa popullore do t\u00eb vijoj\u00eb pa nd\u00ebrprerje deri n\u00eb anulimin e plot\u00eb t\u00eb k\u00ebtij projekti.<\/p>\n","protected":false},"excerpt":{"rendered":"<p>Banor\u00ebt e Divjak\u00ebs kan\u00eb zbritur s\u00ebrish n\u00eb shesh, duke sh\u00ebnuar dit\u00ebn e 32-t\u00eb t\u00eb protest\u00ebs kund\u00ebr projektit t\u00eb reform\u00ebs administrative-territoriale t\u00eb propozuar nga Partia Socialiste. Qytetar\u00ebt po kund\u00ebrshtojn\u00eb me forc\u00eb planin p\u00ebr shkrirjen e Bashkis\u00eb Divjak\u00eb me at\u00eb t\u00eb Lushnj\u00ebs, nj\u00eb l\u00ebvizje q\u00eb sipas tyre i b\u00ebn t\u00eb humbasin jo vet\u00ebm institucionin vendor, por edhe [&hellip;]<\/p>\n","protected":false},"author":8,"featured_media":32689,"comment_status":"closed","ping_status":"closed","sticky":false,"template":"","format":"standard","meta":{"footnotes":""},"categories":[216],"tags":[],"class_list":["post-32688","post","type-post","status-publish","format-standard","has-post-thumbnail","hentry","category-shqiperi"],"yoast_head":"<!-- This site is optimized with the Yoast SEO plugin v25.1 - https:\/\/yoast.com\/wordpress\/plugins\/seo\/ -->\n<title>Dita e 32-t\u00eb e protest\u00ebs\/ Banor\u00ebt e Divjak\u00ebs n\u00eb shesh kund\u00ebr shkrirjes s\u00eb bashkis\u00eb: Qeveria p\u00ebrgjigjet vet\u00ebm me statuse n\u00eb Facebook - press7.tv<\/title>\n<meta name=\"robots\" content=\"index, follow, max-snippet:-1, max-image-preview:large, max-video-preview:-1\" \/>\n<link rel=\"canonical\" href=\"https:\/\/www.press7.tv\/?p=32688\" \/>\n<meta property=\"og:locale\" content=\"en_US\" \/>\n<meta property=\"og:type\" content=\"article\" \/>\n<meta property=\"og:title\" content=\"Dita e 32-t\u00eb e protest\u00ebs\/ Banor\u00ebt e Divjak\u00ebs n\u00eb shesh kund\u00ebr shkrirjes s\u00eb bashkis\u00eb: Qeveria p\u00ebrgjigjet vet\u00ebm me statuse n\u00eb Facebook - press7.tv\" \/>\n<meta property=\"og:description\" content=\"Banor\u00ebt e Divjak\u00ebs kan\u00eb zbritur s\u00ebrish n\u00eb shesh, duke sh\u00ebnuar dit\u00ebn e 32-t\u00eb t\u00eb protest\u00ebs kund\u00ebr projektit t\u00eb reform\u00ebs administrative-territoriale t\u00eb propozuar nga Partia Socialiste. Qytetar\u00ebt po kund\u00ebrshtojn\u00eb me forc\u00eb planin p\u00ebr shkrirjen e Bashkis\u00eb Divjak\u00eb me at\u00eb t\u00eb Lushnj\u00ebs, nj\u00eb l\u00ebvizje q\u00eb sipas tyre i b\u00ebn t\u00eb humbasin jo vet\u00ebm institucionin vendor, por edhe [&hellip;]\" \/>\n<meta property=\"og:url\" content=\"https:\/\/www.press7.tv\/?p=32688\" \/>\n<meta property=\"og:site_name\" content=\"press7.tv\" \/>\n<meta property=\"article:publisher\" content=\"https:\/\/www.facebook.com\/press7.tv\" \/>\n<meta property=\"article:published_time\" content=\"2026-09-01T07:24:39+00:00\" \/>\n<meta property=\"og:image\" content=\"https:\/\/www.press7.tv\/wp-content\/uploads\/2026\/09\/IMG_5393.avif\" \/>\n\t<meta property=\"og:image:width\" content=\"899\" \/>\n\t<meta property=\"og:image:height\" content=\"500\" \/>\n\t<meta property=\"og:image:type\" content=\"image\/jpeg\" \/>\n<meta name=\"author\" content=\"gazetar2\" \/>\n<meta name=\"twitter:card\" content=\"summary_large_image\" \/>\n<meta name=\"twitter:label1\" content=\"Written by\" \/>\n\t<meta name=\"twitter:data1\" content=\"gazetar2\" \/>\n\t<meta name=\"twitter:label2\" content=\"Est. reading time\" \/>\n\t<meta name=\"twitter:data2\" content=\"1 minute\" \/>\n<script type=\"application\/ld+json\" class=\"yoast-schema-graph\">{\"@context\":\"https:\/\/schema.org\",\"@graph\":[{\"@type\":\"Article\",\"@id\":\"https:\/\/www.press7.tv\/?p=32688#article\",\"isPartOf\":{\"@id\":\"https:\/\/www.press7.tv\/?p=32688\"},\"author\":{\"name\":\"gazetar2\",\"@id\":\"https:\/\/www.news33.tv\/#\/schema\/person\/5a04a38a23ccdba82f9bd665cd8f9efa\"},\"headline\":\"Dita e 32-t\u00eb e protest\u00ebs\/ Banor\u00ebt e Divjak\u00ebs n\u00eb shesh kund\u00ebr shkrirjes s\u00eb bashkis\u00eb: Qeveria p\u00ebrgjigjet vet\u00ebm me statuse n\u00eb Facebook\",\"datePublished\":\"2026-09-01T07:24:39+00:00\",\"mainEntityOfPage\":{\"@id\":\"https:\/\/www.press7.tv\/?p=32688\"},\"wordCount\":282,\"publisher\":{\"@id\":\"https:\/\/www.news33.tv\/#organization\"},\"image\":{\"@id\":\"https:\/\/www.press7.tv\/?p=32688#primaryimage\"},\"thumbnailUrl\":\"https:\/\/www.press7.tv\/wp-content\/uploads\/2026\/09\/IMG_5393.avif\",\"articleSection\":[\"Shqip\u00ebri\"],\"inLanguage\":\"en-US\"},{\"@type\":\"WebPage\",\"@id\":\"https:\/\/www.press7.tv\/?p=32688\",\"url\":\"https:\/\/www.press7.tv\/?p=32688\",\"name\":\"Dita e 32-t\u00eb e protest\u00ebs\/ Banor\u00ebt e Divjak\u00ebs n\u00eb shesh kund\u00ebr shkrirjes s\u00eb bashkis\u00eb: Qeveria p\u00ebrgjigjet vet\u00ebm me statuse n\u00eb Facebook - press7.tv\",\"isPartOf\":{\"@id\":\"https:\/\/www.news33.tv\/#website\"},\"primaryImageOfPage\":{\"@id\":\"https:\/\/www.press7.tv\/?p=32688#primaryimage\"},\"image\":{\"@id\":\"https:\/\/www.press7.tv\/?p=32688#primaryimage\"},\"thumbnailUrl\":\"https:\/\/www.press7.tv\/wp-content\/uploads\/2026\/09\/IMG_5393.avif\",\"datePublished\":\"2026-09-01T07:24:39+00:00\",\"breadcrumb\":{\"@id\":\"https:\/\/www.press7.tv\/?p=32688#breadcrumb\"},\"inLanguage\":\"en-US\",\"potentialAction\":[{\"@type\":\"ReadAction\",\"target\":[\"https:\/\/www.press7.tv\/?p=32688\"]}]},{\"@type\":\"ImageObject\",\"inLanguage\":\"en-US\",\"@id\":\"https:\/\/www.press7.tv\/?p=32688#primaryimage\",\"url\":\"https:\/\/www.press7.tv\/wp-content\/uploads\/2026\/09\/IMG_5393.avif\",\"contentUrl\":\"https:\/\/www.press7.tv\/wp-content\/uploads\/2026\/09\/IMG_5393.avif\",\"width\":899,\"height\":500},{\"@type\":\"BreadcrumbList\",\"@id\":\"https:\/\/www.press7.tv\/?p=32688#breadcrumb\",\"itemListElement\":[{\"@type\":\"ListItem\",\"position\":1,\"name\":\"Home\",\"item\":\"https:\/\/www.press7.tv\/\"},{\"@type\":\"ListItem\",\"position\":2,\"name\":\"Dita e 32-t\u00eb e protest\u00ebs\/ Banor\u00ebt e Divjak\u00ebs n\u00eb shesh kund\u00ebr shkrirjes s\u00eb bashkis\u00eb: Qeveria p\u00ebrgjigjet vet\u00ebm me statuse n\u00eb Facebook\"}]},{\"@type\":\"WebSite\",\"@id\":\"https:\/\/www.news33.tv\/#website\",\"url\":\"https:\/\/www.news33.tv\/\",\"name\":\"News33.tv Media\",\"description\":\"Media\",\"publisher\":{\"@id\":\"https:\/\/www.news33.tv\/#organization\"},\"potentialAction\":[{\"@type\":\"SearchAction\",\"target\":{\"@type\":\"EntryPoint\",\"urlTemplate\":\"https:\/\/www.news33.tv\/?s={search_term_string}\"},\"query-input\":{\"@type\":\"PropertyValueSpecification\",\"valueRequired\":true,\"valueName\":\"search_term_string\"}}],\"inLanguage\":\"en-US\"},{\"@type\":\"Organization\",\"@id\":\"https:\/\/www.news33.tv\/#organization\",\"name\":\"News33.tv Media\",\"url\":\"https:\/\/www.news33.tv\/\",\"logo\":{\"@type\":\"ImageObject\",\"inLanguage\":\"en-US\",\"@id\":\"https:\/\/www.news33.tv\/#\/schema\/logo\/image\/\",\"url\":\"https:\/\/www.press7.tv\/wp-content\/uploads\/2024\/02\/logo-news33-black.png\",\"contentUrl\":\"https:\/\/www.press7.tv\/wp-content\/uploads\/2024\/02\/logo-news33-black.png\",\"width\":180,\"height\":37,\"caption\":\"News33.tv Media\"},\"image\":{\"@id\":\"https:\/\/www.news33.tv\/#\/schema\/logo\/image\/\"},\"sameAs\":[\"https:\/\/www.facebook.com\/press7.tv\"]},{\"@type\":\"Person\",\"@id\":\"https:\/\/www.news33.tv\/#\/schema\/person\/5a04a38a23ccdba82f9bd665cd8f9efa\",\"name\":\"gazetar2\",\"image\":{\"@type\":\"ImageObject\",\"inLanguage\":\"en-US\",\"@id\":\"https:\/\/www.news33.tv\/#\/schema\/person\/image\/\",\"url\":\"https:\/\/www.press7.tv\/wp-content\/litespeed\/avatar\/41975e402c3049d9ddb03adca8f7a883.jpg?ver=1788056178\",\"contentUrl\":\"https:\/\/www.press7.tv\/wp-content\/litespeed\/avatar\/41975e402c3049d9ddb03adca8f7a883.jpg?ver=1788056178\",\"caption\":\"gazetar2\"},\"url\":\"https:\/\/www.press7.tv\/?author=8\"}]}<\/script>\n<!-- \/ Yoast SEO plugin. -->","yoast_head_json":{"title":"Dita e 32-t\u00eb e protest\u00ebs\/ Banor\u00ebt e Divjak\u00ebs n\u00eb shesh kund\u00ebr shkrirjes s\u00eb bashkis\u00eb: Qeveria p\u00ebrgjigjet vet\u00ebm me statuse n\u00eb Facebook - press7.tv","robots":{"index":"index","follow":"follow","max-snippet":"max-snippet:-1","max-image-preview":"max-image-preview:large","max-video-preview":"max-video-preview:-1"},"canonical":"https:\/\/www.press7.tv\/?p=32688","og_locale":"en_US","og_type":"article","og_title":"Dita e 32-t\u00eb e protest\u00ebs\/ Banor\u00ebt e Divjak\u00ebs n\u00eb shesh kund\u00ebr shkrirjes s\u00eb bashkis\u00eb: Qeveria p\u00ebrgjigjet vet\u00ebm me statuse n\u00eb Facebook - press7.tv","og_description":"Banor\u00ebt e Divjak\u00ebs kan\u00eb zbritur s\u00ebrish n\u00eb shesh, duke sh\u00ebnuar dit\u00ebn e 32-t\u00eb t\u00eb protest\u00ebs kund\u00ebr projektit t\u00eb reform\u00ebs administrative-territoriale t\u00eb propozuar nga Partia Socialiste. Qytetar\u00ebt po kund\u00ebrshtojn\u00eb me forc\u00eb planin p\u00ebr shkrirjen e Bashkis\u00eb Divjak\u00eb me at\u00eb t\u00eb Lushnj\u00ebs, nj\u00eb l\u00ebvizje q\u00eb sipas tyre i b\u00ebn t\u00eb humbasin jo vet\u00ebm institucionin vendor, por edhe [&hellip;]","og_url":"https:\/\/www.press7.tv\/?p=32688","og_site_name":"press7.tv","article_publisher":"https:\/\/www.facebook.com\/press7.tv","article_published_time":"2026-09-01T07:24:39+00:00","og_image":[{"width":899,"height":500,"url":"https:\/\/www.press7.tv\/wp-content\/uploads\/2026\/09\/IMG_5393.avif","type":"image\/jpeg"}],"author":"gazetar2","twitter_card":"summary_large_image","twitter_misc":{"Written by":"gazetar2","Est. reading time":"1 minute"},"schema":{"@context":"https:\/\/schema.org","@graph":[{"@type":"Article","@id":"https:\/\/www.press7.tv\/?p=32688#article","isPartOf":{"@id":"https:\/\/www.press7.tv\/?p=32688"},"author":{"name":"gazetar2","@id":"https:\/\/www.news33.tv\/#\/schema\/person\/5a04a38a23ccdba82f9bd665cd8f9efa"},"headline":"Dita e 32-t\u00eb e protest\u00ebs\/ Banor\u00ebt e Divjak\u00ebs n\u00eb shesh kund\u00ebr shkrirjes s\u00eb bashkis\u00eb: Qeveria p\u00ebrgjigjet vet\u00ebm me statuse n\u00eb Facebook","datePublished":"2026-09-01T07:24:39+00:00","mainEntityOfPage":{"@id":"https:\/\/www.press7.tv\/?p=32688"},"wordCount":282,"publisher":{"@id":"https:\/\/www.news33.tv\/#organization"},"image":{"@id":"https:\/\/www.press7.tv\/?p=32688#primaryimage"},"thumbnailUrl":"https:\/\/www.press7.tv\/wp-content\/uploads\/2026\/09\/IMG_5393.avif","articleSection":["Shqip\u00ebri"],"inLanguage":"en-US"},{"@type":"WebPage","@id":"https:\/\/www.press7.tv\/?p=32688","url":"https:\/\/www.press7.tv\/?p=32688","name":"Dita e 32-t\u00eb e protest\u00ebs\/ Banor\u00ebt e Divjak\u00ebs n\u00eb shesh kund\u00ebr shkrirjes s\u00eb bashkis\u00eb: Qeveria p\u00ebrgjigjet vet\u00ebm me statuse n\u00eb Facebook - press7.tv","isPartOf":{"@id":"https:\/\/www.news33.tv\/#website"},"primaryImageOfPage":{"@id":"https:\/\/www.press7.tv\/?p=32688#primaryimage"},"image":{"@id":"https:\/\/www.press7.tv\/?p=32688#primaryimage"},"thumbnailUrl":"https:\/\/www.press7.tv\/wp-content\/uploads\/2026\/09\/IMG_5393.avif","datePublished":"2026-09-01T07:24:39+00:00","breadcrumb":{"@id":"https:\/\/www.press7.tv\/?p=32688#breadcrumb"},"inLanguage":"en-US","potentialAction":[{"@type":"ReadAction","target":["https:\/\/www.press7.tv\/?p=32688"]}]},{"@type":"ImageObject","inLanguage":"en-US","@id":"https:\/\/www.press7.tv\/?p=32688#primaryimage","url":"https:\/\/www.press7.tv\/wp-content\/uploads\/2026\/09\/IMG_5393.avif","contentUrl":"https:\/\/www.press7.tv\/wp-content\/uploads\/2026\/09\/IMG_5393.avif","width":899,"height":500},{"@type":"BreadcrumbList","@id":"https:\/\/www.press7.tv\/?p=32688#breadcrumb","itemListElement":[{"@type":"ListItem","position":1,"name":"Home","item":"https:\/\/www.press7.tv\/"},{"@type":"ListItem","position":2,"name":"Dita e 32-t\u00eb e protest\u00ebs\/ Banor\u00ebt e Divjak\u00ebs n\u00eb shesh kund\u00ebr shkrirjes s\u00eb bashkis\u00eb: Qeveria p\u00ebrgjigjet vet\u00ebm me statuse n\u00eb Facebook"}]},{"@type":"WebSite","@id":"https:\/\/www.news33.tv\/#website","url":"https:\/\/www.news33.tv\/","name":"News33.tv Media","description":"Media","publisher":{"@id":"https:\/\/www.news33.tv\/#organization"},"potentialAction":[{"@type":"SearchAction","target":{"@type":"EntryPoint","urlTemplate":"https:\/\/www.news33.tv\/?s={search_term_string}"},"query-input":{"@type":"PropertyValueSpecification","valueRequired":true,"valueName":"search_term_string"}}],"inLanguage":"en-US"},{"@type":"Organization","@id":"https:\/\/www.news33.tv\/#organization","name":"News33.tv Media","url":"https:\/\/www.news33.tv\/","logo":{"@type":"ImageObject","inLanguage":"en-US","@id":"https:\/\/www.news33.tv\/#\/schema\/logo\/image\/","url":"https:\/\/www.press7.tv\/wp-content\/uploads\/2024\/02\/logo-news33-black.png","contentUrl":"https:\/\/www.press7.tv\/wp-content\/uploads\/2024\/02\/logo-news33-black.png","width":180,"height":37,"caption":"News33.tv Media"},"image":{"@id":"https:\/\/www.news33.tv\/#\/schema\/logo\/image\/"},"sameAs":["https:\/\/www.facebook.com\/press7.tv"]},{"@type":"Person","@id":"https:\/\/www.news33.tv\/#\/schema\/person\/5a04a38a23ccdba82f9bd665cd8f9efa","name":"gazetar2","image":{"@type":"ImageObject","inLanguage":"en-US","@id":"https:\/\/www.news33.tv\/#\/schema\/person\/image\/","url":"https:\/\/www.press7.tv\/wp-content\/litespeed\/avatar\/41975e402c3049d9ddb03adca8f7a883.jpg?ver=1788056178","contentUrl":"https:\/\/www.press7.tv\/wp-content\/litespeed\/avatar\/41975e402c3049d9ddb03adca8f7a883.jpg?ver=1788056178","caption":"gazetar2"},"url":"https:\/\/www.press7.tv\/?author=8"}]}},"amp_enabled":true,"_links":{"self":[{"href":"https:\/\/www.press7.tv\/index.php?rest_route=\/wp\/v2\/posts\/32688","targetHints":{"allow":["GET"]}}],"collection":[{"href":"https:\/\/www.press7.tv\/index.php?rest_route=\/wp\/v2\/posts"}],"about":[{"href":"https:\/\/www.press7.tv\/index.php?rest_route=\/wp\/v2\/types\/post"}],"author":[{"embeddable":true,"href":"https:\/\/www.press7.tv\/index.php?rest_route=\/wp\/v2\/users\/8"}],"replies":[{"embeddable":true,"href":"https:\/\/www.press7.tv\/index.php?rest_route=%2Fwp%2Fv2%2Fcomments&post=32688"}],"version-history":[{"count":1,"href":"https:\/\/www.press7.tv\/index.php?rest_route=\/wp\/v2\/posts\/32688\/revisions"}],"predecessor-version":[{"id":32690,"href":"https:\/\/www.press7.tv\/index.php?rest_route=\/wp\/v2\/posts\/32688\/revisions\/32690"}],"wp:featuredmedia":[{"embeddable":true,"href":"https:\/\/www.press7.tv\/index.php?rest_route=\/wp\/v2\/media\/32689"}],"wp:attachment":[{"href":"https:\/\/www.press7.tv\/index.php?rest_route=%2Fwp%2Fv2%2Fmedia&parent=32688"}],"wp:term":[{"taxonomy":"category","embeddable":true,"href":"https:\/\/www.press7.tv\/index.php?rest_route=%2Fwp%2Fv2%2Fcategories&post=32688"},{"taxonomy":"post_tag","embeddable":true,"href":"https:\/\/www.press7.tv\/index.php?rest_route=%2Fwp%2Fv2%2Ftags&post=32688"}],"curies":[{"name":"wp","href":"https:\/\/api.w.org\/{rel}","templated":true}]}}