{"id":32685,"date":"2026-08-31T18:57:40","date_gmt":"2026-08-31T18:57:40","guid":{"rendered":"https:\/\/www.press7.tv\/?p=32685"},"modified":"2026-08-31T18:57:40","modified_gmt":"2026-08-31T18:57:40","slug":"veprimtare-dhe-intelektuale-shqiptaro-amerikan-mbeshtesin-bekim-sejdiun-per-president-te-kosoves","status":"publish","type":"post","link":"https:\/\/www.press7.tv\/?p=32685","title":{"rendered":"Veprimtar\u00eb dhe intelektual\u00eb shqiptaro-amerikan mb\u00ebshtesin Bekim Sejdiun p\u00ebr president t\u00eb Kosov\u00ebs"},"content":{"rendered":"\n    <div class=\"xs_social_share_widget xs_share_url before_content \t\tmain_content  wslu-style-2 wslu-share-box-shaped wslu-fill-colored wslu-share-m-5 wslu-none wslu-share-vertical wslu-theme-font-no wslu-main_content\">\n\n\t\t\n        <ul>\n\t\t\t        <\/ul>\n    <\/div> \n<p>Nj\u00eb grup prej 28 veprimtar\u00ebsh dhe intelektual\u00ebsh shqiptar\u00eb n\u00eb Shtetet e Bashkuara t\u00eb Amerik\u00ebs kan\u00eb shprehur mb\u00ebshtetje p\u00ebr kandidatur\u00ebn e Prof. Dr. Bekim Sejdiut p\u00ebr President t\u00eb Republik\u00ebs s\u00eb Kosov\u00ebs.<\/p>\n<p>N\u00eb nj\u00eb let\u00ebr drejtuar lider\u00ebve politik\u00eb dhe deputet\u00ebve t\u00eb Kuvendit t\u00eb Kosov\u00ebs, grupi ka b\u00ebr\u00eb thirrje q\u00eb Sejdiu t\u00eb zgjidhet n\u00eb postin e presidentit.<\/p>\n<p>N\u00ebnshkruesit kan\u00eb th\u00ebn\u00eb se e kan\u00eb p\u00ebrcjell\u00eb nga af\u00ebr procesin e nominimit presidencial dhe kan\u00eb vler\u00ebsuar p\u00ebrvoj\u00ebn e Sejdiut si ish-diplomat dhe ish-gjyqtar i Gjykat\u00ebs Kushtetuese.<\/p>\n<p>Sipas tyre, kjo p\u00ebrvoj\u00eb dhe integriteti profesional i Sejdiut jan\u00eb t\u00eb nevojshme p\u00ebr t\u00eb kontribuar n\u00eb unitetin e vendit dhe p\u00ebr forcimin e marr\u00ebdh\u00ebnieve t\u00eb Kosov\u00ebs me Shtetet e Bashkuara.<\/p>\n<p>N\u00eb let\u00ebr thuhet se nj\u00eb pjes\u00eb e n\u00ebnshkruesve kan\u00eb pasur mund\u00ebsi t\u00eb punojn\u00eb me Sejdiun gjat\u00eb koh\u00ebs kur ai sh\u00ebrbeu si Konsull i P\u00ebrgjithsh\u00ebm i Kosov\u00ebs n\u00eb New York.<\/p>\n<p>\u201cDr. Sejdiu luajti nj\u00eb rol t\u00eb r\u00ebnd\u00ebsish\u00ebm n\u00eb afrimin e diaspor\u00ebs shqiptare n\u00eb SHBA me Kosov\u00ebn. Ne punuam pa u lodhur p\u00ebr organizimin e aktiviteteve kulturore, hapjen e shkollave n\u00eb gjuh\u00ebn shqipe dhe lobimin p\u00ebr Kosov\u00ebn n\u00eb qarqet m\u00eb t\u00eb larta politike n\u00eb New York dhe Washington, D.C.\u201d, thuhet n\u00eb let\u00ebr.<\/p>\n<p>Veprimtar\u00ebt dhe intelektual\u00ebt shqiptar\u00eb kan\u00eb vler\u00ebsuar se, n\u00eb k\u00ebt\u00eb periudh\u00eb, Kosov\u00ebs i nevojitet nj\u00eb president q\u00eb g\u00ebzon respekt t\u00eb gjer\u00eb institucional dhe ka nj\u00eb histori t\u00eb d\u00ebshmuar t\u00eb sh\u00ebrbimit publik.<\/p>\n<p>Ata kan\u00eb theksuar gjithashtu se p\u00ebrgatitja juridike dhe p\u00ebrvoja diplomatike e Sejdiut e b\u00ebjn\u00eb at\u00eb, sipas tyre, nj\u00eb kandidat t\u00eb p\u00ebrshtatsh\u00ebm p\u00ebr p\u00ebrfaq\u00ebsimin e Kosov\u00ebs n\u00eb aren\u00ebn nd\u00ebrkomb\u00ebtare.<\/p>\n<p>N\u00eb fund t\u00eb letr\u00ebs, grupi u ka b\u00ebr\u00eb thirrje t\u00eb gjitha partive politike n\u00eb Kuvend q\u00eb t\u00eb bashkohen n\u00eb mb\u00ebshtetje t\u00eb kandidatur\u00ebs s\u00eb Sejdiut, me q\u00ebllim, si\u00e7 kan\u00eb th\u00ebn\u00eb, sigurimin e nj\u00eb t\u00eb ardhmeje t\u00eb q\u00ebndrueshme dhe t\u00eb prosperuar p\u00ebr Kosov\u00ebn.<\/p>\n<p>Letra \u00ebsht\u00eb n\u00ebnshkruar nga 28 veprimtar\u00eb dhe intelektual\u00eb shqiptar\u00eb n\u00eb SHBA, p\u00ebrfshir\u00eb Harry Bajraktarin, Vehbi Bajramin, Ekrem Bardh\u00ebn, Elmi Berish\u00ebn, Mark Gjonajn, Joe Halitin, Richard Lukajn, Gani Shehun, Beqir Sin\u00ebn, Jim Xhem\u00ebn dhe t\u00eb tjer\u00eb.<\/p>\n","protected":false},"excerpt":{"rendered":"<p>Nj\u00eb grup prej 28 veprimtar\u00ebsh dhe intelektual\u00ebsh shqiptar\u00eb n\u00eb Shtetet e Bashkuara t\u00eb Amerik\u00ebs kan\u00eb shprehur mb\u00ebshtetje p\u00ebr kandidatur\u00ebn e Prof. Dr. Bekim Sejdiut p\u00ebr President t\u00eb Republik\u00ebs s\u00eb Kosov\u00ebs. N\u00eb nj\u00eb let\u00ebr drejtuar lider\u00ebve politik\u00eb dhe deputet\u00ebve t\u00eb Kuvendit t\u00eb Kosov\u00ebs, grupi ka b\u00ebr\u00eb thirrje q\u00eb Sejdiu t\u00eb zgjidhet n\u00eb postin e presidentit. N\u00ebnshkruesit [&hellip;]<\/p>\n","protected":false},"author":8,"featured_media":32686,"comment_status":"closed","ping_status":"closed","sticky":false,"template":"","format":"standard","meta":{"footnotes":""},"categories":[215,213],"tags":[],"class_list":["post-32685","post","type-post","status-publish","format-standard","has-post-thumbnail","hentry","category-kosove","category-lajme"],"yoast_head":"<!-- This site is optimized with the Yoast SEO plugin v25.1 - https:\/\/yoast.com\/wordpress\/plugins\/seo\/ -->\n<title>Veprimtar\u00eb dhe intelektual\u00eb shqiptaro-amerikan mb\u00ebshtesin Bekim Sejdiun p\u00ebr president t\u00eb Kosov\u00ebs - press7.tv<\/title>\n<meta name=\"robots\" content=\"index, follow, max-snippet:-1, max-image-preview:large, max-video-preview:-1\" \/>\n<link rel=\"canonical\" href=\"https:\/\/www.press7.tv\/?p=32685\" \/>\n<meta property=\"og:locale\" content=\"en_US\" \/>\n<meta property=\"og:type\" content=\"article\" \/>\n<meta property=\"og:title\" content=\"Veprimtar\u00eb dhe intelektual\u00eb shqiptaro-amerikan mb\u00ebshtesin Bekim Sejdiun p\u00ebr president t\u00eb Kosov\u00ebs - press7.tv\" \/>\n<meta property=\"og:description\" content=\"Nj\u00eb grup prej 28 veprimtar\u00ebsh dhe intelektual\u00ebsh shqiptar\u00eb n\u00eb Shtetet e Bashkuara t\u00eb Amerik\u00ebs kan\u00eb shprehur mb\u00ebshtetje p\u00ebr kandidatur\u00ebn e Prof. Dr. Bekim Sejdiut p\u00ebr President t\u00eb Republik\u00ebs s\u00eb Kosov\u00ebs. N\u00eb nj\u00eb let\u00ebr drejtuar lider\u00ebve politik\u00eb dhe deputet\u00ebve t\u00eb Kuvendit t\u00eb Kosov\u00ebs, grupi ka b\u00ebr\u00eb thirrje q\u00eb Sejdiu t\u00eb zgjidhet n\u00eb postin e presidentit. N\u00ebnshkruesit [&hellip;]\" \/>\n<meta property=\"og:url\" content=\"https:\/\/www.press7.tv\/?p=32685\" \/>\n<meta property=\"og:site_name\" content=\"press7.tv\" \/>\n<meta property=\"article:publisher\" content=\"https:\/\/www.facebook.com\/press7.tv\" \/>\n<meta property=\"article:published_time\" content=\"2026-08-31T18:57:40+00:00\" \/>\n<meta property=\"og:image\" content=\"https:\/\/www.press7.tv\/wp-content\/uploads\/2026\/08\/IMG_5390.avif\" \/>\n\t<meta property=\"og:image:width\" content=\"899\" \/>\n\t<meta property=\"og:image:height\" content=\"500\" \/>\n\t<meta property=\"og:image:type\" content=\"image\/jpeg\" \/>\n<meta name=\"author\" content=\"gazetar2\" \/>\n<meta name=\"twitter:card\" content=\"summary_large_image\" \/>\n<meta name=\"twitter:label1\" content=\"Written by\" \/>\n\t<meta name=\"twitter:data1\" content=\"gazetar2\" \/>\n\t<meta name=\"twitter:label2\" content=\"Est. reading time\" \/>\n\t<meta name=\"twitter:data2\" content=\"1 minute\" \/>\n<script type=\"application\/ld+json\" class=\"yoast-schema-graph\">{\"@context\":\"https:\/\/schema.org\",\"@graph\":[{\"@type\":\"Article\",\"@id\":\"https:\/\/www.press7.tv\/?p=32685#article\",\"isPartOf\":{\"@id\":\"https:\/\/www.press7.tv\/?p=32685\"},\"author\":{\"name\":\"gazetar2\",\"@id\":\"https:\/\/www.news33.tv\/#\/schema\/person\/5a04a38a23ccdba82f9bd665cd8f9efa\"},\"headline\":\"Veprimtar\u00eb dhe intelektual\u00eb shqiptaro-amerikan mb\u00ebshtesin Bekim Sejdiun p\u00ebr president t\u00eb Kosov\u00ebs\",\"datePublished\":\"2026-08-31T18:57:40+00:00\",\"mainEntityOfPage\":{\"@id\":\"https:\/\/www.press7.tv\/?p=32685\"},\"wordCount\":418,\"publisher\":{\"@id\":\"https:\/\/www.news33.tv\/#organization\"},\"image\":{\"@id\":\"https:\/\/www.press7.tv\/?p=32685#primaryimage\"},\"thumbnailUrl\":\"https:\/\/www.press7.tv\/wp-content\/uploads\/2026\/08\/IMG_5390.avif\",\"articleSection\":[\"Kosov\u00eb\",\"Lajme\"],\"inLanguage\":\"en-US\"},{\"@type\":\"WebPage\",\"@id\":\"https:\/\/www.press7.tv\/?p=32685\",\"url\":\"https:\/\/www.press7.tv\/?p=32685\",\"name\":\"Veprimtar\u00eb dhe intelektual\u00eb shqiptaro-amerikan mb\u00ebshtesin Bekim Sejdiun p\u00ebr president t\u00eb Kosov\u00ebs - press7.tv\",\"isPartOf\":{\"@id\":\"https:\/\/www.news33.tv\/#website\"},\"primaryImageOfPage\":{\"@id\":\"https:\/\/www.press7.tv\/?p=32685#primaryimage\"},\"image\":{\"@id\":\"https:\/\/www.press7.tv\/?p=32685#primaryimage\"},\"thumbnailUrl\":\"https:\/\/www.press7.tv\/wp-content\/uploads\/2026\/08\/IMG_5390.avif\",\"datePublished\":\"2026-08-31T18:57:40+00:00\",\"breadcrumb\":{\"@id\":\"https:\/\/www.press7.tv\/?p=32685#breadcrumb\"},\"inLanguage\":\"en-US\",\"potentialAction\":[{\"@type\":\"ReadAction\",\"target\":[\"https:\/\/www.press7.tv\/?p=32685\"]}]},{\"@type\":\"ImageObject\",\"inLanguage\":\"en-US\",\"@id\":\"https:\/\/www.press7.tv\/?p=32685#primaryimage\",\"url\":\"https:\/\/www.press7.tv\/wp-content\/uploads\/2026\/08\/IMG_5390.avif\",\"contentUrl\":\"https:\/\/www.press7.tv\/wp-content\/uploads\/2026\/08\/IMG_5390.avif\",\"width\":899,\"height\":500},{\"@type\":\"BreadcrumbList\",\"@id\":\"https:\/\/www.press7.tv\/?p=32685#breadcrumb\",\"itemListElement\":[{\"@type\":\"ListItem\",\"position\":1,\"name\":\"Home\",\"item\":\"https:\/\/www.press7.tv\/\"},{\"@type\":\"ListItem\",\"position\":2,\"name\":\"Veprimtar\u00eb dhe intelektual\u00eb shqiptaro-amerikan mb\u00ebshtesin Bekim Sejdiun p\u00ebr president t\u00eb Kosov\u00ebs\"}]},{\"@type\":\"WebSite\",\"@id\":\"https:\/\/www.news33.tv\/#website\",\"url\":\"https:\/\/www.news33.tv\/\",\"name\":\"News33.tv Media\",\"description\":\"Media\",\"publisher\":{\"@id\":\"https:\/\/www.news33.tv\/#organization\"},\"potentialAction\":[{\"@type\":\"SearchAction\",\"target\":{\"@type\":\"EntryPoint\",\"urlTemplate\":\"https:\/\/www.news33.tv\/?s={search_term_string}\"},\"query-input\":{\"@type\":\"PropertyValueSpecification\",\"valueRequired\":true,\"valueName\":\"search_term_string\"}}],\"inLanguage\":\"en-US\"},{\"@type\":\"Organization\",\"@id\":\"https:\/\/www.news33.tv\/#organization\",\"name\":\"News33.tv Media\",\"url\":\"https:\/\/www.news33.tv\/\",\"logo\":{\"@type\":\"ImageObject\",\"inLanguage\":\"en-US\",\"@id\":\"https:\/\/www.news33.tv\/#\/schema\/logo\/image\/\",\"url\":\"https:\/\/www.press7.tv\/wp-content\/uploads\/2024\/02\/logo-news33-black.png\",\"contentUrl\":\"https:\/\/www.press7.tv\/wp-content\/uploads\/2024\/02\/logo-news33-black.png\",\"width\":180,\"height\":37,\"caption\":\"News33.tv Media\"},\"image\":{\"@id\":\"https:\/\/www.news33.tv\/#\/schema\/logo\/image\/\"},\"sameAs\":[\"https:\/\/www.facebook.com\/press7.tv\"]},{\"@type\":\"Person\",\"@id\":\"https:\/\/www.news33.tv\/#\/schema\/person\/5a04a38a23ccdba82f9bd665cd8f9efa\",\"name\":\"gazetar2\",\"image\":{\"@type\":\"ImageObject\",\"inLanguage\":\"en-US\",\"@id\":\"https:\/\/www.news33.tv\/#\/schema\/person\/image\/\",\"url\":\"https:\/\/www.press7.tv\/wp-content\/litespeed\/avatar\/41975e402c3049d9ddb03adca8f7a883.jpg?ver=1788056178\",\"contentUrl\":\"https:\/\/www.press7.tv\/wp-content\/litespeed\/avatar\/41975e402c3049d9ddb03adca8f7a883.jpg?ver=1788056178\",\"caption\":\"gazetar2\"},\"url\":\"https:\/\/www.press7.tv\/?author=8\"}]}<\/script>\n<!-- \/ Yoast SEO plugin. -->","yoast_head_json":{"title":"Veprimtar\u00eb dhe intelektual\u00eb shqiptaro-amerikan mb\u00ebshtesin Bekim Sejdiun p\u00ebr president t\u00eb Kosov\u00ebs - press7.tv","robots":{"index":"index","follow":"follow","max-snippet":"max-snippet:-1","max-image-preview":"max-image-preview:large","max-video-preview":"max-video-preview:-1"},"canonical":"https:\/\/www.press7.tv\/?p=32685","og_locale":"en_US","og_type":"article","og_title":"Veprimtar\u00eb dhe intelektual\u00eb shqiptaro-amerikan mb\u00ebshtesin Bekim Sejdiun p\u00ebr president t\u00eb Kosov\u00ebs - press7.tv","og_description":"Nj\u00eb grup prej 28 veprimtar\u00ebsh dhe intelektual\u00ebsh shqiptar\u00eb n\u00eb Shtetet e Bashkuara t\u00eb Amerik\u00ebs kan\u00eb shprehur mb\u00ebshtetje p\u00ebr kandidatur\u00ebn e Prof. Dr. Bekim Sejdiut p\u00ebr President t\u00eb Republik\u00ebs s\u00eb Kosov\u00ebs. N\u00eb nj\u00eb let\u00ebr drejtuar lider\u00ebve politik\u00eb dhe deputet\u00ebve t\u00eb Kuvendit t\u00eb Kosov\u00ebs, grupi ka b\u00ebr\u00eb thirrje q\u00eb Sejdiu t\u00eb zgjidhet n\u00eb postin e presidentit. N\u00ebnshkruesit [&hellip;]","og_url":"https:\/\/www.press7.tv\/?p=32685","og_site_name":"press7.tv","article_publisher":"https:\/\/www.facebook.com\/press7.tv","article_published_time":"2026-08-31T18:57:40+00:00","og_image":[{"width":899,"height":500,"url":"https:\/\/www.press7.tv\/wp-content\/uploads\/2026\/08\/IMG_5390.avif","type":"image\/jpeg"}],"author":"gazetar2","twitter_card":"summary_large_image","twitter_misc":{"Written by":"gazetar2","Est. reading time":"1 minute"},"schema":{"@context":"https:\/\/schema.org","@graph":[{"@type":"Article","@id":"https:\/\/www.press7.tv\/?p=32685#article","isPartOf":{"@id":"https:\/\/www.press7.tv\/?p=32685"},"author":{"name":"gazetar2","@id":"https:\/\/www.news33.tv\/#\/schema\/person\/5a04a38a23ccdba82f9bd665cd8f9efa"},"headline":"Veprimtar\u00eb dhe intelektual\u00eb shqiptaro-amerikan mb\u00ebshtesin Bekim Sejdiun p\u00ebr president t\u00eb Kosov\u00ebs","datePublished":"2026-08-31T18:57:40+00:00","mainEntityOfPage":{"@id":"https:\/\/www.press7.tv\/?p=32685"},"wordCount":418,"publisher":{"@id":"https:\/\/www.news33.tv\/#organization"},"image":{"@id":"https:\/\/www.press7.tv\/?p=32685#primaryimage"},"thumbnailUrl":"https:\/\/www.press7.tv\/wp-content\/uploads\/2026\/08\/IMG_5390.avif","articleSection":["Kosov\u00eb","Lajme"],"inLanguage":"en-US"},{"@type":"WebPage","@id":"https:\/\/www.press7.tv\/?p=32685","url":"https:\/\/www.press7.tv\/?p=32685","name":"Veprimtar\u00eb dhe intelektual\u00eb shqiptaro-amerikan mb\u00ebshtesin Bekim Sejdiun p\u00ebr president t\u00eb Kosov\u00ebs - press7.tv","isPartOf":{"@id":"https:\/\/www.news33.tv\/#website"},"primaryImageOfPage":{"@id":"https:\/\/www.press7.tv\/?p=32685#primaryimage"},"image":{"@id":"https:\/\/www.press7.tv\/?p=32685#primaryimage"},"thumbnailUrl":"https:\/\/www.press7.tv\/wp-content\/uploads\/2026\/08\/IMG_5390.avif","datePublished":"2026-08-31T18:57:40+00:00","breadcrumb":{"@id":"https:\/\/www.press7.tv\/?p=32685#breadcrumb"},"inLanguage":"en-US","potentialAction":[{"@type":"ReadAction","target":["https:\/\/www.press7.tv\/?p=32685"]}]},{"@type":"ImageObject","inLanguage":"en-US","@id":"https:\/\/www.press7.tv\/?p=32685#primaryimage","url":"https:\/\/www.press7.tv\/wp-content\/uploads\/2026\/08\/IMG_5390.avif","contentUrl":"https:\/\/www.press7.tv\/wp-content\/uploads\/2026\/08\/IMG_5390.avif","width":899,"height":500},{"@type":"BreadcrumbList","@id":"https:\/\/www.press7.tv\/?p=32685#breadcrumb","itemListElement":[{"@type":"ListItem","position":1,"name":"Home","item":"https:\/\/www.press7.tv\/"},{"@type":"ListItem","position":2,"name":"Veprimtar\u00eb dhe intelektual\u00eb shqiptaro-amerikan mb\u00ebshtesin Bekim Sejdiun p\u00ebr president t\u00eb Kosov\u00ebs"}]},{"@type":"WebSite","@id":"https:\/\/www.news33.tv\/#website","url":"https:\/\/www.news33.tv\/","name":"News33.tv Media","description":"Media","publisher":{"@id":"https:\/\/www.news33.tv\/#organization"},"potentialAction":[{"@type":"SearchAction","target":{"@type":"EntryPoint","urlTemplate":"https:\/\/www.news33.tv\/?s={search_term_string}"},"query-input":{"@type":"PropertyValueSpecification","valueRequired":true,"valueName":"search_term_string"}}],"inLanguage":"en-US"},{"@type":"Organization","@id":"https:\/\/www.news33.tv\/#organization","name":"News33.tv Media","url":"https:\/\/www.news33.tv\/","logo":{"@type":"ImageObject","inLanguage":"en-US","@id":"https:\/\/www.news33.tv\/#\/schema\/logo\/image\/","url":"https:\/\/www.press7.tv\/wp-content\/uploads\/2024\/02\/logo-news33-black.png","contentUrl":"https:\/\/www.press7.tv\/wp-content\/uploads\/2024\/02\/logo-news33-black.png","width":180,"height":37,"caption":"News33.tv Media"},"image":{"@id":"https:\/\/www.news33.tv\/#\/schema\/logo\/image\/"},"sameAs":["https:\/\/www.facebook.com\/press7.tv"]},{"@type":"Person","@id":"https:\/\/www.news33.tv\/#\/schema\/person\/5a04a38a23ccdba82f9bd665cd8f9efa","name":"gazetar2","image":{"@type":"ImageObject","inLanguage":"en-US","@id":"https:\/\/www.news33.tv\/#\/schema\/person\/image\/","url":"https:\/\/www.press7.tv\/wp-content\/litespeed\/avatar\/41975e402c3049d9ddb03adca8f7a883.jpg?ver=1788056178","contentUrl":"https:\/\/www.press7.tv\/wp-content\/litespeed\/avatar\/41975e402c3049d9ddb03adca8f7a883.jpg?ver=1788056178","caption":"gazetar2"},"url":"https:\/\/www.press7.tv\/?author=8"}]}},"amp_enabled":true,"_links":{"self":[{"href":"https:\/\/www.press7.tv\/index.php?rest_route=\/wp\/v2\/posts\/32685","targetHints":{"allow":["GET"]}}],"collection":[{"href":"https:\/\/www.press7.tv\/index.php?rest_route=\/wp\/v2\/posts"}],"about":[{"href":"https:\/\/www.press7.tv\/index.php?rest_route=\/wp\/v2\/types\/post"}],"author":[{"embeddable":true,"href":"https:\/\/www.press7.tv\/index.php?rest_route=\/wp\/v2\/users\/8"}],"replies":[{"embeddable":true,"href":"https:\/\/www.press7.tv\/index.php?rest_route=%2Fwp%2Fv2%2Fcomments&post=32685"}],"version-history":[{"count":1,"href":"https:\/\/www.press7.tv\/index.php?rest_route=\/wp\/v2\/posts\/32685\/revisions"}],"predecessor-version":[{"id":32687,"href":"https:\/\/www.press7.tv\/index.php?rest_route=\/wp\/v2\/posts\/32685\/revisions\/32687"}],"wp:featuredmedia":[{"embeddable":true,"href":"https:\/\/www.press7.tv\/index.php?rest_route=\/wp\/v2\/media\/32686"}],"wp:attachment":[{"href":"https:\/\/www.press7.tv\/index.php?rest_route=%2Fwp%2Fv2%2Fmedia&parent=32685"}],"wp:term":[{"taxonomy":"category","embeddable":true,"href":"https:\/\/www.press7.tv\/index.php?rest_route=%2Fwp%2Fv2%2Fcategories&post=32685"},{"taxonomy":"post_tag","embeddable":true,"href":"https:\/\/www.press7.tv\/index.php?rest_route=%2Fwp%2Fv2%2Ftags&post=32685"}],"curies":[{"name":"wp","href":"https:\/\/api.w.org\/{rel}","templated":true}]}}