{"id":32682,"date":"2026-08-31T18:21:26","date_gmt":"2026-08-31T18:21:26","guid":{"rendered":"https:\/\/www.press7.tv\/?p=32682"},"modified":"2026-08-31T18:21:26","modified_gmt":"2026-08-31T18:21:26","slug":"kongresi-amerikan-kerkon-masa-ndaj-serbise-se-vuciqit-ne-shenjester-lidhjet-me-rusine-dhe-kinen","status":"publish","type":"post","link":"https:\/\/www.press7.tv\/?p=32682","title":{"rendered":"Kongresi amerikan k\u00ebrkon masa ndaj Serbis\u00eb s\u00eb Vu\u00e7iqit: N\u00eb sh\u00ebnjest\u00ebr lidhjet me Rusin\u00eb dhe Kin\u00ebn"},"content":{"rendered":"\n    <div class=\"xs_social_share_widget xs_share_url before_content \t\tmain_content  wslu-style-2 wslu-share-box-shaped wslu-fill-colored wslu-share-m-5 wslu-none wslu-share-vertical wslu-theme-font-no wslu-main_content\">\n\n\t\t\n        <ul>\n\t\t\t        <\/ul>\n    <\/div> \n<p>\u201c\u00c7do iniciativ\u00eb q\u00eb vjen nga Kongresi Amerikan duhet t\u00eb merret seriozisht\u201d, i tha Radios Evropa e Lir\u00eb Ivan Vuja\u00e7iq, ish-ambasador serb n\u00eb Shtetet e Bashkuara.<\/p>\n<p>K\u00ebshtu e vler\u00ebson ai projektligjin n\u00eb Dhom\u00ebn e P\u00ebrfaq\u00ebsuesve q\u00eb k\u00ebrkon masa p\u00ebr Serbin\u00eb p\u00ebr shkak t\u00eb regresit t\u00eb demokracis\u00eb, Rusis\u00eb dhe Kin\u00ebs.<\/p>\n<p>Propozimi, t\u00eb cilin Radio Evropa e Lir\u00eb e ka par\u00eb, u paraqit nga republikani Joe Wilson dhe demokrati Bill Keating.<\/p>\n<p>Vuja\u00e7iq, vler\u00ebson se iniciativa nuk ka ndonj\u00eb ndikim t\u00eb drejtp\u00ebrdrejt\u00eb n\u00eb marr\u00ebdh\u00ebniet midis Serbis\u00eb dhe SHBA-s\u00eb, por se z\u00ebri n\u00eb Kongres q\u00eb vjen nga t\u00eb dyja pal\u00ebt \u00ebsht\u00eb i r\u00ebnd\u00ebsish\u00ebm.<\/p>\n<p>\u201cDhe \u00ebsht\u00eb dometh\u00ebn\u00ebse q\u00eb po flitet p\u00ebr k\u00ebt\u00eb n\u00eb k\u00ebt\u00eb m\u00ebnyr\u00eb n\u00eb nj\u00eb form\u00eb konkrete, gj\u00eb q\u00eb nuk \u00ebsht\u00eb praktikuar koh\u00ebt e fundit\u201d, thot\u00eb ai.<\/p>\n<p>Iniciativa e Wilson dhe Keating erdhi pasi Shtetet e Bashkuara dhe Serbia nis\u00ebn nj\u00eb Dialog Strategjik n\u00eb mesin e korrikut p\u00ebr t\u00eb thelluar bashk\u00ebpunimin.<\/p>\n<p>Projektligji p\u00ebrcakton gjithashtu se Dialogu Strategjik do t\u00eb kusht\u00ebzohet duke ngritur \u00e7\u00ebshtjen e marr\u00ebdh\u00ebnieve t\u00eb Serbis\u00eb me Rusin\u00eb, Kin\u00ebn dhe Iranin dhe gjendjen e demokracis\u00eb n\u00eb Serbi.<\/p>\n<p>Lidhur me k\u00ebt\u00eb iniciativ\u00eb, Departamenti i Shtetit i tha Radios Evropa e Lir\u00eb vet\u00ebm se ata \u201cpresin me padurim t\u00eb bashk\u00ebpunojn\u00eb me Serbin\u00eb p\u00ebr t\u00eb siguruar stabilitet t\u00eb q\u00ebndruesh\u00ebm n\u00eb Ballkanin Per\u00ebndimor\u201d.<\/p>\n<p>Ministria e Pun\u00ebve t\u00eb Jashtme e Serbis\u00eb dhe Presidenca serbe nuk iu p\u00ebrgjigj\u00ebn pyetjes s\u00eb Radios Evropa e Lir\u00eb n\u00eb lidhje me projektligjin e kongresmen\u00ebve amerikan\u00eb.<\/p>\n<p>Propozimi gjithashtu thot\u00eb se SHBA-t\u00eb duhet t\u00eb vendosin sanksione financiare dhe t\u00eb vizave ndaj aktor\u00ebve t\u00eb d\u00ebmsh\u00ebm q\u00eb kontribuojn\u00eb n\u00eb destabilizimin e Ballkanit Per\u00ebndimor.<\/p>\n<p>Sanksionet jan\u00eb parashikuar gjithashtu p\u00ebr personat q\u00eb k\u00ebrc\u00ebnojn\u00eb paqen, sigurin\u00eb, stabilitetin ose integritetin territorial t\u00eb \u00e7do zone ose shteti n\u00eb rajon.<\/p>\n<p>Thuhet se ata q\u00eb marrin pjes\u00eb n\u00eb minimin e proceseve dhe institucioneve demokratike, korrupsionin dhe shkeljet serioze t\u00eb t\u00eb drejtave t\u00eb njeriut n\u00eb Ballkanin Per\u00ebndimor duhet t\u00eb sanksionohen gjithashtu.<\/p>\n<p>Sanksione jan\u00eb parashikuar gjithashtu p\u00ebr pengimin e marr\u00ebveshjeve dhe kornizave rajonale p\u00ebr siguri, paqe, bashk\u00ebpunim ose njohje t\u00eb nd\u00ebrsjell\u00eb.<\/p>\n<p>Propozimi titullohet \u201cLigji p\u00ebr Mb\u00ebshtetjen e Sundimit t\u00eb Ligjit, Nd\u00ebrtimin e Drejt\u00ebsis\u00eb Institucionale dhe Llogaridh\u00ebnies\u201d, ose \u201cLigji i SERBIS\u00cb\u201d.<\/p>\n<p>\u2018N\u00eb axhend\u00eb ndoshta pas zgjedhjeve\u2019<\/p>\n<p>Republikani Wilson deklaroi se Serbia, n\u00ebn Presidentin Aleksandar Vu\u00e7i\u00e7, \u201c\u00ebsht\u00eb larguar q\u00ebllimisht gjithnj\u00eb e m\u00eb shum\u00eb nga sundimi i ligjit\u201d.<\/p>\n<p>\u201cDhe i solli m\u00eb af\u00ebr armiqve t\u00eb liris\u00eb si krimineli i luft\u00ebs (Presidenti rus Vladimir) Putin, Partia Komuniste e Kin\u00ebs dhe regjimi terrorist n\u00eb Teheran\u201d, shtoi ai.<\/p>\n<p>Wilson deklaroi gjithashtu se pavar\u00ebsisht protestave t\u00eb p\u00ebrhapura kund\u00ebr korrupsionit, \u201cqeveria e Vu\u00e7i\u00e7it k\u00ebrc\u00ebnon t\u00eb destabilizoj\u00eb rajonin dhe m\u00eb gjer\u00eb\u201d.<\/p>\n<p>\u201cPopulli i Serbis\u00eb meriton m\u00eb mir\u00eb\u201d, tha Wilson n\u00eb rrjetin X.<\/p>\n<p>Ish-ambasadori serb n\u00eb Uashington, Ivan Vuja\u00e7iq, thot\u00eb se kongresmeni Joe Wilson ka qen\u00eb n\u00eb grupin serb n\u00eb Kongresin e SHBA-s\u00eb p\u00ebr nj\u00eb koh\u00eb t\u00eb gjat\u00eb.<\/p>\n<p>\u201cAi u rekrutua n\u00eb grupin parlamentar kur un\u00eb isha ambasador n\u00eb SHBA, kur u formua fokusi i par\u00eb serb, k\u00ebshtu q\u00eb ai ka p\u00ebrvoj\u00eb. Ai \u00ebsht\u00eb gjithashtu n\u00eb Komitetin e Politik\u00ebs s\u00eb Jashtme\u201d, tha ai.<\/p>\n<p>Grupi Serb n\u00eb Kongresin Amerikan u formua n\u00eb vitin 2004 si nj\u00eb grup joformal dypartiak, detyra e t\u00eb cilit \u00ebsht\u00eb forcimi i marr\u00ebdh\u00ebnieve midis SHBA-s\u00eb dhe Serbis\u00eb.<\/p>\n<p>Duke v\u00ebn\u00eb n\u00eb dukje se miratimi i ligjit \u00ebsht\u00eb i nd\u00ebrlikuar dhe i gjat\u00eb, Vuja\u00e7iq nuk pret q\u00eb kjo t\u00eb ndodh\u00eb para zgjedhjeve n\u00eb n\u00ebntor.<\/p>\n<p>\u201c\u00cbsht\u00eb larg miratimit, pyetja \u00ebsht\u00eb se kur do t\u00eb jet\u00eb n\u00eb rend t\u00eb dit\u00ebs. Nuk shoh ndonj\u00eb urgjenc\u00eb apo m\u00ebnyr\u00eb q\u00eb t\u00eb miratohet para zgjedhjeve\u201d, beson Vuja\u00e7iq.<\/p>\n<p>Zgjedhjet e mesit t\u00eb mandatit p\u00ebr presidenc\u00ebn e Donald Trump m\u00eb 3 n\u00ebntor jan\u00eb vendimtare p\u00ebr p\u00ebrcaktimin e ekuilibrit t\u00eb pushtetit n\u00eb Kongres.<\/p>\n<p>N\u00eb n\u00ebntor, zgjidhet e gjith\u00eb Dhoma e P\u00ebrfaq\u00ebsuesve, dhoma e ul\u00ebt e Kongresit, si dhe nj\u00eb e treta e Senatit.<\/p>\n<p>E ardhmja e dialogut strategjik<\/p>\n<p>Sipas propozimit t\u00eb paraqitur nga Wilson dhe Keating, Dialogu Strategjik pritet t\u00eb pezullohet n\u00ebse \u00e7\u00ebshtjet e listuara n\u00eb projektligj nuk ngrihen n\u00eb t\u00eb.<\/p>\n<p>Ky propozim e detyron Sekretarin e Shtetit t\u00eb SHBA-s\u00eb q\u00eb t\u2019u paraqes\u00eb Komisioneve t\u00eb Pun\u00ebve t\u00eb Jashtme t\u00eb Dhom\u00ebs s\u00eb P\u00ebrfaq\u00ebsuesve dhe Senatit konfirmim, p\u00ebrpara takimit n\u00eb kuad\u00ebr t\u00eb Dialogut Strategjik, se do t\u00eb ngrihen \u00e7\u00ebshtjet e marr\u00ebdh\u00ebnieve t\u00eb Serbis\u00eb me Rusin\u00eb, Kin\u00ebn dhe Iranin.<\/p>\n<p>Si dhe \u00e7\u00ebshtjet e sigurimit t\u00eb zgjedhjeve t\u00eb lira dhe t\u00eb ndershme, luft\u00ebs kund\u00ebr korrupsionit, reform\u00ebs s\u00eb sundimit t\u00eb ligjit dhe forcimit t\u00eb qeverisjes demokratike, liris\u00eb s\u00eb shtypit dhe liris\u00eb s\u00eb tubimit.<\/p>\n<p>I pyetur se \u00e7far\u00eb do t\u00eb thoshte p\u00ebr Serbin\u00eb nj\u00eb nd\u00ebrprerje e mundshme e Dialogut Strategjik, Vuja\u00e7iq vler\u00ebsoi se dialogu ishte \u201cm\u00eb shum\u00eb nj\u00eb njoftim sesa nj\u00eb realitet\u201d.<\/p>\n<p>\u201cEnde nuk i shoh arritjet e atij Dialogu Strategjik, as nuk i shoh p\u00ebrfitimet e ekzagjeruara, t\u00eb pakt\u00ebn si\u00e7 aludohet, t\u00eb atij dialogu p\u00ebr Serbin\u00eb p\u00ebr momentin, e vetmja gj\u00eb \u00ebsht\u00eb se theksi \u00ebsht\u00eb te energjia\u201d, tha ai.<\/p>\n<p>Departamenti i Shtetit i tha m\u00eb par\u00eb Radios Evropa e Lir\u00eb se SHBA-t\u00eb dhe Serbia do t\u00eb punojn\u00eb p\u00ebrmes dialogut mbi q\u00ebllimet e p\u00ebrbashk\u00ebta, duke p\u00ebrfshir\u00eb paqen dhe stabilitetin rajonal, zgjerimin e lidhjeve t\u00eb biznesit dhe arsimit, si dhe nd\u00ebrtimin e nj\u00eb t\u00eb ardhmeje m\u00eb t\u00eb begat\u00eb.<\/p>\n<p>Si pjes\u00eb e Dialogut Strategjik, Shtetet e Bashkuara dhe Serbia n\u00ebnshkruan nj\u00eb Memorandum Mir\u00ebkuptimi mbi Infrastruktur\u00ebn Energjetike dhe Sigurin\u00eb Rajonale t\u00eb Energjis\u00eb n\u00eb mesin e korrikut.<\/p>\n<p>SHBA-t\u00eb mir\u00ebprit\u00ebn vendimin paraprak t\u00eb Serbis\u00eb p\u00ebr t\u00eb vazhduar me zbatimin e projektit t\u00eb hidrocentralit Djerdap III si projekti i par\u00eb i identifikuar sipas Marr\u00ebveshjes Nd\u00ebrqeveritare t\u00eb Energjis\u00eb.<\/p>\n<p>Ky projekt \u00ebsht\u00eb nj\u00eb hap drejt nj\u00eb Serbie m\u00eb t\u00eb pavarur nga ana energjetike.<\/p>\n<p>Uashingtoni e sheh kund\u00ebrshtimin e ndikimit kinez dhe rus si nj\u00eb nga interesat e tij kryesore n\u00eb Ballkanin Per\u00ebndimor.<\/p>\n<p>Ulja e var\u00ebsis\u00eb energjetike t\u00eb Ballkanit Per\u00ebndimor nga Rusia \u00ebsht\u00eb nd\u00ebr q\u00ebllimet e Aktit t\u00eb Autorizimit t\u00eb Mbrojtjes Komb\u00ebtare t\u00eb SHBA-s\u00eb, i miratuar n\u00eb mesin e dhjetorit 2025.<\/p>\n<p>I nj\u00ebjti ligj p\u00ebrcakton si q\u00ebllim edhe zvog\u00eblimin e ndikimit kinez n\u00eb k\u00ebt\u00eb rajon.<\/p>\n","protected":false},"excerpt":{"rendered":"<p>\u201c\u00c7do iniciativ\u00eb q\u00eb vjen nga Kongresi Amerikan duhet t\u00eb merret seriozisht\u201d, i tha Radios Evropa e Lir\u00eb Ivan Vuja\u00e7iq, ish-ambasador serb n\u00eb Shtetet e Bashkuara. K\u00ebshtu e vler\u00ebson ai projektligjin n\u00eb Dhom\u00ebn e P\u00ebrfaq\u00ebsuesve q\u00eb k\u00ebrkon masa p\u00ebr Serbin\u00eb p\u00ebr shkak t\u00eb regresit t\u00eb demokracis\u00eb, Rusis\u00eb dhe Kin\u00ebs. Propozimi, t\u00eb cilin Radio Evropa e Lir\u00eb [&hellip;]<\/p>\n","protected":false},"author":8,"featured_media":32683,"comment_status":"closed","ping_status":"closed","sticky":false,"template":"","format":"standard","meta":{"footnotes":""},"categories":[217,213],"tags":[],"class_list":["post-32682","post","type-post","status-publish","format-standard","has-post-thumbnail","hentry","category-bote","category-lajme"],"yoast_head":"<!-- This site is optimized with the Yoast SEO plugin v25.1 - https:\/\/yoast.com\/wordpress\/plugins\/seo\/ -->\n<title>Kongresi amerikan k\u00ebrkon masa ndaj Serbis\u00eb s\u00eb Vu\u00e7iqit: N\u00eb sh\u00ebnjest\u00ebr lidhjet me Rusin\u00eb dhe Kin\u00ebn - press7.tv<\/title>\n<meta name=\"robots\" content=\"index, follow, max-snippet:-1, max-image-preview:large, max-video-preview:-1\" \/>\n<link rel=\"canonical\" href=\"https:\/\/www.press7.tv\/?p=32682\" \/>\n<meta property=\"og:locale\" content=\"en_US\" \/>\n<meta property=\"og:type\" content=\"article\" \/>\n<meta property=\"og:title\" content=\"Kongresi amerikan k\u00ebrkon masa ndaj Serbis\u00eb s\u00eb Vu\u00e7iqit: N\u00eb sh\u00ebnjest\u00ebr lidhjet me Rusin\u00eb dhe Kin\u00ebn - press7.tv\" \/>\n<meta property=\"og:description\" content=\"\u201c\u00c7do iniciativ\u00eb q\u00eb vjen nga Kongresi Amerikan duhet t\u00eb merret seriozisht\u201d, i tha Radios Evropa e Lir\u00eb Ivan Vuja\u00e7iq, ish-ambasador serb n\u00eb Shtetet e Bashkuara. K\u00ebshtu e vler\u00ebson ai projektligjin n\u00eb Dhom\u00ebn e P\u00ebrfaq\u00ebsuesve q\u00eb k\u00ebrkon masa p\u00ebr Serbin\u00eb p\u00ebr shkak t\u00eb regresit t\u00eb demokracis\u00eb, Rusis\u00eb dhe Kin\u00ebs. Propozimi, t\u00eb cilin Radio Evropa e Lir\u00eb [&hellip;]\" \/>\n<meta property=\"og:url\" content=\"https:\/\/www.press7.tv\/?p=32682\" \/>\n<meta property=\"og:site_name\" content=\"press7.tv\" \/>\n<meta property=\"article:publisher\" content=\"https:\/\/www.facebook.com\/press7.tv\" \/>\n<meta property=\"article:published_time\" content=\"2026-08-31T18:21:26+00:00\" \/>\n<meta property=\"og:image\" content=\"https:\/\/www.press7.tv\/wp-content\/uploads\/2026\/08\/IMG_5388.avif\" \/>\n\t<meta property=\"og:image:width\" content=\"899\" \/>\n\t<meta property=\"og:image:height\" content=\"500\" \/>\n\t<meta property=\"og:image:type\" content=\"image\/jpeg\" \/>\n<meta name=\"author\" content=\"gazetar2\" \/>\n<meta name=\"twitter:card\" content=\"summary_large_image\" \/>\n<meta name=\"twitter:label1\" content=\"Written by\" \/>\n\t<meta name=\"twitter:data1\" content=\"gazetar2\" \/>\n\t<meta name=\"twitter:label2\" content=\"Est. reading time\" \/>\n\t<meta name=\"twitter:data2\" content=\"1 minute\" \/>\n<script type=\"application\/ld+json\" class=\"yoast-schema-graph\">{\"@context\":\"https:\/\/schema.org\",\"@graph\":[{\"@type\":\"Article\",\"@id\":\"https:\/\/www.press7.tv\/?p=32682#article\",\"isPartOf\":{\"@id\":\"https:\/\/www.press7.tv\/?p=32682\"},\"author\":{\"name\":\"gazetar2\",\"@id\":\"https:\/\/www.news33.tv\/#\/schema\/person\/5a04a38a23ccdba82f9bd665cd8f9efa\"},\"headline\":\"Kongresi amerikan k\u00ebrkon masa ndaj Serbis\u00eb s\u00eb Vu\u00e7iqit: N\u00eb sh\u00ebnjest\u00ebr lidhjet me Rusin\u00eb dhe Kin\u00ebn\",\"datePublished\":\"2026-08-31T18:21:26+00:00\",\"mainEntityOfPage\":{\"@id\":\"https:\/\/www.press7.tv\/?p=32682\"},\"wordCount\":1121,\"publisher\":{\"@id\":\"https:\/\/www.news33.tv\/#organization\"},\"image\":{\"@id\":\"https:\/\/www.press7.tv\/?p=32682#primaryimage\"},\"thumbnailUrl\":\"https:\/\/www.press7.tv\/wp-content\/uploads\/2026\/08\/IMG_5388.avif\",\"articleSection\":[\"Bot\u00eb\",\"Lajme\"],\"inLanguage\":\"en-US\"},{\"@type\":\"WebPage\",\"@id\":\"https:\/\/www.press7.tv\/?p=32682\",\"url\":\"https:\/\/www.press7.tv\/?p=32682\",\"name\":\"Kongresi amerikan k\u00ebrkon masa ndaj Serbis\u00eb s\u00eb Vu\u00e7iqit: N\u00eb sh\u00ebnjest\u00ebr lidhjet me Rusin\u00eb dhe Kin\u00ebn - press7.tv\",\"isPartOf\":{\"@id\":\"https:\/\/www.news33.tv\/#website\"},\"primaryImageOfPage\":{\"@id\":\"https:\/\/www.press7.tv\/?p=32682#primaryimage\"},\"image\":{\"@id\":\"https:\/\/www.press7.tv\/?p=32682#primaryimage\"},\"thumbnailUrl\":\"https:\/\/www.press7.tv\/wp-content\/uploads\/2026\/08\/IMG_5388.avif\",\"datePublished\":\"2026-08-31T18:21:26+00:00\",\"breadcrumb\":{\"@id\":\"https:\/\/www.press7.tv\/?p=32682#breadcrumb\"},\"inLanguage\":\"en-US\",\"potentialAction\":[{\"@type\":\"ReadAction\",\"target\":[\"https:\/\/www.press7.tv\/?p=32682\"]}]},{\"@type\":\"ImageObject\",\"inLanguage\":\"en-US\",\"@id\":\"https:\/\/www.press7.tv\/?p=32682#primaryimage\",\"url\":\"https:\/\/www.press7.tv\/wp-content\/uploads\/2026\/08\/IMG_5388.avif\",\"contentUrl\":\"https:\/\/www.press7.tv\/wp-content\/uploads\/2026\/08\/IMG_5388.avif\",\"width\":899,\"height\":500},{\"@type\":\"BreadcrumbList\",\"@id\":\"https:\/\/www.press7.tv\/?p=32682#breadcrumb\",\"itemListElement\":[{\"@type\":\"ListItem\",\"position\":1,\"name\":\"Home\",\"item\":\"https:\/\/www.press7.tv\/\"},{\"@type\":\"ListItem\",\"position\":2,\"name\":\"Kongresi amerikan k\u00ebrkon masa ndaj Serbis\u00eb s\u00eb Vu\u00e7iqit: N\u00eb sh\u00ebnjest\u00ebr lidhjet me Rusin\u00eb dhe Kin\u00ebn\"}]},{\"@type\":\"WebSite\",\"@id\":\"https:\/\/www.news33.tv\/#website\",\"url\":\"https:\/\/www.news33.tv\/\",\"name\":\"News33.tv Media\",\"description\":\"Media\",\"publisher\":{\"@id\":\"https:\/\/www.news33.tv\/#organization\"},\"potentialAction\":[{\"@type\":\"SearchAction\",\"target\":{\"@type\":\"EntryPoint\",\"urlTemplate\":\"https:\/\/www.news33.tv\/?s={search_term_string}\"},\"query-input\":{\"@type\":\"PropertyValueSpecification\",\"valueRequired\":true,\"valueName\":\"search_term_string\"}}],\"inLanguage\":\"en-US\"},{\"@type\":\"Organization\",\"@id\":\"https:\/\/www.news33.tv\/#organization\",\"name\":\"News33.tv Media\",\"url\":\"https:\/\/www.news33.tv\/\",\"logo\":{\"@type\":\"ImageObject\",\"inLanguage\":\"en-US\",\"@id\":\"https:\/\/www.news33.tv\/#\/schema\/logo\/image\/\",\"url\":\"https:\/\/www.press7.tv\/wp-content\/uploads\/2024\/02\/logo-news33-black.png\",\"contentUrl\":\"https:\/\/www.press7.tv\/wp-content\/uploads\/2024\/02\/logo-news33-black.png\",\"width\":180,\"height\":37,\"caption\":\"News33.tv Media\"},\"image\":{\"@id\":\"https:\/\/www.news33.tv\/#\/schema\/logo\/image\/\"},\"sameAs\":[\"https:\/\/www.facebook.com\/press7.tv\"]},{\"@type\":\"Person\",\"@id\":\"https:\/\/www.news33.tv\/#\/schema\/person\/5a04a38a23ccdba82f9bd665cd8f9efa\",\"name\":\"gazetar2\",\"image\":{\"@type\":\"ImageObject\",\"inLanguage\":\"en-US\",\"@id\":\"https:\/\/www.news33.tv\/#\/schema\/person\/image\/\",\"url\":\"https:\/\/www.press7.tv\/wp-content\/litespeed\/avatar\/41975e402c3049d9ddb03adca8f7a883.jpg?ver=1788056178\",\"contentUrl\":\"https:\/\/www.press7.tv\/wp-content\/litespeed\/avatar\/41975e402c3049d9ddb03adca8f7a883.jpg?ver=1788056178\",\"caption\":\"gazetar2\"},\"url\":\"https:\/\/www.press7.tv\/?author=8\"}]}<\/script>\n<!-- \/ Yoast SEO plugin. -->","yoast_head_json":{"title":"Kongresi amerikan k\u00ebrkon masa ndaj Serbis\u00eb s\u00eb Vu\u00e7iqit: N\u00eb sh\u00ebnjest\u00ebr lidhjet me Rusin\u00eb dhe Kin\u00ebn - press7.tv","robots":{"index":"index","follow":"follow","max-snippet":"max-snippet:-1","max-image-preview":"max-image-preview:large","max-video-preview":"max-video-preview:-1"},"canonical":"https:\/\/www.press7.tv\/?p=32682","og_locale":"en_US","og_type":"article","og_title":"Kongresi amerikan k\u00ebrkon masa ndaj Serbis\u00eb s\u00eb Vu\u00e7iqit: N\u00eb sh\u00ebnjest\u00ebr lidhjet me Rusin\u00eb dhe Kin\u00ebn - press7.tv","og_description":"\u201c\u00c7do iniciativ\u00eb q\u00eb vjen nga Kongresi Amerikan duhet t\u00eb merret seriozisht\u201d, i tha Radios Evropa e Lir\u00eb Ivan Vuja\u00e7iq, ish-ambasador serb n\u00eb Shtetet e Bashkuara. K\u00ebshtu e vler\u00ebson ai projektligjin n\u00eb Dhom\u00ebn e P\u00ebrfaq\u00ebsuesve q\u00eb k\u00ebrkon masa p\u00ebr Serbin\u00eb p\u00ebr shkak t\u00eb regresit t\u00eb demokracis\u00eb, Rusis\u00eb dhe Kin\u00ebs. Propozimi, t\u00eb cilin Radio Evropa e Lir\u00eb [&hellip;]","og_url":"https:\/\/www.press7.tv\/?p=32682","og_site_name":"press7.tv","article_publisher":"https:\/\/www.facebook.com\/press7.tv","article_published_time":"2026-08-31T18:21:26+00:00","og_image":[{"width":899,"height":500,"url":"https:\/\/www.press7.tv\/wp-content\/uploads\/2026\/08\/IMG_5388.avif","type":"image\/jpeg"}],"author":"gazetar2","twitter_card":"summary_large_image","twitter_misc":{"Written by":"gazetar2","Est. reading time":"1 minute"},"schema":{"@context":"https:\/\/schema.org","@graph":[{"@type":"Article","@id":"https:\/\/www.press7.tv\/?p=32682#article","isPartOf":{"@id":"https:\/\/www.press7.tv\/?p=32682"},"author":{"name":"gazetar2","@id":"https:\/\/www.news33.tv\/#\/schema\/person\/5a04a38a23ccdba82f9bd665cd8f9efa"},"headline":"Kongresi amerikan k\u00ebrkon masa ndaj Serbis\u00eb s\u00eb Vu\u00e7iqit: N\u00eb sh\u00ebnjest\u00ebr lidhjet me Rusin\u00eb dhe Kin\u00ebn","datePublished":"2026-08-31T18:21:26+00:00","mainEntityOfPage":{"@id":"https:\/\/www.press7.tv\/?p=32682"},"wordCount":1121,"publisher":{"@id":"https:\/\/www.news33.tv\/#organization"},"image":{"@id":"https:\/\/www.press7.tv\/?p=32682#primaryimage"},"thumbnailUrl":"https:\/\/www.press7.tv\/wp-content\/uploads\/2026\/08\/IMG_5388.avif","articleSection":["Bot\u00eb","Lajme"],"inLanguage":"en-US"},{"@type":"WebPage","@id":"https:\/\/www.press7.tv\/?p=32682","url":"https:\/\/www.press7.tv\/?p=32682","name":"Kongresi amerikan k\u00ebrkon masa ndaj Serbis\u00eb s\u00eb Vu\u00e7iqit: N\u00eb sh\u00ebnjest\u00ebr lidhjet me Rusin\u00eb dhe Kin\u00ebn - press7.tv","isPartOf":{"@id":"https:\/\/www.news33.tv\/#website"},"primaryImageOfPage":{"@id":"https:\/\/www.press7.tv\/?p=32682#primaryimage"},"image":{"@id":"https:\/\/www.press7.tv\/?p=32682#primaryimage"},"thumbnailUrl":"https:\/\/www.press7.tv\/wp-content\/uploads\/2026\/08\/IMG_5388.avif","datePublished":"2026-08-31T18:21:26+00:00","breadcrumb":{"@id":"https:\/\/www.press7.tv\/?p=32682#breadcrumb"},"inLanguage":"en-US","potentialAction":[{"@type":"ReadAction","target":["https:\/\/www.press7.tv\/?p=32682"]}]},{"@type":"ImageObject","inLanguage":"en-US","@id":"https:\/\/www.press7.tv\/?p=32682#primaryimage","url":"https:\/\/www.press7.tv\/wp-content\/uploads\/2026\/08\/IMG_5388.avif","contentUrl":"https:\/\/www.press7.tv\/wp-content\/uploads\/2026\/08\/IMG_5388.avif","width":899,"height":500},{"@type":"BreadcrumbList","@id":"https:\/\/www.press7.tv\/?p=32682#breadcrumb","itemListElement":[{"@type":"ListItem","position":1,"name":"Home","item":"https:\/\/www.press7.tv\/"},{"@type":"ListItem","position":2,"name":"Kongresi amerikan k\u00ebrkon masa ndaj Serbis\u00eb s\u00eb Vu\u00e7iqit: N\u00eb sh\u00ebnjest\u00ebr lidhjet me Rusin\u00eb dhe Kin\u00ebn"}]},{"@type":"WebSite","@id":"https:\/\/www.news33.tv\/#website","url":"https:\/\/www.news33.tv\/","name":"News33.tv Media","description":"Media","publisher":{"@id":"https:\/\/www.news33.tv\/#organization"},"potentialAction":[{"@type":"SearchAction","target":{"@type":"EntryPoint","urlTemplate":"https:\/\/www.news33.tv\/?s={search_term_string}"},"query-input":{"@type":"PropertyValueSpecification","valueRequired":true,"valueName":"search_term_string"}}],"inLanguage":"en-US"},{"@type":"Organization","@id":"https:\/\/www.news33.tv\/#organization","name":"News33.tv Media","url":"https:\/\/www.news33.tv\/","logo":{"@type":"ImageObject","inLanguage":"en-US","@id":"https:\/\/www.news33.tv\/#\/schema\/logo\/image\/","url":"https:\/\/www.press7.tv\/wp-content\/uploads\/2024\/02\/logo-news33-black.png","contentUrl":"https:\/\/www.press7.tv\/wp-content\/uploads\/2024\/02\/logo-news33-black.png","width":180,"height":37,"caption":"News33.tv Media"},"image":{"@id":"https:\/\/www.news33.tv\/#\/schema\/logo\/image\/"},"sameAs":["https:\/\/www.facebook.com\/press7.tv"]},{"@type":"Person","@id":"https:\/\/www.news33.tv\/#\/schema\/person\/5a04a38a23ccdba82f9bd665cd8f9efa","name":"gazetar2","image":{"@type":"ImageObject","inLanguage":"en-US","@id":"https:\/\/www.news33.tv\/#\/schema\/person\/image\/","url":"https:\/\/www.press7.tv\/wp-content\/litespeed\/avatar\/41975e402c3049d9ddb03adca8f7a883.jpg?ver=1788056178","contentUrl":"https:\/\/www.press7.tv\/wp-content\/litespeed\/avatar\/41975e402c3049d9ddb03adca8f7a883.jpg?ver=1788056178","caption":"gazetar2"},"url":"https:\/\/www.press7.tv\/?author=8"}]}},"amp_enabled":true,"_links":{"self":[{"href":"https:\/\/www.press7.tv\/index.php?rest_route=\/wp\/v2\/posts\/32682","targetHints":{"allow":["GET"]}}],"collection":[{"href":"https:\/\/www.press7.tv\/index.php?rest_route=\/wp\/v2\/posts"}],"about":[{"href":"https:\/\/www.press7.tv\/index.php?rest_route=\/wp\/v2\/types\/post"}],"author":[{"embeddable":true,"href":"https:\/\/www.press7.tv\/index.php?rest_route=\/wp\/v2\/users\/8"}],"replies":[{"embeddable":true,"href":"https:\/\/www.press7.tv\/index.php?rest_route=%2Fwp%2Fv2%2Fcomments&post=32682"}],"version-history":[{"count":1,"href":"https:\/\/www.press7.tv\/index.php?rest_route=\/wp\/v2\/posts\/32682\/revisions"}],"predecessor-version":[{"id":32684,"href":"https:\/\/www.press7.tv\/index.php?rest_route=\/wp\/v2\/posts\/32682\/revisions\/32684"}],"wp:featuredmedia":[{"embeddable":true,"href":"https:\/\/www.press7.tv\/index.php?rest_route=\/wp\/v2\/media\/32683"}],"wp:attachment":[{"href":"https:\/\/www.press7.tv\/index.php?rest_route=%2Fwp%2Fv2%2Fmedia&parent=32682"}],"wp:term":[{"taxonomy":"category","embeddable":true,"href":"https:\/\/www.press7.tv\/index.php?rest_route=%2Fwp%2Fv2%2Fcategories&post=32682"},{"taxonomy":"post_tag","embeddable":true,"href":"https:\/\/www.press7.tv\/index.php?rest_route=%2Fwp%2Fv2%2Ftags&post=32682"}],"curies":[{"name":"wp","href":"https:\/\/api.w.org\/{rel}","templated":true}]}}