{"id":32679,"date":"2026-08-31T17:06:59","date_gmt":"2026-08-31T17:06:59","guid":{"rendered":"https:\/\/www.press7.tv\/?p=32679"},"modified":"2026-08-31T17:06:59","modified_gmt":"2026-08-31T17:06:59","slug":"ukrainasit-kryejne-sulm-me-raketa-ne-belgorod-godasin-termocentralin-dhe-objektet-e-ozonit-ne-rusi","status":"publish","type":"post","link":"https:\/\/www.press7.tv\/?p=32679","title":{"rendered":"Ukrainasit kryejn\u00eb sulm me raketa n\u00eb Belgorod, godasin termocentralin dhe objektet e Ozonit n\u00eb Rusi"},"content":{"rendered":"\n    <div class=\"xs_social_share_widget xs_share_url before_content \t\tmain_content  wslu-style-2 wslu-share-box-shaped wslu-fill-colored wslu-share-m-5 wslu-none wslu-share-vertical wslu-theme-font-no wslu-main_content\">\n\n\t\t\n        <ul>\n\t\t\t        <\/ul>\n    <\/div> \n<p>Ukraina ka nd\u00ebrmarr\u00eb nj\u00eb sulm me raketa ndaj qytetit rus t\u00eb Belgorodit m\u00eb 30 gusht, duke goditur disa objekte strategjike dhe duke shkaktuar zjarre n\u00eb disa zona.<\/p>\n<p>Sipas raportimeve, nd\u00ebr objektivat e goditur ishte nj\u00eb termocentral, nd\u00ebrsa n\u00eb sh\u00ebnjest\u00ebr kan\u00eb qen\u00eb edhe magazina dhe qendra logjistike t\u00eb kompanis\u00eb ruse t\u00eb tregtis\u00eb online Ozon.<\/p>\n<p>Sulmet shkaktuan zjarre n\u00eb disa lokacione, nd\u00ebrsa autoritetet lokale ruse raportuan edhe p\u00ebr persona t\u00eb l\u00ebnduar.<\/p>\n<p>Ozon konfirmoi se qendra e saj e klasifikimit dhe nj\u00eb qend\u00ebr shp\u00ebrndarjeje n\u00eb Belgorod u d\u00ebmtuan nga sulmi, duke detyruar kompanin\u00eb t\u00eb pezulloj\u00eb p\u00ebrkoh\u00ebsisht aktivitetin dhe d\u00ebrgesat n\u00eb Belgorod dhe n\u00eb zonat p\u00ebrreth.<\/p>\n<p>Sulmi vjen n\u00eb nj\u00eb periudh\u00eb kur Ukraina ka intensifikuar goditjet ndaj objektivave n\u00eb territorin rus, ve\u00e7an\u00ebrisht ndaj infrastruktur\u00ebs energjetike, logjistike dhe ushtarake q\u00eb konsiderohet e r\u00ebnd\u00ebsishme p\u00ebr p\u00ebrpjekjet ruse t\u00eb luft\u00ebs.<\/p>\n<p>Belgorodi, i cili ndodhet pran\u00eb kufirit me Ukrain\u00ebn, \u00ebsht\u00eb b\u00ebr\u00eb vazhdimisht objekt i sulmeve ukrainase q\u00eb nga fillimi i pushtimit rus n\u00eb shkall\u00eb t\u00eb plot\u00eb.<\/p>\n","protected":false},"excerpt":{"rendered":"<p>Ukraina ka nd\u00ebrmarr\u00eb nj\u00eb sulm me raketa ndaj qytetit rus t\u00eb Belgorodit m\u00eb 30 gusht, duke goditur disa objekte strategjike dhe duke shkaktuar zjarre n\u00eb disa zona. Sipas raportimeve, nd\u00ebr objektivat e goditur ishte nj\u00eb termocentral, nd\u00ebrsa n\u00eb sh\u00ebnjest\u00ebr kan\u00eb qen\u00eb edhe magazina dhe qendra logjistike t\u00eb kompanis\u00eb ruse t\u00eb tregtis\u00eb online Ozon. Sulmet shkaktuan [&hellip;]<\/p>\n","protected":false},"author":8,"featured_media":32680,"comment_status":"closed","ping_status":"closed","sticky":false,"template":"","format":"standard","meta":{"footnotes":""},"categories":[217,213],"tags":[],"class_list":["post-32679","post","type-post","status-publish","format-standard","has-post-thumbnail","hentry","category-bote","category-lajme"],"yoast_head":"<!-- This site is optimized with the Yoast SEO plugin v25.1 - https:\/\/yoast.com\/wordpress\/plugins\/seo\/ -->\n<title>Ukrainasit kryejn\u00eb sulm me raketa n\u00eb Belgorod, godasin termocentralin dhe objektet e Ozonit n\u00eb Rusi - press7.tv<\/title>\n<meta name=\"robots\" content=\"index, follow, max-snippet:-1, max-image-preview:large, max-video-preview:-1\" \/>\n<link rel=\"canonical\" href=\"https:\/\/www.press7.tv\/?p=32679\" \/>\n<meta property=\"og:locale\" content=\"en_US\" \/>\n<meta property=\"og:type\" content=\"article\" \/>\n<meta property=\"og:title\" content=\"Ukrainasit kryejn\u00eb sulm me raketa n\u00eb Belgorod, godasin termocentralin dhe objektet e Ozonit n\u00eb Rusi - press7.tv\" \/>\n<meta property=\"og:description\" content=\"Ukraina ka nd\u00ebrmarr\u00eb nj\u00eb sulm me raketa ndaj qytetit rus t\u00eb Belgorodit m\u00eb 30 gusht, duke goditur disa objekte strategjike dhe duke shkaktuar zjarre n\u00eb disa zona. Sipas raportimeve, nd\u00ebr objektivat e goditur ishte nj\u00eb termocentral, nd\u00ebrsa n\u00eb sh\u00ebnjest\u00ebr kan\u00eb qen\u00eb edhe magazina dhe qendra logjistike t\u00eb kompanis\u00eb ruse t\u00eb tregtis\u00eb online Ozon. Sulmet shkaktuan [&hellip;]\" \/>\n<meta property=\"og:url\" content=\"https:\/\/www.press7.tv\/?p=32679\" \/>\n<meta property=\"og:site_name\" content=\"press7.tv\" \/>\n<meta property=\"article:publisher\" content=\"https:\/\/www.facebook.com\/press7.tv\" \/>\n<meta property=\"article:published_time\" content=\"2026-08-31T17:06:59+00:00\" \/>\n<meta property=\"og:image\" content=\"https:\/\/www.press7.tv\/wp-content\/uploads\/2026\/08\/IMG_5385.avif\" \/>\n\t<meta property=\"og:image:width\" content=\"899\" \/>\n\t<meta property=\"og:image:height\" content=\"500\" \/>\n\t<meta property=\"og:image:type\" content=\"image\/jpeg\" \/>\n<meta name=\"author\" content=\"gazetar2\" \/>\n<meta name=\"twitter:card\" content=\"summary_large_image\" \/>\n<meta name=\"twitter:label1\" content=\"Written by\" \/>\n\t<meta name=\"twitter:data1\" content=\"gazetar2\" \/>\n\t<meta name=\"twitter:label2\" content=\"Est. reading time\" \/>\n\t<meta name=\"twitter:data2\" content=\"1 minute\" \/>\n<script type=\"application\/ld+json\" class=\"yoast-schema-graph\">{\"@context\":\"https:\/\/schema.org\",\"@graph\":[{\"@type\":\"Article\",\"@id\":\"https:\/\/www.press7.tv\/?p=32679#article\",\"isPartOf\":{\"@id\":\"https:\/\/www.press7.tv\/?p=32679\"},\"author\":{\"name\":\"gazetar2\",\"@id\":\"https:\/\/www.news33.tv\/#\/schema\/person\/5a04a38a23ccdba82f9bd665cd8f9efa\"},\"headline\":\"Ukrainasit kryejn\u00eb sulm me raketa n\u00eb Belgorod, godasin termocentralin dhe objektet e Ozonit n\u00eb Rusi\",\"datePublished\":\"2026-08-31T17:06:59+00:00\",\"mainEntityOfPage\":{\"@id\":\"https:\/\/www.press7.tv\/?p=32679\"},\"wordCount\":197,\"publisher\":{\"@id\":\"https:\/\/www.news33.tv\/#organization\"},\"image\":{\"@id\":\"https:\/\/www.press7.tv\/?p=32679#primaryimage\"},\"thumbnailUrl\":\"https:\/\/www.press7.tv\/wp-content\/uploads\/2026\/08\/IMG_5385.avif\",\"articleSection\":[\"Bot\u00eb\",\"Lajme\"],\"inLanguage\":\"en-US\"},{\"@type\":\"WebPage\",\"@id\":\"https:\/\/www.press7.tv\/?p=32679\",\"url\":\"https:\/\/www.press7.tv\/?p=32679\",\"name\":\"Ukrainasit kryejn\u00eb sulm me raketa n\u00eb Belgorod, godasin termocentralin dhe objektet e Ozonit n\u00eb Rusi - press7.tv\",\"isPartOf\":{\"@id\":\"https:\/\/www.news33.tv\/#website\"},\"primaryImageOfPage\":{\"@id\":\"https:\/\/www.press7.tv\/?p=32679#primaryimage\"},\"image\":{\"@id\":\"https:\/\/www.press7.tv\/?p=32679#primaryimage\"},\"thumbnailUrl\":\"https:\/\/www.press7.tv\/wp-content\/uploads\/2026\/08\/IMG_5385.avif\",\"datePublished\":\"2026-08-31T17:06:59+00:00\",\"breadcrumb\":{\"@id\":\"https:\/\/www.press7.tv\/?p=32679#breadcrumb\"},\"inLanguage\":\"en-US\",\"potentialAction\":[{\"@type\":\"ReadAction\",\"target\":[\"https:\/\/www.press7.tv\/?p=32679\"]}]},{\"@type\":\"ImageObject\",\"inLanguage\":\"en-US\",\"@id\":\"https:\/\/www.press7.tv\/?p=32679#primaryimage\",\"url\":\"https:\/\/www.press7.tv\/wp-content\/uploads\/2026\/08\/IMG_5385.avif\",\"contentUrl\":\"https:\/\/www.press7.tv\/wp-content\/uploads\/2026\/08\/IMG_5385.avif\",\"width\":899,\"height\":500},{\"@type\":\"BreadcrumbList\",\"@id\":\"https:\/\/www.press7.tv\/?p=32679#breadcrumb\",\"itemListElement\":[{\"@type\":\"ListItem\",\"position\":1,\"name\":\"Home\",\"item\":\"https:\/\/www.press7.tv\/\"},{\"@type\":\"ListItem\",\"position\":2,\"name\":\"Ukrainasit kryejn\u00eb sulm me raketa n\u00eb Belgorod, godasin termocentralin dhe objektet e Ozonit n\u00eb Rusi\"}]},{\"@type\":\"WebSite\",\"@id\":\"https:\/\/www.news33.tv\/#website\",\"url\":\"https:\/\/www.news33.tv\/\",\"name\":\"News33.tv Media\",\"description\":\"Media\",\"publisher\":{\"@id\":\"https:\/\/www.news33.tv\/#organization\"},\"potentialAction\":[{\"@type\":\"SearchAction\",\"target\":{\"@type\":\"EntryPoint\",\"urlTemplate\":\"https:\/\/www.news33.tv\/?s={search_term_string}\"},\"query-input\":{\"@type\":\"PropertyValueSpecification\",\"valueRequired\":true,\"valueName\":\"search_term_string\"}}],\"inLanguage\":\"en-US\"},{\"@type\":\"Organization\",\"@id\":\"https:\/\/www.news33.tv\/#organization\",\"name\":\"News33.tv Media\",\"url\":\"https:\/\/www.news33.tv\/\",\"logo\":{\"@type\":\"ImageObject\",\"inLanguage\":\"en-US\",\"@id\":\"https:\/\/www.news33.tv\/#\/schema\/logo\/image\/\",\"url\":\"https:\/\/www.press7.tv\/wp-content\/uploads\/2024\/02\/logo-news33-black.png\",\"contentUrl\":\"https:\/\/www.press7.tv\/wp-content\/uploads\/2024\/02\/logo-news33-black.png\",\"width\":180,\"height\":37,\"caption\":\"News33.tv Media\"},\"image\":{\"@id\":\"https:\/\/www.news33.tv\/#\/schema\/logo\/image\/\"},\"sameAs\":[\"https:\/\/www.facebook.com\/press7.tv\"]},{\"@type\":\"Person\",\"@id\":\"https:\/\/www.news33.tv\/#\/schema\/person\/5a04a38a23ccdba82f9bd665cd8f9efa\",\"name\":\"gazetar2\",\"image\":{\"@type\":\"ImageObject\",\"inLanguage\":\"en-US\",\"@id\":\"https:\/\/www.news33.tv\/#\/schema\/person\/image\/\",\"url\":\"https:\/\/www.press7.tv\/wp-content\/litespeed\/avatar\/41975e402c3049d9ddb03adca8f7a883.jpg?ver=1788056178\",\"contentUrl\":\"https:\/\/www.press7.tv\/wp-content\/litespeed\/avatar\/41975e402c3049d9ddb03adca8f7a883.jpg?ver=1788056178\",\"caption\":\"gazetar2\"},\"url\":\"https:\/\/www.press7.tv\/?author=8\"}]}<\/script>\n<!-- \/ Yoast SEO plugin. -->","yoast_head_json":{"title":"Ukrainasit kryejn\u00eb sulm me raketa n\u00eb Belgorod, godasin termocentralin dhe objektet e Ozonit n\u00eb Rusi - press7.tv","robots":{"index":"index","follow":"follow","max-snippet":"max-snippet:-1","max-image-preview":"max-image-preview:large","max-video-preview":"max-video-preview:-1"},"canonical":"https:\/\/www.press7.tv\/?p=32679","og_locale":"en_US","og_type":"article","og_title":"Ukrainasit kryejn\u00eb sulm me raketa n\u00eb Belgorod, godasin termocentralin dhe objektet e Ozonit n\u00eb Rusi - press7.tv","og_description":"Ukraina ka nd\u00ebrmarr\u00eb nj\u00eb sulm me raketa ndaj qytetit rus t\u00eb Belgorodit m\u00eb 30 gusht, duke goditur disa objekte strategjike dhe duke shkaktuar zjarre n\u00eb disa zona. Sipas raportimeve, nd\u00ebr objektivat e goditur ishte nj\u00eb termocentral, nd\u00ebrsa n\u00eb sh\u00ebnjest\u00ebr kan\u00eb qen\u00eb edhe magazina dhe qendra logjistike t\u00eb kompanis\u00eb ruse t\u00eb tregtis\u00eb online Ozon. Sulmet shkaktuan [&hellip;]","og_url":"https:\/\/www.press7.tv\/?p=32679","og_site_name":"press7.tv","article_publisher":"https:\/\/www.facebook.com\/press7.tv","article_published_time":"2026-08-31T17:06:59+00:00","og_image":[{"width":899,"height":500,"url":"https:\/\/www.press7.tv\/wp-content\/uploads\/2026\/08\/IMG_5385.avif","type":"image\/jpeg"}],"author":"gazetar2","twitter_card":"summary_large_image","twitter_misc":{"Written by":"gazetar2","Est. reading time":"1 minute"},"schema":{"@context":"https:\/\/schema.org","@graph":[{"@type":"Article","@id":"https:\/\/www.press7.tv\/?p=32679#article","isPartOf":{"@id":"https:\/\/www.press7.tv\/?p=32679"},"author":{"name":"gazetar2","@id":"https:\/\/www.news33.tv\/#\/schema\/person\/5a04a38a23ccdba82f9bd665cd8f9efa"},"headline":"Ukrainasit kryejn\u00eb sulm me raketa n\u00eb Belgorod, godasin termocentralin dhe objektet e Ozonit n\u00eb Rusi","datePublished":"2026-08-31T17:06:59+00:00","mainEntityOfPage":{"@id":"https:\/\/www.press7.tv\/?p=32679"},"wordCount":197,"publisher":{"@id":"https:\/\/www.news33.tv\/#organization"},"image":{"@id":"https:\/\/www.press7.tv\/?p=32679#primaryimage"},"thumbnailUrl":"https:\/\/www.press7.tv\/wp-content\/uploads\/2026\/08\/IMG_5385.avif","articleSection":["Bot\u00eb","Lajme"],"inLanguage":"en-US"},{"@type":"WebPage","@id":"https:\/\/www.press7.tv\/?p=32679","url":"https:\/\/www.press7.tv\/?p=32679","name":"Ukrainasit kryejn\u00eb sulm me raketa n\u00eb Belgorod, godasin termocentralin dhe objektet e Ozonit n\u00eb Rusi - press7.tv","isPartOf":{"@id":"https:\/\/www.news33.tv\/#website"},"primaryImageOfPage":{"@id":"https:\/\/www.press7.tv\/?p=32679#primaryimage"},"image":{"@id":"https:\/\/www.press7.tv\/?p=32679#primaryimage"},"thumbnailUrl":"https:\/\/www.press7.tv\/wp-content\/uploads\/2026\/08\/IMG_5385.avif","datePublished":"2026-08-31T17:06:59+00:00","breadcrumb":{"@id":"https:\/\/www.press7.tv\/?p=32679#breadcrumb"},"inLanguage":"en-US","potentialAction":[{"@type":"ReadAction","target":["https:\/\/www.press7.tv\/?p=32679"]}]},{"@type":"ImageObject","inLanguage":"en-US","@id":"https:\/\/www.press7.tv\/?p=32679#primaryimage","url":"https:\/\/www.press7.tv\/wp-content\/uploads\/2026\/08\/IMG_5385.avif","contentUrl":"https:\/\/www.press7.tv\/wp-content\/uploads\/2026\/08\/IMG_5385.avif","width":899,"height":500},{"@type":"BreadcrumbList","@id":"https:\/\/www.press7.tv\/?p=32679#breadcrumb","itemListElement":[{"@type":"ListItem","position":1,"name":"Home","item":"https:\/\/www.press7.tv\/"},{"@type":"ListItem","position":2,"name":"Ukrainasit kryejn\u00eb sulm me raketa n\u00eb Belgorod, godasin termocentralin dhe objektet e Ozonit n\u00eb Rusi"}]},{"@type":"WebSite","@id":"https:\/\/www.news33.tv\/#website","url":"https:\/\/www.news33.tv\/","name":"News33.tv Media","description":"Media","publisher":{"@id":"https:\/\/www.news33.tv\/#organization"},"potentialAction":[{"@type":"SearchAction","target":{"@type":"EntryPoint","urlTemplate":"https:\/\/www.news33.tv\/?s={search_term_string}"},"query-input":{"@type":"PropertyValueSpecification","valueRequired":true,"valueName":"search_term_string"}}],"inLanguage":"en-US"},{"@type":"Organization","@id":"https:\/\/www.news33.tv\/#organization","name":"News33.tv Media","url":"https:\/\/www.news33.tv\/","logo":{"@type":"ImageObject","inLanguage":"en-US","@id":"https:\/\/www.news33.tv\/#\/schema\/logo\/image\/","url":"https:\/\/www.press7.tv\/wp-content\/uploads\/2024\/02\/logo-news33-black.png","contentUrl":"https:\/\/www.press7.tv\/wp-content\/uploads\/2024\/02\/logo-news33-black.png","width":180,"height":37,"caption":"News33.tv Media"},"image":{"@id":"https:\/\/www.news33.tv\/#\/schema\/logo\/image\/"},"sameAs":["https:\/\/www.facebook.com\/press7.tv"]},{"@type":"Person","@id":"https:\/\/www.news33.tv\/#\/schema\/person\/5a04a38a23ccdba82f9bd665cd8f9efa","name":"gazetar2","image":{"@type":"ImageObject","inLanguage":"en-US","@id":"https:\/\/www.news33.tv\/#\/schema\/person\/image\/","url":"https:\/\/www.press7.tv\/wp-content\/litespeed\/avatar\/41975e402c3049d9ddb03adca8f7a883.jpg?ver=1788056178","contentUrl":"https:\/\/www.press7.tv\/wp-content\/litespeed\/avatar\/41975e402c3049d9ddb03adca8f7a883.jpg?ver=1788056178","caption":"gazetar2"},"url":"https:\/\/www.press7.tv\/?author=8"}]}},"amp_enabled":true,"_links":{"self":[{"href":"https:\/\/www.press7.tv\/index.php?rest_route=\/wp\/v2\/posts\/32679","targetHints":{"allow":["GET"]}}],"collection":[{"href":"https:\/\/www.press7.tv\/index.php?rest_route=\/wp\/v2\/posts"}],"about":[{"href":"https:\/\/www.press7.tv\/index.php?rest_route=\/wp\/v2\/types\/post"}],"author":[{"embeddable":true,"href":"https:\/\/www.press7.tv\/index.php?rest_route=\/wp\/v2\/users\/8"}],"replies":[{"embeddable":true,"href":"https:\/\/www.press7.tv\/index.php?rest_route=%2Fwp%2Fv2%2Fcomments&post=32679"}],"version-history":[{"count":1,"href":"https:\/\/www.press7.tv\/index.php?rest_route=\/wp\/v2\/posts\/32679\/revisions"}],"predecessor-version":[{"id":32681,"href":"https:\/\/www.press7.tv\/index.php?rest_route=\/wp\/v2\/posts\/32679\/revisions\/32681"}],"wp:featuredmedia":[{"embeddable":true,"href":"https:\/\/www.press7.tv\/index.php?rest_route=\/wp\/v2\/media\/32680"}],"wp:attachment":[{"href":"https:\/\/www.press7.tv\/index.php?rest_route=%2Fwp%2Fv2%2Fmedia&parent=32679"}],"wp:term":[{"taxonomy":"category","embeddable":true,"href":"https:\/\/www.press7.tv\/index.php?rest_route=%2Fwp%2Fv2%2Fcategories&post=32679"},{"taxonomy":"post_tag","embeddable":true,"href":"https:\/\/www.press7.tv\/index.php?rest_route=%2Fwp%2Fv2%2Ftags&post=32679"}],"curies":[{"name":"wp","href":"https:\/\/api.w.org\/{rel}","templated":true}]}}