{"id":32673,"date":"2026-08-31T11:41:28","date_gmt":"2026-08-31T11:41:28","guid":{"rendered":"https:\/\/www.press7.tv\/?p=32673"},"modified":"2026-08-31T11:41:28","modified_gmt":"2026-08-31T11:41:28","slug":"sejdiu-pranon-kandidaturen-per-president-jam-vene-ne-sherbim-te-republikes","status":"publish","type":"post","link":"https:\/\/www.press7.tv\/?p=32673","title":{"rendered":"Sejdiu pranon kandidatur\u00ebn p\u00ebr president: Jam v\u00ebn\u00eb n\u00eb sh\u00ebrbim t\u00eb Republik\u00ebs"},"content":{"rendered":"\n    <div class=\"xs_social_share_widget xs_share_url before_content \t\tmain_content  wslu-style-2 wslu-share-box-shaped wslu-fill-colored wslu-share-m-5 wslu-none wslu-share-vertical wslu-theme-font-no wslu-main_content\">\n\n\t\t\n        <ul>\n\t\t\t        <\/ul>\n    <\/div> \n<p>Kandidati i p\u00ebrbashk\u00ebt p\u00ebr President i L\u00ebvizjes Vet\u00ebvendosje dhe Lidhjes Demokratike t\u00eb Kosov\u00ebs, Bekim Sejdiu, ka pranuar propozimin p\u00ebr t\u00eb kandiduar p\u00ebr president, duke th\u00ebn\u00eb se \u00ebsht\u00eb v\u00ebn\u00eb n\u00eb sh\u00ebrbim t\u00eb Republik\u00ebs s\u00eb Kosov\u00ebs dhe qytetar\u00ebve t\u00eb saj. <\/p>\n<p>N\u00eb konferenc\u00ebn p\u00ebr media pas takimit t\u00eb fundit midis kreut t\u00eb LVV-s\u00eb, Albin Kurti dhe atij t\u00eb LDK-s\u00eb, Lumir Abdixhiku, ku i pranish\u00ebm ishte edhe vet\u00eb Sejdiu, ai ka th\u00ebn\u00eb se ndon\u00ebse ambicia e tij ka qen\u00eb kryesisht e orientuar drejt fushave akademike dhe profesionale, ka vendosur ta pranoj\u00eb propozimin duke pasur parasysh p\u00ebrgjegj\u00ebsin\u00eb q\u00eb bart posti i presidentit dhe rrethanat aktuale politike n\u00eb vend.<\/p>\n<p>\u201cM\u00eb b\u00ebn t\u00eb nderuar besimi q\u00eb t\u00eb dyja partit\u00eb m\u00eb kan\u00eb dh\u00ebn\u00eb, \u00ebsht\u00eb nder i madh. Duke qen\u00eb i vet\u00ebdijsh\u00ebm p\u00ebr barr\u00ebn e p\u00ebrgjegj\u00ebsin\u00eb q\u00eb e sjell posti i presidentit, por edhe me kontekstin aktual politik, jam vu n\u00eb sh\u00ebrbim t\u00eb Republik\u00ebs dhe qytetar\u00ebve tan\u00eb q\u00eb t\u00eb sh\u00ebrbej me devotshm\u00ebri\u201d, ka th\u00ebn\u00eb ai.<\/p>\n<p>Sejdiu m\u00eb tej ka shprehur shpres\u00ebn se institucionet dhe subjektet politike do t\u00eb gjejn\u00eb nj\u00eb rrug\u00eb p\u00ebr tejkalimin e situat\u00ebs aktuale.<\/p>\n<p>\u201cShpresojm\u00eb dhe besojm\u00eb q\u00eb Republika e Kosov\u00ebs do t\u00eb gjej\u00eb rrug\u00eb p\u00ebr t\u00eb ecur p\u00ebrpara dhe p\u00ebr t\u2019u p\u00ebrballur me sfidat e m\u00ebdha q\u00eb na presin\u201d, ka p\u00ebrfunduar Sejdiu. <\/p>\n","protected":false},"excerpt":{"rendered":"<p>Kandidati i p\u00ebrbashk\u00ebt p\u00ebr President i L\u00ebvizjes Vet\u00ebvendosje dhe Lidhjes Demokratike t\u00eb Kosov\u00ebs, Bekim Sejdiu, ka pranuar propozimin p\u00ebr t\u00eb kandiduar p\u00ebr president, duke th\u00ebn\u00eb se \u00ebsht\u00eb v\u00ebn\u00eb n\u00eb sh\u00ebrbim t\u00eb Republik\u00ebs s\u00eb Kosov\u00ebs dhe qytetar\u00ebve t\u00eb saj. N\u00eb konferenc\u00ebn p\u00ebr media pas takimit t\u00eb fundit midis kreut t\u00eb LVV-s\u00eb, Albin Kurti dhe atij t\u00eb [&hellip;]<\/p>\n","protected":false},"author":8,"featured_media":32674,"comment_status":"closed","ping_status":"closed","sticky":false,"template":"","format":"standard","meta":{"footnotes":""},"categories":[215,213],"tags":[],"class_list":["post-32673","post","type-post","status-publish","format-standard","has-post-thumbnail","hentry","category-kosove","category-lajme"],"yoast_head":"<!-- This site is optimized with the Yoast SEO plugin v25.1 - https:\/\/yoast.com\/wordpress\/plugins\/seo\/ -->\n<title>Sejdiu pranon kandidatur\u00ebn p\u00ebr president: Jam v\u00ebn\u00eb n\u00eb sh\u00ebrbim t\u00eb Republik\u00ebs - press7.tv<\/title>\n<meta name=\"robots\" content=\"index, follow, max-snippet:-1, max-image-preview:large, max-video-preview:-1\" \/>\n<link rel=\"canonical\" href=\"https:\/\/www.press7.tv\/?p=32673\" \/>\n<meta property=\"og:locale\" content=\"en_US\" \/>\n<meta property=\"og:type\" content=\"article\" \/>\n<meta property=\"og:title\" content=\"Sejdiu pranon kandidatur\u00ebn p\u00ebr president: Jam v\u00ebn\u00eb n\u00eb sh\u00ebrbim t\u00eb Republik\u00ebs - press7.tv\" \/>\n<meta property=\"og:description\" content=\"Kandidati i p\u00ebrbashk\u00ebt p\u00ebr President i L\u00ebvizjes Vet\u00ebvendosje dhe Lidhjes Demokratike t\u00eb Kosov\u00ebs, Bekim Sejdiu, ka pranuar propozimin p\u00ebr t\u00eb kandiduar p\u00ebr president, duke th\u00ebn\u00eb se \u00ebsht\u00eb v\u00ebn\u00eb n\u00eb sh\u00ebrbim t\u00eb Republik\u00ebs s\u00eb Kosov\u00ebs dhe qytetar\u00ebve t\u00eb saj. N\u00eb konferenc\u00ebn p\u00ebr media pas takimit t\u00eb fundit midis kreut t\u00eb LVV-s\u00eb, Albin Kurti dhe atij t\u00eb [&hellip;]\" \/>\n<meta property=\"og:url\" content=\"https:\/\/www.press7.tv\/?p=32673\" \/>\n<meta property=\"og:site_name\" content=\"press7.tv\" \/>\n<meta property=\"article:publisher\" content=\"https:\/\/www.facebook.com\/press7.tv\" \/>\n<meta property=\"article:published_time\" content=\"2026-08-31T11:41:28+00:00\" \/>\n<meta property=\"og:image\" content=\"https:\/\/www.press7.tv\/wp-content\/uploads\/2026\/08\/IMG_5380.avif\" \/>\n\t<meta property=\"og:image:width\" content=\"1360\" \/>\n\t<meta property=\"og:image:height\" content=\"870\" \/>\n\t<meta property=\"og:image:type\" content=\"image\/webp\" \/>\n<meta name=\"author\" content=\"gazetar2\" \/>\n<meta name=\"twitter:card\" content=\"summary_large_image\" \/>\n<meta name=\"twitter:label1\" content=\"Written by\" \/>\n\t<meta name=\"twitter:data1\" content=\"gazetar2\" \/>\n\t<meta name=\"twitter:label2\" content=\"Est. reading time\" \/>\n\t<meta name=\"twitter:data2\" content=\"1 minute\" \/>\n<script type=\"application\/ld+json\" class=\"yoast-schema-graph\">{\"@context\":\"https:\/\/schema.org\",\"@graph\":[{\"@type\":\"Article\",\"@id\":\"https:\/\/www.press7.tv\/?p=32673#article\",\"isPartOf\":{\"@id\":\"https:\/\/www.press7.tv\/?p=32673\"},\"author\":{\"name\":\"gazetar2\",\"@id\":\"https:\/\/www.news33.tv\/#\/schema\/person\/5a04a38a23ccdba82f9bd665cd8f9efa\"},\"headline\":\"Sejdiu pranon kandidatur\u00ebn p\u00ebr president: Jam v\u00ebn\u00eb n\u00eb sh\u00ebrbim t\u00eb Republik\u00ebs\",\"datePublished\":\"2026-08-31T11:41:28+00:00\",\"mainEntityOfPage\":{\"@id\":\"https:\/\/www.press7.tv\/?p=32673\"},\"wordCount\":268,\"publisher\":{\"@id\":\"https:\/\/www.news33.tv\/#organization\"},\"image\":{\"@id\":\"https:\/\/www.press7.tv\/?p=32673#primaryimage\"},\"thumbnailUrl\":\"https:\/\/www.press7.tv\/wp-content\/uploads\/2026\/08\/IMG_5380.avif\",\"articleSection\":[\"Kosov\u00eb\",\"Lajme\"],\"inLanguage\":\"en-US\"},{\"@type\":\"WebPage\",\"@id\":\"https:\/\/www.press7.tv\/?p=32673\",\"url\":\"https:\/\/www.press7.tv\/?p=32673\",\"name\":\"Sejdiu pranon kandidatur\u00ebn p\u00ebr president: Jam v\u00ebn\u00eb n\u00eb sh\u00ebrbim t\u00eb Republik\u00ebs - press7.tv\",\"isPartOf\":{\"@id\":\"https:\/\/www.news33.tv\/#website\"},\"primaryImageOfPage\":{\"@id\":\"https:\/\/www.press7.tv\/?p=32673#primaryimage\"},\"image\":{\"@id\":\"https:\/\/www.press7.tv\/?p=32673#primaryimage\"},\"thumbnailUrl\":\"https:\/\/www.press7.tv\/wp-content\/uploads\/2026\/08\/IMG_5380.avif\",\"datePublished\":\"2026-08-31T11:41:28+00:00\",\"breadcrumb\":{\"@id\":\"https:\/\/www.press7.tv\/?p=32673#breadcrumb\"},\"inLanguage\":\"en-US\",\"potentialAction\":[{\"@type\":\"ReadAction\",\"target\":[\"https:\/\/www.press7.tv\/?p=32673\"]}]},{\"@type\":\"ImageObject\",\"inLanguage\":\"en-US\",\"@id\":\"https:\/\/www.press7.tv\/?p=32673#primaryimage\",\"url\":\"https:\/\/www.press7.tv\/wp-content\/uploads\/2026\/08\/IMG_5380.avif\",\"contentUrl\":\"https:\/\/www.press7.tv\/wp-content\/uploads\/2026\/08\/IMG_5380.avif\",\"width\":1360,\"height\":870},{\"@type\":\"BreadcrumbList\",\"@id\":\"https:\/\/www.press7.tv\/?p=32673#breadcrumb\",\"itemListElement\":[{\"@type\":\"ListItem\",\"position\":1,\"name\":\"Home\",\"item\":\"https:\/\/www.press7.tv\/\"},{\"@type\":\"ListItem\",\"position\":2,\"name\":\"Sejdiu pranon kandidatur\u00ebn p\u00ebr president: Jam v\u00ebn\u00eb n\u00eb sh\u00ebrbim t\u00eb Republik\u00ebs\"}]},{\"@type\":\"WebSite\",\"@id\":\"https:\/\/www.news33.tv\/#website\",\"url\":\"https:\/\/www.news33.tv\/\",\"name\":\"News33.tv Media\",\"description\":\"Media\",\"publisher\":{\"@id\":\"https:\/\/www.news33.tv\/#organization\"},\"potentialAction\":[{\"@type\":\"SearchAction\",\"target\":{\"@type\":\"EntryPoint\",\"urlTemplate\":\"https:\/\/www.news33.tv\/?s={search_term_string}\"},\"query-input\":{\"@type\":\"PropertyValueSpecification\",\"valueRequired\":true,\"valueName\":\"search_term_string\"}}],\"inLanguage\":\"en-US\"},{\"@type\":\"Organization\",\"@id\":\"https:\/\/www.news33.tv\/#organization\",\"name\":\"News33.tv Media\",\"url\":\"https:\/\/www.news33.tv\/\",\"logo\":{\"@type\":\"ImageObject\",\"inLanguage\":\"en-US\",\"@id\":\"https:\/\/www.news33.tv\/#\/schema\/logo\/image\/\",\"url\":\"https:\/\/www.press7.tv\/wp-content\/uploads\/2024\/02\/logo-news33-black.png\",\"contentUrl\":\"https:\/\/www.press7.tv\/wp-content\/uploads\/2024\/02\/logo-news33-black.png\",\"width\":180,\"height\":37,\"caption\":\"News33.tv Media\"},\"image\":{\"@id\":\"https:\/\/www.news33.tv\/#\/schema\/logo\/image\/\"},\"sameAs\":[\"https:\/\/www.facebook.com\/press7.tv\"]},{\"@type\":\"Person\",\"@id\":\"https:\/\/www.news33.tv\/#\/schema\/person\/5a04a38a23ccdba82f9bd665cd8f9efa\",\"name\":\"gazetar2\",\"image\":{\"@type\":\"ImageObject\",\"inLanguage\":\"en-US\",\"@id\":\"https:\/\/www.news33.tv\/#\/schema\/person\/image\/\",\"url\":\"https:\/\/www.press7.tv\/wp-content\/litespeed\/avatar\/41975e402c3049d9ddb03adca8f7a883.jpg?ver=1788056178\",\"contentUrl\":\"https:\/\/www.press7.tv\/wp-content\/litespeed\/avatar\/41975e402c3049d9ddb03adca8f7a883.jpg?ver=1788056178\",\"caption\":\"gazetar2\"},\"url\":\"https:\/\/www.press7.tv\/?author=8\"}]}<\/script>\n<!-- \/ Yoast SEO plugin. -->","yoast_head_json":{"title":"Sejdiu pranon kandidatur\u00ebn p\u00ebr president: Jam v\u00ebn\u00eb n\u00eb sh\u00ebrbim t\u00eb Republik\u00ebs - press7.tv","robots":{"index":"index","follow":"follow","max-snippet":"max-snippet:-1","max-image-preview":"max-image-preview:large","max-video-preview":"max-video-preview:-1"},"canonical":"https:\/\/www.press7.tv\/?p=32673","og_locale":"en_US","og_type":"article","og_title":"Sejdiu pranon kandidatur\u00ebn p\u00ebr president: Jam v\u00ebn\u00eb n\u00eb sh\u00ebrbim t\u00eb Republik\u00ebs - press7.tv","og_description":"Kandidati i p\u00ebrbashk\u00ebt p\u00ebr President i L\u00ebvizjes Vet\u00ebvendosje dhe Lidhjes Demokratike t\u00eb Kosov\u00ebs, Bekim Sejdiu, ka pranuar propozimin p\u00ebr t\u00eb kandiduar p\u00ebr president, duke th\u00ebn\u00eb se \u00ebsht\u00eb v\u00ebn\u00eb n\u00eb sh\u00ebrbim t\u00eb Republik\u00ebs s\u00eb Kosov\u00ebs dhe qytetar\u00ebve t\u00eb saj. N\u00eb konferenc\u00ebn p\u00ebr media pas takimit t\u00eb fundit midis kreut t\u00eb LVV-s\u00eb, Albin Kurti dhe atij t\u00eb [&hellip;]","og_url":"https:\/\/www.press7.tv\/?p=32673","og_site_name":"press7.tv","article_publisher":"https:\/\/www.facebook.com\/press7.tv","article_published_time":"2026-08-31T11:41:28+00:00","og_image":[{"width":1360,"height":870,"url":"https:\/\/www.press7.tv\/wp-content\/uploads\/2026\/08\/IMG_5380.avif","type":"image\/webp"}],"author":"gazetar2","twitter_card":"summary_large_image","twitter_misc":{"Written by":"gazetar2","Est. reading time":"1 minute"},"schema":{"@context":"https:\/\/schema.org","@graph":[{"@type":"Article","@id":"https:\/\/www.press7.tv\/?p=32673#article","isPartOf":{"@id":"https:\/\/www.press7.tv\/?p=32673"},"author":{"name":"gazetar2","@id":"https:\/\/www.news33.tv\/#\/schema\/person\/5a04a38a23ccdba82f9bd665cd8f9efa"},"headline":"Sejdiu pranon kandidatur\u00ebn p\u00ebr president: Jam v\u00ebn\u00eb n\u00eb sh\u00ebrbim t\u00eb Republik\u00ebs","datePublished":"2026-08-31T11:41:28+00:00","mainEntityOfPage":{"@id":"https:\/\/www.press7.tv\/?p=32673"},"wordCount":268,"publisher":{"@id":"https:\/\/www.news33.tv\/#organization"},"image":{"@id":"https:\/\/www.press7.tv\/?p=32673#primaryimage"},"thumbnailUrl":"https:\/\/www.press7.tv\/wp-content\/uploads\/2026\/08\/IMG_5380.avif","articleSection":["Kosov\u00eb","Lajme"],"inLanguage":"en-US"},{"@type":"WebPage","@id":"https:\/\/www.press7.tv\/?p=32673","url":"https:\/\/www.press7.tv\/?p=32673","name":"Sejdiu pranon kandidatur\u00ebn p\u00ebr president: Jam v\u00ebn\u00eb n\u00eb sh\u00ebrbim t\u00eb Republik\u00ebs - press7.tv","isPartOf":{"@id":"https:\/\/www.news33.tv\/#website"},"primaryImageOfPage":{"@id":"https:\/\/www.press7.tv\/?p=32673#primaryimage"},"image":{"@id":"https:\/\/www.press7.tv\/?p=32673#primaryimage"},"thumbnailUrl":"https:\/\/www.press7.tv\/wp-content\/uploads\/2026\/08\/IMG_5380.avif","datePublished":"2026-08-31T11:41:28+00:00","breadcrumb":{"@id":"https:\/\/www.press7.tv\/?p=32673#breadcrumb"},"inLanguage":"en-US","potentialAction":[{"@type":"ReadAction","target":["https:\/\/www.press7.tv\/?p=32673"]}]},{"@type":"ImageObject","inLanguage":"en-US","@id":"https:\/\/www.press7.tv\/?p=32673#primaryimage","url":"https:\/\/www.press7.tv\/wp-content\/uploads\/2026\/08\/IMG_5380.avif","contentUrl":"https:\/\/www.press7.tv\/wp-content\/uploads\/2026\/08\/IMG_5380.avif","width":1360,"height":870},{"@type":"BreadcrumbList","@id":"https:\/\/www.press7.tv\/?p=32673#breadcrumb","itemListElement":[{"@type":"ListItem","position":1,"name":"Home","item":"https:\/\/www.press7.tv\/"},{"@type":"ListItem","position":2,"name":"Sejdiu pranon kandidatur\u00ebn p\u00ebr president: Jam v\u00ebn\u00eb n\u00eb sh\u00ebrbim t\u00eb Republik\u00ebs"}]},{"@type":"WebSite","@id":"https:\/\/www.news33.tv\/#website","url":"https:\/\/www.news33.tv\/","name":"News33.tv Media","description":"Media","publisher":{"@id":"https:\/\/www.news33.tv\/#organization"},"potentialAction":[{"@type":"SearchAction","target":{"@type":"EntryPoint","urlTemplate":"https:\/\/www.news33.tv\/?s={search_term_string}"},"query-input":{"@type":"PropertyValueSpecification","valueRequired":true,"valueName":"search_term_string"}}],"inLanguage":"en-US"},{"@type":"Organization","@id":"https:\/\/www.news33.tv\/#organization","name":"News33.tv Media","url":"https:\/\/www.news33.tv\/","logo":{"@type":"ImageObject","inLanguage":"en-US","@id":"https:\/\/www.news33.tv\/#\/schema\/logo\/image\/","url":"https:\/\/www.press7.tv\/wp-content\/uploads\/2024\/02\/logo-news33-black.png","contentUrl":"https:\/\/www.press7.tv\/wp-content\/uploads\/2024\/02\/logo-news33-black.png","width":180,"height":37,"caption":"News33.tv Media"},"image":{"@id":"https:\/\/www.news33.tv\/#\/schema\/logo\/image\/"},"sameAs":["https:\/\/www.facebook.com\/press7.tv"]},{"@type":"Person","@id":"https:\/\/www.news33.tv\/#\/schema\/person\/5a04a38a23ccdba82f9bd665cd8f9efa","name":"gazetar2","image":{"@type":"ImageObject","inLanguage":"en-US","@id":"https:\/\/www.news33.tv\/#\/schema\/person\/image\/","url":"https:\/\/www.press7.tv\/wp-content\/litespeed\/avatar\/41975e402c3049d9ddb03adca8f7a883.jpg?ver=1788056178","contentUrl":"https:\/\/www.press7.tv\/wp-content\/litespeed\/avatar\/41975e402c3049d9ddb03adca8f7a883.jpg?ver=1788056178","caption":"gazetar2"},"url":"https:\/\/www.press7.tv\/?author=8"}]}},"amp_enabled":true,"_links":{"self":[{"href":"https:\/\/www.press7.tv\/index.php?rest_route=\/wp\/v2\/posts\/32673","targetHints":{"allow":["GET"]}}],"collection":[{"href":"https:\/\/www.press7.tv\/index.php?rest_route=\/wp\/v2\/posts"}],"about":[{"href":"https:\/\/www.press7.tv\/index.php?rest_route=\/wp\/v2\/types\/post"}],"author":[{"embeddable":true,"href":"https:\/\/www.press7.tv\/index.php?rest_route=\/wp\/v2\/users\/8"}],"replies":[{"embeddable":true,"href":"https:\/\/www.press7.tv\/index.php?rest_route=%2Fwp%2Fv2%2Fcomments&post=32673"}],"version-history":[{"count":1,"href":"https:\/\/www.press7.tv\/index.php?rest_route=\/wp\/v2\/posts\/32673\/revisions"}],"predecessor-version":[{"id":32675,"href":"https:\/\/www.press7.tv\/index.php?rest_route=\/wp\/v2\/posts\/32673\/revisions\/32675"}],"wp:featuredmedia":[{"embeddable":true,"href":"https:\/\/www.press7.tv\/index.php?rest_route=\/wp\/v2\/media\/32674"}],"wp:attachment":[{"href":"https:\/\/www.press7.tv\/index.php?rest_route=%2Fwp%2Fv2%2Fmedia&parent=32673"}],"wp:term":[{"taxonomy":"category","embeddable":true,"href":"https:\/\/www.press7.tv\/index.php?rest_route=%2Fwp%2Fv2%2Fcategories&post=32673"},{"taxonomy":"post_tag","embeddable":true,"href":"https:\/\/www.press7.tv\/index.php?rest_route=%2Fwp%2Fv2%2Ftags&post=32673"}],"curies":[{"name":"wp","href":"https:\/\/api.w.org\/{rel}","templated":true}]}}