{"id":32661,"date":"2026-08-31T08:38:42","date_gmt":"2026-08-31T08:38:42","guid":{"rendered":"https:\/\/www.press7.tv\/?p=32661"},"modified":"2026-08-31T08:38:42","modified_gmt":"2026-08-31T08:38:42","slug":"shqiperia-kampione-ne-llac-e-tulla-ne-evrope-nderton-2-5-here-me-shume-se-mesatarja-e-be-se","status":"publish","type":"post","link":"https:\/\/www.press7.tv\/?p=32661","title":{"rendered":"Shqip\u00ebria, kampione n\u00eb \u201clla\u00e7 e tulla\u201d n\u00eb Evrop\u00eb, nd\u00ebrton 2.5 her\u00eb m\u00eb shum\u00eb se mesatarja e BE-s\u00eb"},"content":{"rendered":"\n    <div class=\"xs_social_share_widget xs_share_url before_content \t\tmain_content  wslu-style-2 wslu-share-box-shaped wslu-fill-colored wslu-share-m-5 wslu-none wslu-share-vertical wslu-theme-font-no wslu-main_content\">\n\n\t\t\n        <ul>\n\t\t\t        <\/ul>\n    <\/div> \n<p>Shqip\u00ebria vijoi edhe n\u00eb vitin 2025 t\u00eb kishte pesh\u00ebn m\u00eb t\u00eb lart\u00eb t\u00eb nd\u00ebrtimit n\u00eb ekonomi n\u00eb Europ\u00eb, duke u shk\u00ebputur ndjesh\u00ebm si nga vendet e rajonit, ashtu edhe nga Bashkimi Europian.<\/p>\n<p>Sipas t\u00eb dh\u00ebnave t\u00eb Eurostat, nd\u00ebrtimi p\u00ebrb\u00ebnte 12.6% t\u00eb Prodhimit t\u00eb Brendsh\u00ebm Bruto (PBB) t\u00eb Shqip\u00ebris\u00eb n\u00eb vitin 2025, kundrejt nj\u00eb mesatareje prej vet\u00ebm 5% n\u00eb Bashkimin Europian.<\/p>\n<p>N\u00eb raport me madh\u00ebsin\u00eb e ekonomis\u00eb, pesha e nd\u00ebrtimit n\u00eb Shqip\u00ebri \u00ebsht\u00eb k\u00ebshtu rreth 2.5 her\u00eb m\u00eb e lart\u00eb se mesatarja e BE-s\u00eb. Asnj\u00eb vend tjet\u00ebr i p\u00ebrfshir\u00eb n\u00eb t\u00eb dh\u00ebnat e Eurostat nuk i afrohet nivelit t\u00eb Shqip\u00ebris\u00eb.<\/p>\n<p>Pas saj renditet Rumania me 8.6%, nd\u00ebrsa Kosova, e treta n\u00eb renditjen europiane, e kishte nd\u00ebrtimin sa 7.8% t\u00eb PBB-s\u00eb.<\/p>\n<p>Shqip\u00ebria shk\u00ebputet edhe nga Ballkani<\/p>\n<p>Edhe n\u00eb Ballkanin Per\u00ebndimor, ku nd\u00ebrtimi ka nj\u00eb rol t\u00eb r\u00ebnd\u00ebsish\u00ebm n\u00eb disa ekonomi, diferenca e Shqip\u00ebris\u00eb \u00ebsht\u00eb e madhe.<\/p>\n<p>Kosova renditet m\u00eb pran\u00eb, me nj\u00eb pesh\u00eb prej 7.8% t\u00eb PBB-s\u00eb, gati 5 pik\u00eb p\u00ebrqindjeje m\u00eb pak se Shqip\u00ebria. N\u00eb Maqedonin\u00eb e Veriut nd\u00ebrtimi p\u00ebrb\u00ebnte 6.6% t\u00eb ekonomis\u00eb n\u00eb vitin 2025.<\/p>\n<p>N\u00eb pjes\u00ebn tjet\u00ebr t\u00eb rajonit, kontributi \u00ebsht\u00eb shum\u00eb m\u00eb i ul\u00ebt. N\u00eb Bosnj\u00eb-Hercegovin\u00eb nd\u00ebrtimi zinte 4.8% t\u00eb PBB-s\u00eb, n\u00eb Serbi 4.6%, nd\u00ebrsa Mali i Zi kishte pesh\u00ebn m\u00eb t\u00eb vog\u00ebl n\u00eb Ballkanin Per\u00ebndimor, me vet\u00ebm 3.8%.<\/p>\n<p>K\u00ebshtu, pesha e nd\u00ebrtimit n\u00eb Shqip\u00ebri \u00ebsht\u00eb rreth 1.6 her\u00eb m\u00eb e lart\u00eb se n\u00eb Kosov\u00eb, pothuajse dy her\u00eb m\u00eb e lart\u00eb se n\u00eb Maqedonin\u00eb e Veriut, rreth 2.7 her\u00eb ajo e Serbis\u00eb dhe m\u00eb shum\u00eb se tre her\u00eb niveli i Malit t\u00eb Zi.<\/p>\n<p>Edhe Kroacia, q\u00eb ka p\u00ebrjetuar nj\u00eb cik\u00ebl t\u00eb fort\u00eb investimesh n\u00eb nd\u00ebrtime dhe turiz\u00ebm, ishte n\u00eb 6.6%, pothuajse sa gjysma e nivelit t\u00eb Shqip\u00ebris\u00eb.<\/p>\n<p>N\u00eb BE, Rumania ka pesh\u00ebn m\u00eb t\u00eb lart\u00eb t\u00eb nd\u00ebrtimit<\/p>\n<p>Mes vendeve t\u00eb Bashkimit Europian, Rumania kishte pesh\u00ebn m\u00eb t\u00eb lart\u00eb t\u00eb nd\u00ebrtimit n\u00eb ekonomi n\u00eb vitin 2025, me 8.6% t\u00eb PBB-s\u00eb, por s\u00ebrish rreth 4 pik\u00eb p\u00ebrqindjeje m\u00eb pak se Shqip\u00ebria.<\/p>\n<p>Pas Rumanis\u00eb renditej Sllovakia me 7.7%, Lituania me 6.7%, Kroacia me 6.6%, nd\u00ebrsa Polonia dhe Sllovenia ishin n\u00eb 6.2%. Austria kishte nj\u00eb pesh\u00eb prej 5.6%, Letonia 5.5%, \u00c7ekia dhe Estonia nga 5.4%, nd\u00ebrsa Spanja dhe Suedia nga 5.3%.<\/p>\n<p>N\u00eb ekonomit\u00eb m\u00eb t\u00eb m\u00ebdha t\u00eb BE-s\u00eb, nd\u00ebrtimi z\u00eb nj\u00eb pjes\u00eb shum\u00eb m\u00eb t\u00eb kufizuar t\u00eb aktivitetit ekonomik. N\u00eb Itali ai p\u00ebrb\u00ebnte 5.1% t\u00eb PBB-s\u00eb, n\u00eb Franc\u00eb 5%, nd\u00ebrsa n\u00eb Gjermani vet\u00ebm 4.5%.<\/p>\n<p>N\u00eb skajin tjet\u00ebr t\u00eb renditjes \u00ebsht\u00eb Greqia, ku nd\u00ebrtimi p\u00ebrb\u00ebnte vet\u00ebm 2.1% t\u00eb PBB-s\u00eb n\u00eb vitin 2025. Pas saj vinin Irlanda me 2.6% dhe Malta me 3.4%.<\/p>\n<p>N\u00eb Danimark\u00eb sektori zinte 4.4% t\u00eb ekonomis\u00eb, nd\u00ebrsa n\u00eb Portugali, Gjermani dhe Bullgari rreth 4.5%.<\/p>\n<p>Edhe jasht\u00eb BE-s\u00eb, as ekonomit\u00eb europiane me aktivitet relativisht t\u00eb lart\u00eb n\u00eb k\u00ebt\u00eb sektor nuk arrijn\u00eb nivelin shqiptar. N\u00eb Island\u00eb nd\u00ebrtimi zinte 7.4% t\u00eb PBB-s\u00eb, n\u00eb Moldavi 7.2%, n\u00eb Turqi 5.9%, n\u00eb Norvegji 4.7% dhe n\u00eb Zvic\u00ebr 4.5%.<\/p>\n<p>Rritja e paq\u00ebndrueshme e udh\u00ebhequr nga nd\u00ebrtimi<\/p>\n<p>Pesha e lart\u00eb e nd\u00ebrtimit \u00ebsht\u00eb b\u00ebr\u00eb nj\u00eb nga tiparet m\u00eb dalluese t\u00eb modelit ekonomik shqiptar t\u00eb viteve t\u00eb fundit. Paralelisht, industria ka humbur terren dhe ka nj\u00eb rol m\u00eb t\u00eb ul\u00ebt n\u00eb ekonomi se n\u00eb shumic\u00ebn e vendeve t\u00eb rajonit dhe t\u00eb Bashkimit Europian<\/p>\n<p>Roli i lart\u00eb i nd\u00ebrtimit n\u00eb struktur\u00ebn e ekonomis\u00eb u reflektua edhe n\u00eb kontributin e tij n\u00eb rritjen e vitit 2025. Sipas t\u00eb dh\u00ebnave t\u00eb INSTAT t\u00eb p\u00ebrpunuara nga \u201cMonitor\u201d, nd\u00ebrtimi dha 0.54 pik\u00eb p\u00ebrqindje t\u00eb rritjes ekonomike, nd\u00ebrsa aktivitetet e pasurive t\u00eb paluajtshme edhe 0.45 pik\u00eb p\u00ebrqindje.<\/p>\n<p>T\u00eb dy sektor\u00ebt s\u00eb bashku siguruan pothuajse 1 pik\u00eb p\u00ebrqindje nga rritja totale prej rreth 3.9%. N\u00eb t\u00eb nj\u00ebjtin vit, sektor\u00ebt e ekonomis\u00eb reale u zgjeruan me vet\u00ebm rreth 1.1%, nd\u00ebrsa pjesa kryesore e rritjes erdhi nga administrata publike dhe taksat neto, t\u00eb cilat dhan\u00eb rreth 72% t\u00eb zgjerimit ekonomik.<\/p>\n<p>Investimet rezidenciale, projektet e m\u00ebdha infrastrukturore dhe zgjerimi i nd\u00ebrtimeve turistike, ve\u00e7an\u00ebrisht n\u00eb zonat bregdetare, kan\u00eb mbajtur t\u00eb lart\u00eb aktivitetin e sektorit, nj\u00eb pjes\u00eb e t\u00eb cilit ka rezultuar se \u00ebsht\u00eb financiar me financime informale, sipas gjetjeve t\u00eb SPAK.<\/p>\n<p>Ndon\u00ebse nd\u00ebrtimi po jep kontribut t\u00eb r\u00ebnd\u00ebsish\u00ebm n\u00eb rritjen ekonomike, pesha e tij n\u00eb pun\u00ebsim \u00ebsht\u00eb minimale. Sipas t\u00eb dh\u00ebnave nga anketa strukturore e nd\u00ebrmarrjeve e vitit 2024, nd\u00ebrtimi jepte vet\u00ebm 7.4% t\u00eb pun\u00ebsimit, rreth 77 mij\u00eb persona, nd\u00ebrsa real estate kishte jo m\u00eb shum\u00eb se 5 mij\u00eb t\u00eb pun\u00ebsuar, megjith\u00ebse t\u00eb dy s\u00eb bashku dhan\u00eb rreth nj\u00eb t\u00eb kat\u00ebrt\u00ebn e rritjes ekonomike t\u00eb vitit.<\/p>\n<p>N\u00eb kontrast dy sektor\u00eb shum\u00eb t\u00eb r\u00ebnd\u00ebsish\u00ebm p\u00ebr pun\u00ebsimin, \u201cbujq\u00ebsia\u201d dhe \u201cprodhimi e industria\u201d kan\u00eb dh\u00ebn\u00eb kontribut negativ n\u00eb ekonomi, teksa jan\u00eb n\u00eb r\u00ebnie prej dy vitesh.<\/p>\n<p>Sipas t\u00eb dh\u00ebnave t\u00eb INSTAT, bujq\u00ebsia u tkurr me 2% n\u00eb 2025-n, p\u00ebr t\u00eb pestin vit radhazi, nd\u00ebrsa industria u tkurr n\u00eb total me 1.6%, p\u00ebr t\u00eb dytin vit radhazi, teksa nj\u00eb pjes\u00eb e r\u00ebnd\u00ebsishme e saj, manifaktura \u00ebsht\u00eb n\u00eb r\u00ebnie p\u00ebr tre vite radhazi.<\/p>\n<p>INSTAT raporton se nga 1.04 milion\u00eb t\u00eb pun\u00ebsuar n\u00eb vend, 33.8% e tyre jan\u00eb n\u00eb bujq\u00ebsi, ose 352 mij\u00eb persona (k\u00ebta raportohen kryesisht si t\u00eb vet\u00ebpun\u00ebsuar). Industria n\u00eb total ka 124 mij\u00eb t\u00eb pun\u00ebsuar, ose 12% t\u00eb totalit. T\u00eb dy k\u00ebto sektor\u00eb pun\u00ebsojn\u00eb gjithsej 475 mij\u00eb t\u00eb pun\u00ebsuar, ose 45% t\u00eb totalit.\/ Monitor<\/p>\n","protected":false},"excerpt":{"rendered":"<p>Shqip\u00ebria vijoi edhe n\u00eb vitin 2025 t\u00eb kishte pesh\u00ebn m\u00eb t\u00eb lart\u00eb t\u00eb nd\u00ebrtimit n\u00eb ekonomi n\u00eb Europ\u00eb, duke u shk\u00ebputur ndjesh\u00ebm si nga vendet e rajonit, ashtu edhe nga Bashkimi Europian. Sipas t\u00eb dh\u00ebnave t\u00eb Eurostat, nd\u00ebrtimi p\u00ebrb\u00ebnte 12.6% t\u00eb Prodhimit t\u00eb Brendsh\u00ebm Bruto (PBB) t\u00eb Shqip\u00ebris\u00eb n\u00eb vitin 2025, kundrejt nj\u00eb mesatareje prej [&hellip;]<\/p>\n","protected":false},"author":8,"featured_media":32662,"comment_status":"closed","ping_status":"closed","sticky":false,"template":"","format":"standard","meta":{"footnotes":""},"categories":[216],"tags":[],"class_list":["post-32661","post","type-post","status-publish","format-standard","has-post-thumbnail","hentry","category-shqiperi"],"yoast_head":"<!-- This site is optimized with the Yoast SEO plugin v25.1 - https:\/\/yoast.com\/wordpress\/plugins\/seo\/ -->\n<title>Shqip\u00ebria, kampione n\u00eb \u201clla\u00e7 e tulla\u201d n\u00eb Evrop\u00eb, nd\u00ebrton 2.5 her\u00eb m\u00eb shum\u00eb se mesatarja e BE-s\u00eb - press7.tv<\/title>\n<meta name=\"robots\" content=\"index, follow, max-snippet:-1, max-image-preview:large, max-video-preview:-1\" \/>\n<link rel=\"canonical\" href=\"https:\/\/www.press7.tv\/?p=32661\" \/>\n<meta property=\"og:locale\" content=\"en_US\" \/>\n<meta property=\"og:type\" content=\"article\" \/>\n<meta property=\"og:title\" content=\"Shqip\u00ebria, kampione n\u00eb \u201clla\u00e7 e tulla\u201d n\u00eb Evrop\u00eb, nd\u00ebrton 2.5 her\u00eb m\u00eb shum\u00eb se mesatarja e BE-s\u00eb - press7.tv\" \/>\n<meta property=\"og:description\" content=\"Shqip\u00ebria vijoi edhe n\u00eb vitin 2025 t\u00eb kishte pesh\u00ebn m\u00eb t\u00eb lart\u00eb t\u00eb nd\u00ebrtimit n\u00eb ekonomi n\u00eb Europ\u00eb, duke u shk\u00ebputur ndjesh\u00ebm si nga vendet e rajonit, ashtu edhe nga Bashkimi Europian. Sipas t\u00eb dh\u00ebnave t\u00eb Eurostat, nd\u00ebrtimi p\u00ebrb\u00ebnte 12.6% t\u00eb Prodhimit t\u00eb Brendsh\u00ebm Bruto (PBB) t\u00eb Shqip\u00ebris\u00eb n\u00eb vitin 2025, kundrejt nj\u00eb mesatareje prej [&hellip;]\" \/>\n<meta property=\"og:url\" content=\"https:\/\/www.press7.tv\/?p=32661\" \/>\n<meta property=\"og:site_name\" content=\"press7.tv\" \/>\n<meta property=\"article:publisher\" content=\"https:\/\/www.facebook.com\/press7.tv\" \/>\n<meta property=\"article:published_time\" content=\"2026-08-31T08:38:42+00:00\" \/>\n<meta property=\"og:image\" content=\"https:\/\/www.press7.tv\/wp-content\/uploads\/2026\/08\/IMG_5371.avif\" \/>\n\t<meta property=\"og:image:width\" content=\"640\" \/>\n\t<meta property=\"og:image:height\" content=\"344\" \/>\n\t<meta property=\"og:image:type\" content=\"image\/jpeg\" \/>\n<meta name=\"author\" content=\"gazetar2\" \/>\n<meta name=\"twitter:card\" content=\"summary_large_image\" \/>\n<meta name=\"twitter:label1\" content=\"Written by\" \/>\n\t<meta name=\"twitter:data1\" content=\"gazetar2\" \/>\n\t<meta name=\"twitter:label2\" content=\"Est. reading time\" \/>\n\t<meta name=\"twitter:data2\" content=\"1 minute\" \/>\n<script type=\"application\/ld+json\" class=\"yoast-schema-graph\">{\"@context\":\"https:\/\/schema.org\",\"@graph\":[{\"@type\":\"Article\",\"@id\":\"https:\/\/www.press7.tv\/?p=32661#article\",\"isPartOf\":{\"@id\":\"https:\/\/www.press7.tv\/?p=32661\"},\"author\":{\"name\":\"gazetar2\",\"@id\":\"https:\/\/www.news33.tv\/#\/schema\/person\/5a04a38a23ccdba82f9bd665cd8f9efa\"},\"headline\":\"Shqip\u00ebria, kampione n\u00eb \u201clla\u00e7 e tulla\u201d n\u00eb Evrop\u00eb, nd\u00ebrton 2.5 her\u00eb m\u00eb shum\u00eb se mesatarja e BE-s\u00eb\",\"datePublished\":\"2026-08-31T08:38:42+00:00\",\"mainEntityOfPage\":{\"@id\":\"https:\/\/www.press7.tv\/?p=32661\"},\"wordCount\":951,\"publisher\":{\"@id\":\"https:\/\/www.news33.tv\/#organization\"},\"image\":{\"@id\":\"https:\/\/www.press7.tv\/?p=32661#primaryimage\"},\"thumbnailUrl\":\"https:\/\/www.press7.tv\/wp-content\/uploads\/2026\/08\/IMG_5371.avif\",\"articleSection\":[\"Shqip\u00ebri\"],\"inLanguage\":\"en-US\"},{\"@type\":\"WebPage\",\"@id\":\"https:\/\/www.press7.tv\/?p=32661\",\"url\":\"https:\/\/www.press7.tv\/?p=32661\",\"name\":\"Shqip\u00ebria, kampione n\u00eb \u201clla\u00e7 e tulla\u201d n\u00eb Evrop\u00eb, nd\u00ebrton 2.5 her\u00eb m\u00eb shum\u00eb se mesatarja e BE-s\u00eb - press7.tv\",\"isPartOf\":{\"@id\":\"https:\/\/www.news33.tv\/#website\"},\"primaryImageOfPage\":{\"@id\":\"https:\/\/www.press7.tv\/?p=32661#primaryimage\"},\"image\":{\"@id\":\"https:\/\/www.press7.tv\/?p=32661#primaryimage\"},\"thumbnailUrl\":\"https:\/\/www.press7.tv\/wp-content\/uploads\/2026\/08\/IMG_5371.avif\",\"datePublished\":\"2026-08-31T08:38:42+00:00\",\"breadcrumb\":{\"@id\":\"https:\/\/www.press7.tv\/?p=32661#breadcrumb\"},\"inLanguage\":\"en-US\",\"potentialAction\":[{\"@type\":\"ReadAction\",\"target\":[\"https:\/\/www.press7.tv\/?p=32661\"]}]},{\"@type\":\"ImageObject\",\"inLanguage\":\"en-US\",\"@id\":\"https:\/\/www.press7.tv\/?p=32661#primaryimage\",\"url\":\"https:\/\/www.press7.tv\/wp-content\/uploads\/2026\/08\/IMG_5371.avif\",\"contentUrl\":\"https:\/\/www.press7.tv\/wp-content\/uploads\/2026\/08\/IMG_5371.avif\",\"width\":640,\"height\":344},{\"@type\":\"BreadcrumbList\",\"@id\":\"https:\/\/www.press7.tv\/?p=32661#breadcrumb\",\"itemListElement\":[{\"@type\":\"ListItem\",\"position\":1,\"name\":\"Home\",\"item\":\"https:\/\/www.press7.tv\/\"},{\"@type\":\"ListItem\",\"position\":2,\"name\":\"Shqip\u00ebria, kampione n\u00eb \u201clla\u00e7 e tulla\u201d n\u00eb Evrop\u00eb, nd\u00ebrton 2.5 her\u00eb m\u00eb shum\u00eb se mesatarja e BE-s\u00eb\"}]},{\"@type\":\"WebSite\",\"@id\":\"https:\/\/www.news33.tv\/#website\",\"url\":\"https:\/\/www.news33.tv\/\",\"name\":\"News33.tv Media\",\"description\":\"Media\",\"publisher\":{\"@id\":\"https:\/\/www.news33.tv\/#organization\"},\"potentialAction\":[{\"@type\":\"SearchAction\",\"target\":{\"@type\":\"EntryPoint\",\"urlTemplate\":\"https:\/\/www.news33.tv\/?s={search_term_string}\"},\"query-input\":{\"@type\":\"PropertyValueSpecification\",\"valueRequired\":true,\"valueName\":\"search_term_string\"}}],\"inLanguage\":\"en-US\"},{\"@type\":\"Organization\",\"@id\":\"https:\/\/www.news33.tv\/#organization\",\"name\":\"News33.tv Media\",\"url\":\"https:\/\/www.news33.tv\/\",\"logo\":{\"@type\":\"ImageObject\",\"inLanguage\":\"en-US\",\"@id\":\"https:\/\/www.news33.tv\/#\/schema\/logo\/image\/\",\"url\":\"https:\/\/www.press7.tv\/wp-content\/uploads\/2024\/02\/logo-news33-black.png\",\"contentUrl\":\"https:\/\/www.press7.tv\/wp-content\/uploads\/2024\/02\/logo-news33-black.png\",\"width\":180,\"height\":37,\"caption\":\"News33.tv Media\"},\"image\":{\"@id\":\"https:\/\/www.news33.tv\/#\/schema\/logo\/image\/\"},\"sameAs\":[\"https:\/\/www.facebook.com\/press7.tv\"]},{\"@type\":\"Person\",\"@id\":\"https:\/\/www.news33.tv\/#\/schema\/person\/5a04a38a23ccdba82f9bd665cd8f9efa\",\"name\":\"gazetar2\",\"image\":{\"@type\":\"ImageObject\",\"inLanguage\":\"en-US\",\"@id\":\"https:\/\/www.news33.tv\/#\/schema\/person\/image\/\",\"url\":\"https:\/\/www.press7.tv\/wp-content\/litespeed\/avatar\/41975e402c3049d9ddb03adca8f7a883.jpg?ver=1788056178\",\"contentUrl\":\"https:\/\/www.press7.tv\/wp-content\/litespeed\/avatar\/41975e402c3049d9ddb03adca8f7a883.jpg?ver=1788056178\",\"caption\":\"gazetar2\"},\"url\":\"https:\/\/www.press7.tv\/?author=8\"}]}<\/script>\n<!-- \/ Yoast SEO plugin. -->","yoast_head_json":{"title":"Shqip\u00ebria, kampione n\u00eb \u201clla\u00e7 e tulla\u201d n\u00eb Evrop\u00eb, nd\u00ebrton 2.5 her\u00eb m\u00eb shum\u00eb se mesatarja e BE-s\u00eb - press7.tv","robots":{"index":"index","follow":"follow","max-snippet":"max-snippet:-1","max-image-preview":"max-image-preview:large","max-video-preview":"max-video-preview:-1"},"canonical":"https:\/\/www.press7.tv\/?p=32661","og_locale":"en_US","og_type":"article","og_title":"Shqip\u00ebria, kampione n\u00eb \u201clla\u00e7 e tulla\u201d n\u00eb Evrop\u00eb, nd\u00ebrton 2.5 her\u00eb m\u00eb shum\u00eb se mesatarja e BE-s\u00eb - press7.tv","og_description":"Shqip\u00ebria vijoi edhe n\u00eb vitin 2025 t\u00eb kishte pesh\u00ebn m\u00eb t\u00eb lart\u00eb t\u00eb nd\u00ebrtimit n\u00eb ekonomi n\u00eb Europ\u00eb, duke u shk\u00ebputur ndjesh\u00ebm si nga vendet e rajonit, ashtu edhe nga Bashkimi Europian. Sipas t\u00eb dh\u00ebnave t\u00eb Eurostat, nd\u00ebrtimi p\u00ebrb\u00ebnte 12.6% t\u00eb Prodhimit t\u00eb Brendsh\u00ebm Bruto (PBB) t\u00eb Shqip\u00ebris\u00eb n\u00eb vitin 2025, kundrejt nj\u00eb mesatareje prej [&hellip;]","og_url":"https:\/\/www.press7.tv\/?p=32661","og_site_name":"press7.tv","article_publisher":"https:\/\/www.facebook.com\/press7.tv","article_published_time":"2026-08-31T08:38:42+00:00","og_image":[{"width":640,"height":344,"url":"https:\/\/www.press7.tv\/wp-content\/uploads\/2026\/08\/IMG_5371.avif","type":"image\/jpeg"}],"author":"gazetar2","twitter_card":"summary_large_image","twitter_misc":{"Written by":"gazetar2","Est. reading time":"1 minute"},"schema":{"@context":"https:\/\/schema.org","@graph":[{"@type":"Article","@id":"https:\/\/www.press7.tv\/?p=32661#article","isPartOf":{"@id":"https:\/\/www.press7.tv\/?p=32661"},"author":{"name":"gazetar2","@id":"https:\/\/www.news33.tv\/#\/schema\/person\/5a04a38a23ccdba82f9bd665cd8f9efa"},"headline":"Shqip\u00ebria, kampione n\u00eb \u201clla\u00e7 e tulla\u201d n\u00eb Evrop\u00eb, nd\u00ebrton 2.5 her\u00eb m\u00eb shum\u00eb se mesatarja e BE-s\u00eb","datePublished":"2026-08-31T08:38:42+00:00","mainEntityOfPage":{"@id":"https:\/\/www.press7.tv\/?p=32661"},"wordCount":951,"publisher":{"@id":"https:\/\/www.news33.tv\/#organization"},"image":{"@id":"https:\/\/www.press7.tv\/?p=32661#primaryimage"},"thumbnailUrl":"https:\/\/www.press7.tv\/wp-content\/uploads\/2026\/08\/IMG_5371.avif","articleSection":["Shqip\u00ebri"],"inLanguage":"en-US"},{"@type":"WebPage","@id":"https:\/\/www.press7.tv\/?p=32661","url":"https:\/\/www.press7.tv\/?p=32661","name":"Shqip\u00ebria, kampione n\u00eb \u201clla\u00e7 e tulla\u201d n\u00eb Evrop\u00eb, nd\u00ebrton 2.5 her\u00eb m\u00eb shum\u00eb se mesatarja e BE-s\u00eb - press7.tv","isPartOf":{"@id":"https:\/\/www.news33.tv\/#website"},"primaryImageOfPage":{"@id":"https:\/\/www.press7.tv\/?p=32661#primaryimage"},"image":{"@id":"https:\/\/www.press7.tv\/?p=32661#primaryimage"},"thumbnailUrl":"https:\/\/www.press7.tv\/wp-content\/uploads\/2026\/08\/IMG_5371.avif","datePublished":"2026-08-31T08:38:42+00:00","breadcrumb":{"@id":"https:\/\/www.press7.tv\/?p=32661#breadcrumb"},"inLanguage":"en-US","potentialAction":[{"@type":"ReadAction","target":["https:\/\/www.press7.tv\/?p=32661"]}]},{"@type":"ImageObject","inLanguage":"en-US","@id":"https:\/\/www.press7.tv\/?p=32661#primaryimage","url":"https:\/\/www.press7.tv\/wp-content\/uploads\/2026\/08\/IMG_5371.avif","contentUrl":"https:\/\/www.press7.tv\/wp-content\/uploads\/2026\/08\/IMG_5371.avif","width":640,"height":344},{"@type":"BreadcrumbList","@id":"https:\/\/www.press7.tv\/?p=32661#breadcrumb","itemListElement":[{"@type":"ListItem","position":1,"name":"Home","item":"https:\/\/www.press7.tv\/"},{"@type":"ListItem","position":2,"name":"Shqip\u00ebria, kampione n\u00eb \u201clla\u00e7 e tulla\u201d n\u00eb Evrop\u00eb, nd\u00ebrton 2.5 her\u00eb m\u00eb shum\u00eb se mesatarja e BE-s\u00eb"}]},{"@type":"WebSite","@id":"https:\/\/www.news33.tv\/#website","url":"https:\/\/www.news33.tv\/","name":"News33.tv Media","description":"Media","publisher":{"@id":"https:\/\/www.news33.tv\/#organization"},"potentialAction":[{"@type":"SearchAction","target":{"@type":"EntryPoint","urlTemplate":"https:\/\/www.news33.tv\/?s={search_term_string}"},"query-input":{"@type":"PropertyValueSpecification","valueRequired":true,"valueName":"search_term_string"}}],"inLanguage":"en-US"},{"@type":"Organization","@id":"https:\/\/www.news33.tv\/#organization","name":"News33.tv Media","url":"https:\/\/www.news33.tv\/","logo":{"@type":"ImageObject","inLanguage":"en-US","@id":"https:\/\/www.news33.tv\/#\/schema\/logo\/image\/","url":"https:\/\/www.press7.tv\/wp-content\/uploads\/2024\/02\/logo-news33-black.png","contentUrl":"https:\/\/www.press7.tv\/wp-content\/uploads\/2024\/02\/logo-news33-black.png","width":180,"height":37,"caption":"News33.tv Media"},"image":{"@id":"https:\/\/www.news33.tv\/#\/schema\/logo\/image\/"},"sameAs":["https:\/\/www.facebook.com\/press7.tv"]},{"@type":"Person","@id":"https:\/\/www.news33.tv\/#\/schema\/person\/5a04a38a23ccdba82f9bd665cd8f9efa","name":"gazetar2","image":{"@type":"ImageObject","inLanguage":"en-US","@id":"https:\/\/www.news33.tv\/#\/schema\/person\/image\/","url":"https:\/\/www.press7.tv\/wp-content\/litespeed\/avatar\/41975e402c3049d9ddb03adca8f7a883.jpg?ver=1788056178","contentUrl":"https:\/\/www.press7.tv\/wp-content\/litespeed\/avatar\/41975e402c3049d9ddb03adca8f7a883.jpg?ver=1788056178","caption":"gazetar2"},"url":"https:\/\/www.press7.tv\/?author=8"}]}},"amp_enabled":true,"_links":{"self":[{"href":"https:\/\/www.press7.tv\/index.php?rest_route=\/wp\/v2\/posts\/32661","targetHints":{"allow":["GET"]}}],"collection":[{"href":"https:\/\/www.press7.tv\/index.php?rest_route=\/wp\/v2\/posts"}],"about":[{"href":"https:\/\/www.press7.tv\/index.php?rest_route=\/wp\/v2\/types\/post"}],"author":[{"embeddable":true,"href":"https:\/\/www.press7.tv\/index.php?rest_route=\/wp\/v2\/users\/8"}],"replies":[{"embeddable":true,"href":"https:\/\/www.press7.tv\/index.php?rest_route=%2Fwp%2Fv2%2Fcomments&post=32661"}],"version-history":[{"count":1,"href":"https:\/\/www.press7.tv\/index.php?rest_route=\/wp\/v2\/posts\/32661\/revisions"}],"predecessor-version":[{"id":32663,"href":"https:\/\/www.press7.tv\/index.php?rest_route=\/wp\/v2\/posts\/32661\/revisions\/32663"}],"wp:featuredmedia":[{"embeddable":true,"href":"https:\/\/www.press7.tv\/index.php?rest_route=\/wp\/v2\/media\/32662"}],"wp:attachment":[{"href":"https:\/\/www.press7.tv\/index.php?rest_route=%2Fwp%2Fv2%2Fmedia&parent=32661"}],"wp:term":[{"taxonomy":"category","embeddable":true,"href":"https:\/\/www.press7.tv\/index.php?rest_route=%2Fwp%2Fv2%2Fcategories&post=32661"},{"taxonomy":"post_tag","embeddable":true,"href":"https:\/\/www.press7.tv\/index.php?rest_route=%2Fwp%2Fv2%2Ftags&post=32661"}],"curies":[{"name":"wp","href":"https:\/\/api.w.org\/{rel}","templated":true}]}}