{"id":32658,"date":"2026-08-31T07:55:05","date_gmt":"2026-08-31T07:55:05","guid":{"rendered":"https:\/\/www.press7.tv\/?p=32658"},"modified":"2026-08-31T07:55:05","modified_gmt":"2026-08-31T07:55:05","slug":"anetaret-e-rinj-te-kqz-se-betohen-sot-para-haxhiut","status":"publish","type":"post","link":"https:\/\/www.press7.tv\/?p=32658","title":{"rendered":"An\u00ebtar\u00ebt e rinj t\u00eb KQZ-s\u00eb betohen sot para Haxhiut"},"content":{"rendered":"\n    <div class=\"xs_social_share_widget xs_share_url before_content \t\tmain_content  wslu-style-2 wslu-share-box-shaped wslu-fill-colored wslu-share-m-5 wslu-none wslu-share-vertical wslu-theme-font-no wslu-main_content\">\n\n\t\t\n        <ul>\n\t\t\t        <\/ul>\n    <\/div> \n<p>An\u00ebtar\u00ebt e rinj t\u00eb Komisionit Qendror t\u00eb Zgjedhjeve (KQZ) do t\u00eb betohen para u.d. s\u00eb presidentes s\u00eb Republik\u00ebs s\u00eb Kosov\u00ebs, Albulena Haxhiu.<\/p>\n<p>Sipas njoftimit ceremonia e betimit do t\u00eb mbahet n\u00eb or\u00ebn 11:00 n\u00eb zyr\u00ebn e presidentes s\u00eb Republik\u00ebs s\u00eb Kosov\u00ebs.<\/p>\n<p>T\u00eb mart\u00ebn e kaluar, n\u00eb nj\u00eb konferenc\u00eb p\u00ebr media, Haxhiu ka treguar se \u00ebsht\u00eb duke i shqyrtuar dokumentacionet q\u00eb i kan\u00eb d\u00ebrguar partit\u00eb politike.<\/p>\n<p>Ajo kishte paralajm\u00ebruar s\u00eb shum\u00eb shpejt do t\u00eb nxjerr\u00eb dekretin p\u00ebr KQZ-n\u00eb e re.<\/p>\n<p>\u201cSa i p\u00ebrket an\u00ebtar\u00ebve t\u00eb KQZ-s\u00eb, do t\u00eb veproj\u00eb n\u00eb p\u00ebrputhje me p\u00ebrgjegj\u00ebsit\u00eb shum\u00eb shpejt. Jam duke e analizuar dokumentacionin q\u00eb kan\u00eb sjell partit\u00eb politike. Ju e dini q\u00eb 6 vende u takojm\u00eb partive shqiptare, 4 vende t\u00eb tjera komuniteteve jo shumic\u00eb dhe nj\u00eb \u00ebsht\u00eb kryetari i KQZ-s\u00eb, z. Radoniqi. Sapo t`i kemi t\u00eb finalizuar t\u00eb gjitha \u00e7\u00ebshtje n\u00eb k\u00ebt\u00eb proces natyrisht se do t\u00eb veproj\u00eb dhe natyrisht se do t\u00eb jem para jush p\u00ebr t\u00eb arsyetuar vendimet apo dekretet\u201d, ka th\u00ebn\u00eb Haxhu.<\/p>\n","protected":false},"excerpt":{"rendered":"<p>An\u00ebtar\u00ebt e rinj t\u00eb Komisionit Qendror t\u00eb Zgjedhjeve (KQZ) do t\u00eb betohen para u.d. s\u00eb presidentes s\u00eb Republik\u00ebs s\u00eb Kosov\u00ebs, Albulena Haxhiu. Sipas njoftimit ceremonia e betimit do t\u00eb mbahet n\u00eb or\u00ebn 11:00 n\u00eb zyr\u00ebn e presidentes s\u00eb Republik\u00ebs s\u00eb Kosov\u00ebs. T\u00eb mart\u00ebn e kaluar, n\u00eb nj\u00eb konferenc\u00eb p\u00ebr media, Haxhiu ka treguar se \u00ebsht\u00eb [&hellip;]<\/p>\n","protected":false},"author":8,"featured_media":32659,"comment_status":"closed","ping_status":"closed","sticky":false,"template":"","format":"standard","meta":{"footnotes":""},"categories":[215,213],"tags":[],"class_list":["post-32658","post","type-post","status-publish","format-standard","has-post-thumbnail","hentry","category-kosove","category-lajme"],"yoast_head":"<!-- This site is optimized with the Yoast SEO plugin v25.1 - https:\/\/yoast.com\/wordpress\/plugins\/seo\/ -->\n<title>An\u00ebtar\u00ebt e rinj t\u00eb KQZ-s\u00eb betohen sot para Haxhiut - press7.tv<\/title>\n<meta name=\"robots\" content=\"index, follow, max-snippet:-1, max-image-preview:large, max-video-preview:-1\" \/>\n<link rel=\"canonical\" href=\"https:\/\/www.press7.tv\/?p=32658\" \/>\n<meta property=\"og:locale\" content=\"en_US\" \/>\n<meta property=\"og:type\" content=\"article\" \/>\n<meta property=\"og:title\" content=\"An\u00ebtar\u00ebt e rinj t\u00eb KQZ-s\u00eb betohen sot para Haxhiut - press7.tv\" \/>\n<meta property=\"og:description\" content=\"An\u00ebtar\u00ebt e rinj t\u00eb Komisionit Qendror t\u00eb Zgjedhjeve (KQZ) do t\u00eb betohen para u.d. s\u00eb presidentes s\u00eb Republik\u00ebs s\u00eb Kosov\u00ebs, Albulena Haxhiu. Sipas njoftimit ceremonia e betimit do t\u00eb mbahet n\u00eb or\u00ebn 11:00 n\u00eb zyr\u00ebn e presidentes s\u00eb Republik\u00ebs s\u00eb Kosov\u00ebs. T\u00eb mart\u00ebn e kaluar, n\u00eb nj\u00eb konferenc\u00eb p\u00ebr media, Haxhiu ka treguar se \u00ebsht\u00eb [&hellip;]\" \/>\n<meta property=\"og:url\" content=\"https:\/\/www.press7.tv\/?p=32658\" \/>\n<meta property=\"og:site_name\" content=\"press7.tv\" \/>\n<meta property=\"article:publisher\" content=\"https:\/\/www.facebook.com\/press7.tv\" \/>\n<meta property=\"article:published_time\" content=\"2026-08-31T07:55:05+00:00\" \/>\n<meta property=\"og:image\" content=\"https:\/\/www.press7.tv\/wp-content\/uploads\/2026\/08\/IMG_5369.avif\" \/>\n\t<meta property=\"og:image:width\" content=\"1000\" \/>\n\t<meta property=\"og:image:height\" content=\"625\" \/>\n\t<meta property=\"og:image:type\" content=\"image\/jpeg\" \/>\n<meta name=\"author\" content=\"gazetar2\" \/>\n<meta name=\"twitter:card\" content=\"summary_large_image\" \/>\n<meta name=\"twitter:label1\" content=\"Written by\" \/>\n\t<meta name=\"twitter:data1\" content=\"gazetar2\" \/>\n\t<meta name=\"twitter:label2\" content=\"Est. reading time\" \/>\n\t<meta name=\"twitter:data2\" content=\"1 minute\" \/>\n<script type=\"application\/ld+json\" class=\"yoast-schema-graph\">{\"@context\":\"https:\/\/schema.org\",\"@graph\":[{\"@type\":\"Article\",\"@id\":\"https:\/\/www.press7.tv\/?p=32658#article\",\"isPartOf\":{\"@id\":\"https:\/\/www.press7.tv\/?p=32658\"},\"author\":{\"name\":\"gazetar2\",\"@id\":\"https:\/\/www.news33.tv\/#\/schema\/person\/5a04a38a23ccdba82f9bd665cd8f9efa\"},\"headline\":\"An\u00ebtar\u00ebt e rinj t\u00eb KQZ-s\u00eb betohen sot para Haxhiut\",\"datePublished\":\"2026-08-31T07:55:05+00:00\",\"mainEntityOfPage\":{\"@id\":\"https:\/\/www.press7.tv\/?p=32658\"},\"wordCount\":194,\"publisher\":{\"@id\":\"https:\/\/www.news33.tv\/#organization\"},\"image\":{\"@id\":\"https:\/\/www.press7.tv\/?p=32658#primaryimage\"},\"thumbnailUrl\":\"https:\/\/www.press7.tv\/wp-content\/uploads\/2026\/08\/IMG_5369.avif\",\"articleSection\":[\"Kosov\u00eb\",\"Lajme\"],\"inLanguage\":\"en-US\"},{\"@type\":\"WebPage\",\"@id\":\"https:\/\/www.press7.tv\/?p=32658\",\"url\":\"https:\/\/www.press7.tv\/?p=32658\",\"name\":\"An\u00ebtar\u00ebt e rinj t\u00eb KQZ-s\u00eb betohen sot para Haxhiut - press7.tv\",\"isPartOf\":{\"@id\":\"https:\/\/www.news33.tv\/#website\"},\"primaryImageOfPage\":{\"@id\":\"https:\/\/www.press7.tv\/?p=32658#primaryimage\"},\"image\":{\"@id\":\"https:\/\/www.press7.tv\/?p=32658#primaryimage\"},\"thumbnailUrl\":\"https:\/\/www.press7.tv\/wp-content\/uploads\/2026\/08\/IMG_5369.avif\",\"datePublished\":\"2026-08-31T07:55:05+00:00\",\"breadcrumb\":{\"@id\":\"https:\/\/www.press7.tv\/?p=32658#breadcrumb\"},\"inLanguage\":\"en-US\",\"potentialAction\":[{\"@type\":\"ReadAction\",\"target\":[\"https:\/\/www.press7.tv\/?p=32658\"]}]},{\"@type\":\"ImageObject\",\"inLanguage\":\"en-US\",\"@id\":\"https:\/\/www.press7.tv\/?p=32658#primaryimage\",\"url\":\"https:\/\/www.press7.tv\/wp-content\/uploads\/2026\/08\/IMG_5369.avif\",\"contentUrl\":\"https:\/\/www.press7.tv\/wp-content\/uploads\/2026\/08\/IMG_5369.avif\",\"width\":1000,\"height\":625},{\"@type\":\"BreadcrumbList\",\"@id\":\"https:\/\/www.press7.tv\/?p=32658#breadcrumb\",\"itemListElement\":[{\"@type\":\"ListItem\",\"position\":1,\"name\":\"Home\",\"item\":\"https:\/\/www.press7.tv\/\"},{\"@type\":\"ListItem\",\"position\":2,\"name\":\"An\u00ebtar\u00ebt e rinj t\u00eb KQZ-s\u00eb betohen sot para Haxhiut\"}]},{\"@type\":\"WebSite\",\"@id\":\"https:\/\/www.news33.tv\/#website\",\"url\":\"https:\/\/www.news33.tv\/\",\"name\":\"News33.tv Media\",\"description\":\"Media\",\"publisher\":{\"@id\":\"https:\/\/www.news33.tv\/#organization\"},\"potentialAction\":[{\"@type\":\"SearchAction\",\"target\":{\"@type\":\"EntryPoint\",\"urlTemplate\":\"https:\/\/www.news33.tv\/?s={search_term_string}\"},\"query-input\":{\"@type\":\"PropertyValueSpecification\",\"valueRequired\":true,\"valueName\":\"search_term_string\"}}],\"inLanguage\":\"en-US\"},{\"@type\":\"Organization\",\"@id\":\"https:\/\/www.news33.tv\/#organization\",\"name\":\"News33.tv Media\",\"url\":\"https:\/\/www.news33.tv\/\",\"logo\":{\"@type\":\"ImageObject\",\"inLanguage\":\"en-US\",\"@id\":\"https:\/\/www.news33.tv\/#\/schema\/logo\/image\/\",\"url\":\"https:\/\/www.press7.tv\/wp-content\/uploads\/2024\/02\/logo-news33-black.png\",\"contentUrl\":\"https:\/\/www.press7.tv\/wp-content\/uploads\/2024\/02\/logo-news33-black.png\",\"width\":180,\"height\":37,\"caption\":\"News33.tv Media\"},\"image\":{\"@id\":\"https:\/\/www.news33.tv\/#\/schema\/logo\/image\/\"},\"sameAs\":[\"https:\/\/www.facebook.com\/press7.tv\"]},{\"@type\":\"Person\",\"@id\":\"https:\/\/www.news33.tv\/#\/schema\/person\/5a04a38a23ccdba82f9bd665cd8f9efa\",\"name\":\"gazetar2\",\"image\":{\"@type\":\"ImageObject\",\"inLanguage\":\"en-US\",\"@id\":\"https:\/\/www.news33.tv\/#\/schema\/person\/image\/\",\"url\":\"https:\/\/www.press7.tv\/wp-content\/litespeed\/avatar\/41975e402c3049d9ddb03adca8f7a883.jpg?ver=1788056178\",\"contentUrl\":\"https:\/\/www.press7.tv\/wp-content\/litespeed\/avatar\/41975e402c3049d9ddb03adca8f7a883.jpg?ver=1788056178\",\"caption\":\"gazetar2\"},\"url\":\"https:\/\/www.press7.tv\/?author=8\"}]}<\/script>\n<!-- \/ Yoast SEO plugin. -->","yoast_head_json":{"title":"An\u00ebtar\u00ebt e rinj t\u00eb KQZ-s\u00eb betohen sot para Haxhiut - press7.tv","robots":{"index":"index","follow":"follow","max-snippet":"max-snippet:-1","max-image-preview":"max-image-preview:large","max-video-preview":"max-video-preview:-1"},"canonical":"https:\/\/www.press7.tv\/?p=32658","og_locale":"en_US","og_type":"article","og_title":"An\u00ebtar\u00ebt e rinj t\u00eb KQZ-s\u00eb betohen sot para Haxhiut - press7.tv","og_description":"An\u00ebtar\u00ebt e rinj t\u00eb Komisionit Qendror t\u00eb Zgjedhjeve (KQZ) do t\u00eb betohen para u.d. s\u00eb presidentes s\u00eb Republik\u00ebs s\u00eb Kosov\u00ebs, Albulena Haxhiu. Sipas njoftimit ceremonia e betimit do t\u00eb mbahet n\u00eb or\u00ebn 11:00 n\u00eb zyr\u00ebn e presidentes s\u00eb Republik\u00ebs s\u00eb Kosov\u00ebs. T\u00eb mart\u00ebn e kaluar, n\u00eb nj\u00eb konferenc\u00eb p\u00ebr media, Haxhiu ka treguar se \u00ebsht\u00eb [&hellip;]","og_url":"https:\/\/www.press7.tv\/?p=32658","og_site_name":"press7.tv","article_publisher":"https:\/\/www.facebook.com\/press7.tv","article_published_time":"2026-08-31T07:55:05+00:00","og_image":[{"width":1000,"height":625,"url":"https:\/\/www.press7.tv\/wp-content\/uploads\/2026\/08\/IMG_5369.avif","type":"image\/jpeg"}],"author":"gazetar2","twitter_card":"summary_large_image","twitter_misc":{"Written by":"gazetar2","Est. reading time":"1 minute"},"schema":{"@context":"https:\/\/schema.org","@graph":[{"@type":"Article","@id":"https:\/\/www.press7.tv\/?p=32658#article","isPartOf":{"@id":"https:\/\/www.press7.tv\/?p=32658"},"author":{"name":"gazetar2","@id":"https:\/\/www.news33.tv\/#\/schema\/person\/5a04a38a23ccdba82f9bd665cd8f9efa"},"headline":"An\u00ebtar\u00ebt e rinj t\u00eb KQZ-s\u00eb betohen sot para Haxhiut","datePublished":"2026-08-31T07:55:05+00:00","mainEntityOfPage":{"@id":"https:\/\/www.press7.tv\/?p=32658"},"wordCount":194,"publisher":{"@id":"https:\/\/www.news33.tv\/#organization"},"image":{"@id":"https:\/\/www.press7.tv\/?p=32658#primaryimage"},"thumbnailUrl":"https:\/\/www.press7.tv\/wp-content\/uploads\/2026\/08\/IMG_5369.avif","articleSection":["Kosov\u00eb","Lajme"],"inLanguage":"en-US"},{"@type":"WebPage","@id":"https:\/\/www.press7.tv\/?p=32658","url":"https:\/\/www.press7.tv\/?p=32658","name":"An\u00ebtar\u00ebt e rinj t\u00eb KQZ-s\u00eb betohen sot para Haxhiut - press7.tv","isPartOf":{"@id":"https:\/\/www.news33.tv\/#website"},"primaryImageOfPage":{"@id":"https:\/\/www.press7.tv\/?p=32658#primaryimage"},"image":{"@id":"https:\/\/www.press7.tv\/?p=32658#primaryimage"},"thumbnailUrl":"https:\/\/www.press7.tv\/wp-content\/uploads\/2026\/08\/IMG_5369.avif","datePublished":"2026-08-31T07:55:05+00:00","breadcrumb":{"@id":"https:\/\/www.press7.tv\/?p=32658#breadcrumb"},"inLanguage":"en-US","potentialAction":[{"@type":"ReadAction","target":["https:\/\/www.press7.tv\/?p=32658"]}]},{"@type":"ImageObject","inLanguage":"en-US","@id":"https:\/\/www.press7.tv\/?p=32658#primaryimage","url":"https:\/\/www.press7.tv\/wp-content\/uploads\/2026\/08\/IMG_5369.avif","contentUrl":"https:\/\/www.press7.tv\/wp-content\/uploads\/2026\/08\/IMG_5369.avif","width":1000,"height":625},{"@type":"BreadcrumbList","@id":"https:\/\/www.press7.tv\/?p=32658#breadcrumb","itemListElement":[{"@type":"ListItem","position":1,"name":"Home","item":"https:\/\/www.press7.tv\/"},{"@type":"ListItem","position":2,"name":"An\u00ebtar\u00ebt e rinj t\u00eb KQZ-s\u00eb betohen sot para Haxhiut"}]},{"@type":"WebSite","@id":"https:\/\/www.news33.tv\/#website","url":"https:\/\/www.news33.tv\/","name":"News33.tv Media","description":"Media","publisher":{"@id":"https:\/\/www.news33.tv\/#organization"},"potentialAction":[{"@type":"SearchAction","target":{"@type":"EntryPoint","urlTemplate":"https:\/\/www.news33.tv\/?s={search_term_string}"},"query-input":{"@type":"PropertyValueSpecification","valueRequired":true,"valueName":"search_term_string"}}],"inLanguage":"en-US"},{"@type":"Organization","@id":"https:\/\/www.news33.tv\/#organization","name":"News33.tv Media","url":"https:\/\/www.news33.tv\/","logo":{"@type":"ImageObject","inLanguage":"en-US","@id":"https:\/\/www.news33.tv\/#\/schema\/logo\/image\/","url":"https:\/\/www.press7.tv\/wp-content\/uploads\/2024\/02\/logo-news33-black.png","contentUrl":"https:\/\/www.press7.tv\/wp-content\/uploads\/2024\/02\/logo-news33-black.png","width":180,"height":37,"caption":"News33.tv Media"},"image":{"@id":"https:\/\/www.news33.tv\/#\/schema\/logo\/image\/"},"sameAs":["https:\/\/www.facebook.com\/press7.tv"]},{"@type":"Person","@id":"https:\/\/www.news33.tv\/#\/schema\/person\/5a04a38a23ccdba82f9bd665cd8f9efa","name":"gazetar2","image":{"@type":"ImageObject","inLanguage":"en-US","@id":"https:\/\/www.news33.tv\/#\/schema\/person\/image\/","url":"https:\/\/www.press7.tv\/wp-content\/litespeed\/avatar\/41975e402c3049d9ddb03adca8f7a883.jpg?ver=1788056178","contentUrl":"https:\/\/www.press7.tv\/wp-content\/litespeed\/avatar\/41975e402c3049d9ddb03adca8f7a883.jpg?ver=1788056178","caption":"gazetar2"},"url":"https:\/\/www.press7.tv\/?author=8"}]}},"amp_enabled":true,"_links":{"self":[{"href":"https:\/\/www.press7.tv\/index.php?rest_route=\/wp\/v2\/posts\/32658","targetHints":{"allow":["GET"]}}],"collection":[{"href":"https:\/\/www.press7.tv\/index.php?rest_route=\/wp\/v2\/posts"}],"about":[{"href":"https:\/\/www.press7.tv\/index.php?rest_route=\/wp\/v2\/types\/post"}],"author":[{"embeddable":true,"href":"https:\/\/www.press7.tv\/index.php?rest_route=\/wp\/v2\/users\/8"}],"replies":[{"embeddable":true,"href":"https:\/\/www.press7.tv\/index.php?rest_route=%2Fwp%2Fv2%2Fcomments&post=32658"}],"version-history":[{"count":1,"href":"https:\/\/www.press7.tv\/index.php?rest_route=\/wp\/v2\/posts\/32658\/revisions"}],"predecessor-version":[{"id":32660,"href":"https:\/\/www.press7.tv\/index.php?rest_route=\/wp\/v2\/posts\/32658\/revisions\/32660"}],"wp:featuredmedia":[{"embeddable":true,"href":"https:\/\/www.press7.tv\/index.php?rest_route=\/wp\/v2\/media\/32659"}],"wp:attachment":[{"href":"https:\/\/www.press7.tv\/index.php?rest_route=%2Fwp%2Fv2%2Fmedia&parent=32658"}],"wp:term":[{"taxonomy":"category","embeddable":true,"href":"https:\/\/www.press7.tv\/index.php?rest_route=%2Fwp%2Fv2%2Fcategories&post=32658"},{"taxonomy":"post_tag","embeddable":true,"href":"https:\/\/www.press7.tv\/index.php?rest_route=%2Fwp%2Fv2%2Ftags&post=32658"}],"curies":[{"name":"wp","href":"https:\/\/api.w.org\/{rel}","templated":true}]}}