{"id":28724,"date":"2026-05-03T12:53:49","date_gmt":"2026-05-03T12:53:49","guid":{"rendered":"https:\/\/www.press7.tv\/?p=28724"},"modified":"2026-05-03T12:53:49","modified_gmt":"2026-05-03T12:53:49","slug":"izraeli-miraton-marreveshjen-per-blerjen-e-aeroplaneve-luftarake-nga-shba-ja","status":"publish","type":"post","link":"https:\/\/www.press7.tv\/?p=28724","title":{"rendered":"Izraeli miraton marr\u00ebveshjen p\u00ebr blerjen e aeroplan\u00ebve luftarak\u00eb nga SHBA-ja"},"content":{"rendered":"\n    <div class=\"xs_social_share_widget xs_share_url before_content \t\tmain_content  wslu-style-2 wslu-share-box-shaped wslu-fill-colored wslu-share-m-5 wslu-none wslu-share-vertical wslu-theme-font-no wslu-main_content\">\n\n\t\t\n        <ul>\n\t\t\t        <\/ul>\n    <\/div> \n<p>Izraeli tha t\u00eb diel\u00ebn se ka miratuar nj\u00eb marr\u00ebveshje multimiliard\u00ebshe p\u00ebr blerjen e dy grupeve t\u00eb aeroplan\u00ebve luftarak\u00eb nga Shtetet e Bashkuara.<\/p>\n<p>Kjo blerje p\u00ebrfshin nj\u00eb grup aeroplan\u00ebsh shum\u00ebfunksional\u00eb F-35 nga kompania Lockheed Martin dhe nj\u00eb tjet\u00ebr me aeroplan\u00eb luftarak\u00eb F-15IA nga Boeing, njoftoi Ministria e Mbrojtjes e Izraelit.<\/p>\n<p>Ky plan synon t\u00eb \u201csiguroj\u00eb ep\u00ebrsin\u00eb ajrore t\u00eb Izraelit p\u00ebr dekadat e ardhshme\u201d, tha ministri i Mbrojtjes, Israel Katz, p\u00ebrmes nj\u00eb deklarate.<\/p>\n<p>\u201cBlerjet e F-35 dhe F-15IA jan\u00eb qendrore p\u00ebr planin \u2018Mburoja e Izraelit\u2019, i cili \u00ebsht\u00eb hartuar p\u00ebr t\u2019i dh\u00ebn\u00eb Forcave t\u00eb Mbrojtjes s\u00eb Izraelit nj\u00eb ep\u00ebrsi cil\u00ebsore dhe t\u00eb q\u00ebndrueshme. Misioni yn\u00eb \u00ebsht\u00eb i qart\u00eb: t\u00eb sigurojm\u00eb q\u00eb ushtria t\u00eb ket\u00eb mjetet, aft\u00ebsit\u00eb dhe forc\u00ebn p\u00ebr t\u00eb vepruar kudo, n\u00eb \u00e7do koh\u00eb\u201d, shtoi Katz.<\/p>\n<p>F-35, nj\u00eb projekt i p\u00ebrbashk\u00ebt mes Shteteve t\u00eb Bashkuara dhe disa aleat\u00ebve, \u00ebsht\u00eb nj\u00eb nga aeroplan\u00ebt ushtarak\u00eb m\u00eb t\u00eb avancuar n\u00eb bot\u00eb. Izraeli tashm\u00eb ka disa dhjet\u00ebra aeroplan\u00eb t\u00eb till\u00eb.<\/p>\n<p>Forca ajrore e Izraelit luajti nj\u00eb rol ky\u00e7 n\u00eb luft\u00ebn n\u00eb Gaza, duke kryer nj\u00eb nga fushatat m\u00eb intensive t\u00eb bombardimeve ajrore n\u00eb historin\u00eb moderne.<\/p>\n<p>Mij\u00ebra sulme sh\u00ebnjestruan ato q\u00eb Izraeli tha se ishin caqe t\u00eb Hamasit \u2013 grupit palestinez t\u00eb shpallur organizat\u00eb terroriste nga Shtetet e Bashkuara dhe Bashkimi Evropian \u2013 p\u00ebrfshir\u00eb tunele, qendra komanduese, vendndodhje t\u00eb raketahedh\u00ebsve, por edhe zona t\u00eb m\u00ebdha t\u00eb k\u00ebtij territori u shkat\u00ebrruan, p\u00ebrfshir\u00eb sht\u00ebpi, spitale dhe shkolla.<\/p>\n<p>Izraeli po ashtu me forc\u00ebn e saj ajrore ka zhvilluar dy luft\u00ebra kund\u00ebr Iranit n\u00eb m\u00eb pak se nj\u00eb vit, gjat\u00eb t\u00eb cilave fuqia e saj ajrore \u00ebsht\u00eb p\u00ebrdorur p\u00ebr sulme me rreze t\u00eb gjat\u00eb veprimi thell\u00eb brenda territorit iranian.<\/p>\n<p>Zyrtar\u00ebt izraelit\u00eb i kan\u00eb p\u00ebrshkruar k\u00ebto sulme si precize q\u00eb kishin p\u00ebr q\u00ebllim dob\u00ebsimin e aft\u00ebsive strategjike t\u00eb Iranit, teksa zyrtar\u00ebt iranian\u00eb kan\u00eb raportuar p\u00ebr sulme ajrore n\u00eb qytetet ky\u00e7 dhe zona industriale.<\/p>\n<p>Izraeli s\u00eb fundi miratoi buxhetin e tij p\u00ebr vitin 2026, i cili p\u00ebrfshin nj\u00eb rritje prej miliarda dollar\u00ebsh p\u00ebr shpenzimet n\u00eb fush\u00ebn e mbrojtjes.<\/p>\n<p>Shpenzimet ushtarake t\u00eb Izraelit jan\u00eb rritur vazhdimisht q\u00eb nga fillimi i luft\u00ebs n\u00eb Gaza, q\u00eb u nxit nga sulmi i Hamasit ndaj Izraelit m\u00eb 7 tetor 2023.<\/p>\n<p>P\u00ebrve\u00e7 luft\u00ebs s\u00eb fundit disajavore me Iranin, e zhvilluar s\u00eb bashku me SHBA-n\u00eb, Izraeli vazhdon t\u00eb p\u00ebrballet edhe me l\u00ebvizjen islamiste Hezbollah, t\u00eb mb\u00ebshtetur nga Irani, n\u00eb Libanin jugor. <\/p>\n","protected":false},"excerpt":{"rendered":"<p>Izraeli tha t\u00eb diel\u00ebn se ka miratuar nj\u00eb marr\u00ebveshje multimiliard\u00ebshe p\u00ebr blerjen e dy grupeve t\u00eb aeroplan\u00ebve luftarak\u00eb nga Shtetet e Bashkuara. Kjo blerje p\u00ebrfshin nj\u00eb grup aeroplan\u00ebsh shum\u00ebfunksional\u00eb F-35 nga kompania Lockheed Martin dhe nj\u00eb tjet\u00ebr me aeroplan\u00eb luftarak\u00eb F-15IA nga Boeing, njoftoi Ministria e Mbrojtjes e Izraelit. Ky plan synon t\u00eb \u201csiguroj\u00eb ep\u00ebrsin\u00eb [&hellip;]<\/p>\n","protected":false},"author":8,"featured_media":28725,"comment_status":"closed","ping_status":"closed","sticky":false,"template":"","format":"standard","meta":{"footnotes":""},"categories":[217,213],"tags":[],"class_list":["post-28724","post","type-post","status-publish","format-standard","has-post-thumbnail","hentry","category-bote","category-lajme"],"yoast_head":"<!-- This site is optimized with the Yoast SEO plugin v25.1 - https:\/\/yoast.com\/wordpress\/plugins\/seo\/ -->\n<title>Izraeli miraton marr\u00ebveshjen p\u00ebr blerjen e aeroplan\u00ebve luftarak\u00eb nga SHBA-ja - press7.tv<\/title>\n<meta name=\"robots\" content=\"index, follow, max-snippet:-1, max-image-preview:large, max-video-preview:-1\" \/>\n<link rel=\"canonical\" href=\"https:\/\/www.press7.tv\/?p=28724\" \/>\n<meta property=\"og:locale\" content=\"en_US\" \/>\n<meta property=\"og:type\" content=\"article\" \/>\n<meta property=\"og:title\" content=\"Izraeli miraton marr\u00ebveshjen p\u00ebr blerjen e aeroplan\u00ebve luftarak\u00eb nga SHBA-ja - press7.tv\" \/>\n<meta property=\"og:description\" content=\"Izraeli tha t\u00eb diel\u00ebn se ka miratuar nj\u00eb marr\u00ebveshje multimiliard\u00ebshe p\u00ebr blerjen e dy grupeve t\u00eb aeroplan\u00ebve luftarak\u00eb nga Shtetet e Bashkuara. Kjo blerje p\u00ebrfshin nj\u00eb grup aeroplan\u00ebsh shum\u00ebfunksional\u00eb F-35 nga kompania Lockheed Martin dhe nj\u00eb tjet\u00ebr me aeroplan\u00eb luftarak\u00eb F-15IA nga Boeing, njoftoi Ministria e Mbrojtjes e Izraelit. Ky plan synon t\u00eb \u201csiguroj\u00eb ep\u00ebrsin\u00eb [&hellip;]\" \/>\n<meta property=\"og:url\" content=\"https:\/\/www.press7.tv\/?p=28724\" \/>\n<meta property=\"og:site_name\" content=\"press7.tv\" \/>\n<meta property=\"article:publisher\" content=\"https:\/\/www.facebook.com\/press7.tv\" \/>\n<meta property=\"article:published_time\" content=\"2026-05-03T12:53:49+00:00\" \/>\n<meta property=\"og:image\" content=\"https:\/\/www.press7.tv\/wp-content\/uploads\/2026\/05\/aeroplan.avif\" \/>\n\t<meta property=\"og:image:width\" content=\"881\" \/>\n\t<meta property=\"og:image:height\" content=\"510\" \/>\n\t<meta property=\"og:image:type\" content=\"image\/png\" \/>\n<meta name=\"author\" content=\"gazetar2\" \/>\n<meta name=\"twitter:card\" content=\"summary_large_image\" \/>\n<meta name=\"twitter:label1\" content=\"Written by\" \/>\n\t<meta name=\"twitter:data1\" content=\"gazetar2\" \/>\n\t<meta name=\"twitter:label2\" content=\"Est. reading time\" \/>\n\t<meta name=\"twitter:data2\" content=\"1 minute\" \/>\n<script type=\"application\/ld+json\" class=\"yoast-schema-graph\">{\"@context\":\"https:\/\/schema.org\",\"@graph\":[{\"@type\":\"Article\",\"@id\":\"https:\/\/www.press7.tv\/?p=28724#article\",\"isPartOf\":{\"@id\":\"https:\/\/www.press7.tv\/?p=28724\"},\"author\":{\"name\":\"gazetar2\",\"@id\":\"https:\/\/www.news33.tv\/#\/schema\/person\/5a04a38a23ccdba82f9bd665cd8f9efa\"},\"headline\":\"Izraeli miraton marr\u00ebveshjen p\u00ebr blerjen e aeroplan\u00ebve luftarak\u00eb nga SHBA-ja\",\"datePublished\":\"2026-05-03T12:53:49+00:00\",\"mainEntityOfPage\":{\"@id\":\"https:\/\/www.press7.tv\/?p=28724\"},\"wordCount\":454,\"publisher\":{\"@id\":\"https:\/\/www.news33.tv\/#organization\"},\"image\":{\"@id\":\"https:\/\/www.press7.tv\/?p=28724#primaryimage\"},\"thumbnailUrl\":\"https:\/\/www.press7.tv\/wp-content\/uploads\/2026\/05\/aeroplan.avif\",\"articleSection\":[\"Bot\u00eb\",\"Lajme\"],\"inLanguage\":\"en-US\"},{\"@type\":\"WebPage\",\"@id\":\"https:\/\/www.press7.tv\/?p=28724\",\"url\":\"https:\/\/www.press7.tv\/?p=28724\",\"name\":\"Izraeli miraton marr\u00ebveshjen p\u00ebr blerjen e aeroplan\u00ebve luftarak\u00eb nga SHBA-ja - press7.tv\",\"isPartOf\":{\"@id\":\"https:\/\/www.news33.tv\/#website\"},\"primaryImageOfPage\":{\"@id\":\"https:\/\/www.press7.tv\/?p=28724#primaryimage\"},\"image\":{\"@id\":\"https:\/\/www.press7.tv\/?p=28724#primaryimage\"},\"thumbnailUrl\":\"https:\/\/www.press7.tv\/wp-content\/uploads\/2026\/05\/aeroplan.avif\",\"datePublished\":\"2026-05-03T12:53:49+00:00\",\"breadcrumb\":{\"@id\":\"https:\/\/www.press7.tv\/?p=28724#breadcrumb\"},\"inLanguage\":\"en-US\",\"potentialAction\":[{\"@type\":\"ReadAction\",\"target\":[\"https:\/\/www.press7.tv\/?p=28724\"]}]},{\"@type\":\"ImageObject\",\"inLanguage\":\"en-US\",\"@id\":\"https:\/\/www.press7.tv\/?p=28724#primaryimage\",\"url\":\"https:\/\/www.press7.tv\/wp-content\/uploads\/2026\/05\/aeroplan.avif\",\"contentUrl\":\"https:\/\/www.press7.tv\/wp-content\/uploads\/2026\/05\/aeroplan.avif\",\"width\":881,\"height\":510},{\"@type\":\"BreadcrumbList\",\"@id\":\"https:\/\/www.press7.tv\/?p=28724#breadcrumb\",\"itemListElement\":[{\"@type\":\"ListItem\",\"position\":1,\"name\":\"Home\",\"item\":\"https:\/\/www.press7.tv\/\"},{\"@type\":\"ListItem\",\"position\":2,\"name\":\"Izraeli miraton marr\u00ebveshjen p\u00ebr blerjen e aeroplan\u00ebve luftarak\u00eb nga SHBA-ja\"}]},{\"@type\":\"WebSite\",\"@id\":\"https:\/\/www.news33.tv\/#website\",\"url\":\"https:\/\/www.news33.tv\/\",\"name\":\"News33.tv Media\",\"description\":\"Media\",\"publisher\":{\"@id\":\"https:\/\/www.news33.tv\/#organization\"},\"potentialAction\":[{\"@type\":\"SearchAction\",\"target\":{\"@type\":\"EntryPoint\",\"urlTemplate\":\"https:\/\/www.news33.tv\/?s={search_term_string}\"},\"query-input\":{\"@type\":\"PropertyValueSpecification\",\"valueRequired\":true,\"valueName\":\"search_term_string\"}}],\"inLanguage\":\"en-US\"},{\"@type\":\"Organization\",\"@id\":\"https:\/\/www.news33.tv\/#organization\",\"name\":\"News33.tv Media\",\"url\":\"https:\/\/www.news33.tv\/\",\"logo\":{\"@type\":\"ImageObject\",\"inLanguage\":\"en-US\",\"@id\":\"https:\/\/www.news33.tv\/#\/schema\/logo\/image\/\",\"url\":\"https:\/\/www.press7.tv\/wp-content\/uploads\/2024\/02\/logo-news33-black.png\",\"contentUrl\":\"https:\/\/www.press7.tv\/wp-content\/uploads\/2024\/02\/logo-news33-black.png\",\"width\":180,\"height\":37,\"caption\":\"News33.tv Media\"},\"image\":{\"@id\":\"https:\/\/www.news33.tv\/#\/schema\/logo\/image\/\"},\"sameAs\":[\"https:\/\/www.facebook.com\/press7.tv\"]},{\"@type\":\"Person\",\"@id\":\"https:\/\/www.news33.tv\/#\/schema\/person\/5a04a38a23ccdba82f9bd665cd8f9efa\",\"name\":\"gazetar2\",\"image\":{\"@type\":\"ImageObject\",\"inLanguage\":\"en-US\",\"@id\":\"https:\/\/www.news33.tv\/#\/schema\/person\/image\/\",\"url\":\"https:\/\/www.press7.tv\/wp-content\/litespeed\/avatar\/41975e402c3049d9ddb03adca8f7a883.jpg?ver=1777774395\",\"contentUrl\":\"https:\/\/www.press7.tv\/wp-content\/litespeed\/avatar\/41975e402c3049d9ddb03adca8f7a883.jpg?ver=1777774395\",\"caption\":\"gazetar2\"},\"url\":\"https:\/\/www.press7.tv\/?author=8\"}]}<\/script>\n<!-- \/ Yoast SEO plugin. -->","yoast_head_json":{"title":"Izraeli miraton marr\u00ebveshjen p\u00ebr blerjen e aeroplan\u00ebve luftarak\u00eb nga SHBA-ja - press7.tv","robots":{"index":"index","follow":"follow","max-snippet":"max-snippet:-1","max-image-preview":"max-image-preview:large","max-video-preview":"max-video-preview:-1"},"canonical":"https:\/\/www.press7.tv\/?p=28724","og_locale":"en_US","og_type":"article","og_title":"Izraeli miraton marr\u00ebveshjen p\u00ebr blerjen e aeroplan\u00ebve luftarak\u00eb nga SHBA-ja - press7.tv","og_description":"Izraeli tha t\u00eb diel\u00ebn se ka miratuar nj\u00eb marr\u00ebveshje multimiliard\u00ebshe p\u00ebr blerjen e dy grupeve t\u00eb aeroplan\u00ebve luftarak\u00eb nga Shtetet e Bashkuara. Kjo blerje p\u00ebrfshin nj\u00eb grup aeroplan\u00ebsh shum\u00ebfunksional\u00eb F-35 nga kompania Lockheed Martin dhe nj\u00eb tjet\u00ebr me aeroplan\u00eb luftarak\u00eb F-15IA nga Boeing, njoftoi Ministria e Mbrojtjes e Izraelit. Ky plan synon t\u00eb \u201csiguroj\u00eb ep\u00ebrsin\u00eb [&hellip;]","og_url":"https:\/\/www.press7.tv\/?p=28724","og_site_name":"press7.tv","article_publisher":"https:\/\/www.facebook.com\/press7.tv","article_published_time":"2026-05-03T12:53:49+00:00","og_image":[{"width":881,"height":510,"url":"https:\/\/www.press7.tv\/wp-content\/uploads\/2026\/05\/aeroplan.avif","type":"image\/png"}],"author":"gazetar2","twitter_card":"summary_large_image","twitter_misc":{"Written by":"gazetar2","Est. reading time":"1 minute"},"schema":{"@context":"https:\/\/schema.org","@graph":[{"@type":"Article","@id":"https:\/\/www.press7.tv\/?p=28724#article","isPartOf":{"@id":"https:\/\/www.press7.tv\/?p=28724"},"author":{"name":"gazetar2","@id":"https:\/\/www.news33.tv\/#\/schema\/person\/5a04a38a23ccdba82f9bd665cd8f9efa"},"headline":"Izraeli miraton marr\u00ebveshjen p\u00ebr blerjen e aeroplan\u00ebve luftarak\u00eb nga SHBA-ja","datePublished":"2026-05-03T12:53:49+00:00","mainEntityOfPage":{"@id":"https:\/\/www.press7.tv\/?p=28724"},"wordCount":454,"publisher":{"@id":"https:\/\/www.news33.tv\/#organization"},"image":{"@id":"https:\/\/www.press7.tv\/?p=28724#primaryimage"},"thumbnailUrl":"https:\/\/www.press7.tv\/wp-content\/uploads\/2026\/05\/aeroplan.avif","articleSection":["Bot\u00eb","Lajme"],"inLanguage":"en-US"},{"@type":"WebPage","@id":"https:\/\/www.press7.tv\/?p=28724","url":"https:\/\/www.press7.tv\/?p=28724","name":"Izraeli miraton marr\u00ebveshjen p\u00ebr blerjen e aeroplan\u00ebve luftarak\u00eb nga SHBA-ja - press7.tv","isPartOf":{"@id":"https:\/\/www.news33.tv\/#website"},"primaryImageOfPage":{"@id":"https:\/\/www.press7.tv\/?p=28724#primaryimage"},"image":{"@id":"https:\/\/www.press7.tv\/?p=28724#primaryimage"},"thumbnailUrl":"https:\/\/www.press7.tv\/wp-content\/uploads\/2026\/05\/aeroplan.avif","datePublished":"2026-05-03T12:53:49+00:00","breadcrumb":{"@id":"https:\/\/www.press7.tv\/?p=28724#breadcrumb"},"inLanguage":"en-US","potentialAction":[{"@type":"ReadAction","target":["https:\/\/www.press7.tv\/?p=28724"]}]},{"@type":"ImageObject","inLanguage":"en-US","@id":"https:\/\/www.press7.tv\/?p=28724#primaryimage","url":"https:\/\/www.press7.tv\/wp-content\/uploads\/2026\/05\/aeroplan.avif","contentUrl":"https:\/\/www.press7.tv\/wp-content\/uploads\/2026\/05\/aeroplan.avif","width":881,"height":510},{"@type":"BreadcrumbList","@id":"https:\/\/www.press7.tv\/?p=28724#breadcrumb","itemListElement":[{"@type":"ListItem","position":1,"name":"Home","item":"https:\/\/www.press7.tv\/"},{"@type":"ListItem","position":2,"name":"Izraeli miraton marr\u00ebveshjen p\u00ebr blerjen e aeroplan\u00ebve luftarak\u00eb nga SHBA-ja"}]},{"@type":"WebSite","@id":"https:\/\/www.news33.tv\/#website","url":"https:\/\/www.news33.tv\/","name":"News33.tv Media","description":"Media","publisher":{"@id":"https:\/\/www.news33.tv\/#organization"},"potentialAction":[{"@type":"SearchAction","target":{"@type":"EntryPoint","urlTemplate":"https:\/\/www.news33.tv\/?s={search_term_string}"},"query-input":{"@type":"PropertyValueSpecification","valueRequired":true,"valueName":"search_term_string"}}],"inLanguage":"en-US"},{"@type":"Organization","@id":"https:\/\/www.news33.tv\/#organization","name":"News33.tv Media","url":"https:\/\/www.news33.tv\/","logo":{"@type":"ImageObject","inLanguage":"en-US","@id":"https:\/\/www.news33.tv\/#\/schema\/logo\/image\/","url":"https:\/\/www.press7.tv\/wp-content\/uploads\/2024\/02\/logo-news33-black.png","contentUrl":"https:\/\/www.press7.tv\/wp-content\/uploads\/2024\/02\/logo-news33-black.png","width":180,"height":37,"caption":"News33.tv Media"},"image":{"@id":"https:\/\/www.news33.tv\/#\/schema\/logo\/image\/"},"sameAs":["https:\/\/www.facebook.com\/press7.tv"]},{"@type":"Person","@id":"https:\/\/www.news33.tv\/#\/schema\/person\/5a04a38a23ccdba82f9bd665cd8f9efa","name":"gazetar2","image":{"@type":"ImageObject","inLanguage":"en-US","@id":"https:\/\/www.news33.tv\/#\/schema\/person\/image\/","url":"https:\/\/www.press7.tv\/wp-content\/litespeed\/avatar\/41975e402c3049d9ddb03adca8f7a883.jpg?ver=1777774395","contentUrl":"https:\/\/www.press7.tv\/wp-content\/litespeed\/avatar\/41975e402c3049d9ddb03adca8f7a883.jpg?ver=1777774395","caption":"gazetar2"},"url":"https:\/\/www.press7.tv\/?author=8"}]}},"amp_enabled":true,"_links":{"self":[{"href":"https:\/\/www.press7.tv\/index.php?rest_route=\/wp\/v2\/posts\/28724","targetHints":{"allow":["GET"]}}],"collection":[{"href":"https:\/\/www.press7.tv\/index.php?rest_route=\/wp\/v2\/posts"}],"about":[{"href":"https:\/\/www.press7.tv\/index.php?rest_route=\/wp\/v2\/types\/post"}],"author":[{"embeddable":true,"href":"https:\/\/www.press7.tv\/index.php?rest_route=\/wp\/v2\/users\/8"}],"replies":[{"embeddable":true,"href":"https:\/\/www.press7.tv\/index.php?rest_route=%2Fwp%2Fv2%2Fcomments&post=28724"}],"version-history":[{"count":1,"href":"https:\/\/www.press7.tv\/index.php?rest_route=\/wp\/v2\/posts\/28724\/revisions"}],"predecessor-version":[{"id":28726,"href":"https:\/\/www.press7.tv\/index.php?rest_route=\/wp\/v2\/posts\/28724\/revisions\/28726"}],"wp:featuredmedia":[{"embeddable":true,"href":"https:\/\/www.press7.tv\/index.php?rest_route=\/wp\/v2\/media\/28725"}],"wp:attachment":[{"href":"https:\/\/www.press7.tv\/index.php?rest_route=%2Fwp%2Fv2%2Fmedia&parent=28724"}],"wp:term":[{"taxonomy":"category","embeddable":true,"href":"https:\/\/www.press7.tv\/index.php?rest_route=%2Fwp%2Fv2%2Fcategories&post=28724"},{"taxonomy":"post_tag","embeddable":true,"href":"https:\/\/www.press7.tv\/index.php?rest_route=%2Fwp%2Fv2%2Ftags&post=28724"}],"curies":[{"name":"wp","href":"https:\/\/api.w.org\/{rel}","templated":true}]}}