{"id":28717,"date":"2026-05-03T10:08:43","date_gmt":"2026-05-03T10:08:43","guid":{"rendered":"https:\/\/www.press7.tv\/?p=28717"},"modified":"2026-05-03T10:08:43","modified_gmt":"2026-05-03T10:08:43","slug":"haxhiu-serbia-kreu-spastrim-etnik-dhe-gjenocid-ne-kosove","status":"publish","type":"post","link":"https:\/\/www.press7.tv\/?p=28717","title":{"rendered":"Haxhiu: Serbia kreu spastrim etnik dhe gjenocid n\u00eb Kosov\u00eb"},"content":{"rendered":"\n    <div class=\"xs_social_share_widget xs_share_url before_content \t\tmain_content  wslu-style-2 wslu-share-box-shaped wslu-fill-colored wslu-share-m-5 wslu-none wslu-share-vertical wslu-theme-font-no wslu-main_content\">\n\n\t\t\n        <ul>\n\t\t\t        <\/ul>\n    <\/div> \n<p>Ushtruesja e detyr\u00ebs s\u00eb Presidentes s\u00eb Republik\u00ebs s\u00eb Kosov\u00ebs, Albulena Haxhiu, n\u00eb 27-vjetorin e masakr\u00ebs n\u00eb Bukosh, tha se ajo \u00e7far\u00eb ka ndodhur para 27 viteve n\u00eb Bukosh, nuk \u00ebsht\u00eb di\u00e7ka e izoluar, por \u00ebsht\u00eb d\u00ebshmi e gjenocidit dhe spastrimit etnik q\u00eb Serbia e ka b\u00ebr\u00eb n\u00eb Republik\u00ebn e Kosov\u00ebs.<\/p>\n<p>\u201cM\u00eb 3 maj t\u00eb vitit 1999, pra para 27 viteve, nga kolona e familjeve shqiptare u ndan\u00eb 25 civil\u00eb t\u00eb pafajsh\u00ebm, burra e djem nga mosha at\u00ebher\u00eb prej 85 deri n\u00eb 5 vje\u00e7are. Ata u mor\u00ebn dhunsh\u00ebm nga familjet e tyre. Familjet e tyre, n\u00eb an\u00ebn tjet\u00ebr, u detyruan q\u00eb ta vazhdojn\u00eb rrug\u00ebn e d\u00ebbimit, nd\u00ebrsa civil\u00ebt e pafajsh\u00ebm u vendos\u00ebn n\u00eb oborrin e shkoll\u00ebs, u vendos\u00ebn pran\u00eb mureve t\u00eb k\u00ebsaj shkolle dhe u pushkatuan. Pra, jo n\u00eb nj\u00eb betej\u00eb, jo n\u00eb nj\u00eb p\u00ebrballje t\u00eb armatosur, por u vran\u00eb e u pushkatuar mizorisht, q\u00ebllimisht. Sot, ne jemi k\u00ebtu p\u00ebr t\u00eb nderuar martir\u00ebt e pafajsh\u00ebm. Kjo cfar\u00eb ka ndodhur para 27 viteve k\u00ebtu n\u00eb Bukosh, nuk \u00ebsht\u00eb di\u00e7ka e izoluar, por \u00ebsht\u00eb d\u00ebshmi e gjenocidit dhe spastrimit etnik q\u00eb Serbia e ka b\u00ebr\u00eb n\u00eb Republik\u00ebn e Kosov\u00ebs\u201d, tha ajo.<\/p>\n<p>Sipas saj, por q\u00ebndresa e shqiptar\u00ebve t\u00eb Kosov\u00ebs, guximi dhe po ashtu bindja q\u00eb duhet t\u00eb q\u00ebndrojm\u00eb t\u00eb fort\u00eb, e ka detyruar Serbin\u00eb q\u00eb t\u00eb zbrazet.<\/p>\n<p>\u201cPra, lufta e drejt\u00eb e Ushtris\u00eb \u00c7lirimtare t\u00eb Kosov\u00ebs, q\u00ebndresa e popullit ton\u00eb dhe mb\u00ebshtetja e partner\u00ebve nd\u00ebrkomb\u00ebtar\u00eb p\u00ebrmes nd\u00ebrhyrjes, kan\u00eb b\u00ebr\u00eb q\u00eb Kosova t\u00eb \u00e7lirohet, t\u00eb jet\u00eb e lir\u00eb dhe t\u00eb jet\u00eb e pavarur. Ne sot nderojm\u00eb martir\u00ebt e pafajsh\u00ebm, kund\u00ebr dhun\u00ebs dhe padrejt\u00ebsis\u00eb. Shum\u00eb nga kryer\u00ebsit e k\u00ebsaj masakre ende nuk jan\u00eb nd\u00ebshkuar, por ata q\u00ebndrojn\u00eb si d\u00ebshmi se populli yn\u00eb \u00ebsht\u00eb i fort\u00eb p\u00ebrball\u00eb sfidave q\u00eb kalon. Sot jemi k\u00ebtu edhe p\u00ebrkrah familjeve, lavdi d\u00ebshmor\u00ebve dhe martir\u00ebve t\u00eb luft\u00ebs, si institucione t\u00eb Republik\u00ebs s\u00eb Kosov\u00ebs dhe angazhohemi n\u00eb vazhdim\u00ebsi q\u00eb t\u00eb adresojm\u00eb drejt\u00ebsin\u00eb, sidomos n\u00eb rastet kur b\u00ebhet fjal\u00eb p\u00ebr krimet e luft\u00ebs. Nuk mund t\u00eb vazhdojm\u00eb t\u00eb jemi pa drejt\u00ebsi p\u00ebr t\u00eb r\u00ebn\u00ebt tan\u00eb. Kudo q\u00eb shkojm\u00eb, k\u00ebrkesa e familjar\u00ebve \u00ebsht\u00eb q\u00eb t\u00eb ket\u00eb drejt\u00ebsi p\u00ebr k\u00ebto raste\u201d, tha ajo.<\/p>\n<p>Haxhiu tha se ka ende shum\u00eb krime pa u hetuar dhe pa u gjykuar, sepse Serbia nuk i dor\u00ebzon kriminel\u00ebt e luft\u00ebs.<\/p>\n<p>\u201cAndaj, p\u00ebrkund\u00ebr faktit q\u00eb s\u00eb fundi ka pasur p\u00ebrparime n\u00eb k\u00ebt\u00eb drejtim, kaq shum\u00eb krime t\u00eb kryera n\u00eb Kosov\u00eb nga Serbia q\u00eb mbeten pa drejt\u00ebsi. Prandaj, u b\u00ebjm\u00eb thirrje institucioneve t\u00eb drejt\u00ebsis\u00eb q\u00eb t\u00eb vazhdojn\u00eb pun\u00ebn, angazhimin, hetimin dhe ndjekjen penale, si dhe gjykimin e kriminel\u00ebve t\u00eb luft\u00ebs\u201d, tha Haxhiu.<\/p>\n","protected":false},"excerpt":{"rendered":"<p>Ushtruesja e detyr\u00ebs s\u00eb Presidentes s\u00eb Republik\u00ebs s\u00eb Kosov\u00ebs, Albulena Haxhiu, n\u00eb 27-vjetorin e masakr\u00ebs n\u00eb Bukosh, tha se ajo \u00e7far\u00eb ka ndodhur para 27 viteve n\u00eb Bukosh, nuk \u00ebsht\u00eb di\u00e7ka e izoluar, por \u00ebsht\u00eb d\u00ebshmi e gjenocidit dhe spastrimit etnik q\u00eb Serbia e ka b\u00ebr\u00eb n\u00eb Republik\u00ebn e Kosov\u00ebs. \u201cM\u00eb 3 maj t\u00eb vitit [&hellip;]<\/p>\n","protected":false},"author":8,"featured_media":28718,"comment_status":"closed","ping_status":"closed","sticky":false,"template":"","format":"standard","meta":{"footnotes":""},"categories":[215,213],"tags":[],"class_list":["post-28717","post","type-post","status-publish","format-standard","has-post-thumbnail","hentry","category-kosove","category-lajme"],"yoast_head":"<!-- This site is optimized with the Yoast SEO plugin v25.1 - https:\/\/yoast.com\/wordpress\/plugins\/seo\/ -->\n<title>Haxhiu: Serbia kreu spastrim etnik dhe gjenocid n\u00eb Kosov\u00eb - press7.tv<\/title>\n<meta name=\"robots\" content=\"index, follow, max-snippet:-1, max-image-preview:large, max-video-preview:-1\" \/>\n<link rel=\"canonical\" href=\"https:\/\/www.press7.tv\/?p=28717\" \/>\n<meta property=\"og:locale\" content=\"en_US\" \/>\n<meta property=\"og:type\" content=\"article\" \/>\n<meta property=\"og:title\" content=\"Haxhiu: Serbia kreu spastrim etnik dhe gjenocid n\u00eb Kosov\u00eb - press7.tv\" \/>\n<meta property=\"og:description\" content=\"Ushtruesja e detyr\u00ebs s\u00eb Presidentes s\u00eb Republik\u00ebs s\u00eb Kosov\u00ebs, Albulena Haxhiu, n\u00eb 27-vjetorin e masakr\u00ebs n\u00eb Bukosh, tha se ajo \u00e7far\u00eb ka ndodhur para 27 viteve n\u00eb Bukosh, nuk \u00ebsht\u00eb di\u00e7ka e izoluar, por \u00ebsht\u00eb d\u00ebshmi e gjenocidit dhe spastrimit etnik q\u00eb Serbia e ka b\u00ebr\u00eb n\u00eb Republik\u00ebn e Kosov\u00ebs. \u201cM\u00eb 3 maj t\u00eb vitit [&hellip;]\" \/>\n<meta property=\"og:url\" content=\"https:\/\/www.press7.tv\/?p=28717\" \/>\n<meta property=\"og:site_name\" content=\"press7.tv\" \/>\n<meta property=\"article:publisher\" content=\"https:\/\/www.facebook.com\/press7.tv\" \/>\n<meta property=\"article:published_time\" content=\"2026-05-03T10:08:43+00:00\" \/>\n<meta property=\"og:image\" content=\"https:\/\/www.press7.tv\/wp-content\/uploads\/2026\/05\/723716-yhzPuOohkj.avif\" \/>\n\t<meta property=\"og:image:width\" content=\"780\" \/>\n\t<meta property=\"og:image:height\" content=\"500\" \/>\n\t<meta property=\"og:image:type\" content=\"image\/jpeg\" \/>\n<meta name=\"author\" content=\"gazetar2\" \/>\n<meta name=\"twitter:card\" content=\"summary_large_image\" \/>\n<meta name=\"twitter:label1\" content=\"Written by\" \/>\n\t<meta name=\"twitter:data1\" content=\"gazetar2\" \/>\n\t<meta name=\"twitter:label2\" content=\"Est. reading time\" \/>\n\t<meta name=\"twitter:data2\" content=\"1 minute\" \/>\n<script type=\"application\/ld+json\" class=\"yoast-schema-graph\">{\"@context\":\"https:\/\/schema.org\",\"@graph\":[{\"@type\":\"Article\",\"@id\":\"https:\/\/www.press7.tv\/?p=28717#article\",\"isPartOf\":{\"@id\":\"https:\/\/www.press7.tv\/?p=28717\"},\"author\":{\"name\":\"gazetar2\",\"@id\":\"https:\/\/www.news33.tv\/#\/schema\/person\/5a04a38a23ccdba82f9bd665cd8f9efa\"},\"headline\":\"Haxhiu: Serbia kreu spastrim etnik dhe gjenocid n\u00eb Kosov\u00eb\",\"datePublished\":\"2026-05-03T10:08:43+00:00\",\"mainEntityOfPage\":{\"@id\":\"https:\/\/www.press7.tv\/?p=28717\"},\"wordCount\":517,\"publisher\":{\"@id\":\"https:\/\/www.news33.tv\/#organization\"},\"image\":{\"@id\":\"https:\/\/www.press7.tv\/?p=28717#primaryimage\"},\"thumbnailUrl\":\"https:\/\/www.press7.tv\/wp-content\/uploads\/2026\/05\/723716-yhzPuOohkj.avif\",\"articleSection\":[\"Kosov\u00eb\",\"Lajme\"],\"inLanguage\":\"en-US\"},{\"@type\":\"WebPage\",\"@id\":\"https:\/\/www.press7.tv\/?p=28717\",\"url\":\"https:\/\/www.press7.tv\/?p=28717\",\"name\":\"Haxhiu: Serbia kreu spastrim etnik dhe gjenocid n\u00eb Kosov\u00eb - press7.tv\",\"isPartOf\":{\"@id\":\"https:\/\/www.news33.tv\/#website\"},\"primaryImageOfPage\":{\"@id\":\"https:\/\/www.press7.tv\/?p=28717#primaryimage\"},\"image\":{\"@id\":\"https:\/\/www.press7.tv\/?p=28717#primaryimage\"},\"thumbnailUrl\":\"https:\/\/www.press7.tv\/wp-content\/uploads\/2026\/05\/723716-yhzPuOohkj.avif\",\"datePublished\":\"2026-05-03T10:08:43+00:00\",\"breadcrumb\":{\"@id\":\"https:\/\/www.press7.tv\/?p=28717#breadcrumb\"},\"inLanguage\":\"en-US\",\"potentialAction\":[{\"@type\":\"ReadAction\",\"target\":[\"https:\/\/www.press7.tv\/?p=28717\"]}]},{\"@type\":\"ImageObject\",\"inLanguage\":\"en-US\",\"@id\":\"https:\/\/www.press7.tv\/?p=28717#primaryimage\",\"url\":\"https:\/\/www.press7.tv\/wp-content\/uploads\/2026\/05\/723716-yhzPuOohkj.avif\",\"contentUrl\":\"https:\/\/www.press7.tv\/wp-content\/uploads\/2026\/05\/723716-yhzPuOohkj.avif\",\"width\":780,\"height\":500},{\"@type\":\"BreadcrumbList\",\"@id\":\"https:\/\/www.press7.tv\/?p=28717#breadcrumb\",\"itemListElement\":[{\"@type\":\"ListItem\",\"position\":1,\"name\":\"Home\",\"item\":\"https:\/\/www.press7.tv\/\"},{\"@type\":\"ListItem\",\"position\":2,\"name\":\"Haxhiu: Serbia kreu spastrim etnik dhe gjenocid n\u00eb Kosov\u00eb\"}]},{\"@type\":\"WebSite\",\"@id\":\"https:\/\/www.news33.tv\/#website\",\"url\":\"https:\/\/www.news33.tv\/\",\"name\":\"News33.tv Media\",\"description\":\"Media\",\"publisher\":{\"@id\":\"https:\/\/www.news33.tv\/#organization\"},\"potentialAction\":[{\"@type\":\"SearchAction\",\"target\":{\"@type\":\"EntryPoint\",\"urlTemplate\":\"https:\/\/www.news33.tv\/?s={search_term_string}\"},\"query-input\":{\"@type\":\"PropertyValueSpecification\",\"valueRequired\":true,\"valueName\":\"search_term_string\"}}],\"inLanguage\":\"en-US\"},{\"@type\":\"Organization\",\"@id\":\"https:\/\/www.news33.tv\/#organization\",\"name\":\"News33.tv Media\",\"url\":\"https:\/\/www.news33.tv\/\",\"logo\":{\"@type\":\"ImageObject\",\"inLanguage\":\"en-US\",\"@id\":\"https:\/\/www.news33.tv\/#\/schema\/logo\/image\/\",\"url\":\"https:\/\/www.press7.tv\/wp-content\/uploads\/2024\/02\/logo-news33-black.png\",\"contentUrl\":\"https:\/\/www.press7.tv\/wp-content\/uploads\/2024\/02\/logo-news33-black.png\",\"width\":180,\"height\":37,\"caption\":\"News33.tv Media\"},\"image\":{\"@id\":\"https:\/\/www.news33.tv\/#\/schema\/logo\/image\/\"},\"sameAs\":[\"https:\/\/www.facebook.com\/press7.tv\"]},{\"@type\":\"Person\",\"@id\":\"https:\/\/www.news33.tv\/#\/schema\/person\/5a04a38a23ccdba82f9bd665cd8f9efa\",\"name\":\"gazetar2\",\"image\":{\"@type\":\"ImageObject\",\"inLanguage\":\"en-US\",\"@id\":\"https:\/\/www.news33.tv\/#\/schema\/person\/image\/\",\"url\":\"https:\/\/www.press7.tv\/wp-content\/litespeed\/avatar\/41975e402c3049d9ddb03adca8f7a883.jpg?ver=1777774395\",\"contentUrl\":\"https:\/\/www.press7.tv\/wp-content\/litespeed\/avatar\/41975e402c3049d9ddb03adca8f7a883.jpg?ver=1777774395\",\"caption\":\"gazetar2\"},\"url\":\"https:\/\/www.press7.tv\/?author=8\"}]}<\/script>\n<!-- \/ Yoast SEO plugin. -->","yoast_head_json":{"title":"Haxhiu: Serbia kreu spastrim etnik dhe gjenocid n\u00eb Kosov\u00eb - press7.tv","robots":{"index":"index","follow":"follow","max-snippet":"max-snippet:-1","max-image-preview":"max-image-preview:large","max-video-preview":"max-video-preview:-1"},"canonical":"https:\/\/www.press7.tv\/?p=28717","og_locale":"en_US","og_type":"article","og_title":"Haxhiu: Serbia kreu spastrim etnik dhe gjenocid n\u00eb Kosov\u00eb - press7.tv","og_description":"Ushtruesja e detyr\u00ebs s\u00eb Presidentes s\u00eb Republik\u00ebs s\u00eb Kosov\u00ebs, Albulena Haxhiu, n\u00eb 27-vjetorin e masakr\u00ebs n\u00eb Bukosh, tha se ajo \u00e7far\u00eb ka ndodhur para 27 viteve n\u00eb Bukosh, nuk \u00ebsht\u00eb di\u00e7ka e izoluar, por \u00ebsht\u00eb d\u00ebshmi e gjenocidit dhe spastrimit etnik q\u00eb Serbia e ka b\u00ebr\u00eb n\u00eb Republik\u00ebn e Kosov\u00ebs. \u201cM\u00eb 3 maj t\u00eb vitit [&hellip;]","og_url":"https:\/\/www.press7.tv\/?p=28717","og_site_name":"press7.tv","article_publisher":"https:\/\/www.facebook.com\/press7.tv","article_published_time":"2026-05-03T10:08:43+00:00","og_image":[{"width":780,"height":500,"url":"https:\/\/www.press7.tv\/wp-content\/uploads\/2026\/05\/723716-yhzPuOohkj.avif","type":"image\/jpeg"}],"author":"gazetar2","twitter_card":"summary_large_image","twitter_misc":{"Written by":"gazetar2","Est. reading time":"1 minute"},"schema":{"@context":"https:\/\/schema.org","@graph":[{"@type":"Article","@id":"https:\/\/www.press7.tv\/?p=28717#article","isPartOf":{"@id":"https:\/\/www.press7.tv\/?p=28717"},"author":{"name":"gazetar2","@id":"https:\/\/www.news33.tv\/#\/schema\/person\/5a04a38a23ccdba82f9bd665cd8f9efa"},"headline":"Haxhiu: Serbia kreu spastrim etnik dhe gjenocid n\u00eb Kosov\u00eb","datePublished":"2026-05-03T10:08:43+00:00","mainEntityOfPage":{"@id":"https:\/\/www.press7.tv\/?p=28717"},"wordCount":517,"publisher":{"@id":"https:\/\/www.news33.tv\/#organization"},"image":{"@id":"https:\/\/www.press7.tv\/?p=28717#primaryimage"},"thumbnailUrl":"https:\/\/www.press7.tv\/wp-content\/uploads\/2026\/05\/723716-yhzPuOohkj.avif","articleSection":["Kosov\u00eb","Lajme"],"inLanguage":"en-US"},{"@type":"WebPage","@id":"https:\/\/www.press7.tv\/?p=28717","url":"https:\/\/www.press7.tv\/?p=28717","name":"Haxhiu: Serbia kreu spastrim etnik dhe gjenocid n\u00eb Kosov\u00eb - press7.tv","isPartOf":{"@id":"https:\/\/www.news33.tv\/#website"},"primaryImageOfPage":{"@id":"https:\/\/www.press7.tv\/?p=28717#primaryimage"},"image":{"@id":"https:\/\/www.press7.tv\/?p=28717#primaryimage"},"thumbnailUrl":"https:\/\/www.press7.tv\/wp-content\/uploads\/2026\/05\/723716-yhzPuOohkj.avif","datePublished":"2026-05-03T10:08:43+00:00","breadcrumb":{"@id":"https:\/\/www.press7.tv\/?p=28717#breadcrumb"},"inLanguage":"en-US","potentialAction":[{"@type":"ReadAction","target":["https:\/\/www.press7.tv\/?p=28717"]}]},{"@type":"ImageObject","inLanguage":"en-US","@id":"https:\/\/www.press7.tv\/?p=28717#primaryimage","url":"https:\/\/www.press7.tv\/wp-content\/uploads\/2026\/05\/723716-yhzPuOohkj.avif","contentUrl":"https:\/\/www.press7.tv\/wp-content\/uploads\/2026\/05\/723716-yhzPuOohkj.avif","width":780,"height":500},{"@type":"BreadcrumbList","@id":"https:\/\/www.press7.tv\/?p=28717#breadcrumb","itemListElement":[{"@type":"ListItem","position":1,"name":"Home","item":"https:\/\/www.press7.tv\/"},{"@type":"ListItem","position":2,"name":"Haxhiu: Serbia kreu spastrim etnik dhe gjenocid n\u00eb Kosov\u00eb"}]},{"@type":"WebSite","@id":"https:\/\/www.news33.tv\/#website","url":"https:\/\/www.news33.tv\/","name":"News33.tv Media","description":"Media","publisher":{"@id":"https:\/\/www.news33.tv\/#organization"},"potentialAction":[{"@type":"SearchAction","target":{"@type":"EntryPoint","urlTemplate":"https:\/\/www.news33.tv\/?s={search_term_string}"},"query-input":{"@type":"PropertyValueSpecification","valueRequired":true,"valueName":"search_term_string"}}],"inLanguage":"en-US"},{"@type":"Organization","@id":"https:\/\/www.news33.tv\/#organization","name":"News33.tv Media","url":"https:\/\/www.news33.tv\/","logo":{"@type":"ImageObject","inLanguage":"en-US","@id":"https:\/\/www.news33.tv\/#\/schema\/logo\/image\/","url":"https:\/\/www.press7.tv\/wp-content\/uploads\/2024\/02\/logo-news33-black.png","contentUrl":"https:\/\/www.press7.tv\/wp-content\/uploads\/2024\/02\/logo-news33-black.png","width":180,"height":37,"caption":"News33.tv Media"},"image":{"@id":"https:\/\/www.news33.tv\/#\/schema\/logo\/image\/"},"sameAs":["https:\/\/www.facebook.com\/press7.tv"]},{"@type":"Person","@id":"https:\/\/www.news33.tv\/#\/schema\/person\/5a04a38a23ccdba82f9bd665cd8f9efa","name":"gazetar2","image":{"@type":"ImageObject","inLanguage":"en-US","@id":"https:\/\/www.news33.tv\/#\/schema\/person\/image\/","url":"https:\/\/www.press7.tv\/wp-content\/litespeed\/avatar\/41975e402c3049d9ddb03adca8f7a883.jpg?ver=1777774395","contentUrl":"https:\/\/www.press7.tv\/wp-content\/litespeed\/avatar\/41975e402c3049d9ddb03adca8f7a883.jpg?ver=1777774395","caption":"gazetar2"},"url":"https:\/\/www.press7.tv\/?author=8"}]}},"amp_enabled":true,"_links":{"self":[{"href":"https:\/\/www.press7.tv\/index.php?rest_route=\/wp\/v2\/posts\/28717","targetHints":{"allow":["GET"]}}],"collection":[{"href":"https:\/\/www.press7.tv\/index.php?rest_route=\/wp\/v2\/posts"}],"about":[{"href":"https:\/\/www.press7.tv\/index.php?rest_route=\/wp\/v2\/types\/post"}],"author":[{"embeddable":true,"href":"https:\/\/www.press7.tv\/index.php?rest_route=\/wp\/v2\/users\/8"}],"replies":[{"embeddable":true,"href":"https:\/\/www.press7.tv\/index.php?rest_route=%2Fwp%2Fv2%2Fcomments&post=28717"}],"version-history":[{"count":1,"href":"https:\/\/www.press7.tv\/index.php?rest_route=\/wp\/v2\/posts\/28717\/revisions"}],"predecessor-version":[{"id":28719,"href":"https:\/\/www.press7.tv\/index.php?rest_route=\/wp\/v2\/posts\/28717\/revisions\/28719"}],"wp:featuredmedia":[{"embeddable":true,"href":"https:\/\/www.press7.tv\/index.php?rest_route=\/wp\/v2\/media\/28718"}],"wp:attachment":[{"href":"https:\/\/www.press7.tv\/index.php?rest_route=%2Fwp%2Fv2%2Fmedia&parent=28717"}],"wp:term":[{"taxonomy":"category","embeddable":true,"href":"https:\/\/www.press7.tv\/index.php?rest_route=%2Fwp%2Fv2%2Fcategories&post=28717"},{"taxonomy":"post_tag","embeddable":true,"href":"https:\/\/www.press7.tv\/index.php?rest_route=%2Fwp%2Fv2%2Ftags&post=28717"}],"curies":[{"name":"wp","href":"https:\/\/api.w.org\/{rel}","templated":true}]}}