{"id":28713,"date":"2026-05-03T09:57:04","date_gmt":"2026-05-03T09:57:04","guid":{"rendered":"https:\/\/www.press7.tv\/?p=28713"},"modified":"2026-05-03T09:57:52","modified_gmt":"2026-05-03T09:57:52","slug":"dita-boterore-e-lirise-se-shtypit-be-mbeshtesim-lirine-e-shprehjes-ne-kosove","status":"publish","type":"post","link":"https:\/\/www.press7.tv\/?p=28713","title":{"rendered":"Dita Bot\u00ebrore e Liris\u00eb s\u00eb Shtypit, BE: Mb\u00ebshtesim lirin\u00eb e shprehjes n\u00eb Kosov\u00eb"},"content":{"rendered":"\n    <div class=\"xs_social_share_widget xs_share_url before_content \t\tmain_content  wslu-style-2 wslu-share-box-shaped wslu-fill-colored wslu-share-m-5 wslu-none wslu-share-vertical wslu-theme-font-no wslu-main_content\">\n\n\t\t\n        <ul>\n\t\t\t        <\/ul>\n    <\/div> \n<p>Ushtruesja e detyr\u00ebs s\u00eb shefes s\u00eb BE-s\u00eb n\u00eb Kosov\u00eb, Eva Palatova, tha sot se \u00ebsht\u00eb inkurajuese t\u00eb shoh\u00ebsh Kosov\u00ebn t\u00eb ngrihet 15 vende n\u00eb Organizat\u00ebn Bot\u00ebrore \u201cReporter\u00ebt pa Kufij\u201d.<\/p>\n<p>Ajo theksoi se ky p\u00ebrparim duhet t\u00eb mbahet nga zyrtar\u00ebt publik\u00eb dhe institucioni politik.<\/p>\n<p>\u201cKy p\u00ebrparim tani duhet t\u00eb mbahet nga zyrtar\u00ebt publik\u00eb dhe institucioni politik q\u00eb ndajn\u00eb p\u00ebrgjegj\u00ebsin\u00eb p\u00ebr sigurimin e nj\u00eb mjedisi q\u00eb mund\u00ebson median\u201d, n\u00ebnvizoi Palatova.<\/p>\n<p>N\u00eb njoftim nd\u00ebr t\u00eb tjera thuhet se BE do t\u00eb vazhdoj\u00eb mb\u00ebshtetjen e mediave dhe liris\u00eb s\u00eb shprehjes n\u00eb Kosov\u00eb.<\/p>\n","protected":false},"excerpt":{"rendered":"<p>Ushtruesja e detyr\u00ebs s\u00eb shefes s\u00eb BE-s\u00eb n\u00eb Kosov\u00eb, Eva Palatova, tha sot se \u00ebsht\u00eb inkurajuese t\u00eb shoh\u00ebsh Kosov\u00ebn t\u00eb ngrihet 15 vende n\u00eb Organizat\u00ebn Bot\u00ebrore \u201cReporter\u00ebt pa Kufij\u201d. Ajo theksoi se ky p\u00ebrparim duhet t\u00eb mbahet nga zyrtar\u00ebt publik\u00eb dhe institucioni politik. \u201cKy p\u00ebrparim tani duhet t\u00eb mbahet nga zyrtar\u00ebt publik\u00eb dhe institucioni politik [&hellip;]<\/p>\n","protected":false},"author":8,"featured_media":28715,"comment_status":"closed","ping_status":"closed","sticky":false,"template":"","format":"standard","meta":{"footnotes":""},"categories":[217,213],"tags":[],"class_list":["post-28713","post","type-post","status-publish","format-standard","has-post-thumbnail","hentry","category-bote","category-lajme"],"yoast_head":"<!-- This site is optimized with the Yoast SEO plugin v25.1 - https:\/\/yoast.com\/wordpress\/plugins\/seo\/ -->\n<title>Dita Bot\u00ebrore e Liris\u00eb s\u00eb Shtypit, BE: Mb\u00ebshtesim lirin\u00eb e shprehjes n\u00eb Kosov\u00eb - press7.tv<\/title>\n<meta name=\"robots\" content=\"index, follow, max-snippet:-1, max-image-preview:large, max-video-preview:-1\" \/>\n<link rel=\"canonical\" href=\"https:\/\/www.press7.tv\/?p=28713\" \/>\n<meta property=\"og:locale\" content=\"en_US\" \/>\n<meta property=\"og:type\" content=\"article\" \/>\n<meta property=\"og:title\" content=\"Dita Bot\u00ebrore e Liris\u00eb s\u00eb Shtypit, BE: Mb\u00ebshtesim lirin\u00eb e shprehjes n\u00eb Kosov\u00eb - press7.tv\" \/>\n<meta property=\"og:description\" content=\"Ushtruesja e detyr\u00ebs s\u00eb shefes s\u00eb BE-s\u00eb n\u00eb Kosov\u00eb, Eva Palatova, tha sot se \u00ebsht\u00eb inkurajuese t\u00eb shoh\u00ebsh Kosov\u00ebn t\u00eb ngrihet 15 vende n\u00eb Organizat\u00ebn Bot\u00ebrore \u201cReporter\u00ebt pa Kufij\u201d. Ajo theksoi se ky p\u00ebrparim duhet t\u00eb mbahet nga zyrtar\u00ebt publik\u00eb dhe institucioni politik. \u201cKy p\u00ebrparim tani duhet t\u00eb mbahet nga zyrtar\u00ebt publik\u00eb dhe institucioni politik [&hellip;]\" \/>\n<meta property=\"og:url\" content=\"https:\/\/www.press7.tv\/?p=28713\" \/>\n<meta property=\"og:site_name\" content=\"press7.tv\" \/>\n<meta property=\"article:publisher\" content=\"https:\/\/www.facebook.com\/press7.tv\" \/>\n<meta property=\"article:published_time\" content=\"2026-05-03T09:57:04+00:00\" \/>\n<meta property=\"article:modified_time\" content=\"2026-05-03T09:57:52+00:00\" \/>\n<meta property=\"og:image\" content=\"https:\/\/www.press7.tv\/wp-content\/uploads\/2026\/05\/Bashkimi-Evropian-850x449-1.avif\" \/>\n\t<meta property=\"og:image:width\" content=\"850\" \/>\n\t<meta property=\"og:image:height\" content=\"449\" \/>\n\t<meta property=\"og:image:type\" content=\"image\/jpeg\" \/>\n<meta name=\"author\" content=\"gazetar2\" \/>\n<meta name=\"twitter:card\" content=\"summary_large_image\" \/>\n<meta name=\"twitter:label1\" content=\"Written by\" \/>\n\t<meta name=\"twitter:data1\" content=\"gazetar2\" \/>\n\t<meta name=\"twitter:label2\" content=\"Est. reading time\" \/>\n\t<meta name=\"twitter:data2\" content=\"1 minute\" \/>\n<script type=\"application\/ld+json\" class=\"yoast-schema-graph\">{\"@context\":\"https:\/\/schema.org\",\"@graph\":[{\"@type\":\"Article\",\"@id\":\"https:\/\/www.press7.tv\/?p=28713#article\",\"isPartOf\":{\"@id\":\"https:\/\/www.press7.tv\/?p=28713\"},\"author\":{\"name\":\"gazetar2\",\"@id\":\"https:\/\/www.news33.tv\/#\/schema\/person\/5a04a38a23ccdba82f9bd665cd8f9efa\"},\"headline\":\"Dita Bot\u00ebrore e Liris\u00eb s\u00eb Shtypit, BE: Mb\u00ebshtesim lirin\u00eb e shprehjes n\u00eb Kosov\u00eb\",\"datePublished\":\"2026-05-03T09:57:04+00:00\",\"dateModified\":\"2026-05-03T09:57:52+00:00\",\"mainEntityOfPage\":{\"@id\":\"https:\/\/www.press7.tv\/?p=28713\"},\"wordCount\":119,\"publisher\":{\"@id\":\"https:\/\/www.news33.tv\/#organization\"},\"image\":{\"@id\":\"https:\/\/www.press7.tv\/?p=28713#primaryimage\"},\"thumbnailUrl\":\"https:\/\/www.press7.tv\/wp-content\/uploads\/2026\/05\/Bashkimi-Evropian-850x449-1.avif\",\"articleSection\":[\"Bot\u00eb\",\"Lajme\"],\"inLanguage\":\"en-US\"},{\"@type\":\"WebPage\",\"@id\":\"https:\/\/www.press7.tv\/?p=28713\",\"url\":\"https:\/\/www.press7.tv\/?p=28713\",\"name\":\"Dita Bot\u00ebrore e Liris\u00eb s\u00eb Shtypit, BE: Mb\u00ebshtesim lirin\u00eb e shprehjes n\u00eb Kosov\u00eb - press7.tv\",\"isPartOf\":{\"@id\":\"https:\/\/www.news33.tv\/#website\"},\"primaryImageOfPage\":{\"@id\":\"https:\/\/www.press7.tv\/?p=28713#primaryimage\"},\"image\":{\"@id\":\"https:\/\/www.press7.tv\/?p=28713#primaryimage\"},\"thumbnailUrl\":\"https:\/\/www.press7.tv\/wp-content\/uploads\/2026\/05\/Bashkimi-Evropian-850x449-1.avif\",\"datePublished\":\"2026-05-03T09:57:04+00:00\",\"dateModified\":\"2026-05-03T09:57:52+00:00\",\"breadcrumb\":{\"@id\":\"https:\/\/www.press7.tv\/?p=28713#breadcrumb\"},\"inLanguage\":\"en-US\",\"potentialAction\":[{\"@type\":\"ReadAction\",\"target\":[\"https:\/\/www.press7.tv\/?p=28713\"]}]},{\"@type\":\"ImageObject\",\"inLanguage\":\"en-US\",\"@id\":\"https:\/\/www.press7.tv\/?p=28713#primaryimage\",\"url\":\"https:\/\/www.press7.tv\/wp-content\/uploads\/2026\/05\/Bashkimi-Evropian-850x449-1.avif\",\"contentUrl\":\"https:\/\/www.press7.tv\/wp-content\/uploads\/2026\/05\/Bashkimi-Evropian-850x449-1.avif\",\"width\":850,\"height\":449},{\"@type\":\"BreadcrumbList\",\"@id\":\"https:\/\/www.press7.tv\/?p=28713#breadcrumb\",\"itemListElement\":[{\"@type\":\"ListItem\",\"position\":1,\"name\":\"Home\",\"item\":\"https:\/\/www.press7.tv\/\"},{\"@type\":\"ListItem\",\"position\":2,\"name\":\"Dita Bot\u00ebrore e Liris\u00eb s\u00eb Shtypit, BE: Mb\u00ebshtesim lirin\u00eb e shprehjes n\u00eb Kosov\u00eb\"}]},{\"@type\":\"WebSite\",\"@id\":\"https:\/\/www.news33.tv\/#website\",\"url\":\"https:\/\/www.news33.tv\/\",\"name\":\"News33.tv Media\",\"description\":\"Media\",\"publisher\":{\"@id\":\"https:\/\/www.news33.tv\/#organization\"},\"potentialAction\":[{\"@type\":\"SearchAction\",\"target\":{\"@type\":\"EntryPoint\",\"urlTemplate\":\"https:\/\/www.news33.tv\/?s={search_term_string}\"},\"query-input\":{\"@type\":\"PropertyValueSpecification\",\"valueRequired\":true,\"valueName\":\"search_term_string\"}}],\"inLanguage\":\"en-US\"},{\"@type\":\"Organization\",\"@id\":\"https:\/\/www.news33.tv\/#organization\",\"name\":\"News33.tv Media\",\"url\":\"https:\/\/www.news33.tv\/\",\"logo\":{\"@type\":\"ImageObject\",\"inLanguage\":\"en-US\",\"@id\":\"https:\/\/www.news33.tv\/#\/schema\/logo\/image\/\",\"url\":\"https:\/\/www.press7.tv\/wp-content\/uploads\/2024\/02\/logo-news33-black.png\",\"contentUrl\":\"https:\/\/www.press7.tv\/wp-content\/uploads\/2024\/02\/logo-news33-black.png\",\"width\":180,\"height\":37,\"caption\":\"News33.tv Media\"},\"image\":{\"@id\":\"https:\/\/www.news33.tv\/#\/schema\/logo\/image\/\"},\"sameAs\":[\"https:\/\/www.facebook.com\/press7.tv\"]},{\"@type\":\"Person\",\"@id\":\"https:\/\/www.news33.tv\/#\/schema\/person\/5a04a38a23ccdba82f9bd665cd8f9efa\",\"name\":\"gazetar2\",\"image\":{\"@type\":\"ImageObject\",\"inLanguage\":\"en-US\",\"@id\":\"https:\/\/www.news33.tv\/#\/schema\/person\/image\/\",\"url\":\"https:\/\/www.press7.tv\/wp-content\/litespeed\/avatar\/41975e402c3049d9ddb03adca8f7a883.jpg?ver=1777774395\",\"contentUrl\":\"https:\/\/www.press7.tv\/wp-content\/litespeed\/avatar\/41975e402c3049d9ddb03adca8f7a883.jpg?ver=1777774395\",\"caption\":\"gazetar2\"},\"url\":\"https:\/\/www.press7.tv\/?author=8\"}]}<\/script>\n<!-- \/ Yoast SEO plugin. -->","yoast_head_json":{"title":"Dita Bot\u00ebrore e Liris\u00eb s\u00eb Shtypit, BE: Mb\u00ebshtesim lirin\u00eb e shprehjes n\u00eb Kosov\u00eb - press7.tv","robots":{"index":"index","follow":"follow","max-snippet":"max-snippet:-1","max-image-preview":"max-image-preview:large","max-video-preview":"max-video-preview:-1"},"canonical":"https:\/\/www.press7.tv\/?p=28713","og_locale":"en_US","og_type":"article","og_title":"Dita Bot\u00ebrore e Liris\u00eb s\u00eb Shtypit, BE: Mb\u00ebshtesim lirin\u00eb e shprehjes n\u00eb Kosov\u00eb - press7.tv","og_description":"Ushtruesja e detyr\u00ebs s\u00eb shefes s\u00eb BE-s\u00eb n\u00eb Kosov\u00eb, Eva Palatova, tha sot se \u00ebsht\u00eb inkurajuese t\u00eb shoh\u00ebsh Kosov\u00ebn t\u00eb ngrihet 15 vende n\u00eb Organizat\u00ebn Bot\u00ebrore \u201cReporter\u00ebt pa Kufij\u201d. Ajo theksoi se ky p\u00ebrparim duhet t\u00eb mbahet nga zyrtar\u00ebt publik\u00eb dhe institucioni politik. \u201cKy p\u00ebrparim tani duhet t\u00eb mbahet nga zyrtar\u00ebt publik\u00eb dhe institucioni politik [&hellip;]","og_url":"https:\/\/www.press7.tv\/?p=28713","og_site_name":"press7.tv","article_publisher":"https:\/\/www.facebook.com\/press7.tv","article_published_time":"2026-05-03T09:57:04+00:00","article_modified_time":"2026-05-03T09:57:52+00:00","og_image":[{"width":850,"height":449,"url":"https:\/\/www.press7.tv\/wp-content\/uploads\/2026\/05\/Bashkimi-Evropian-850x449-1.avif","type":"image\/jpeg"}],"author":"gazetar2","twitter_card":"summary_large_image","twitter_misc":{"Written by":"gazetar2","Est. reading time":"1 minute"},"schema":{"@context":"https:\/\/schema.org","@graph":[{"@type":"Article","@id":"https:\/\/www.press7.tv\/?p=28713#article","isPartOf":{"@id":"https:\/\/www.press7.tv\/?p=28713"},"author":{"name":"gazetar2","@id":"https:\/\/www.news33.tv\/#\/schema\/person\/5a04a38a23ccdba82f9bd665cd8f9efa"},"headline":"Dita Bot\u00ebrore e Liris\u00eb s\u00eb Shtypit, BE: Mb\u00ebshtesim lirin\u00eb e shprehjes n\u00eb Kosov\u00eb","datePublished":"2026-05-03T09:57:04+00:00","dateModified":"2026-05-03T09:57:52+00:00","mainEntityOfPage":{"@id":"https:\/\/www.press7.tv\/?p=28713"},"wordCount":119,"publisher":{"@id":"https:\/\/www.news33.tv\/#organization"},"image":{"@id":"https:\/\/www.press7.tv\/?p=28713#primaryimage"},"thumbnailUrl":"https:\/\/www.press7.tv\/wp-content\/uploads\/2026\/05\/Bashkimi-Evropian-850x449-1.avif","articleSection":["Bot\u00eb","Lajme"],"inLanguage":"en-US"},{"@type":"WebPage","@id":"https:\/\/www.press7.tv\/?p=28713","url":"https:\/\/www.press7.tv\/?p=28713","name":"Dita Bot\u00ebrore e Liris\u00eb s\u00eb Shtypit, BE: Mb\u00ebshtesim lirin\u00eb e shprehjes n\u00eb Kosov\u00eb - press7.tv","isPartOf":{"@id":"https:\/\/www.news33.tv\/#website"},"primaryImageOfPage":{"@id":"https:\/\/www.press7.tv\/?p=28713#primaryimage"},"image":{"@id":"https:\/\/www.press7.tv\/?p=28713#primaryimage"},"thumbnailUrl":"https:\/\/www.press7.tv\/wp-content\/uploads\/2026\/05\/Bashkimi-Evropian-850x449-1.avif","datePublished":"2026-05-03T09:57:04+00:00","dateModified":"2026-05-03T09:57:52+00:00","breadcrumb":{"@id":"https:\/\/www.press7.tv\/?p=28713#breadcrumb"},"inLanguage":"en-US","potentialAction":[{"@type":"ReadAction","target":["https:\/\/www.press7.tv\/?p=28713"]}]},{"@type":"ImageObject","inLanguage":"en-US","@id":"https:\/\/www.press7.tv\/?p=28713#primaryimage","url":"https:\/\/www.press7.tv\/wp-content\/uploads\/2026\/05\/Bashkimi-Evropian-850x449-1.avif","contentUrl":"https:\/\/www.press7.tv\/wp-content\/uploads\/2026\/05\/Bashkimi-Evropian-850x449-1.avif","width":850,"height":449},{"@type":"BreadcrumbList","@id":"https:\/\/www.press7.tv\/?p=28713#breadcrumb","itemListElement":[{"@type":"ListItem","position":1,"name":"Home","item":"https:\/\/www.press7.tv\/"},{"@type":"ListItem","position":2,"name":"Dita Bot\u00ebrore e Liris\u00eb s\u00eb Shtypit, BE: Mb\u00ebshtesim lirin\u00eb e shprehjes n\u00eb Kosov\u00eb"}]},{"@type":"WebSite","@id":"https:\/\/www.news33.tv\/#website","url":"https:\/\/www.news33.tv\/","name":"News33.tv Media","description":"Media","publisher":{"@id":"https:\/\/www.news33.tv\/#organization"},"potentialAction":[{"@type":"SearchAction","target":{"@type":"EntryPoint","urlTemplate":"https:\/\/www.news33.tv\/?s={search_term_string}"},"query-input":{"@type":"PropertyValueSpecification","valueRequired":true,"valueName":"search_term_string"}}],"inLanguage":"en-US"},{"@type":"Organization","@id":"https:\/\/www.news33.tv\/#organization","name":"News33.tv Media","url":"https:\/\/www.news33.tv\/","logo":{"@type":"ImageObject","inLanguage":"en-US","@id":"https:\/\/www.news33.tv\/#\/schema\/logo\/image\/","url":"https:\/\/www.press7.tv\/wp-content\/uploads\/2024\/02\/logo-news33-black.png","contentUrl":"https:\/\/www.press7.tv\/wp-content\/uploads\/2024\/02\/logo-news33-black.png","width":180,"height":37,"caption":"News33.tv Media"},"image":{"@id":"https:\/\/www.news33.tv\/#\/schema\/logo\/image\/"},"sameAs":["https:\/\/www.facebook.com\/press7.tv"]},{"@type":"Person","@id":"https:\/\/www.news33.tv\/#\/schema\/person\/5a04a38a23ccdba82f9bd665cd8f9efa","name":"gazetar2","image":{"@type":"ImageObject","inLanguage":"en-US","@id":"https:\/\/www.news33.tv\/#\/schema\/person\/image\/","url":"https:\/\/www.press7.tv\/wp-content\/litespeed\/avatar\/41975e402c3049d9ddb03adca8f7a883.jpg?ver=1777774395","contentUrl":"https:\/\/www.press7.tv\/wp-content\/litespeed\/avatar\/41975e402c3049d9ddb03adca8f7a883.jpg?ver=1777774395","caption":"gazetar2"},"url":"https:\/\/www.press7.tv\/?author=8"}]}},"amp_enabled":true,"_links":{"self":[{"href":"https:\/\/www.press7.tv\/index.php?rest_route=\/wp\/v2\/posts\/28713","targetHints":{"allow":["GET"]}}],"collection":[{"href":"https:\/\/www.press7.tv\/index.php?rest_route=\/wp\/v2\/posts"}],"about":[{"href":"https:\/\/www.press7.tv\/index.php?rest_route=\/wp\/v2\/types\/post"}],"author":[{"embeddable":true,"href":"https:\/\/www.press7.tv\/index.php?rest_route=\/wp\/v2\/users\/8"}],"replies":[{"embeddable":true,"href":"https:\/\/www.press7.tv\/index.php?rest_route=%2Fwp%2Fv2%2Fcomments&post=28713"}],"version-history":[{"count":1,"href":"https:\/\/www.press7.tv\/index.php?rest_route=\/wp\/v2\/posts\/28713\/revisions"}],"predecessor-version":[{"id":28716,"href":"https:\/\/www.press7.tv\/index.php?rest_route=\/wp\/v2\/posts\/28713\/revisions\/28716"}],"wp:featuredmedia":[{"embeddable":true,"href":"https:\/\/www.press7.tv\/index.php?rest_route=\/wp\/v2\/media\/28715"}],"wp:attachment":[{"href":"https:\/\/www.press7.tv\/index.php?rest_route=%2Fwp%2Fv2%2Fmedia&parent=28713"}],"wp:term":[{"taxonomy":"category","embeddable":true,"href":"https:\/\/www.press7.tv\/index.php?rest_route=%2Fwp%2Fv2%2Fcategories&post=28713"},{"taxonomy":"post_tag","embeddable":true,"href":"https:\/\/www.press7.tv\/index.php?rest_route=%2Fwp%2Fv2%2Ftags&post=28713"}],"curies":[{"name":"wp","href":"https:\/\/api.w.org\/{rel}","templated":true}]}}