{"id":28709,"date":"2026-05-03T09:52:19","date_gmt":"2026-05-03T09:52:19","guid":{"rendered":"https:\/\/www.press7.tv\/?p=28709"},"modified":"2026-05-03T09:52:19","modified_gmt":"2026-05-03T09:52:19","slug":"gjermania-thote-se-terheqja-e-trupave-amerikane-ishte-e-parashikueshme","status":"publish","type":"post","link":"https:\/\/www.press7.tv\/?p=28709","title":{"rendered":"Gjermania thot\u00eb se t\u00ebrheqja e trupave amerikane ishte e parashikueshme"},"content":{"rendered":"\n    <div class=\"xs_social_share_widget xs_share_url before_content \t\tmain_content  wslu-style-2 wslu-share-box-shaped wslu-fill-colored wslu-share-m-5 wslu-none wslu-share-vertical wslu-theme-font-no wslu-main_content\">\n\n\t\t\n        <ul>\n\t\t\t        <\/ul>\n    <\/div> \n<p>Ministri gjerman i Mbrojtjes ka deklaruar se vendimi i SHBA-s\u00eb p\u00ebr t\u00eb t\u00ebrhequr 5.000 trupa nga vendi i tij ishte \u201ci parashikuesh\u00ebm\u201d, nd\u00ebrsa aleanca ushtarake e NATO-s ka th\u00ebn\u00eb se po k\u00ebrkon sqarime nga Washingtoni.<\/p>\n<p>Duke folur p\u00ebr agjencin\u00eb e lajmeve DPA, Boris Pistorius theksoi gjithashtu se \u201cprania e ushtar\u00ebve amerikan\u00eb n\u00eb Europ\u00eb, dhe ve\u00e7an\u00ebrisht n\u00eb Gjermani, \u00ebsht\u00eb n\u00eb interesin ton\u00eb dhe n\u00eb interes t\u00eb SHBA-s\u00eb\u201d.<\/p>\n<p>Nd\u00ebrkoh\u00eb, z\u00ebdh\u00ebn\u00ebsja e NATO-s, Allison Hart, tha se aleanca \u201cpo punon me SHBA-n\u00eb p\u00ebr t\u00eb kuptuar detajet e vendimit t\u00eb tyre\u201d.<\/p>\n<p>Kur u pyet t\u00eb shtun\u00ebn n\u00eb mbr\u00ebmje p\u00ebr t\u00ebrheqjen e trupave, Donald Trump tha: \u201cNe do ta ulim ndjesh\u00ebm numrin dhe do t\u00eb b\u00ebjm\u00eb shkurtime shum\u00eb m\u00eb t\u00eb m\u00ebdha se 5,000.\u201d Ai nuk dha m\u00eb shum\u00eb detaje.<\/p>\n<p>L\u00ebvizja e Washingtonit vjen pasi  Trump kritikoi kancelarin gjerman Friedrich Merz p\u00ebr deklarat\u00ebn e tij se SHBA-ja ishte \u201cposht\u00ebruar\u201d nga negociator\u00ebt iranian\u00eb n\u00eb luft\u00ebn q\u00eb po vazhdon.<\/p>\n<p>Dislokimi ushtarak amerikan n\u00eb Gjermani, aktualisht me m\u00eb shum\u00eb se 36,000 trupa aktive, \u00ebsht\u00eb m\u00eb i madhi n\u00eb Evrope, krahasuar me rreth 12,000 n\u00eb Itali dhe 10,000 n\u00eb Mbret\u00ebrin\u00eb e Bashkuar.<\/p>\n<p>Trump ka sugjeruar gjithashtu t\u00ebrheqjen e trupave amerikane nga Italia dhe Spanja.<\/p>\n<p>Vitin e kaluar, Washingtoni vendosi t\u00eb reduktoj\u00eb pranin\u00eb e trupave t\u00eb tij n\u00eb Romani, si pjes\u00eb e planit t\u00eb Trumpit p\u00ebr ta zhvendosur fokusin e angazhimit ushtarak amerikan nga Europa drejt rajonit Indo-Paq\u00ebsor.<\/p>\n<p>Tani po shtohen shqet\u00ebsimet brenda aleanc\u00ebs 32-an\u00ebtareshe t\u00eb NATO se vendimi i fundit i SHBA-s\u00eb mund ta dob\u00ebsoj\u00eb organizat\u00ebn.<\/p>\n","protected":false},"excerpt":{"rendered":"<p>Ministri gjerman i Mbrojtjes ka deklaruar se vendimi i SHBA-s\u00eb p\u00ebr t\u00eb t\u00ebrhequr 5.000 trupa nga vendi i tij ishte \u201ci parashikuesh\u00ebm\u201d, nd\u00ebrsa aleanca ushtarake e NATO-s ka th\u00ebn\u00eb se po k\u00ebrkon sqarime nga Washingtoni. Duke folur p\u00ebr agjencin\u00eb e lajmeve DPA, Boris Pistorius theksoi gjithashtu se \u201cprania e ushtar\u00ebve amerikan\u00eb n\u00eb Europ\u00eb, dhe ve\u00e7an\u00ebrisht [&hellip;]<\/p>\n","protected":false},"author":8,"featured_media":28710,"comment_status":"closed","ping_status":"closed","sticky":false,"template":"","format":"standard","meta":{"footnotes":""},"categories":[217,213],"tags":[],"class_list":["post-28709","post","type-post","status-publish","format-standard","has-post-thumbnail","hentry","category-bote","category-lajme"],"yoast_head":"<!-- This site is optimized with the Yoast SEO plugin v25.1 - https:\/\/yoast.com\/wordpress\/plugins\/seo\/ -->\n<title>Gjermania thot\u00eb se t\u00ebrheqja e trupave amerikane ishte e parashikueshme - press7.tv<\/title>\n<meta name=\"robots\" content=\"index, follow, max-snippet:-1, max-image-preview:large, max-video-preview:-1\" \/>\n<link rel=\"canonical\" href=\"https:\/\/www.press7.tv\/?p=28709\" \/>\n<meta property=\"og:locale\" content=\"en_US\" \/>\n<meta property=\"og:type\" content=\"article\" \/>\n<meta property=\"og:title\" content=\"Gjermania thot\u00eb se t\u00ebrheqja e trupave amerikane ishte e parashikueshme - press7.tv\" \/>\n<meta property=\"og:description\" content=\"Ministri gjerman i Mbrojtjes ka deklaruar se vendimi i SHBA-s\u00eb p\u00ebr t\u00eb t\u00ebrhequr 5.000 trupa nga vendi i tij ishte \u201ci parashikuesh\u00ebm\u201d, nd\u00ebrsa aleanca ushtarake e NATO-s ka th\u00ebn\u00eb se po k\u00ebrkon sqarime nga Washingtoni. Duke folur p\u00ebr agjencin\u00eb e lajmeve DPA, Boris Pistorius theksoi gjithashtu se \u201cprania e ushtar\u00ebve amerikan\u00eb n\u00eb Europ\u00eb, dhe ve\u00e7an\u00ebrisht [&hellip;]\" \/>\n<meta property=\"og:url\" content=\"https:\/\/www.press7.tv\/?p=28709\" \/>\n<meta property=\"og:site_name\" content=\"press7.tv\" \/>\n<meta property=\"article:publisher\" content=\"https:\/\/www.facebook.com\/press7.tv\" \/>\n<meta property=\"article:published_time\" content=\"2026-05-03T09:52:19+00:00\" \/>\n<meta property=\"og:image\" content=\"https:\/\/www.press7.tv\/wp-content\/uploads\/2026\/05\/9cf948e0-c0de-43d8-9e0e-1b638923e969.avif\" \/>\n\t<meta property=\"og:image:width\" content=\"860\" \/>\n\t<meta property=\"og:image:height\" content=\"550\" \/>\n\t<meta property=\"og:image:type\" content=\"image\/jpeg\" \/>\n<meta name=\"author\" content=\"gazetar2\" \/>\n<meta name=\"twitter:card\" content=\"summary_large_image\" \/>\n<meta name=\"twitter:label1\" content=\"Written by\" \/>\n\t<meta name=\"twitter:data1\" content=\"gazetar2\" \/>\n\t<meta name=\"twitter:label2\" content=\"Est. reading time\" \/>\n\t<meta name=\"twitter:data2\" content=\"1 minute\" \/>\n<script type=\"application\/ld+json\" class=\"yoast-schema-graph\">{\"@context\":\"https:\/\/schema.org\",\"@graph\":[{\"@type\":\"Article\",\"@id\":\"https:\/\/www.press7.tv\/?p=28709#article\",\"isPartOf\":{\"@id\":\"https:\/\/www.press7.tv\/?p=28709\"},\"author\":{\"name\":\"gazetar2\",\"@id\":\"https:\/\/www.news33.tv\/#\/schema\/person\/5a04a38a23ccdba82f9bd665cd8f9efa\"},\"headline\":\"Gjermania thot\u00eb se t\u00ebrheqja e trupave amerikane ishte e parashikueshme\",\"datePublished\":\"2026-05-03T09:52:19+00:00\",\"mainEntityOfPage\":{\"@id\":\"https:\/\/www.press7.tv\/?p=28709\"},\"wordCount\":289,\"publisher\":{\"@id\":\"https:\/\/www.news33.tv\/#organization\"},\"image\":{\"@id\":\"https:\/\/www.press7.tv\/?p=28709#primaryimage\"},\"thumbnailUrl\":\"https:\/\/www.press7.tv\/wp-content\/uploads\/2026\/05\/9cf948e0-c0de-43d8-9e0e-1b638923e969.avif\",\"articleSection\":[\"Bot\u00eb\",\"Lajme\"],\"inLanguage\":\"en-US\"},{\"@type\":\"WebPage\",\"@id\":\"https:\/\/www.press7.tv\/?p=28709\",\"url\":\"https:\/\/www.press7.tv\/?p=28709\",\"name\":\"Gjermania thot\u00eb se t\u00ebrheqja e trupave amerikane ishte e parashikueshme - press7.tv\",\"isPartOf\":{\"@id\":\"https:\/\/www.news33.tv\/#website\"},\"primaryImageOfPage\":{\"@id\":\"https:\/\/www.press7.tv\/?p=28709#primaryimage\"},\"image\":{\"@id\":\"https:\/\/www.press7.tv\/?p=28709#primaryimage\"},\"thumbnailUrl\":\"https:\/\/www.press7.tv\/wp-content\/uploads\/2026\/05\/9cf948e0-c0de-43d8-9e0e-1b638923e969.avif\",\"datePublished\":\"2026-05-03T09:52:19+00:00\",\"breadcrumb\":{\"@id\":\"https:\/\/www.press7.tv\/?p=28709#breadcrumb\"},\"inLanguage\":\"en-US\",\"potentialAction\":[{\"@type\":\"ReadAction\",\"target\":[\"https:\/\/www.press7.tv\/?p=28709\"]}]},{\"@type\":\"ImageObject\",\"inLanguage\":\"en-US\",\"@id\":\"https:\/\/www.press7.tv\/?p=28709#primaryimage\",\"url\":\"https:\/\/www.press7.tv\/wp-content\/uploads\/2026\/05\/9cf948e0-c0de-43d8-9e0e-1b638923e969.avif\",\"contentUrl\":\"https:\/\/www.press7.tv\/wp-content\/uploads\/2026\/05\/9cf948e0-c0de-43d8-9e0e-1b638923e969.avif\",\"width\":860,\"height\":550},{\"@type\":\"BreadcrumbList\",\"@id\":\"https:\/\/www.press7.tv\/?p=28709#breadcrumb\",\"itemListElement\":[{\"@type\":\"ListItem\",\"position\":1,\"name\":\"Home\",\"item\":\"https:\/\/www.press7.tv\/\"},{\"@type\":\"ListItem\",\"position\":2,\"name\":\"Gjermania thot\u00eb se t\u00ebrheqja e trupave amerikane ishte e parashikueshme\"}]},{\"@type\":\"WebSite\",\"@id\":\"https:\/\/www.news33.tv\/#website\",\"url\":\"https:\/\/www.news33.tv\/\",\"name\":\"News33.tv Media\",\"description\":\"Media\",\"publisher\":{\"@id\":\"https:\/\/www.news33.tv\/#organization\"},\"potentialAction\":[{\"@type\":\"SearchAction\",\"target\":{\"@type\":\"EntryPoint\",\"urlTemplate\":\"https:\/\/www.news33.tv\/?s={search_term_string}\"},\"query-input\":{\"@type\":\"PropertyValueSpecification\",\"valueRequired\":true,\"valueName\":\"search_term_string\"}}],\"inLanguage\":\"en-US\"},{\"@type\":\"Organization\",\"@id\":\"https:\/\/www.news33.tv\/#organization\",\"name\":\"News33.tv Media\",\"url\":\"https:\/\/www.news33.tv\/\",\"logo\":{\"@type\":\"ImageObject\",\"inLanguage\":\"en-US\",\"@id\":\"https:\/\/www.news33.tv\/#\/schema\/logo\/image\/\",\"url\":\"https:\/\/www.press7.tv\/wp-content\/uploads\/2024\/02\/logo-news33-black.png\",\"contentUrl\":\"https:\/\/www.press7.tv\/wp-content\/uploads\/2024\/02\/logo-news33-black.png\",\"width\":180,\"height\":37,\"caption\":\"News33.tv Media\"},\"image\":{\"@id\":\"https:\/\/www.news33.tv\/#\/schema\/logo\/image\/\"},\"sameAs\":[\"https:\/\/www.facebook.com\/press7.tv\"]},{\"@type\":\"Person\",\"@id\":\"https:\/\/www.news33.tv\/#\/schema\/person\/5a04a38a23ccdba82f9bd665cd8f9efa\",\"name\":\"gazetar2\",\"image\":{\"@type\":\"ImageObject\",\"inLanguage\":\"en-US\",\"@id\":\"https:\/\/www.news33.tv\/#\/schema\/person\/image\/\",\"url\":\"https:\/\/www.press7.tv\/wp-content\/litespeed\/avatar\/41975e402c3049d9ddb03adca8f7a883.jpg?ver=1777774395\",\"contentUrl\":\"https:\/\/www.press7.tv\/wp-content\/litespeed\/avatar\/41975e402c3049d9ddb03adca8f7a883.jpg?ver=1777774395\",\"caption\":\"gazetar2\"},\"url\":\"https:\/\/www.press7.tv\/?author=8\"}]}<\/script>\n<!-- \/ Yoast SEO plugin. -->","yoast_head_json":{"title":"Gjermania thot\u00eb se t\u00ebrheqja e trupave amerikane ishte e parashikueshme - press7.tv","robots":{"index":"index","follow":"follow","max-snippet":"max-snippet:-1","max-image-preview":"max-image-preview:large","max-video-preview":"max-video-preview:-1"},"canonical":"https:\/\/www.press7.tv\/?p=28709","og_locale":"en_US","og_type":"article","og_title":"Gjermania thot\u00eb se t\u00ebrheqja e trupave amerikane ishte e parashikueshme - press7.tv","og_description":"Ministri gjerman i Mbrojtjes ka deklaruar se vendimi i SHBA-s\u00eb p\u00ebr t\u00eb t\u00ebrhequr 5.000 trupa nga vendi i tij ishte \u201ci parashikuesh\u00ebm\u201d, nd\u00ebrsa aleanca ushtarake e NATO-s ka th\u00ebn\u00eb se po k\u00ebrkon sqarime nga Washingtoni. Duke folur p\u00ebr agjencin\u00eb e lajmeve DPA, Boris Pistorius theksoi gjithashtu se \u201cprania e ushtar\u00ebve amerikan\u00eb n\u00eb Europ\u00eb, dhe ve\u00e7an\u00ebrisht [&hellip;]","og_url":"https:\/\/www.press7.tv\/?p=28709","og_site_name":"press7.tv","article_publisher":"https:\/\/www.facebook.com\/press7.tv","article_published_time":"2026-05-03T09:52:19+00:00","og_image":[{"width":860,"height":550,"url":"https:\/\/www.press7.tv\/wp-content\/uploads\/2026\/05\/9cf948e0-c0de-43d8-9e0e-1b638923e969.avif","type":"image\/jpeg"}],"author":"gazetar2","twitter_card":"summary_large_image","twitter_misc":{"Written by":"gazetar2","Est. reading time":"1 minute"},"schema":{"@context":"https:\/\/schema.org","@graph":[{"@type":"Article","@id":"https:\/\/www.press7.tv\/?p=28709#article","isPartOf":{"@id":"https:\/\/www.press7.tv\/?p=28709"},"author":{"name":"gazetar2","@id":"https:\/\/www.news33.tv\/#\/schema\/person\/5a04a38a23ccdba82f9bd665cd8f9efa"},"headline":"Gjermania thot\u00eb se t\u00ebrheqja e trupave amerikane ishte e parashikueshme","datePublished":"2026-05-03T09:52:19+00:00","mainEntityOfPage":{"@id":"https:\/\/www.press7.tv\/?p=28709"},"wordCount":289,"publisher":{"@id":"https:\/\/www.news33.tv\/#organization"},"image":{"@id":"https:\/\/www.press7.tv\/?p=28709#primaryimage"},"thumbnailUrl":"https:\/\/www.press7.tv\/wp-content\/uploads\/2026\/05\/9cf948e0-c0de-43d8-9e0e-1b638923e969.avif","articleSection":["Bot\u00eb","Lajme"],"inLanguage":"en-US"},{"@type":"WebPage","@id":"https:\/\/www.press7.tv\/?p=28709","url":"https:\/\/www.press7.tv\/?p=28709","name":"Gjermania thot\u00eb se t\u00ebrheqja e trupave amerikane ishte e parashikueshme - press7.tv","isPartOf":{"@id":"https:\/\/www.news33.tv\/#website"},"primaryImageOfPage":{"@id":"https:\/\/www.press7.tv\/?p=28709#primaryimage"},"image":{"@id":"https:\/\/www.press7.tv\/?p=28709#primaryimage"},"thumbnailUrl":"https:\/\/www.press7.tv\/wp-content\/uploads\/2026\/05\/9cf948e0-c0de-43d8-9e0e-1b638923e969.avif","datePublished":"2026-05-03T09:52:19+00:00","breadcrumb":{"@id":"https:\/\/www.press7.tv\/?p=28709#breadcrumb"},"inLanguage":"en-US","potentialAction":[{"@type":"ReadAction","target":["https:\/\/www.press7.tv\/?p=28709"]}]},{"@type":"ImageObject","inLanguage":"en-US","@id":"https:\/\/www.press7.tv\/?p=28709#primaryimage","url":"https:\/\/www.press7.tv\/wp-content\/uploads\/2026\/05\/9cf948e0-c0de-43d8-9e0e-1b638923e969.avif","contentUrl":"https:\/\/www.press7.tv\/wp-content\/uploads\/2026\/05\/9cf948e0-c0de-43d8-9e0e-1b638923e969.avif","width":860,"height":550},{"@type":"BreadcrumbList","@id":"https:\/\/www.press7.tv\/?p=28709#breadcrumb","itemListElement":[{"@type":"ListItem","position":1,"name":"Home","item":"https:\/\/www.press7.tv\/"},{"@type":"ListItem","position":2,"name":"Gjermania thot\u00eb se t\u00ebrheqja e trupave amerikane ishte e parashikueshme"}]},{"@type":"WebSite","@id":"https:\/\/www.news33.tv\/#website","url":"https:\/\/www.news33.tv\/","name":"News33.tv Media","description":"Media","publisher":{"@id":"https:\/\/www.news33.tv\/#organization"},"potentialAction":[{"@type":"SearchAction","target":{"@type":"EntryPoint","urlTemplate":"https:\/\/www.news33.tv\/?s={search_term_string}"},"query-input":{"@type":"PropertyValueSpecification","valueRequired":true,"valueName":"search_term_string"}}],"inLanguage":"en-US"},{"@type":"Organization","@id":"https:\/\/www.news33.tv\/#organization","name":"News33.tv Media","url":"https:\/\/www.news33.tv\/","logo":{"@type":"ImageObject","inLanguage":"en-US","@id":"https:\/\/www.news33.tv\/#\/schema\/logo\/image\/","url":"https:\/\/www.press7.tv\/wp-content\/uploads\/2024\/02\/logo-news33-black.png","contentUrl":"https:\/\/www.press7.tv\/wp-content\/uploads\/2024\/02\/logo-news33-black.png","width":180,"height":37,"caption":"News33.tv Media"},"image":{"@id":"https:\/\/www.news33.tv\/#\/schema\/logo\/image\/"},"sameAs":["https:\/\/www.facebook.com\/press7.tv"]},{"@type":"Person","@id":"https:\/\/www.news33.tv\/#\/schema\/person\/5a04a38a23ccdba82f9bd665cd8f9efa","name":"gazetar2","image":{"@type":"ImageObject","inLanguage":"en-US","@id":"https:\/\/www.news33.tv\/#\/schema\/person\/image\/","url":"https:\/\/www.press7.tv\/wp-content\/litespeed\/avatar\/41975e402c3049d9ddb03adca8f7a883.jpg?ver=1777774395","contentUrl":"https:\/\/www.press7.tv\/wp-content\/litespeed\/avatar\/41975e402c3049d9ddb03adca8f7a883.jpg?ver=1777774395","caption":"gazetar2"},"url":"https:\/\/www.press7.tv\/?author=8"}]}},"amp_enabled":true,"_links":{"self":[{"href":"https:\/\/www.press7.tv\/index.php?rest_route=\/wp\/v2\/posts\/28709","targetHints":{"allow":["GET"]}}],"collection":[{"href":"https:\/\/www.press7.tv\/index.php?rest_route=\/wp\/v2\/posts"}],"about":[{"href":"https:\/\/www.press7.tv\/index.php?rest_route=\/wp\/v2\/types\/post"}],"author":[{"embeddable":true,"href":"https:\/\/www.press7.tv\/index.php?rest_route=\/wp\/v2\/users\/8"}],"replies":[{"embeddable":true,"href":"https:\/\/www.press7.tv\/index.php?rest_route=%2Fwp%2Fv2%2Fcomments&post=28709"}],"version-history":[{"count":2,"href":"https:\/\/www.press7.tv\/index.php?rest_route=\/wp\/v2\/posts\/28709\/revisions"}],"predecessor-version":[{"id":28712,"href":"https:\/\/www.press7.tv\/index.php?rest_route=\/wp\/v2\/posts\/28709\/revisions\/28712"}],"wp:featuredmedia":[{"embeddable":true,"href":"https:\/\/www.press7.tv\/index.php?rest_route=\/wp\/v2\/media\/28710"}],"wp:attachment":[{"href":"https:\/\/www.press7.tv\/index.php?rest_route=%2Fwp%2Fv2%2Fmedia&parent=28709"}],"wp:term":[{"taxonomy":"category","embeddable":true,"href":"https:\/\/www.press7.tv\/index.php?rest_route=%2Fwp%2Fv2%2Fcategories&post=28709"},{"taxonomy":"post_tag","embeddable":true,"href":"https:\/\/www.press7.tv\/index.php?rest_route=%2Fwp%2Fv2%2Ftags&post=28709"}],"curies":[{"name":"wp","href":"https:\/\/api.w.org\/{rel}","templated":true}]}}