{"id":28668,"date":"2026-05-02T10:28:38","date_gmt":"2026-05-02T10:28:38","guid":{"rendered":"https:\/\/www.press7.tv\/?p=28668"},"modified":"2026-05-02T10:28:38","modified_gmt":"2026-05-02T10:28:38","slug":"kuriri-serb-akuza-te-renda-kurtit-thirret-edhe-ne-zera-kosovare","status":"publish","type":"post","link":"https:\/\/www.press7.tv\/?p=28668","title":{"rendered":"Kuriri serb akuza t\u00eb r\u00ebnda Kurtit, thirret edhe n\u00eb z\u00ebra kosovar\u00eb"},"content":{"rendered":"\n    <div class=\"xs_social_share_widget xs_share_url before_content \t\tmain_content  wslu-style-2 wslu-share-box-shaped wslu-fill-colored wslu-share-m-5 wslu-none wslu-share-vertical wslu-theme-font-no wslu-main_content\">\n\n\t\t\n        <ul>\n\t\t\t        <\/ul>\n    <\/div> \n<p>Gazeta serbe \u201cKurir\u201d, e njohur p\u00ebr q\u00ebndrime t\u00eb ashpra ndaj Kosov\u00ebs, ka publikuar nj\u00eb shkrim ku pretendon se kryeministri Albin Kurti do ta bazoj\u00eb fushat\u00ebn e ardhshme zgjedhore n\u00eb raportin me Serbin\u00eb dhe serb\u00ebt n\u00eb Kosov\u00eb.<\/p>\n<p>Mediat serbe kan\u00eb nisur ta komentojn\u00eb me tone t\u00eb ashpra situat\u00ebn politike n\u00eb Kosov\u00eb dhe mund\u00ebsin\u00eb e zgjedhjeve t\u00eb reja, duke e vendosur s\u00ebrish kryeministrin Albin Kurti n\u00eb qend\u00ebr t\u00eb sulmeve.<\/p>\n<p>Gazeta serbe \u201cKurir\u201d, n\u00eb nj\u00eb shkrim t\u00eb publikuar s\u00eb fundmi, pretendon se Kurti do ta nd\u00ebrtoj\u00eb fushat\u00ebn zgjedhore mbi raportin me Serbin\u00eb dhe serb\u00ebt n\u00eb Kosov\u00eb, duke e paraqitur at\u00eb si politikan q\u00eb, sipas tyre, p\u00ebrdor temat nacionale p\u00ebr q\u00ebllime elektorale.<\/p>\n<p>N\u00eb shkrimin e \u201cKurir\u201d-it thuhet se zgjedhjet e jasht\u00ebzakonshme parlamentare n\u00eb Kosov\u00eb pritet t\u00eb mbahen pas kriz\u00ebs s\u00eb re institucionale, e cila u krijua pas d\u00ebshtimit p\u00ebr zgjedhjen e presidentit.<\/p>\n<p>Mediumi serb citon edhe presidentin e Serbis\u00eb, Aleksandar Vu\u00e7iq, i cili ka paralajm\u00ebruar se situata e re politike n\u00eb Kosov\u00eb mund t\u00eb sjell\u00eb, si\u00e7 shprehet ai, \u201cnervoziz\u00ebm t\u00eb ri\u201d dhe \u201chisteri t\u00eb re antiserbe\u201d.<\/p>\n<p>Sipas \u201cKurir\u201d-it, partit\u00eb shqiptare n\u00eb Kosov\u00eb jan\u00eb t\u00eb vet\u00ebdijshme p\u00ebr problemet n\u00eb fusha t\u00eb tjera, p\u00ebrfshir\u00eb ekonomin\u00eb dhe raportet me partner\u00ebt per\u00ebndimor\u00eb, prandaj, sipas k\u00ebtij mediumi, tema e Serbis\u00eb dhe serb\u00ebve mund t\u00eb rikthehet n\u00eb qend\u00ebr t\u00eb fushat\u00ebs.<\/p>\n<p>N\u00eb shkrim citohet edhe politologu Ognjen Gogi\u00e7, i cili vler\u00ebson se nj\u00eb nga temat kryesore t\u00eb zgjedhjeve t\u00eb ardhshme do t\u00eb jet\u00eb p\u00ebrgjegj\u00ebsia p\u00ebr d\u00ebshtimin e zgjedhjes s\u00eb presidentit. Ai thot\u00eb se n\u00eb fushat\u00eb mund t\u00eb hapen edhe tema si raportet e Kosov\u00ebs me partner\u00ebt per\u00ebndimor\u00eb, sidomos me SHBA-n\u00eb, institucionet serbe n\u00eb Kosov\u00eb dhe proceset gjyq\u00ebsore p\u00ebr krime lufte.<\/p>\n<p>Gogi\u00e7 pretendon se partit\u00eb shqiptare garojn\u00eb mes vete n\u00eb nacionaliz\u00ebm dhe patriotiz\u00ebm, nd\u00ebrsa n\u00eb qend\u00ebr t\u00eb k\u00ebtij diskursi, sipas tij, mbetet \u00e7\u00ebshtja e Serbis\u00eb dhe serb\u00ebve.<\/p>\n<p>N\u00eb t\u00eb nj\u00ebjtin shkrim, docenti i Fakultetit t\u00eb Shkencave Politike n\u00eb Beograd, Stefan Surli\u00e7, deklaron se Kurti nuk mund ta nd\u00ebrtoj\u00eb fushat\u00ebn mbi luft\u00ebn kund\u00ebr korrupsionit dhe krimit, prandaj, sipas tij, do t\u00eb mb\u00ebshtetet te krijimi i \u201carmiqve imagjinar\u00eb\u201d n\u00eb komunitetin serb.<\/p>\n<p>Surli\u00e7 thot\u00eb se Kurti edhe n\u00eb fushatat e kaluara ka p\u00ebrdorur tema q\u00eb lidhen me veriun e Kosov\u00ebs, p\u00ebrfshir\u00eb targat, ur\u00ebn dhe shtrirjen e sovranitetit n\u00eb at\u00eb pjes\u00eb.<\/p>\n<p>Sipas tij, Kurti nuk ka tema t\u00eb tjera t\u00eb forta p\u00ebr t\u2019u ofruar votuesve, si zhvillimi ekonomik apo p\u00ebrparimi n\u00eb luft\u00ebn kund\u00ebr korrupsionit.<\/p>\n<p>\u201cKurir\u201d p\u00ebrmend gjithashtu edhe mund\u00ebsin\u00eb q\u00eb n\u00eb fushat\u00eb t\u00eb hapet \u00e7\u00ebshtja e integrimit t\u00eb arsimit dhe sh\u00ebndet\u00ebsis\u00eb n\u00eb sistemin e Kosov\u00ebs, me theks t\u00eb ve\u00e7ant\u00eb te universiteti dhe institucionet arsimore serbe.<\/p>\n<p>Shkrimi i mediumit serb vjen n\u00eb nj\u00eb moment t\u00eb ndjesh\u00ebm politik p\u00ebr Kosov\u00ebn, kur kriza institucionale dhe mund\u00ebsia e zgjedhjeve t\u00eb reja kan\u00eb hapur debat t\u00eb gjer\u00eb jo vet\u00ebm brenda vendit, por edhe n\u00eb Beograd.<\/p>\n<p>N\u00eb k\u00ebt\u00eb kontekst, sulmet e mediave serbe ndaj Kurtit pritet t\u00eb shtohen, nd\u00ebrsa narrativa e tyre synon ta paraqes\u00eb \u00e7do veprim t\u00eb institucioneve t\u00eb Kosov\u00ebs n\u00eb raport me veriun dhe strukturat serbe si pjes\u00eb t\u00eb nj\u00eb fushate kund\u00ebr serb\u00ebve.<\/p>\n","protected":false},"excerpt":{"rendered":"<p>Gazeta serbe \u201cKurir\u201d, e njohur p\u00ebr q\u00ebndrime t\u00eb ashpra ndaj Kosov\u00ebs, ka publikuar nj\u00eb shkrim ku pretendon se kryeministri Albin Kurti do ta bazoj\u00eb fushat\u00ebn e ardhshme zgjedhore n\u00eb raportin me Serbin\u00eb dhe serb\u00ebt n\u00eb Kosov\u00eb. Mediat serbe kan\u00eb nisur ta komentojn\u00eb me tone t\u00eb ashpra situat\u00ebn politike n\u00eb Kosov\u00eb dhe mund\u00ebsin\u00eb e zgjedhjeve t\u00eb [&hellip;]<\/p>\n","protected":false},"author":8,"featured_media":28669,"comment_status":"closed","ping_status":"closed","sticky":false,"template":"","format":"standard","meta":{"footnotes":""},"categories":[215,213],"tags":[],"class_list":["post-28668","post","type-post","status-publish","format-standard","has-post-thumbnail","hentry","category-kosove","category-lajme"],"yoast_head":"<!-- This site is optimized with the Yoast SEO plugin v25.1 - https:\/\/yoast.com\/wordpress\/plugins\/seo\/ -->\n<title>Kuriri serb akuza t\u00eb r\u00ebnda Kurtit, thirret edhe n\u00eb z\u00ebra kosovar\u00eb - press7.tv<\/title>\n<meta name=\"robots\" content=\"index, follow, max-snippet:-1, max-image-preview:large, max-video-preview:-1\" \/>\n<link rel=\"canonical\" href=\"https:\/\/www.press7.tv\/?p=28668\" \/>\n<meta property=\"og:locale\" content=\"en_US\" \/>\n<meta property=\"og:type\" content=\"article\" \/>\n<meta property=\"og:title\" content=\"Kuriri serb akuza t\u00eb r\u00ebnda Kurtit, thirret edhe n\u00eb z\u00ebra kosovar\u00eb - press7.tv\" \/>\n<meta property=\"og:description\" content=\"Gazeta serbe \u201cKurir\u201d, e njohur p\u00ebr q\u00ebndrime t\u00eb ashpra ndaj Kosov\u00ebs, ka publikuar nj\u00eb shkrim ku pretendon se kryeministri Albin Kurti do ta bazoj\u00eb fushat\u00ebn e ardhshme zgjedhore n\u00eb raportin me Serbin\u00eb dhe serb\u00ebt n\u00eb Kosov\u00eb. Mediat serbe kan\u00eb nisur ta komentojn\u00eb me tone t\u00eb ashpra situat\u00ebn politike n\u00eb Kosov\u00eb dhe mund\u00ebsin\u00eb e zgjedhjeve t\u00eb [&hellip;]\" \/>\n<meta property=\"og:url\" content=\"https:\/\/www.press7.tv\/?p=28668\" \/>\n<meta property=\"og:site_name\" content=\"press7.tv\" \/>\n<meta property=\"article:publisher\" content=\"https:\/\/www.facebook.com\/press7.tv\" \/>\n<meta property=\"article:published_time\" content=\"2026-05-02T10:28:38+00:00\" \/>\n<meta property=\"og:image\" content=\"https:\/\/www.press7.tv\/wp-content\/uploads\/2026\/05\/IMG_0442.avif\" \/>\n\t<meta property=\"og:image:width\" content=\"800\" \/>\n\t<meta property=\"og:image:height\" content=\"581\" \/>\n\t<meta property=\"og:image:type\" content=\"image\/jpeg\" \/>\n<meta name=\"author\" content=\"gazetar2\" \/>\n<meta name=\"twitter:card\" content=\"summary_large_image\" \/>\n<meta name=\"twitter:label1\" content=\"Written by\" \/>\n\t<meta name=\"twitter:data1\" content=\"gazetar2\" \/>\n<script type=\"application\/ld+json\" class=\"yoast-schema-graph\">{\"@context\":\"https:\/\/schema.org\",\"@graph\":[{\"@type\":\"Article\",\"@id\":\"https:\/\/www.press7.tv\/?p=28668#article\",\"isPartOf\":{\"@id\":\"https:\/\/www.press7.tv\/?p=28668\"},\"author\":{\"name\":\"gazetar2\",\"@id\":\"https:\/\/www.news33.tv\/#\/schema\/person\/5a04a38a23ccdba82f9bd665cd8f9efa\"},\"headline\":\"Kuriri serb akuza t\u00eb r\u00ebnda Kurtit, thirret edhe n\u00eb z\u00ebra kosovar\u00eb\",\"datePublished\":\"2026-05-02T10:28:38+00:00\",\"mainEntityOfPage\":{\"@id\":\"https:\/\/www.press7.tv\/?p=28668\"},\"wordCount\":586,\"publisher\":{\"@id\":\"https:\/\/www.news33.tv\/#organization\"},\"image\":{\"@id\":\"https:\/\/www.press7.tv\/?p=28668#primaryimage\"},\"thumbnailUrl\":\"https:\/\/www.press7.tv\/wp-content\/uploads\/2026\/05\/IMG_0442.avif\",\"articleSection\":[\"Kosov\u00eb\",\"Lajme\"],\"inLanguage\":\"en-US\"},{\"@type\":\"WebPage\",\"@id\":\"https:\/\/www.press7.tv\/?p=28668\",\"url\":\"https:\/\/www.press7.tv\/?p=28668\",\"name\":\"Kuriri serb akuza t\u00eb r\u00ebnda Kurtit, thirret edhe n\u00eb z\u00ebra kosovar\u00eb - press7.tv\",\"isPartOf\":{\"@id\":\"https:\/\/www.news33.tv\/#website\"},\"primaryImageOfPage\":{\"@id\":\"https:\/\/www.press7.tv\/?p=28668#primaryimage\"},\"image\":{\"@id\":\"https:\/\/www.press7.tv\/?p=28668#primaryimage\"},\"thumbnailUrl\":\"https:\/\/www.press7.tv\/wp-content\/uploads\/2026\/05\/IMG_0442.avif\",\"datePublished\":\"2026-05-02T10:28:38+00:00\",\"breadcrumb\":{\"@id\":\"https:\/\/www.press7.tv\/?p=28668#breadcrumb\"},\"inLanguage\":\"en-US\",\"potentialAction\":[{\"@type\":\"ReadAction\",\"target\":[\"https:\/\/www.press7.tv\/?p=28668\"]}]},{\"@type\":\"ImageObject\",\"inLanguage\":\"en-US\",\"@id\":\"https:\/\/www.press7.tv\/?p=28668#primaryimage\",\"url\":\"https:\/\/www.press7.tv\/wp-content\/uploads\/2026\/05\/IMG_0442.avif\",\"contentUrl\":\"https:\/\/www.press7.tv\/wp-content\/uploads\/2026\/05\/IMG_0442.avif\",\"width\":800,\"height\":581},{\"@type\":\"BreadcrumbList\",\"@id\":\"https:\/\/www.press7.tv\/?p=28668#breadcrumb\",\"itemListElement\":[{\"@type\":\"ListItem\",\"position\":1,\"name\":\"Home\",\"item\":\"https:\/\/www.press7.tv\/\"},{\"@type\":\"ListItem\",\"position\":2,\"name\":\"Kuriri serb akuza t\u00eb r\u00ebnda Kurtit, thirret edhe n\u00eb z\u00ebra kosovar\u00eb\"}]},{\"@type\":\"WebSite\",\"@id\":\"https:\/\/www.news33.tv\/#website\",\"url\":\"https:\/\/www.news33.tv\/\",\"name\":\"News33.tv Media\",\"description\":\"Media\",\"publisher\":{\"@id\":\"https:\/\/www.news33.tv\/#organization\"},\"potentialAction\":[{\"@type\":\"SearchAction\",\"target\":{\"@type\":\"EntryPoint\",\"urlTemplate\":\"https:\/\/www.news33.tv\/?s={search_term_string}\"},\"query-input\":{\"@type\":\"PropertyValueSpecification\",\"valueRequired\":true,\"valueName\":\"search_term_string\"}}],\"inLanguage\":\"en-US\"},{\"@type\":\"Organization\",\"@id\":\"https:\/\/www.news33.tv\/#organization\",\"name\":\"News33.tv Media\",\"url\":\"https:\/\/www.news33.tv\/\",\"logo\":{\"@type\":\"ImageObject\",\"inLanguage\":\"en-US\",\"@id\":\"https:\/\/www.news33.tv\/#\/schema\/logo\/image\/\",\"url\":\"https:\/\/www.press7.tv\/wp-content\/uploads\/2024\/02\/logo-news33-black.png\",\"contentUrl\":\"https:\/\/www.press7.tv\/wp-content\/uploads\/2024\/02\/logo-news33-black.png\",\"width\":180,\"height\":37,\"caption\":\"News33.tv Media\"},\"image\":{\"@id\":\"https:\/\/www.news33.tv\/#\/schema\/logo\/image\/\"},\"sameAs\":[\"https:\/\/www.facebook.com\/press7.tv\"]},{\"@type\":\"Person\",\"@id\":\"https:\/\/www.news33.tv\/#\/schema\/person\/5a04a38a23ccdba82f9bd665cd8f9efa\",\"name\":\"gazetar2\",\"image\":{\"@type\":\"ImageObject\",\"inLanguage\":\"en-US\",\"@id\":\"https:\/\/www.news33.tv\/#\/schema\/person\/image\/\",\"url\":\"https:\/\/www.press7.tv\/wp-content\/litespeed\/avatar\/41975e402c3049d9ddb03adca8f7a883.jpg?ver=1777169572\",\"contentUrl\":\"https:\/\/www.press7.tv\/wp-content\/litespeed\/avatar\/41975e402c3049d9ddb03adca8f7a883.jpg?ver=1777169572\",\"caption\":\"gazetar2\"},\"url\":\"https:\/\/www.press7.tv\/?author=8\"}]}<\/script>\n<!-- \/ Yoast SEO plugin. -->","yoast_head_json":{"title":"Kuriri serb akuza t\u00eb r\u00ebnda Kurtit, thirret edhe n\u00eb z\u00ebra kosovar\u00eb - press7.tv","robots":{"index":"index","follow":"follow","max-snippet":"max-snippet:-1","max-image-preview":"max-image-preview:large","max-video-preview":"max-video-preview:-1"},"canonical":"https:\/\/www.press7.tv\/?p=28668","og_locale":"en_US","og_type":"article","og_title":"Kuriri serb akuza t\u00eb r\u00ebnda Kurtit, thirret edhe n\u00eb z\u00ebra kosovar\u00eb - press7.tv","og_description":"Gazeta serbe \u201cKurir\u201d, e njohur p\u00ebr q\u00ebndrime t\u00eb ashpra ndaj Kosov\u00ebs, ka publikuar nj\u00eb shkrim ku pretendon se kryeministri Albin Kurti do ta bazoj\u00eb fushat\u00ebn e ardhshme zgjedhore n\u00eb raportin me Serbin\u00eb dhe serb\u00ebt n\u00eb Kosov\u00eb. Mediat serbe kan\u00eb nisur ta komentojn\u00eb me tone t\u00eb ashpra situat\u00ebn politike n\u00eb Kosov\u00eb dhe mund\u00ebsin\u00eb e zgjedhjeve t\u00eb [&hellip;]","og_url":"https:\/\/www.press7.tv\/?p=28668","og_site_name":"press7.tv","article_publisher":"https:\/\/www.facebook.com\/press7.tv","article_published_time":"2026-05-02T10:28:38+00:00","og_image":[{"width":800,"height":581,"url":"https:\/\/www.press7.tv\/wp-content\/uploads\/2026\/05\/IMG_0442.avif","type":"image\/jpeg"}],"author":"gazetar2","twitter_card":"summary_large_image","twitter_misc":{"Written by":"gazetar2"},"schema":{"@context":"https:\/\/schema.org","@graph":[{"@type":"Article","@id":"https:\/\/www.press7.tv\/?p=28668#article","isPartOf":{"@id":"https:\/\/www.press7.tv\/?p=28668"},"author":{"name":"gazetar2","@id":"https:\/\/www.news33.tv\/#\/schema\/person\/5a04a38a23ccdba82f9bd665cd8f9efa"},"headline":"Kuriri serb akuza t\u00eb r\u00ebnda Kurtit, thirret edhe n\u00eb z\u00ebra kosovar\u00eb","datePublished":"2026-05-02T10:28:38+00:00","mainEntityOfPage":{"@id":"https:\/\/www.press7.tv\/?p=28668"},"wordCount":586,"publisher":{"@id":"https:\/\/www.news33.tv\/#organization"},"image":{"@id":"https:\/\/www.press7.tv\/?p=28668#primaryimage"},"thumbnailUrl":"https:\/\/www.press7.tv\/wp-content\/uploads\/2026\/05\/IMG_0442.avif","articleSection":["Kosov\u00eb","Lajme"],"inLanguage":"en-US"},{"@type":"WebPage","@id":"https:\/\/www.press7.tv\/?p=28668","url":"https:\/\/www.press7.tv\/?p=28668","name":"Kuriri serb akuza t\u00eb r\u00ebnda Kurtit, thirret edhe n\u00eb z\u00ebra kosovar\u00eb - press7.tv","isPartOf":{"@id":"https:\/\/www.news33.tv\/#website"},"primaryImageOfPage":{"@id":"https:\/\/www.press7.tv\/?p=28668#primaryimage"},"image":{"@id":"https:\/\/www.press7.tv\/?p=28668#primaryimage"},"thumbnailUrl":"https:\/\/www.press7.tv\/wp-content\/uploads\/2026\/05\/IMG_0442.avif","datePublished":"2026-05-02T10:28:38+00:00","breadcrumb":{"@id":"https:\/\/www.press7.tv\/?p=28668#breadcrumb"},"inLanguage":"en-US","potentialAction":[{"@type":"ReadAction","target":["https:\/\/www.press7.tv\/?p=28668"]}]},{"@type":"ImageObject","inLanguage":"en-US","@id":"https:\/\/www.press7.tv\/?p=28668#primaryimage","url":"https:\/\/www.press7.tv\/wp-content\/uploads\/2026\/05\/IMG_0442.avif","contentUrl":"https:\/\/www.press7.tv\/wp-content\/uploads\/2026\/05\/IMG_0442.avif","width":800,"height":581},{"@type":"BreadcrumbList","@id":"https:\/\/www.press7.tv\/?p=28668#breadcrumb","itemListElement":[{"@type":"ListItem","position":1,"name":"Home","item":"https:\/\/www.press7.tv\/"},{"@type":"ListItem","position":2,"name":"Kuriri serb akuza t\u00eb r\u00ebnda Kurtit, thirret edhe n\u00eb z\u00ebra kosovar\u00eb"}]},{"@type":"WebSite","@id":"https:\/\/www.news33.tv\/#website","url":"https:\/\/www.news33.tv\/","name":"News33.tv Media","description":"Media","publisher":{"@id":"https:\/\/www.news33.tv\/#organization"},"potentialAction":[{"@type":"SearchAction","target":{"@type":"EntryPoint","urlTemplate":"https:\/\/www.news33.tv\/?s={search_term_string}"},"query-input":{"@type":"PropertyValueSpecification","valueRequired":true,"valueName":"search_term_string"}}],"inLanguage":"en-US"},{"@type":"Organization","@id":"https:\/\/www.news33.tv\/#organization","name":"News33.tv Media","url":"https:\/\/www.news33.tv\/","logo":{"@type":"ImageObject","inLanguage":"en-US","@id":"https:\/\/www.news33.tv\/#\/schema\/logo\/image\/","url":"https:\/\/www.press7.tv\/wp-content\/uploads\/2024\/02\/logo-news33-black.png","contentUrl":"https:\/\/www.press7.tv\/wp-content\/uploads\/2024\/02\/logo-news33-black.png","width":180,"height":37,"caption":"News33.tv Media"},"image":{"@id":"https:\/\/www.news33.tv\/#\/schema\/logo\/image\/"},"sameAs":["https:\/\/www.facebook.com\/press7.tv"]},{"@type":"Person","@id":"https:\/\/www.news33.tv\/#\/schema\/person\/5a04a38a23ccdba82f9bd665cd8f9efa","name":"gazetar2","image":{"@type":"ImageObject","inLanguage":"en-US","@id":"https:\/\/www.news33.tv\/#\/schema\/person\/image\/","url":"https:\/\/www.press7.tv\/wp-content\/litespeed\/avatar\/41975e402c3049d9ddb03adca8f7a883.jpg?ver=1777169572","contentUrl":"https:\/\/www.press7.tv\/wp-content\/litespeed\/avatar\/41975e402c3049d9ddb03adca8f7a883.jpg?ver=1777169572","caption":"gazetar2"},"url":"https:\/\/www.press7.tv\/?author=8"}]}},"amp_enabled":true,"_links":{"self":[{"href":"https:\/\/www.press7.tv\/index.php?rest_route=\/wp\/v2\/posts\/28668","targetHints":{"allow":["GET"]}}],"collection":[{"href":"https:\/\/www.press7.tv\/index.php?rest_route=\/wp\/v2\/posts"}],"about":[{"href":"https:\/\/www.press7.tv\/index.php?rest_route=\/wp\/v2\/types\/post"}],"author":[{"embeddable":true,"href":"https:\/\/www.press7.tv\/index.php?rest_route=\/wp\/v2\/users\/8"}],"replies":[{"embeddable":true,"href":"https:\/\/www.press7.tv\/index.php?rest_route=%2Fwp%2Fv2%2Fcomments&post=28668"}],"version-history":[{"count":1,"href":"https:\/\/www.press7.tv\/index.php?rest_route=\/wp\/v2\/posts\/28668\/revisions"}],"predecessor-version":[{"id":28670,"href":"https:\/\/www.press7.tv\/index.php?rest_route=\/wp\/v2\/posts\/28668\/revisions\/28670"}],"wp:featuredmedia":[{"embeddable":true,"href":"https:\/\/www.press7.tv\/index.php?rest_route=\/wp\/v2\/media\/28669"}],"wp:attachment":[{"href":"https:\/\/www.press7.tv\/index.php?rest_route=%2Fwp%2Fv2%2Fmedia&parent=28668"}],"wp:term":[{"taxonomy":"category","embeddable":true,"href":"https:\/\/www.press7.tv\/index.php?rest_route=%2Fwp%2Fv2%2Fcategories&post=28668"},{"taxonomy":"post_tag","embeddable":true,"href":"https:\/\/www.press7.tv\/index.php?rest_route=%2Fwp%2Fv2%2Ftags&post=28668"}],"curies":[{"name":"wp","href":"https:\/\/api.w.org\/{rel}","templated":true}]}}