{"id":28664,"date":"2026-05-02T09:18:34","date_gmt":"2026-05-02T09:18:34","guid":{"rendered":"https:\/\/www.press7.tv\/?p=28664"},"modified":"2026-05-02T09:18:34","modified_gmt":"2026-05-02T09:18:34","slug":"kqz-fillon-aplikimi-per-certifikim-te-subjekteve-politike-dhe-dorezim-te-listave-te-kandidateve-per-deputete","status":"publish","type":"post","link":"https:\/\/www.press7.tv\/?p=28664","title":{"rendered":"KQZ: Fillon aplikimi p\u00ebr certifikim t\u00eb subjekteve politike dhe dor\u00ebzim t\u00eb listave t\u00eb kandidat\u00ebve p\u00ebr deputet\u00eb"},"content":{"rendered":"\n    <div class=\"xs_social_share_widget xs_share_url before_content \t\tmain_content  wslu-style-2 wslu-share-box-shaped wslu-fill-colored wslu-share-m-5 wslu-none wslu-share-vertical wslu-theme-font-no wslu-main_content\">\n\n\t\t\n        <ul>\n\t\t\t        <\/ul>\n    <\/div> \n<p>Komisioni Qendror i Zgjedhjeve ka njoftuar se nga sot ka filluar afati p\u00ebr subjektet politike p\u00ebr t\u00eb aplikuar p\u00ebr certifikim p\u00ebr pjes\u00ebmarrje n\u00eb zgjedhjet e parakohshme parlamentare t\u00eb 7 qershorit dhe p\u00ebr t\u00eb dor\u00ebzuar list\u00ebn me emrat e kandidat\u00ebve p\u00ebr deputet\u00eb.<\/p>\n<p>K\u00ebto dy faza t\u00eb r\u00ebnd\u00ebsishme t\u00eb procesit zgjedhor p\u00ebrfundojn\u00eb n\u00eb data t\u00eb ndryshme, nd\u00ebrsa p\u00ebr dor\u00ebzimin e listave t\u00eb kandidat\u00ebve, subjektet politike do t\u00eb ken\u00eb n\u00eb dispozicion nj\u00eb periudh\u00eb m\u00eb t\u00eb gjat\u00eb kohore.<\/p>\n<p>Z\u00ebdh\u00ebn\u00ebsi i KQZ-s\u00eb, Valmir Elezi, ka shpjeguar p\u00ebr KosovaPress, se aplikimi p\u00ebr certifkim do t\u00eb zgjas\u00eb deri m\u00eb 10 maj dhe se certifikimit do t\u2019i n\u00ebnshtrohen vet\u00ebm subjektet e reja politike, si\u00e7 jan\u00eb koalicionet, nismat qytetare dhe kandidat\u00ebt e pavarur, nd\u00ebrsa kjo s\u2019do t\u00eb vlej\u00eb p\u00ebr partit\u00eb politike q\u00eb ligji i konsideron t\u00eb regjistruara automatikisht.<\/p>\n<p>\u201cDuke filluar nga data 2 maj dhe deri m\u00eb 10 maj, subjektet e reja politike (koalicionet, nismat qytetare dhe kandidat\u00ebt e pavarur) duhet t\u00eb dor\u00ebzojn\u00eb online n\u00eb KQZ, respektivisht n\u00eb Zyr\u00ebn p\u00ebr Regjistrim, Certifikim dhe Kontrollin Financiar, aplikimin p\u00ebr certifikim p\u00ebr pjes\u00ebmarrje n\u00eb zgjedhjet e parakohshme p\u00ebr Kuvendin e Kosov\u00ebs. Sipas Ligjit p\u00ebr Zgjedhjet e P\u00ebrgjithshme, partia politike konsiderohet automatikisht e certifikuar, andaj ky proces do t\u00eb vlej\u00eb vet\u00ebm p\u00ebr subjektet e reja politike, q\u00eb n\u00eb k\u00ebt\u00eb rast jan\u00eb koalicionet, nismat qytetare dhe kandidat\u00ebt e pavarur\u201d, tha Elezi.<\/p>\n<p>Nd\u00ebrkaq, deri m\u00eb 12 maj, t\u00eb gjitha subjektet politike duhet t\u00eb dor\u00ebzojn\u00eb online list\u00ebn e emrat e kandidat\u00ebve p\u00ebr deputet\u00eb, me t\u00eb cil\u00ebt do t\u00eb garojn\u00eb n\u00eb k\u00ebto zgjedhje. Sipas Elezit, procedura \u00ebsht\u00eb e ngjashme me at\u00eb t\u00eb proceseve t\u00eb fundit zgjedhore.<\/p>\n<p>\u201cKQZ ka vendosur afatin 11-ditor, nga 2 maj deri m\u00eb 12 maj 2026, p\u00ebr subjektet politike (partit\u00eb politike, koalicionet, nismat qytetare dhe kandidat\u00ebt e pavarur) p\u00ebr t\u00eb dor\u00ebzuar list\u00ebn me emrat e kandidat\u00ebve p\u00ebr deputet\u00eb p\u00ebr t\u2019u certifikuar p\u00ebr t\u00eb marr\u00eb pjes\u00eb n\u00eb zgjedhjet e parakohshme t\u00eb 7 qershorit. Dor\u00ebzimi i list\u00ebs me emrat e kandiat\u00ebve p\u00ebr deputet\u00eb, duhet t\u00eb b\u00ebhet p\u00ebrmes platform\u00ebs elektronike dhe procedura \u00ebsht\u00eb e ngjashme me zgjedhjet e fundit q\u00eb u mbajt\u00ebn n\u00eb dhjetor t\u00eb vitit t\u00eb kaluar\u201d, tha ai.<br \/>\nN\u00eb zgjedhjet e rregullta parlamentare t\u00eb 9 shkurtit t\u00eb vitit 2025, mor\u00ebn pjes\u00eb 28 subjekte politike, prej t\u00eb cilave 20 parti politike, 5 koalicione, 2 nisma qytetare dhe 1 kandidat\u00eb i pavarur. Numri i p\u00ebrgjithsh\u00ebm i kandidat\u00ebve p\u00ebr deputet\u00eb q\u00eb p\u00ebrfaq\u00ebsonin k\u00ebto subjekte politike ishte 1,280.<\/p>\n<p>Nd\u00ebrkoh\u00eb, n\u00eb zgjedhjet e fundit parlamentare, ato t\u00eb 28 dhjetorit, KQZ certifikoi 1,180 kandidat\u00eb p\u00ebr deputet\u00eb, q\u00eb p\u00ebrfaq\u00ebsonin 24 subjekte politike, prej t\u00eb cilave 18 parti politike, 3 koalicione, 2 nisma qytetare dhe 1 kandidat i pavarur.<\/p>\n","protected":false},"excerpt":{"rendered":"<p>Komisioni Qendror i Zgjedhjeve ka njoftuar se nga sot ka filluar afati p\u00ebr subjektet politike p\u00ebr t\u00eb aplikuar p\u00ebr certifikim p\u00ebr pjes\u00ebmarrje n\u00eb zgjedhjet e parakohshme parlamentare t\u00eb 7 qershorit dhe p\u00ebr t\u00eb dor\u00ebzuar list\u00ebn me emrat e kandidat\u00ebve p\u00ebr deputet\u00eb. K\u00ebto dy faza t\u00eb r\u00ebnd\u00ebsishme t\u00eb procesit zgjedhor p\u00ebrfundojn\u00eb n\u00eb data t\u00eb ndryshme, nd\u00ebrsa [&hellip;]<\/p>\n","protected":false},"author":8,"featured_media":28665,"comment_status":"closed","ping_status":"closed","sticky":false,"template":"","format":"standard","meta":{"footnotes":""},"categories":[215,213],"tags":[],"class_list":["post-28664","post","type-post","status-publish","format-standard","has-post-thumbnail","hentry","category-kosove","category-lajme"],"yoast_head":"<!-- This site is optimized with the Yoast SEO plugin v25.1 - https:\/\/yoast.com\/wordpress\/plugins\/seo\/ -->\n<title>KQZ: Fillon aplikimi p\u00ebr certifikim t\u00eb subjekteve politike dhe dor\u00ebzim t\u00eb listave t\u00eb kandidat\u00ebve p\u00ebr deputet\u00eb - press7.tv<\/title>\n<meta name=\"robots\" content=\"index, follow, max-snippet:-1, max-image-preview:large, max-video-preview:-1\" \/>\n<link rel=\"canonical\" href=\"https:\/\/www.press7.tv\/?p=28664\" \/>\n<meta property=\"og:locale\" content=\"en_US\" \/>\n<meta property=\"og:type\" content=\"article\" \/>\n<meta property=\"og:title\" content=\"KQZ: Fillon aplikimi p\u00ebr certifikim t\u00eb subjekteve politike dhe dor\u00ebzim t\u00eb listave t\u00eb kandidat\u00ebve p\u00ebr deputet\u00eb - press7.tv\" \/>\n<meta property=\"og:description\" content=\"Komisioni Qendror i Zgjedhjeve ka njoftuar se nga sot ka filluar afati p\u00ebr subjektet politike p\u00ebr t\u00eb aplikuar p\u00ebr certifikim p\u00ebr pjes\u00ebmarrje n\u00eb zgjedhjet e parakohshme parlamentare t\u00eb 7 qershorit dhe p\u00ebr t\u00eb dor\u00ebzuar list\u00ebn me emrat e kandidat\u00ebve p\u00ebr deputet\u00eb. K\u00ebto dy faza t\u00eb r\u00ebnd\u00ebsishme t\u00eb procesit zgjedhor p\u00ebrfundojn\u00eb n\u00eb data t\u00eb ndryshme, nd\u00ebrsa [&hellip;]\" \/>\n<meta property=\"og:url\" content=\"https:\/\/www.press7.tv\/?p=28664\" \/>\n<meta property=\"og:site_name\" content=\"press7.tv\" \/>\n<meta property=\"article:publisher\" content=\"https:\/\/www.facebook.com\/press7.tv\" \/>\n<meta property=\"article:published_time\" content=\"2026-05-02T09:18:34+00:00\" \/>\n<meta property=\"og:image\" content=\"https:\/\/www.press7.tv\/wp-content\/uploads\/2026\/05\/kqz-600x360-2.avif\" \/>\n\t<meta property=\"og:image:width\" content=\"600\" \/>\n\t<meta property=\"og:image:height\" content=\"360\" \/>\n\t<meta property=\"og:image:type\" content=\"image\/jpeg\" \/>\n<meta name=\"author\" content=\"gazetar2\" \/>\n<meta name=\"twitter:card\" content=\"summary_large_image\" \/>\n<meta name=\"twitter:label1\" content=\"Written by\" \/>\n\t<meta name=\"twitter:data1\" content=\"gazetar2\" \/>\n\t<meta name=\"twitter:label2\" content=\"Est. reading time\" \/>\n\t<meta name=\"twitter:data2\" content=\"1 minute\" \/>\n<script type=\"application\/ld+json\" class=\"yoast-schema-graph\">{\"@context\":\"https:\/\/schema.org\",\"@graph\":[{\"@type\":\"Article\",\"@id\":\"https:\/\/www.press7.tv\/?p=28664#article\",\"isPartOf\":{\"@id\":\"https:\/\/www.press7.tv\/?p=28664\"},\"author\":{\"name\":\"gazetar2\",\"@id\":\"https:\/\/www.news33.tv\/#\/schema\/person\/5a04a38a23ccdba82f9bd665cd8f9efa\"},\"headline\":\"KQZ: Fillon aplikimi p\u00ebr certifikim t\u00eb subjekteve politike dhe dor\u00ebzim t\u00eb listave t\u00eb kandidat\u00ebve p\u00ebr deputet\u00eb\",\"datePublished\":\"2026-05-02T09:18:34+00:00\",\"mainEntityOfPage\":{\"@id\":\"https:\/\/www.press7.tv\/?p=28664\"},\"wordCount\":504,\"publisher\":{\"@id\":\"https:\/\/www.news33.tv\/#organization\"},\"image\":{\"@id\":\"https:\/\/www.press7.tv\/?p=28664#primaryimage\"},\"thumbnailUrl\":\"https:\/\/www.press7.tv\/wp-content\/uploads\/2026\/05\/kqz-600x360-2.avif\",\"articleSection\":[\"Kosov\u00eb\",\"Lajme\"],\"inLanguage\":\"en-US\"},{\"@type\":\"WebPage\",\"@id\":\"https:\/\/www.press7.tv\/?p=28664\",\"url\":\"https:\/\/www.press7.tv\/?p=28664\",\"name\":\"KQZ: Fillon aplikimi p\u00ebr certifikim t\u00eb subjekteve politike dhe dor\u00ebzim t\u00eb listave t\u00eb kandidat\u00ebve p\u00ebr deputet\u00eb - press7.tv\",\"isPartOf\":{\"@id\":\"https:\/\/www.news33.tv\/#website\"},\"primaryImageOfPage\":{\"@id\":\"https:\/\/www.press7.tv\/?p=28664#primaryimage\"},\"image\":{\"@id\":\"https:\/\/www.press7.tv\/?p=28664#primaryimage\"},\"thumbnailUrl\":\"https:\/\/www.press7.tv\/wp-content\/uploads\/2026\/05\/kqz-600x360-2.avif\",\"datePublished\":\"2026-05-02T09:18:34+00:00\",\"breadcrumb\":{\"@id\":\"https:\/\/www.press7.tv\/?p=28664#breadcrumb\"},\"inLanguage\":\"en-US\",\"potentialAction\":[{\"@type\":\"ReadAction\",\"target\":[\"https:\/\/www.press7.tv\/?p=28664\"]}]},{\"@type\":\"ImageObject\",\"inLanguage\":\"en-US\",\"@id\":\"https:\/\/www.press7.tv\/?p=28664#primaryimage\",\"url\":\"https:\/\/www.press7.tv\/wp-content\/uploads\/2026\/05\/kqz-600x360-2.avif\",\"contentUrl\":\"https:\/\/www.press7.tv\/wp-content\/uploads\/2026\/05\/kqz-600x360-2.avif\",\"width\":600,\"height\":360},{\"@type\":\"BreadcrumbList\",\"@id\":\"https:\/\/www.press7.tv\/?p=28664#breadcrumb\",\"itemListElement\":[{\"@type\":\"ListItem\",\"position\":1,\"name\":\"Home\",\"item\":\"https:\/\/www.press7.tv\/\"},{\"@type\":\"ListItem\",\"position\":2,\"name\":\"KQZ: Fillon aplikimi p\u00ebr certifikim t\u00eb subjekteve politike dhe dor\u00ebzim t\u00eb listave t\u00eb kandidat\u00ebve p\u00ebr deputet\u00eb\"}]},{\"@type\":\"WebSite\",\"@id\":\"https:\/\/www.news33.tv\/#website\",\"url\":\"https:\/\/www.news33.tv\/\",\"name\":\"News33.tv Media\",\"description\":\"Media\",\"publisher\":{\"@id\":\"https:\/\/www.news33.tv\/#organization\"},\"potentialAction\":[{\"@type\":\"SearchAction\",\"target\":{\"@type\":\"EntryPoint\",\"urlTemplate\":\"https:\/\/www.news33.tv\/?s={search_term_string}\"},\"query-input\":{\"@type\":\"PropertyValueSpecification\",\"valueRequired\":true,\"valueName\":\"search_term_string\"}}],\"inLanguage\":\"en-US\"},{\"@type\":\"Organization\",\"@id\":\"https:\/\/www.news33.tv\/#organization\",\"name\":\"News33.tv Media\",\"url\":\"https:\/\/www.news33.tv\/\",\"logo\":{\"@type\":\"ImageObject\",\"inLanguage\":\"en-US\",\"@id\":\"https:\/\/www.news33.tv\/#\/schema\/logo\/image\/\",\"url\":\"https:\/\/www.press7.tv\/wp-content\/uploads\/2024\/02\/logo-news33-black.png\",\"contentUrl\":\"https:\/\/www.press7.tv\/wp-content\/uploads\/2024\/02\/logo-news33-black.png\",\"width\":180,\"height\":37,\"caption\":\"News33.tv Media\"},\"image\":{\"@id\":\"https:\/\/www.news33.tv\/#\/schema\/logo\/image\/\"},\"sameAs\":[\"https:\/\/www.facebook.com\/press7.tv\"]},{\"@type\":\"Person\",\"@id\":\"https:\/\/www.news33.tv\/#\/schema\/person\/5a04a38a23ccdba82f9bd665cd8f9efa\",\"name\":\"gazetar2\",\"image\":{\"@type\":\"ImageObject\",\"inLanguage\":\"en-US\",\"@id\":\"https:\/\/www.news33.tv\/#\/schema\/person\/image\/\",\"url\":\"https:\/\/www.press7.tv\/wp-content\/litespeed\/avatar\/41975e402c3049d9ddb03adca8f7a883.jpg?ver=1777169572\",\"contentUrl\":\"https:\/\/www.press7.tv\/wp-content\/litespeed\/avatar\/41975e402c3049d9ddb03adca8f7a883.jpg?ver=1777169572\",\"caption\":\"gazetar2\"},\"url\":\"https:\/\/www.press7.tv\/?author=8\"}]}<\/script>\n<!-- \/ Yoast SEO plugin. -->","yoast_head_json":{"title":"KQZ: Fillon aplikimi p\u00ebr certifikim t\u00eb subjekteve politike dhe dor\u00ebzim t\u00eb listave t\u00eb kandidat\u00ebve p\u00ebr deputet\u00eb - press7.tv","robots":{"index":"index","follow":"follow","max-snippet":"max-snippet:-1","max-image-preview":"max-image-preview:large","max-video-preview":"max-video-preview:-1"},"canonical":"https:\/\/www.press7.tv\/?p=28664","og_locale":"en_US","og_type":"article","og_title":"KQZ: Fillon aplikimi p\u00ebr certifikim t\u00eb subjekteve politike dhe dor\u00ebzim t\u00eb listave t\u00eb kandidat\u00ebve p\u00ebr deputet\u00eb - press7.tv","og_description":"Komisioni Qendror i Zgjedhjeve ka njoftuar se nga sot ka filluar afati p\u00ebr subjektet politike p\u00ebr t\u00eb aplikuar p\u00ebr certifikim p\u00ebr pjes\u00ebmarrje n\u00eb zgjedhjet e parakohshme parlamentare t\u00eb 7 qershorit dhe p\u00ebr t\u00eb dor\u00ebzuar list\u00ebn me emrat e kandidat\u00ebve p\u00ebr deputet\u00eb. K\u00ebto dy faza t\u00eb r\u00ebnd\u00ebsishme t\u00eb procesit zgjedhor p\u00ebrfundojn\u00eb n\u00eb data t\u00eb ndryshme, nd\u00ebrsa [&hellip;]","og_url":"https:\/\/www.press7.tv\/?p=28664","og_site_name":"press7.tv","article_publisher":"https:\/\/www.facebook.com\/press7.tv","article_published_time":"2026-05-02T09:18:34+00:00","og_image":[{"width":600,"height":360,"url":"https:\/\/www.press7.tv\/wp-content\/uploads\/2026\/05\/kqz-600x360-2.avif","type":"image\/jpeg"}],"author":"gazetar2","twitter_card":"summary_large_image","twitter_misc":{"Written by":"gazetar2","Est. reading time":"1 minute"},"schema":{"@context":"https:\/\/schema.org","@graph":[{"@type":"Article","@id":"https:\/\/www.press7.tv\/?p=28664#article","isPartOf":{"@id":"https:\/\/www.press7.tv\/?p=28664"},"author":{"name":"gazetar2","@id":"https:\/\/www.news33.tv\/#\/schema\/person\/5a04a38a23ccdba82f9bd665cd8f9efa"},"headline":"KQZ: Fillon aplikimi p\u00ebr certifikim t\u00eb subjekteve politike dhe dor\u00ebzim t\u00eb listave t\u00eb kandidat\u00ebve p\u00ebr deputet\u00eb","datePublished":"2026-05-02T09:18:34+00:00","mainEntityOfPage":{"@id":"https:\/\/www.press7.tv\/?p=28664"},"wordCount":504,"publisher":{"@id":"https:\/\/www.news33.tv\/#organization"},"image":{"@id":"https:\/\/www.press7.tv\/?p=28664#primaryimage"},"thumbnailUrl":"https:\/\/www.press7.tv\/wp-content\/uploads\/2026\/05\/kqz-600x360-2.avif","articleSection":["Kosov\u00eb","Lajme"],"inLanguage":"en-US"},{"@type":"WebPage","@id":"https:\/\/www.press7.tv\/?p=28664","url":"https:\/\/www.press7.tv\/?p=28664","name":"KQZ: Fillon aplikimi p\u00ebr certifikim t\u00eb subjekteve politike dhe dor\u00ebzim t\u00eb listave t\u00eb kandidat\u00ebve p\u00ebr deputet\u00eb - press7.tv","isPartOf":{"@id":"https:\/\/www.news33.tv\/#website"},"primaryImageOfPage":{"@id":"https:\/\/www.press7.tv\/?p=28664#primaryimage"},"image":{"@id":"https:\/\/www.press7.tv\/?p=28664#primaryimage"},"thumbnailUrl":"https:\/\/www.press7.tv\/wp-content\/uploads\/2026\/05\/kqz-600x360-2.avif","datePublished":"2026-05-02T09:18:34+00:00","breadcrumb":{"@id":"https:\/\/www.press7.tv\/?p=28664#breadcrumb"},"inLanguage":"en-US","potentialAction":[{"@type":"ReadAction","target":["https:\/\/www.press7.tv\/?p=28664"]}]},{"@type":"ImageObject","inLanguage":"en-US","@id":"https:\/\/www.press7.tv\/?p=28664#primaryimage","url":"https:\/\/www.press7.tv\/wp-content\/uploads\/2026\/05\/kqz-600x360-2.avif","contentUrl":"https:\/\/www.press7.tv\/wp-content\/uploads\/2026\/05\/kqz-600x360-2.avif","width":600,"height":360},{"@type":"BreadcrumbList","@id":"https:\/\/www.press7.tv\/?p=28664#breadcrumb","itemListElement":[{"@type":"ListItem","position":1,"name":"Home","item":"https:\/\/www.press7.tv\/"},{"@type":"ListItem","position":2,"name":"KQZ: Fillon aplikimi p\u00ebr certifikim t\u00eb subjekteve politike dhe dor\u00ebzim t\u00eb listave t\u00eb kandidat\u00ebve p\u00ebr deputet\u00eb"}]},{"@type":"WebSite","@id":"https:\/\/www.news33.tv\/#website","url":"https:\/\/www.news33.tv\/","name":"News33.tv Media","description":"Media","publisher":{"@id":"https:\/\/www.news33.tv\/#organization"},"potentialAction":[{"@type":"SearchAction","target":{"@type":"EntryPoint","urlTemplate":"https:\/\/www.news33.tv\/?s={search_term_string}"},"query-input":{"@type":"PropertyValueSpecification","valueRequired":true,"valueName":"search_term_string"}}],"inLanguage":"en-US"},{"@type":"Organization","@id":"https:\/\/www.news33.tv\/#organization","name":"News33.tv Media","url":"https:\/\/www.news33.tv\/","logo":{"@type":"ImageObject","inLanguage":"en-US","@id":"https:\/\/www.news33.tv\/#\/schema\/logo\/image\/","url":"https:\/\/www.press7.tv\/wp-content\/uploads\/2024\/02\/logo-news33-black.png","contentUrl":"https:\/\/www.press7.tv\/wp-content\/uploads\/2024\/02\/logo-news33-black.png","width":180,"height":37,"caption":"News33.tv Media"},"image":{"@id":"https:\/\/www.news33.tv\/#\/schema\/logo\/image\/"},"sameAs":["https:\/\/www.facebook.com\/press7.tv"]},{"@type":"Person","@id":"https:\/\/www.news33.tv\/#\/schema\/person\/5a04a38a23ccdba82f9bd665cd8f9efa","name":"gazetar2","image":{"@type":"ImageObject","inLanguage":"en-US","@id":"https:\/\/www.news33.tv\/#\/schema\/person\/image\/","url":"https:\/\/www.press7.tv\/wp-content\/litespeed\/avatar\/41975e402c3049d9ddb03adca8f7a883.jpg?ver=1777169572","contentUrl":"https:\/\/www.press7.tv\/wp-content\/litespeed\/avatar\/41975e402c3049d9ddb03adca8f7a883.jpg?ver=1777169572","caption":"gazetar2"},"url":"https:\/\/www.press7.tv\/?author=8"}]}},"amp_enabled":true,"_links":{"self":[{"href":"https:\/\/www.press7.tv\/index.php?rest_route=\/wp\/v2\/posts\/28664","targetHints":{"allow":["GET"]}}],"collection":[{"href":"https:\/\/www.press7.tv\/index.php?rest_route=\/wp\/v2\/posts"}],"about":[{"href":"https:\/\/www.press7.tv\/index.php?rest_route=\/wp\/v2\/types\/post"}],"author":[{"embeddable":true,"href":"https:\/\/www.press7.tv\/index.php?rest_route=\/wp\/v2\/users\/8"}],"replies":[{"embeddable":true,"href":"https:\/\/www.press7.tv\/index.php?rest_route=%2Fwp%2Fv2%2Fcomments&post=28664"}],"version-history":[{"count":1,"href":"https:\/\/www.press7.tv\/index.php?rest_route=\/wp\/v2\/posts\/28664\/revisions"}],"predecessor-version":[{"id":28666,"href":"https:\/\/www.press7.tv\/index.php?rest_route=\/wp\/v2\/posts\/28664\/revisions\/28666"}],"wp:featuredmedia":[{"embeddable":true,"href":"https:\/\/www.press7.tv\/index.php?rest_route=\/wp\/v2\/media\/28665"}],"wp:attachment":[{"href":"https:\/\/www.press7.tv\/index.php?rest_route=%2Fwp%2Fv2%2Fmedia&parent=28664"}],"wp:term":[{"taxonomy":"category","embeddable":true,"href":"https:\/\/www.press7.tv\/index.php?rest_route=%2Fwp%2Fv2%2Fcategories&post=28664"},{"taxonomy":"post_tag","embeddable":true,"href":"https:\/\/www.press7.tv\/index.php?rest_route=%2Fwp%2Fv2%2Ftags&post=28664"}],"curies":[{"name":"wp","href":"https:\/\/api.w.org\/{rel}","templated":true}]}}