{"id":28655,"date":"2026-05-02T08:21:43","date_gmt":"2026-05-02T08:21:43","guid":{"rendered":"https:\/\/www.press7.tv\/?p=28655"},"modified":"2026-05-02T08:21:43","modified_gmt":"2026-05-02T08:21:43","slug":"gjermania-tani-eshte-shpenzuesi-me-i-madh-ushtarak-ne-evrope-cfare-po-blen-me-se-shumti-ajo","status":"publish","type":"post","link":"https:\/\/www.press7.tv\/?p=28655","title":{"rendered":"Gjermania tani \u00ebsht\u00eb shpenzuesi m\u00eb i madh ushtarak n\u00eb Evrop\u00eb \u2013 \u00e7far\u00eb po blen m\u00eb s\u00eb shumti ajo"},"content":{"rendered":"\n    <div class=\"xs_social_share_widget xs_share_url before_content \t\tmain_content  wslu-style-2 wslu-share-box-shaped wslu-fill-colored wslu-share-m-5 wslu-none wslu-share-vertical wslu-theme-font-no wslu-main_content\">\n\n\t\t\n        <ul>\n\t\t\t        <\/ul>\n    <\/div> \n<p>Shpenzimet ushtarake t\u00eb vendeve evropiane an\u00ebtare t\u00eb NATO-s u rrit\u00ebn vitin e kaluar me ritmin m\u00eb t\u00eb shpejt\u00eb q\u00eb nga viti 1953.<\/p>\n<p>Udh\u00ebheq\u00ebsit evropian\u00eb duket se po i p\u00ebrmbushin premtimet p\u00ebr rritjen e buxheteve t\u00eb mbrojtjes.<\/p>\n<p>Pas presionit t\u00eb Shteteve t\u00eb Bashkuara, ku presidenti Donald Trump ka kritikuar ashp\u00ebr aleat\u00ebt e NATO-s p\u00ebr mosarritjen e objektivave t\u00eb dakorduara p\u00ebr shpenzimet ushtarake, investimet n\u00eb Evrop\u00eb gjat\u00eb vitit 2025 u rrit\u00ebn me 14 p\u00ebrqind \u2014 m\u00eb shum\u00eb se n\u00eb \u00e7do kontinent tjet\u00ebr \u2014 duke arritur n\u00eb 739 miliard\u00eb euro.<\/p>\n<p>Sipas Institutit Nd\u00ebrkomb\u00ebtar t\u00eb K\u00ebrkimeve p\u00ebr Paqen n\u00eb Stokholm (SIPRI), kjo p\u00ebrfaq\u00ebson rritjen m\u00eb t\u00eb madhe t\u00eb shpenzimeve ushtarake q\u00eb nga vitet 1950 dhe \u00ebsht\u00eb dy her\u00eb m\u00eb e lart\u00eb se niveli i para dhjet\u00eb vjet\u00ebsh.<\/p>\n<p>Rritja vjen n\u00eb nj\u00eb koh\u00eb kur shum\u00eb vende an\u00ebtare t\u00eb NATO-s po synojn\u00eb t\u00eb p\u00ebrmbushin objektivin e ri p\u00ebr shpenzimet e mbrojtjes, q\u00eb parashikon arritjen e 5 p\u00ebrqind t\u00eb PBB-s\u00eb deri n\u00eb vitin 2035.<\/p>\n<p>Nd\u00ebrkoh\u00eb, Gjermania ka rritur ndjesh\u00ebm investimet n\u00eb mbrojtje, duke shpenzuar rreth 97 miliard\u00eb euro vitin e kaluar \u2014 nj\u00eb rritje prej 24 p\u00ebrqind krahasuar me vitin 2024.<\/p>\n<p>Kjo do t\u00eb thot\u00eb se Gjermania ka tejkaluar Mbret\u00ebrin\u00eb e Bashkuar duke u b\u00ebr\u00eb investitori m\u00eb i madh n\u00eb mbrojtje n\u00eb Evrop\u00eb dhe renditet e kat\u00ebrta n\u00eb bot\u00eb, pas Shteteve t\u00eb Bashkuara (854 miliard\u00eb dollar\u00eb), Kin\u00ebs (336 miliard\u00eb dollar\u00eb) dhe Rusis\u00eb (190 miliard\u00eb dollar\u00eb).<\/p>\n<p>Bundeswehr synon t\u00eb b\u00ebhet \u201cforca m\u00eb e fort\u00eb konvencionale n\u00eb Evrop\u00eb\u201d<\/p>\n<p>Me nj\u00eb paket\u00eb prej 153 projektesh t\u00eb m\u00ebdha n\u00eb zhvillim, Gjermania synon t\u00eb blej\u00eb sisteme t\u00eb reja armatimi, t\u00eb modernizoj\u00eb pajisjet ekzistuese, si dhe t\u00eb forcoj\u00eb infrastruktur\u00ebn dhe sigurin\u00eb kibernetike, ka deklaruar p\u00ebr Europe in Motion koloneli n\u00eb pension Ralph Thiele, kryetar i EuroDefense Germany.<\/p>\n<p>Forcat e armatosura gjermane (Bundeswehr) po fuqizojn\u00eb brigadat e tyre t\u00eb k\u00ebmb\u00ebsoris\u00eb edhe me m\u00eb shum\u00eb mjete luftarake Puma, si dhe me nj\u00eb porosi shum\u00eb miliard\u00ebshe p\u00ebr 237 sisteme \u201cFuture Infantryman\u201d (Infanterist der Zukunft) deri n\u00eb vitin 2029.<\/p>\n<p>Ky sistem \u00ebsht\u00eb nj\u00eb platform\u00eb luftarake modulare dhe e integruar, e projektuar p\u00ebr t\u00eb rritur ndjesh\u00ebm fuqin\u00eb godit\u00ebse, mbijetes\u00ebn, l\u00ebvizshm\u00ebrin\u00eb, komandimin n\u00eb fush\u00ebbetej\u00eb dhe aft\u00ebsit\u00eb st\u00ebrvitore t\u00eb ushtar\u00ebve t\u00eb k\u00ebmb\u00ebsoris\u00eb.<\/p>\n<p>Ushtria gjermane po p\u00ebrqendrohet gjithashtu n\u00eb mbylljen e boshll\u00ebqeve n\u00eb mbrojtjen ajrore, me plane p\u00ebr t\u00eb bler\u00eb deri n\u00eb 600 sisteme anti-ajrore \u201cSkyranger 30\u201d, si dhe 20 avion\u00eb t\u00eb rinj Eurofighter, s\u00eb bashku me investime t\u00eb m\u00ebdha n\u00eb sisteme raketore t\u00eb drejtuara, p\u00ebrfshir\u00eb porosi p\u00ebr Patriot, IRST dhe raketa Meteor, tha ai.<\/p>\n<p>Edhe forcat detare pritet t\u00eb zgjerohen, me plane p\u00ebr blerjen e deri n\u00eb 42 anijeve t\u00eb reja t\u00eb pajisura me 50 sisteme pa pilot, duke p\u00ebrfshir\u00eb korveta dhe n\u00ebndet\u00ebse moderne.<\/p>\n<p>Sipas Thiele, prioritet strategjik po b\u00ebhen edhe programet ushtarake n\u00eb hap\u00ebsir\u00eb, p\u00ebrfshir\u00eb investime n\u00eb satelit\u00eb spiun\u00eb, avion\u00eb hap\u00ebsinor\u00eb dhe sisteme mbrojtjeje me laser n\u00eb orbit\u00eb.<\/p>\n<p>Ai theksoi se k\u00ebto zhvillime do ta shnd\u00ebrrojn\u00eb ushtrin\u00eb gjermane n\u00eb \u201cforc\u00ebn konvencionale m\u00eb t\u00eb fuqishme n\u00eb Evrop\u00eb\u201d.<\/p>\n<p>Cilat vende t\u00eb tjera po rrisin shpenzimet ushtarake?<\/p>\n<p>Nj\u00eb tjet\u00ebr ekonomi e madhe q\u00eb ka rritur ndjesh\u00ebm shpenzimet \u00ebsht\u00eb Italia, me nj\u00eb rritje prej 20 p\u00ebrqind, duke u afruar pothuajse me Izraelin n\u00eb nivelin e shpenzimeve ushtarake, q\u00eb arrijn\u00eb n\u00eb rreth 41 miliard\u00eb euro.<\/p>\n<p>Nd\u00ebrkoh\u00eb, Spanja \u2014 e konsideruar shpesh si nj\u00eb nga vendet m\u00eb pak t\u00eb p\u00ebrkushtuara brenda NATO-s \u2014 ka regjistruar nj\u00eb rritje edhe m\u00eb t\u00eb madhe prej 50 p\u00ebrqind, duke arritur p\u00ebr her\u00eb t\u00eb par\u00eb q\u00eb nga fillimi i viteve \u201990 objektivin e m\u00ebparsh\u00ebm t\u00eb aleanc\u00ebs prej 2 p\u00ebrqind t\u00eb PBB-s\u00eb p\u00ebr shpenzimet e mbrojtjes.<\/p>\n<p>Kush shpenzon m\u00eb shum\u00eb n\u00eb raport me PBB-n\u00eb?<\/p>\n<p>Duke par\u00eb shpenzimet e mbrojtjes si p\u00ebrqindje e PBB-s\u00eb, krijohet nj\u00eb pasqyr\u00eb m\u00eb e qart\u00eb se cilat vende e trajtojn\u00eb mbrojtjen si prioritet komb\u00ebtar.<\/p>\n<p>P\u00ebrjashtuar Ukrain\u00ebn, e cila shpenzon rreth 40 p\u00ebrqind t\u00eb PBB-s\u00eb p\u00ebr mbrojtje p\u00ebr shkak t\u00eb luft\u00ebs, Algjeria renditet nd\u00ebr vendet me p\u00ebrqindjen m\u00eb t\u00eb lart\u00eb n\u00eb bot\u00eb, me 8.8 p\u00ebrqind.<\/p>\n<p>N\u00eb Evrop\u00eb, vendet q\u00eb shpenzojn\u00eb m\u00eb shum\u00eb jan\u00eb kryesisht ato q\u00eb kufizohen me Rusin\u00eb. N\u00eb krye t\u00eb list\u00ebs q\u00ebndron Polonia, e cila ndan rreth 4.5 p\u00ebrqind t\u00eb PBB-s\u00eb p\u00ebr armatim dhe infrastruktur\u00eb mbrojt\u00ebse.<\/p>\n<p>Letonia renditet e dyta me 36 p\u00ebr qind t\u00eb PBB-s\u00eb, e ndjekur nga Estonia me 3.4 p\u00ebrqind dhe Norvegjia me 3.3 p\u00ebrqind, nd\u00ebrsa n\u00eb fund t\u00eb list\u00ebs q\u00ebndrojn\u00eb Islanda (pothuajse 0 p\u00ebrqind), Irlanda (0.2 p\u00ebrqind) dhe Zvicra me 0.8 p\u00ebrqind.<\/p>\n<p>Sa i p\u00ebrket pes\u00eb ekonomive m\u00eb t\u00eb m\u00ebdha t\u00eb Evrop\u00ebs, Mbret\u00ebria e Bashkuar mbetet investitori m\u00eb i madh n\u00eb raport me PBB-n\u00eb, me 2.4 p\u00ebrqind, pavar\u00ebsisht nj\u00eb r\u00ebnieje t\u00eb leht\u00eb t\u00eb shpenzimeve n\u00eb vitin 2025. Ajo ndiqet nga Gjermania me 2.3 p\u00ebrqind, Spanja me 2.1 p\u00ebrqind, Franca me 2 p\u00ebrqind dhe Italia me 1.9 p\u00ebrqind.<\/p>\n<p>Si po ndikon lufta n\u00eb Ukrain\u00eb n\u00eb shpenzimet ushtarake?<\/p>\n<p>Shtetet e Bashkuara kan\u00eb raportuar nj\u00eb r\u00ebnie t\u00eb ndjeshme t\u00eb shpenzimeve totale p\u00ebr mbrojtje, prej 7.5 p\u00ebrqind, kryesisht p\u00ebr shkak se n\u00eb vitin 2025 nuk \u00ebsht\u00eb miratuar ndihm\u00eb e re ushtarake p\u00ebr Ukrain\u00ebn.<\/p>\n<p>Kjo sh\u00ebnon nj\u00eb kontrast t\u00eb fort\u00eb me tre vitet e m\u00ebparshme, kur p\u00ebr Kievin u miratuan gjithsej 127 miliard\u00eb dollar\u00eb ndihm\u00eb ushtarake.<\/p>\n<p>Megjithat\u00eb, ShBA-ja mbetet dominuesi global, duke p\u00ebrb\u00ebr\u00eb rreth 33 p\u00ebrqind t\u00eb shpenzimeve totale t\u00eb mbrojtjes n\u00eb bot\u00eb nd\u00ebr 15 vendet kryesore. Ato ndiqen nga Kina me 12 p\u00ebrqind dhe Rusia me 6.6 p\u00ebrqind.<\/p>\n<p>Sipas SIPRI, \u201cpavar\u00ebsisht presioneve ekonomike dhe sanksioneve t\u00eb vazhdueshme, Rusia ka arritur t\u00eb rris\u00eb shpenzimet ushtarake nga viti n\u00eb vit q\u00eb prej vitit 2022, ndon\u00ebse me ndryshime n\u00eb strategjit\u00eb e prokurimit dhe m\u00ebnyr\u00ebn e zhvillimit t\u00eb operacioneve\u201d.<\/p>\n<p>Instituti shton se, nd\u00ebrsa pushtimi i Ukrain\u00ebs \u00ebsht\u00eb shnd\u00ebrruar gradualisht n\u00eb nj\u00eb luft\u00eb t\u00eb konsumit, Rusia \u00ebsht\u00eb orientuar gjithnj\u00eb e m\u00eb shum\u00eb drejt blerjes s\u00eb sasive t\u00eb m\u00ebdha t\u00eb arm\u00ebve m\u00eb t\u00eb lira, me synimin p\u00ebr t\u00eb ulur kostot operacionale dhe p\u00ebr t\u00eb ruajtur ritmin e luft\u00ebs. <\/p>\n","protected":false},"excerpt":{"rendered":"<p>Shpenzimet ushtarake t\u00eb vendeve evropiane an\u00ebtare t\u00eb NATO-s u rrit\u00ebn vitin e kaluar me ritmin m\u00eb t\u00eb shpejt\u00eb q\u00eb nga viti 1953. Udh\u00ebheq\u00ebsit evropian\u00eb duket se po i p\u00ebrmbushin premtimet p\u00ebr rritjen e buxheteve t\u00eb mbrojtjes. Pas presionit t\u00eb Shteteve t\u00eb Bashkuara, ku presidenti Donald Trump ka kritikuar ashp\u00ebr aleat\u00ebt e NATO-s p\u00ebr mosarritjen e [&hellip;]<\/p>\n","protected":false},"author":8,"featured_media":28656,"comment_status":"closed","ping_status":"closed","sticky":false,"template":"","format":"standard","meta":{"footnotes":""},"categories":[217,213],"tags":[],"class_list":["post-28655","post","type-post","status-publish","format-standard","has-post-thumbnail","hentry","category-bote","category-lajme"],"yoast_head":"<!-- This site is optimized with the Yoast SEO plugin v25.1 - https:\/\/yoast.com\/wordpress\/plugins\/seo\/ -->\n<title>Gjermania tani \u00ebsht\u00eb shpenzuesi m\u00eb i madh ushtarak n\u00eb Evrop\u00eb \u2013 \u00e7far\u00eb po blen m\u00eb s\u00eb shumti ajo - press7.tv<\/title>\n<meta name=\"robots\" content=\"index, follow, max-snippet:-1, max-image-preview:large, max-video-preview:-1\" \/>\n<link rel=\"canonical\" href=\"https:\/\/www.press7.tv\/?p=28655\" \/>\n<meta property=\"og:locale\" content=\"en_US\" \/>\n<meta property=\"og:type\" content=\"article\" \/>\n<meta property=\"og:title\" content=\"Gjermania tani \u00ebsht\u00eb shpenzuesi m\u00eb i madh ushtarak n\u00eb Evrop\u00eb \u2013 \u00e7far\u00eb po blen m\u00eb s\u00eb shumti ajo - press7.tv\" \/>\n<meta property=\"og:description\" content=\"Shpenzimet ushtarake t\u00eb vendeve evropiane an\u00ebtare t\u00eb NATO-s u rrit\u00ebn vitin e kaluar me ritmin m\u00eb t\u00eb shpejt\u00eb q\u00eb nga viti 1953. Udh\u00ebheq\u00ebsit evropian\u00eb duket se po i p\u00ebrmbushin premtimet p\u00ebr rritjen e buxheteve t\u00eb mbrojtjes. Pas presionit t\u00eb Shteteve t\u00eb Bashkuara, ku presidenti Donald Trump ka kritikuar ashp\u00ebr aleat\u00ebt e NATO-s p\u00ebr mosarritjen e [&hellip;]\" \/>\n<meta property=\"og:url\" content=\"https:\/\/www.press7.tv\/?p=28655\" \/>\n<meta property=\"og:site_name\" content=\"press7.tv\" \/>\n<meta property=\"article:publisher\" content=\"https:\/\/www.facebook.com\/press7.tv\" \/>\n<meta property=\"article:published_time\" content=\"2026-05-02T08:21:43+00:00\" \/>\n<meta property=\"og:image\" content=\"https:\/\/www.press7.tv\/wp-content\/uploads\/2026\/05\/FOTO-Web-M.M-7-800x445-1.avif\" \/>\n\t<meta property=\"og:image:width\" content=\"800\" \/>\n\t<meta property=\"og:image:height\" content=\"445\" \/>\n\t<meta property=\"og:image:type\" content=\"image\/jpeg\" \/>\n<meta name=\"author\" content=\"gazetar2\" \/>\n<meta name=\"twitter:card\" content=\"summary_large_image\" \/>\n<meta name=\"twitter:label1\" content=\"Written by\" \/>\n\t<meta name=\"twitter:data1\" content=\"gazetar2\" \/>\n\t<meta name=\"twitter:label2\" content=\"Est. reading time\" \/>\n\t<meta name=\"twitter:data2\" content=\"1 minute\" \/>\n<script type=\"application\/ld+json\" class=\"yoast-schema-graph\">{\"@context\":\"https:\/\/schema.org\",\"@graph\":[{\"@type\":\"Article\",\"@id\":\"https:\/\/www.press7.tv\/?p=28655#article\",\"isPartOf\":{\"@id\":\"https:\/\/www.press7.tv\/?p=28655\"},\"author\":{\"name\":\"gazetar2\",\"@id\":\"https:\/\/www.news33.tv\/#\/schema\/person\/5a04a38a23ccdba82f9bd665cd8f9efa\"},\"headline\":\"Gjermania tani \u00ebsht\u00eb shpenzuesi m\u00eb i madh ushtarak n\u00eb Evrop\u00eb \u2013 \u00e7far\u00eb po blen m\u00eb s\u00eb shumti ajo\",\"datePublished\":\"2026-05-02T08:21:43+00:00\",\"mainEntityOfPage\":{\"@id\":\"https:\/\/www.press7.tv\/?p=28655\"},\"wordCount\":1052,\"publisher\":{\"@id\":\"https:\/\/www.news33.tv\/#organization\"},\"image\":{\"@id\":\"https:\/\/www.press7.tv\/?p=28655#primaryimage\"},\"thumbnailUrl\":\"https:\/\/www.press7.tv\/wp-content\/uploads\/2026\/05\/FOTO-Web-M.M-7-800x445-1.avif\",\"articleSection\":[\"Bot\u00eb\",\"Lajme\"],\"inLanguage\":\"en-US\"},{\"@type\":\"WebPage\",\"@id\":\"https:\/\/www.press7.tv\/?p=28655\",\"url\":\"https:\/\/www.press7.tv\/?p=28655\",\"name\":\"Gjermania tani \u00ebsht\u00eb shpenzuesi m\u00eb i madh ushtarak n\u00eb Evrop\u00eb \u2013 \u00e7far\u00eb po blen m\u00eb s\u00eb shumti ajo - press7.tv\",\"isPartOf\":{\"@id\":\"https:\/\/www.news33.tv\/#website\"},\"primaryImageOfPage\":{\"@id\":\"https:\/\/www.press7.tv\/?p=28655#primaryimage\"},\"image\":{\"@id\":\"https:\/\/www.press7.tv\/?p=28655#primaryimage\"},\"thumbnailUrl\":\"https:\/\/www.press7.tv\/wp-content\/uploads\/2026\/05\/FOTO-Web-M.M-7-800x445-1.avif\",\"datePublished\":\"2026-05-02T08:21:43+00:00\",\"breadcrumb\":{\"@id\":\"https:\/\/www.press7.tv\/?p=28655#breadcrumb\"},\"inLanguage\":\"en-US\",\"potentialAction\":[{\"@type\":\"ReadAction\",\"target\":[\"https:\/\/www.press7.tv\/?p=28655\"]}]},{\"@type\":\"ImageObject\",\"inLanguage\":\"en-US\",\"@id\":\"https:\/\/www.press7.tv\/?p=28655#primaryimage\",\"url\":\"https:\/\/www.press7.tv\/wp-content\/uploads\/2026\/05\/FOTO-Web-M.M-7-800x445-1.avif\",\"contentUrl\":\"https:\/\/www.press7.tv\/wp-content\/uploads\/2026\/05\/FOTO-Web-M.M-7-800x445-1.avif\",\"width\":800,\"height\":445},{\"@type\":\"BreadcrumbList\",\"@id\":\"https:\/\/www.press7.tv\/?p=28655#breadcrumb\",\"itemListElement\":[{\"@type\":\"ListItem\",\"position\":1,\"name\":\"Home\",\"item\":\"https:\/\/www.press7.tv\/\"},{\"@type\":\"ListItem\",\"position\":2,\"name\":\"Gjermania tani \u00ebsht\u00eb shpenzuesi m\u00eb i madh ushtarak n\u00eb Evrop\u00eb \u2013 \u00e7far\u00eb po blen m\u00eb s\u00eb shumti ajo\"}]},{\"@type\":\"WebSite\",\"@id\":\"https:\/\/www.news33.tv\/#website\",\"url\":\"https:\/\/www.news33.tv\/\",\"name\":\"News33.tv Media\",\"description\":\"Media\",\"publisher\":{\"@id\":\"https:\/\/www.news33.tv\/#organization\"},\"potentialAction\":[{\"@type\":\"SearchAction\",\"target\":{\"@type\":\"EntryPoint\",\"urlTemplate\":\"https:\/\/www.news33.tv\/?s={search_term_string}\"},\"query-input\":{\"@type\":\"PropertyValueSpecification\",\"valueRequired\":true,\"valueName\":\"search_term_string\"}}],\"inLanguage\":\"en-US\"},{\"@type\":\"Organization\",\"@id\":\"https:\/\/www.news33.tv\/#organization\",\"name\":\"News33.tv Media\",\"url\":\"https:\/\/www.news33.tv\/\",\"logo\":{\"@type\":\"ImageObject\",\"inLanguage\":\"en-US\",\"@id\":\"https:\/\/www.news33.tv\/#\/schema\/logo\/image\/\",\"url\":\"https:\/\/www.press7.tv\/wp-content\/uploads\/2024\/02\/logo-news33-black.png\",\"contentUrl\":\"https:\/\/www.press7.tv\/wp-content\/uploads\/2024\/02\/logo-news33-black.png\",\"width\":180,\"height\":37,\"caption\":\"News33.tv Media\"},\"image\":{\"@id\":\"https:\/\/www.news33.tv\/#\/schema\/logo\/image\/\"},\"sameAs\":[\"https:\/\/www.facebook.com\/press7.tv\"]},{\"@type\":\"Person\",\"@id\":\"https:\/\/www.news33.tv\/#\/schema\/person\/5a04a38a23ccdba82f9bd665cd8f9efa\",\"name\":\"gazetar2\",\"image\":{\"@type\":\"ImageObject\",\"inLanguage\":\"en-US\",\"@id\":\"https:\/\/www.news33.tv\/#\/schema\/person\/image\/\",\"url\":\"https:\/\/www.press7.tv\/wp-content\/litespeed\/avatar\/41975e402c3049d9ddb03adca8f7a883.jpg?ver=1777169572\",\"contentUrl\":\"https:\/\/www.press7.tv\/wp-content\/litespeed\/avatar\/41975e402c3049d9ddb03adca8f7a883.jpg?ver=1777169572\",\"caption\":\"gazetar2\"},\"url\":\"https:\/\/www.press7.tv\/?author=8\"}]}<\/script>\n<!-- \/ Yoast SEO plugin. -->","yoast_head_json":{"title":"Gjermania tani \u00ebsht\u00eb shpenzuesi m\u00eb i madh ushtarak n\u00eb Evrop\u00eb \u2013 \u00e7far\u00eb po blen m\u00eb s\u00eb shumti ajo - press7.tv","robots":{"index":"index","follow":"follow","max-snippet":"max-snippet:-1","max-image-preview":"max-image-preview:large","max-video-preview":"max-video-preview:-1"},"canonical":"https:\/\/www.press7.tv\/?p=28655","og_locale":"en_US","og_type":"article","og_title":"Gjermania tani \u00ebsht\u00eb shpenzuesi m\u00eb i madh ushtarak n\u00eb Evrop\u00eb \u2013 \u00e7far\u00eb po blen m\u00eb s\u00eb shumti ajo - press7.tv","og_description":"Shpenzimet ushtarake t\u00eb vendeve evropiane an\u00ebtare t\u00eb NATO-s u rrit\u00ebn vitin e kaluar me ritmin m\u00eb t\u00eb shpejt\u00eb q\u00eb nga viti 1953. Udh\u00ebheq\u00ebsit evropian\u00eb duket se po i p\u00ebrmbushin premtimet p\u00ebr rritjen e buxheteve t\u00eb mbrojtjes. Pas presionit t\u00eb Shteteve t\u00eb Bashkuara, ku presidenti Donald Trump ka kritikuar ashp\u00ebr aleat\u00ebt e NATO-s p\u00ebr mosarritjen e [&hellip;]","og_url":"https:\/\/www.press7.tv\/?p=28655","og_site_name":"press7.tv","article_publisher":"https:\/\/www.facebook.com\/press7.tv","article_published_time":"2026-05-02T08:21:43+00:00","og_image":[{"width":800,"height":445,"url":"https:\/\/www.press7.tv\/wp-content\/uploads\/2026\/05\/FOTO-Web-M.M-7-800x445-1.avif","type":"image\/jpeg"}],"author":"gazetar2","twitter_card":"summary_large_image","twitter_misc":{"Written by":"gazetar2","Est. reading time":"1 minute"},"schema":{"@context":"https:\/\/schema.org","@graph":[{"@type":"Article","@id":"https:\/\/www.press7.tv\/?p=28655#article","isPartOf":{"@id":"https:\/\/www.press7.tv\/?p=28655"},"author":{"name":"gazetar2","@id":"https:\/\/www.news33.tv\/#\/schema\/person\/5a04a38a23ccdba82f9bd665cd8f9efa"},"headline":"Gjermania tani \u00ebsht\u00eb shpenzuesi m\u00eb i madh ushtarak n\u00eb Evrop\u00eb \u2013 \u00e7far\u00eb po blen m\u00eb s\u00eb shumti ajo","datePublished":"2026-05-02T08:21:43+00:00","mainEntityOfPage":{"@id":"https:\/\/www.press7.tv\/?p=28655"},"wordCount":1052,"publisher":{"@id":"https:\/\/www.news33.tv\/#organization"},"image":{"@id":"https:\/\/www.press7.tv\/?p=28655#primaryimage"},"thumbnailUrl":"https:\/\/www.press7.tv\/wp-content\/uploads\/2026\/05\/FOTO-Web-M.M-7-800x445-1.avif","articleSection":["Bot\u00eb","Lajme"],"inLanguage":"en-US"},{"@type":"WebPage","@id":"https:\/\/www.press7.tv\/?p=28655","url":"https:\/\/www.press7.tv\/?p=28655","name":"Gjermania tani \u00ebsht\u00eb shpenzuesi m\u00eb i madh ushtarak n\u00eb Evrop\u00eb \u2013 \u00e7far\u00eb po blen m\u00eb s\u00eb shumti ajo - press7.tv","isPartOf":{"@id":"https:\/\/www.news33.tv\/#website"},"primaryImageOfPage":{"@id":"https:\/\/www.press7.tv\/?p=28655#primaryimage"},"image":{"@id":"https:\/\/www.press7.tv\/?p=28655#primaryimage"},"thumbnailUrl":"https:\/\/www.press7.tv\/wp-content\/uploads\/2026\/05\/FOTO-Web-M.M-7-800x445-1.avif","datePublished":"2026-05-02T08:21:43+00:00","breadcrumb":{"@id":"https:\/\/www.press7.tv\/?p=28655#breadcrumb"},"inLanguage":"en-US","potentialAction":[{"@type":"ReadAction","target":["https:\/\/www.press7.tv\/?p=28655"]}]},{"@type":"ImageObject","inLanguage":"en-US","@id":"https:\/\/www.press7.tv\/?p=28655#primaryimage","url":"https:\/\/www.press7.tv\/wp-content\/uploads\/2026\/05\/FOTO-Web-M.M-7-800x445-1.avif","contentUrl":"https:\/\/www.press7.tv\/wp-content\/uploads\/2026\/05\/FOTO-Web-M.M-7-800x445-1.avif","width":800,"height":445},{"@type":"BreadcrumbList","@id":"https:\/\/www.press7.tv\/?p=28655#breadcrumb","itemListElement":[{"@type":"ListItem","position":1,"name":"Home","item":"https:\/\/www.press7.tv\/"},{"@type":"ListItem","position":2,"name":"Gjermania tani \u00ebsht\u00eb shpenzuesi m\u00eb i madh ushtarak n\u00eb Evrop\u00eb \u2013 \u00e7far\u00eb po blen m\u00eb s\u00eb shumti ajo"}]},{"@type":"WebSite","@id":"https:\/\/www.news33.tv\/#website","url":"https:\/\/www.news33.tv\/","name":"News33.tv Media","description":"Media","publisher":{"@id":"https:\/\/www.news33.tv\/#organization"},"potentialAction":[{"@type":"SearchAction","target":{"@type":"EntryPoint","urlTemplate":"https:\/\/www.news33.tv\/?s={search_term_string}"},"query-input":{"@type":"PropertyValueSpecification","valueRequired":true,"valueName":"search_term_string"}}],"inLanguage":"en-US"},{"@type":"Organization","@id":"https:\/\/www.news33.tv\/#organization","name":"News33.tv Media","url":"https:\/\/www.news33.tv\/","logo":{"@type":"ImageObject","inLanguage":"en-US","@id":"https:\/\/www.news33.tv\/#\/schema\/logo\/image\/","url":"https:\/\/www.press7.tv\/wp-content\/uploads\/2024\/02\/logo-news33-black.png","contentUrl":"https:\/\/www.press7.tv\/wp-content\/uploads\/2024\/02\/logo-news33-black.png","width":180,"height":37,"caption":"News33.tv Media"},"image":{"@id":"https:\/\/www.news33.tv\/#\/schema\/logo\/image\/"},"sameAs":["https:\/\/www.facebook.com\/press7.tv"]},{"@type":"Person","@id":"https:\/\/www.news33.tv\/#\/schema\/person\/5a04a38a23ccdba82f9bd665cd8f9efa","name":"gazetar2","image":{"@type":"ImageObject","inLanguage":"en-US","@id":"https:\/\/www.news33.tv\/#\/schema\/person\/image\/","url":"https:\/\/www.press7.tv\/wp-content\/litespeed\/avatar\/41975e402c3049d9ddb03adca8f7a883.jpg?ver=1777169572","contentUrl":"https:\/\/www.press7.tv\/wp-content\/litespeed\/avatar\/41975e402c3049d9ddb03adca8f7a883.jpg?ver=1777169572","caption":"gazetar2"},"url":"https:\/\/www.press7.tv\/?author=8"}]}},"amp_enabled":true,"_links":{"self":[{"href":"https:\/\/www.press7.tv\/index.php?rest_route=\/wp\/v2\/posts\/28655","targetHints":{"allow":["GET"]}}],"collection":[{"href":"https:\/\/www.press7.tv\/index.php?rest_route=\/wp\/v2\/posts"}],"about":[{"href":"https:\/\/www.press7.tv\/index.php?rest_route=\/wp\/v2\/types\/post"}],"author":[{"embeddable":true,"href":"https:\/\/www.press7.tv\/index.php?rest_route=\/wp\/v2\/users\/8"}],"replies":[{"embeddable":true,"href":"https:\/\/www.press7.tv\/index.php?rest_route=%2Fwp%2Fv2%2Fcomments&post=28655"}],"version-history":[{"count":1,"href":"https:\/\/www.press7.tv\/index.php?rest_route=\/wp\/v2\/posts\/28655\/revisions"}],"predecessor-version":[{"id":28657,"href":"https:\/\/www.press7.tv\/index.php?rest_route=\/wp\/v2\/posts\/28655\/revisions\/28657"}],"wp:featuredmedia":[{"embeddable":true,"href":"https:\/\/www.press7.tv\/index.php?rest_route=\/wp\/v2\/media\/28656"}],"wp:attachment":[{"href":"https:\/\/www.press7.tv\/index.php?rest_route=%2Fwp%2Fv2%2Fmedia&parent=28655"}],"wp:term":[{"taxonomy":"category","embeddable":true,"href":"https:\/\/www.press7.tv\/index.php?rest_route=%2Fwp%2Fv2%2Fcategories&post=28655"},{"taxonomy":"post_tag","embeddable":true,"href":"https:\/\/www.press7.tv\/index.php?rest_route=%2Fwp%2Fv2%2Ftags&post=28655"}],"curies":[{"name":"wp","href":"https:\/\/api.w.org\/{rel}","templated":true}]}}