{"id":28651,"date":"2026-05-02T07:52:36","date_gmt":"2026-05-02T07:52:36","guid":{"rendered":"https:\/\/www.press7.tv\/?p=28651"},"modified":"2026-05-02T07:52:36","modified_gmt":"2026-05-02T07:52:36","slug":"5-mije-trupa-amerikane-ne-pak-ne-gjermani-pas-debatit-mes-trump-dhe-merz","status":"publish","type":"post","link":"https:\/\/www.press7.tv\/?p=28651","title":{"rendered":"5 mij\u00eb trupa amerikan\u00eb n\u00eb pak n\u00eb Gjermani pas debatit mes Trump dhe Merz"},"content":{"rendered":"\n    <div class=\"xs_social_share_widget xs_share_url before_content \t\tmain_content  wslu-style-2 wslu-share-box-shaped wslu-fill-colored wslu-share-m-5 wslu-none wslu-share-vertical wslu-theme-font-no wslu-main_content\">\n\n\t\t\n        <ul>\n\t\t\t        <\/ul>\n    <\/div> \n<p>Departamenti Amerikan i Mbrojtjes planifikon t\u00eb t\u00ebrheq\u00eb 5,000 trupa nga Gjermania, mes nj\u00eb p\u00ebrplasjeje midis Presidentit Donald Trump dhe Kancelarit gjerman Friedrich Merz mbi luft\u00ebn me Iranin.<\/p>\n<p>Vendimi vjen nj\u00eb dit\u00eb pasi Trump kritikoi Merzin, i cili sugjeroi se SHBA-t\u00eb ishin \u201cposht\u00ebruar\u201d nga negociator\u00ebt iranian\u00eb, raporton BBC.<\/p>\n<p>N\u00eb postimet n\u00eb mediat sociale t\u00eb enjten, Trump tha se Merz po \u201cb\u00ebnte nj\u00eb pun\u00eb t\u00eb tmerrshme\u201d dhe kishte \u201cprobleme t\u00eb t\u00eb gjitha llojeve\u201d, duke p\u00ebrfshir\u00eb ato n\u00eb imigracionin dhe energjin\u00eb. Trump gjithashtu ka sugjeruar t\u00ebrheqjen e trupave amerikane nga Italia dhe Spanja.<\/p>\n<p>SHBA-t\u00eb kan\u00eb nj\u00eb prani t\u00eb konsiderueshme ushtarake n\u00eb Gjermani, me m\u00eb shum\u00eb se 36,000 trupa aktive t\u00eb caktuar n\u00eb baza n\u00eb t\u00eb gjith\u00eb vendin q\u00eb nga dhjetori i kaluar.<\/p>\n","protected":false},"excerpt":{"rendered":"<p>Departamenti Amerikan i Mbrojtjes planifikon t\u00eb t\u00ebrheq\u00eb 5,000 trupa nga Gjermania, mes nj\u00eb p\u00ebrplasjeje midis Presidentit Donald Trump dhe Kancelarit gjerman Friedrich Merz mbi luft\u00ebn me Iranin. Vendimi vjen nj\u00eb dit\u00eb pasi Trump kritikoi Merzin, i cili sugjeroi se SHBA-t\u00eb ishin \u201cposht\u00ebruar\u201d nga negociator\u00ebt iranian\u00eb, raporton BBC. N\u00eb postimet n\u00eb mediat sociale t\u00eb enjten, Trump [&hellip;]<\/p>\n","protected":false},"author":8,"featured_media":28653,"comment_status":"closed","ping_status":"closed","sticky":false,"template":"","format":"standard","meta":{"footnotes":""},"categories":[217,213],"tags":[],"class_list":["post-28651","post","type-post","status-publish","format-standard","has-post-thumbnail","hentry","category-bote","category-lajme"],"yoast_head":"<!-- This site is optimized with the Yoast SEO plugin v25.1 - https:\/\/yoast.com\/wordpress\/plugins\/seo\/ -->\n<title>5 mij\u00eb trupa amerikan\u00eb n\u00eb pak n\u00eb Gjermani pas debatit mes Trump dhe Merz - press7.tv<\/title>\n<meta name=\"robots\" content=\"index, follow, max-snippet:-1, max-image-preview:large, max-video-preview:-1\" \/>\n<link rel=\"canonical\" href=\"https:\/\/www.press7.tv\/?p=28651\" \/>\n<meta property=\"og:locale\" content=\"en_US\" \/>\n<meta property=\"og:type\" content=\"article\" \/>\n<meta property=\"og:title\" content=\"5 mij\u00eb trupa amerikan\u00eb n\u00eb pak n\u00eb Gjermani pas debatit mes Trump dhe Merz - press7.tv\" \/>\n<meta property=\"og:description\" content=\"Departamenti Amerikan i Mbrojtjes planifikon t\u00eb t\u00ebrheq\u00eb 5,000 trupa nga Gjermania, mes nj\u00eb p\u00ebrplasjeje midis Presidentit Donald Trump dhe Kancelarit gjerman Friedrich Merz mbi luft\u00ebn me Iranin. Vendimi vjen nj\u00eb dit\u00eb pasi Trump kritikoi Merzin, i cili sugjeroi se SHBA-t\u00eb ishin \u201cposht\u00ebruar\u201d nga negociator\u00ebt iranian\u00eb, raporton BBC. N\u00eb postimet n\u00eb mediat sociale t\u00eb enjten, Trump [&hellip;]\" \/>\n<meta property=\"og:url\" content=\"https:\/\/www.press7.tv\/?p=28651\" \/>\n<meta property=\"og:site_name\" content=\"press7.tv\" \/>\n<meta property=\"article:publisher\" content=\"https:\/\/www.facebook.com\/press7.tv\" \/>\n<meta property=\"article:published_time\" content=\"2026-05-02T07:52:36+00:00\" \/>\n<meta property=\"og:image\" content=\"https:\/\/www.press7.tv\/wp-content\/uploads\/2026\/05\/9996.avif\" \/>\n\t<meta property=\"og:image:width\" content=\"842\" \/>\n\t<meta property=\"og:image:height\" content=\"470\" \/>\n\t<meta property=\"og:image:type\" content=\"image\/png\" \/>\n<meta name=\"author\" content=\"gazetar2\" \/>\n<meta name=\"twitter:card\" content=\"summary_large_image\" \/>\n<meta name=\"twitter:label1\" content=\"Written by\" \/>\n\t<meta name=\"twitter:data1\" content=\"gazetar2\" \/>\n\t<meta name=\"twitter:label2\" content=\"Est. reading time\" \/>\n\t<meta name=\"twitter:data2\" content=\"1 minute\" \/>\n<script type=\"application\/ld+json\" class=\"yoast-schema-graph\">{\"@context\":\"https:\/\/schema.org\",\"@graph\":[{\"@type\":\"Article\",\"@id\":\"https:\/\/www.press7.tv\/?p=28651#article\",\"isPartOf\":{\"@id\":\"https:\/\/www.press7.tv\/?p=28651\"},\"author\":{\"name\":\"gazetar2\",\"@id\":\"https:\/\/www.news33.tv\/#\/schema\/person\/5a04a38a23ccdba82f9bd665cd8f9efa\"},\"headline\":\"5 mij\u00eb trupa amerikan\u00eb n\u00eb pak n\u00eb Gjermani pas debatit mes Trump dhe Merz\",\"datePublished\":\"2026-05-02T07:52:36+00:00\",\"mainEntityOfPage\":{\"@id\":\"https:\/\/www.press7.tv\/?p=28651\"},\"wordCount\":138,\"publisher\":{\"@id\":\"https:\/\/www.news33.tv\/#organization\"},\"image\":{\"@id\":\"https:\/\/www.press7.tv\/?p=28651#primaryimage\"},\"thumbnailUrl\":\"https:\/\/www.press7.tv\/wp-content\/uploads\/2026\/05\/9996.avif\",\"articleSection\":[\"Bot\u00eb\",\"Lajme\"],\"inLanguage\":\"en-US\"},{\"@type\":\"WebPage\",\"@id\":\"https:\/\/www.press7.tv\/?p=28651\",\"url\":\"https:\/\/www.press7.tv\/?p=28651\",\"name\":\"5 mij\u00eb trupa amerikan\u00eb n\u00eb pak n\u00eb Gjermani pas debatit mes Trump dhe Merz - press7.tv\",\"isPartOf\":{\"@id\":\"https:\/\/www.news33.tv\/#website\"},\"primaryImageOfPage\":{\"@id\":\"https:\/\/www.press7.tv\/?p=28651#primaryimage\"},\"image\":{\"@id\":\"https:\/\/www.press7.tv\/?p=28651#primaryimage\"},\"thumbnailUrl\":\"https:\/\/www.press7.tv\/wp-content\/uploads\/2026\/05\/9996.avif\",\"datePublished\":\"2026-05-02T07:52:36+00:00\",\"breadcrumb\":{\"@id\":\"https:\/\/www.press7.tv\/?p=28651#breadcrumb\"},\"inLanguage\":\"en-US\",\"potentialAction\":[{\"@type\":\"ReadAction\",\"target\":[\"https:\/\/www.press7.tv\/?p=28651\"]}]},{\"@type\":\"ImageObject\",\"inLanguage\":\"en-US\",\"@id\":\"https:\/\/www.press7.tv\/?p=28651#primaryimage\",\"url\":\"https:\/\/www.press7.tv\/wp-content\/uploads\/2026\/05\/9996.avif\",\"contentUrl\":\"https:\/\/www.press7.tv\/wp-content\/uploads\/2026\/05\/9996.avif\",\"width\":842,\"height\":470},{\"@type\":\"BreadcrumbList\",\"@id\":\"https:\/\/www.press7.tv\/?p=28651#breadcrumb\",\"itemListElement\":[{\"@type\":\"ListItem\",\"position\":1,\"name\":\"Home\",\"item\":\"https:\/\/www.press7.tv\/\"},{\"@type\":\"ListItem\",\"position\":2,\"name\":\"5 mij\u00eb trupa amerikan\u00eb n\u00eb pak n\u00eb Gjermani pas debatit mes Trump dhe Merz\"}]},{\"@type\":\"WebSite\",\"@id\":\"https:\/\/www.news33.tv\/#website\",\"url\":\"https:\/\/www.news33.tv\/\",\"name\":\"News33.tv Media\",\"description\":\"Media\",\"publisher\":{\"@id\":\"https:\/\/www.news33.tv\/#organization\"},\"potentialAction\":[{\"@type\":\"SearchAction\",\"target\":{\"@type\":\"EntryPoint\",\"urlTemplate\":\"https:\/\/www.news33.tv\/?s={search_term_string}\"},\"query-input\":{\"@type\":\"PropertyValueSpecification\",\"valueRequired\":true,\"valueName\":\"search_term_string\"}}],\"inLanguage\":\"en-US\"},{\"@type\":\"Organization\",\"@id\":\"https:\/\/www.news33.tv\/#organization\",\"name\":\"News33.tv Media\",\"url\":\"https:\/\/www.news33.tv\/\",\"logo\":{\"@type\":\"ImageObject\",\"inLanguage\":\"en-US\",\"@id\":\"https:\/\/www.news33.tv\/#\/schema\/logo\/image\/\",\"url\":\"https:\/\/www.press7.tv\/wp-content\/uploads\/2024\/02\/logo-news33-black.png\",\"contentUrl\":\"https:\/\/www.press7.tv\/wp-content\/uploads\/2024\/02\/logo-news33-black.png\",\"width\":180,\"height\":37,\"caption\":\"News33.tv Media\"},\"image\":{\"@id\":\"https:\/\/www.news33.tv\/#\/schema\/logo\/image\/\"},\"sameAs\":[\"https:\/\/www.facebook.com\/press7.tv\"]},{\"@type\":\"Person\",\"@id\":\"https:\/\/www.news33.tv\/#\/schema\/person\/5a04a38a23ccdba82f9bd665cd8f9efa\",\"name\":\"gazetar2\",\"image\":{\"@type\":\"ImageObject\",\"inLanguage\":\"en-US\",\"@id\":\"https:\/\/www.news33.tv\/#\/schema\/person\/image\/\",\"url\":\"https:\/\/www.press7.tv\/wp-content\/litespeed\/avatar\/41975e402c3049d9ddb03adca8f7a883.jpg?ver=1777169572\",\"contentUrl\":\"https:\/\/www.press7.tv\/wp-content\/litespeed\/avatar\/41975e402c3049d9ddb03adca8f7a883.jpg?ver=1777169572\",\"caption\":\"gazetar2\"},\"url\":\"https:\/\/www.press7.tv\/?author=8\"}]}<\/script>\n<!-- \/ Yoast SEO plugin. -->","yoast_head_json":{"title":"5 mij\u00eb trupa amerikan\u00eb n\u00eb pak n\u00eb Gjermani pas debatit mes Trump dhe Merz - press7.tv","robots":{"index":"index","follow":"follow","max-snippet":"max-snippet:-1","max-image-preview":"max-image-preview:large","max-video-preview":"max-video-preview:-1"},"canonical":"https:\/\/www.press7.tv\/?p=28651","og_locale":"en_US","og_type":"article","og_title":"5 mij\u00eb trupa amerikan\u00eb n\u00eb pak n\u00eb Gjermani pas debatit mes Trump dhe Merz - press7.tv","og_description":"Departamenti Amerikan i Mbrojtjes planifikon t\u00eb t\u00ebrheq\u00eb 5,000 trupa nga Gjermania, mes nj\u00eb p\u00ebrplasjeje midis Presidentit Donald Trump dhe Kancelarit gjerman Friedrich Merz mbi luft\u00ebn me Iranin. Vendimi vjen nj\u00eb dit\u00eb pasi Trump kritikoi Merzin, i cili sugjeroi se SHBA-t\u00eb ishin \u201cposht\u00ebruar\u201d nga negociator\u00ebt iranian\u00eb, raporton BBC. N\u00eb postimet n\u00eb mediat sociale t\u00eb enjten, Trump [&hellip;]","og_url":"https:\/\/www.press7.tv\/?p=28651","og_site_name":"press7.tv","article_publisher":"https:\/\/www.facebook.com\/press7.tv","article_published_time":"2026-05-02T07:52:36+00:00","og_image":[{"width":842,"height":470,"url":"https:\/\/www.press7.tv\/wp-content\/uploads\/2026\/05\/9996.avif","type":"image\/png"}],"author":"gazetar2","twitter_card":"summary_large_image","twitter_misc":{"Written by":"gazetar2","Est. reading time":"1 minute"},"schema":{"@context":"https:\/\/schema.org","@graph":[{"@type":"Article","@id":"https:\/\/www.press7.tv\/?p=28651#article","isPartOf":{"@id":"https:\/\/www.press7.tv\/?p=28651"},"author":{"name":"gazetar2","@id":"https:\/\/www.news33.tv\/#\/schema\/person\/5a04a38a23ccdba82f9bd665cd8f9efa"},"headline":"5 mij\u00eb trupa amerikan\u00eb n\u00eb pak n\u00eb Gjermani pas debatit mes Trump dhe Merz","datePublished":"2026-05-02T07:52:36+00:00","mainEntityOfPage":{"@id":"https:\/\/www.press7.tv\/?p=28651"},"wordCount":138,"publisher":{"@id":"https:\/\/www.news33.tv\/#organization"},"image":{"@id":"https:\/\/www.press7.tv\/?p=28651#primaryimage"},"thumbnailUrl":"https:\/\/www.press7.tv\/wp-content\/uploads\/2026\/05\/9996.avif","articleSection":["Bot\u00eb","Lajme"],"inLanguage":"en-US"},{"@type":"WebPage","@id":"https:\/\/www.press7.tv\/?p=28651","url":"https:\/\/www.press7.tv\/?p=28651","name":"5 mij\u00eb trupa amerikan\u00eb n\u00eb pak n\u00eb Gjermani pas debatit mes Trump dhe Merz - press7.tv","isPartOf":{"@id":"https:\/\/www.news33.tv\/#website"},"primaryImageOfPage":{"@id":"https:\/\/www.press7.tv\/?p=28651#primaryimage"},"image":{"@id":"https:\/\/www.press7.tv\/?p=28651#primaryimage"},"thumbnailUrl":"https:\/\/www.press7.tv\/wp-content\/uploads\/2026\/05\/9996.avif","datePublished":"2026-05-02T07:52:36+00:00","breadcrumb":{"@id":"https:\/\/www.press7.tv\/?p=28651#breadcrumb"},"inLanguage":"en-US","potentialAction":[{"@type":"ReadAction","target":["https:\/\/www.press7.tv\/?p=28651"]}]},{"@type":"ImageObject","inLanguage":"en-US","@id":"https:\/\/www.press7.tv\/?p=28651#primaryimage","url":"https:\/\/www.press7.tv\/wp-content\/uploads\/2026\/05\/9996.avif","contentUrl":"https:\/\/www.press7.tv\/wp-content\/uploads\/2026\/05\/9996.avif","width":842,"height":470},{"@type":"BreadcrumbList","@id":"https:\/\/www.press7.tv\/?p=28651#breadcrumb","itemListElement":[{"@type":"ListItem","position":1,"name":"Home","item":"https:\/\/www.press7.tv\/"},{"@type":"ListItem","position":2,"name":"5 mij\u00eb trupa amerikan\u00eb n\u00eb pak n\u00eb Gjermani pas debatit mes Trump dhe Merz"}]},{"@type":"WebSite","@id":"https:\/\/www.news33.tv\/#website","url":"https:\/\/www.news33.tv\/","name":"News33.tv Media","description":"Media","publisher":{"@id":"https:\/\/www.news33.tv\/#organization"},"potentialAction":[{"@type":"SearchAction","target":{"@type":"EntryPoint","urlTemplate":"https:\/\/www.news33.tv\/?s={search_term_string}"},"query-input":{"@type":"PropertyValueSpecification","valueRequired":true,"valueName":"search_term_string"}}],"inLanguage":"en-US"},{"@type":"Organization","@id":"https:\/\/www.news33.tv\/#organization","name":"News33.tv Media","url":"https:\/\/www.news33.tv\/","logo":{"@type":"ImageObject","inLanguage":"en-US","@id":"https:\/\/www.news33.tv\/#\/schema\/logo\/image\/","url":"https:\/\/www.press7.tv\/wp-content\/uploads\/2024\/02\/logo-news33-black.png","contentUrl":"https:\/\/www.press7.tv\/wp-content\/uploads\/2024\/02\/logo-news33-black.png","width":180,"height":37,"caption":"News33.tv Media"},"image":{"@id":"https:\/\/www.news33.tv\/#\/schema\/logo\/image\/"},"sameAs":["https:\/\/www.facebook.com\/press7.tv"]},{"@type":"Person","@id":"https:\/\/www.news33.tv\/#\/schema\/person\/5a04a38a23ccdba82f9bd665cd8f9efa","name":"gazetar2","image":{"@type":"ImageObject","inLanguage":"en-US","@id":"https:\/\/www.news33.tv\/#\/schema\/person\/image\/","url":"https:\/\/www.press7.tv\/wp-content\/litespeed\/avatar\/41975e402c3049d9ddb03adca8f7a883.jpg?ver=1777169572","contentUrl":"https:\/\/www.press7.tv\/wp-content\/litespeed\/avatar\/41975e402c3049d9ddb03adca8f7a883.jpg?ver=1777169572","caption":"gazetar2"},"url":"https:\/\/www.press7.tv\/?author=8"}]}},"amp_enabled":true,"_links":{"self":[{"href":"https:\/\/www.press7.tv\/index.php?rest_route=\/wp\/v2\/posts\/28651","targetHints":{"allow":["GET"]}}],"collection":[{"href":"https:\/\/www.press7.tv\/index.php?rest_route=\/wp\/v2\/posts"}],"about":[{"href":"https:\/\/www.press7.tv\/index.php?rest_route=\/wp\/v2\/types\/post"}],"author":[{"embeddable":true,"href":"https:\/\/www.press7.tv\/index.php?rest_route=\/wp\/v2\/users\/8"}],"replies":[{"embeddable":true,"href":"https:\/\/www.press7.tv\/index.php?rest_route=%2Fwp%2Fv2%2Fcomments&post=28651"}],"version-history":[{"count":1,"href":"https:\/\/www.press7.tv\/index.php?rest_route=\/wp\/v2\/posts\/28651\/revisions"}],"predecessor-version":[{"id":28654,"href":"https:\/\/www.press7.tv\/index.php?rest_route=\/wp\/v2\/posts\/28651\/revisions\/28654"}],"wp:featuredmedia":[{"embeddable":true,"href":"https:\/\/www.press7.tv\/index.php?rest_route=\/wp\/v2\/media\/28653"}],"wp:attachment":[{"href":"https:\/\/www.press7.tv\/index.php?rest_route=%2Fwp%2Fv2%2Fmedia&parent=28651"}],"wp:term":[{"taxonomy":"category","embeddable":true,"href":"https:\/\/www.press7.tv\/index.php?rest_route=%2Fwp%2Fv2%2Fcategories&post=28651"},{"taxonomy":"post_tag","embeddable":true,"href":"https:\/\/www.press7.tv\/index.php?rest_route=%2Fwp%2Fv2%2Ftags&post=28651"}],"curies":[{"name":"wp","href":"https:\/\/api.w.org\/{rel}","templated":true}]}}