{"id":28648,"date":"2026-05-01T21:37:55","date_gmt":"2026-05-01T21:37:55","guid":{"rendered":"https:\/\/www.press7.tv\/?p=28648"},"modified":"2026-05-01T21:37:55","modified_gmt":"2026-05-01T21:37:55","slug":"qoku-ja-edhe-nje-investim-kapital-historik-i-vlenit","status":"publish","type":"post","link":"https:\/\/www.press7.tv\/?p=28648","title":{"rendered":"Qoku: Ja edhe nj\u00eb investim kapital historik i VLENit"},"content":{"rendered":"\n    <div class=\"xs_social_share_widget xs_share_url before_content \t\tmain_content  wslu-style-2 wslu-share-box-shaped wslu-fill-colored wslu-share-m-5 wslu-none wslu-share-vertical wslu-theme-font-no wslu-main_content\">\n\n\t\t\n        <ul>\n\t\t\t        <\/ul>\n    <\/div> \n<p>Bekim Qoku<\/p>\n<p>Ja edhe nj\u00eb investim kapital historik i VLENit:<\/p>\n<p>Po investohen 74 milion\u00eb euro p\u00ebr Spitalin Klinik n\u00eb Tetov\u00eb.<\/p>\n<p>Ja edhe disa investime t\u00eb tjera kapitale, madje \u201cfatkeq\u00ebsisht\u201d historike.<br \/>\nPse historike? Sepse p\u00ebr 22 vjet nuk \u00ebsht\u00eb investuar pothuajse asgj\u00eb, asnj\u00eb investim publik, p\u00ebrve\u00e7 n\u00eb biznese familjare dhe klanore.<\/p>\n<p>M\u00eb 7 mars t\u00eb k\u00ebtij viti u vendos gurthemeli i kampusit t\u00eb ri t\u00eb Universitetit \u201cN\u00ebn\u00eb Tereza\u201d (UNT) n\u00eb Shkup, nj\u00eb investim strategjik prej 42 milion\u00eb eurosh q\u00eb sh\u00ebnon nj\u00eb epok\u00eb t\u00eb re p\u00ebr arsimin e lart\u00eb.<\/p>\n<p>Rreth 1.7 miliard euro po investohen n\u00eb Korridorin 8, nj\u00eb trase q\u00eb kalon kryesisht n\u00eb zonat me popullat\u00eb shqiptare.<\/p>\n<p>K\u00ebt\u00eb muaj, pra, n\u00eb maj nisin punimet e nd\u00ebrtimit t\u00eb aksit Shkup \u2013 Bllac\u00eb, nj\u00eb investim prej rreth 240 milion\u00eb euro.<\/p>\n<p>Po ashtu, rreth 300 milion\u00eb euro u jan\u00eb shp\u00ebrndar\u00eb komunave me shumic\u00eb shqiptare p\u00ebr investime kapitale, duke i gjall\u00ebruar ato, sepse ishin l\u00ebn\u00eb t\u00ebr\u00ebsisht n\u00eb harres\u00eb.<\/p>\n<p>E gjith\u00eb kjo as p\u00ebr dy vjet qeverisje t\u00eb VLENit.<\/p>\n<p>Me cilin nga 5 mandatet e qeverisjes s\u00eb BDI-s\u00eb mund t\u00eb krahasohen me vet\u00ebm 2 vjet t\u00eb VLEN-it?<\/p>\n<p>Na thon\u00eb shpesh:<br \/>\n\u201cLini \u00e7far\u00eb ka b\u00ebr\u00eb BDI-ja, tregoni \u00e7far\u00eb keni b\u00ebr\u00eb ju.\u201d<\/p>\n<p>Dhe kur tregojm\u00eb \u00e7far\u00eb kemi b\u00ebr\u00eb dhe \u00e7far\u00eb po b\u00ebjm\u00eb, i anashkalojn\u00eb faktet sikur nuk \u00ebsht\u00eb th\u00ebn\u00eb asgj\u00eb.<\/p>\n<p>Pse b\u00ebrtasin dhe b\u00ebjn\u00eb gjith\u00eb k\u00ebt\u00eb zhurm\u00eb n\u00eb opozit\u00eb?<br \/>\nSepse, nga nj\u00ebra an\u00eb, mendojn\u00eb se me k\u00ebt\u00eb rrap\u00ebllim\u00eb do t\u2019i mbulojn\u00eb d\u00ebshtimet e tyre politike dhe komb\u00ebtare; nd\u00ebrsa nga ana tjet\u00ebr, p\u00ebrpiqen t\u00eb mbrohen nga akuzat p\u00ebr korrupsion dhe t\u00eb justifikojn\u00eb pasurimin e paligjsh\u00ebm q\u00eb kan\u00eb p\u00ebrvet\u00ebsuar.<\/p>\n","protected":false},"excerpt":{"rendered":"<p>Bekim Qoku Ja edhe nj\u00eb investim kapital historik i VLENit: Po investohen 74 milion\u00eb euro p\u00ebr Spitalin Klinik n\u00eb Tetov\u00eb. Ja edhe disa investime t\u00eb tjera kapitale, madje \u201cfatkeq\u00ebsisht\u201d historike. Pse historike? Sepse p\u00ebr 22 vjet nuk \u00ebsht\u00eb investuar pothuajse asgj\u00eb, asnj\u00eb investim publik, p\u00ebrve\u00e7 n\u00eb biznese familjare dhe klanore. M\u00eb 7 mars t\u00eb k\u00ebtij [&hellip;]<\/p>\n","protected":false},"author":8,"featured_media":28649,"comment_status":"closed","ping_status":"closed","sticky":false,"template":"","format":"standard","meta":{"footnotes":""},"categories":[214],"tags":[],"class_list":["post-28648","post","type-post","status-publish","format-standard","has-post-thumbnail","hentry","category-maqedoni"],"yoast_head":"<!-- This site is optimized with the Yoast SEO plugin v25.1 - https:\/\/yoast.com\/wordpress\/plugins\/seo\/ -->\n<title>Qoku: Ja edhe nj\u00eb investim kapital historik i VLENit - press7.tv<\/title>\n<meta name=\"robots\" content=\"index, follow, max-snippet:-1, max-image-preview:large, max-video-preview:-1\" \/>\n<link rel=\"canonical\" href=\"https:\/\/www.press7.tv\/?p=28648\" \/>\n<meta property=\"og:locale\" content=\"en_US\" \/>\n<meta property=\"og:type\" content=\"article\" \/>\n<meta property=\"og:title\" content=\"Qoku: Ja edhe nj\u00eb investim kapital historik i VLENit - press7.tv\" \/>\n<meta property=\"og:description\" content=\"Bekim Qoku Ja edhe nj\u00eb investim kapital historik i VLENit: Po investohen 74 milion\u00eb euro p\u00ebr Spitalin Klinik n\u00eb Tetov\u00eb. Ja edhe disa investime t\u00eb tjera kapitale, madje \u201cfatkeq\u00ebsisht\u201d historike. Pse historike? Sepse p\u00ebr 22 vjet nuk \u00ebsht\u00eb investuar pothuajse asgj\u00eb, asnj\u00eb investim publik, p\u00ebrve\u00e7 n\u00eb biznese familjare dhe klanore. M\u00eb 7 mars t\u00eb k\u00ebtij [&hellip;]\" \/>\n<meta property=\"og:url\" content=\"https:\/\/www.press7.tv\/?p=28648\" \/>\n<meta property=\"og:site_name\" content=\"press7.tv\" \/>\n<meta property=\"article:publisher\" content=\"https:\/\/www.facebook.com\/press7.tv\" \/>\n<meta property=\"article:published_time\" content=\"2026-05-01T21:37:55+00:00\" \/>\n<meta property=\"og:image\" content=\"https:\/\/www.press7.tv\/wp-content\/uploads\/2026\/05\/IMG_0427.avif\" \/>\n\t<meta property=\"og:image:width\" content=\"820\" \/>\n\t<meta property=\"og:image:height\" content=\"431\" \/>\n\t<meta property=\"og:image:type\" content=\"image\/png\" \/>\n<meta name=\"author\" content=\"gazetar2\" \/>\n<meta name=\"twitter:card\" content=\"summary_large_image\" \/>\n<meta name=\"twitter:label1\" content=\"Written by\" \/>\n\t<meta name=\"twitter:data1\" content=\"gazetar2\" \/>\n\t<meta name=\"twitter:label2\" content=\"Est. reading time\" \/>\n\t<meta name=\"twitter:data2\" content=\"1 minute\" \/>\n<script type=\"application\/ld+json\" class=\"yoast-schema-graph\">{\"@context\":\"https:\/\/schema.org\",\"@graph\":[{\"@type\":\"Article\",\"@id\":\"https:\/\/www.press7.tv\/?p=28648#article\",\"isPartOf\":{\"@id\":\"https:\/\/www.press7.tv\/?p=28648\"},\"author\":{\"name\":\"gazetar2\",\"@id\":\"https:\/\/www.news33.tv\/#\/schema\/person\/5a04a38a23ccdba82f9bd665cd8f9efa\"},\"headline\":\"Qoku: Ja edhe nj\u00eb investim kapital historik i VLENit\",\"datePublished\":\"2026-05-01T21:37:55+00:00\",\"mainEntityOfPage\":{\"@id\":\"https:\/\/www.press7.tv\/?p=28648\"},\"wordCount\":296,\"publisher\":{\"@id\":\"https:\/\/www.news33.tv\/#organization\"},\"image\":{\"@id\":\"https:\/\/www.press7.tv\/?p=28648#primaryimage\"},\"thumbnailUrl\":\"https:\/\/www.press7.tv\/wp-content\/uploads\/2026\/05\/IMG_0427.avif\",\"articleSection\":[\"Maqedoni\"],\"inLanguage\":\"en-US\"},{\"@type\":\"WebPage\",\"@id\":\"https:\/\/www.press7.tv\/?p=28648\",\"url\":\"https:\/\/www.press7.tv\/?p=28648\",\"name\":\"Qoku: Ja edhe nj\u00eb investim kapital historik i VLENit - press7.tv\",\"isPartOf\":{\"@id\":\"https:\/\/www.news33.tv\/#website\"},\"primaryImageOfPage\":{\"@id\":\"https:\/\/www.press7.tv\/?p=28648#primaryimage\"},\"image\":{\"@id\":\"https:\/\/www.press7.tv\/?p=28648#primaryimage\"},\"thumbnailUrl\":\"https:\/\/www.press7.tv\/wp-content\/uploads\/2026\/05\/IMG_0427.avif\",\"datePublished\":\"2026-05-01T21:37:55+00:00\",\"breadcrumb\":{\"@id\":\"https:\/\/www.press7.tv\/?p=28648#breadcrumb\"},\"inLanguage\":\"en-US\",\"potentialAction\":[{\"@type\":\"ReadAction\",\"target\":[\"https:\/\/www.press7.tv\/?p=28648\"]}]},{\"@type\":\"ImageObject\",\"inLanguage\":\"en-US\",\"@id\":\"https:\/\/www.press7.tv\/?p=28648#primaryimage\",\"url\":\"https:\/\/www.press7.tv\/wp-content\/uploads\/2026\/05\/IMG_0427.avif\",\"contentUrl\":\"https:\/\/www.press7.tv\/wp-content\/uploads\/2026\/05\/IMG_0427.avif\",\"width\":820,\"height\":431},{\"@type\":\"BreadcrumbList\",\"@id\":\"https:\/\/www.press7.tv\/?p=28648#breadcrumb\",\"itemListElement\":[{\"@type\":\"ListItem\",\"position\":1,\"name\":\"Home\",\"item\":\"https:\/\/www.press7.tv\/\"},{\"@type\":\"ListItem\",\"position\":2,\"name\":\"Qoku: Ja edhe nj\u00eb investim kapital historik i VLENit\"}]},{\"@type\":\"WebSite\",\"@id\":\"https:\/\/www.news33.tv\/#website\",\"url\":\"https:\/\/www.news33.tv\/\",\"name\":\"News33.tv Media\",\"description\":\"Media\",\"publisher\":{\"@id\":\"https:\/\/www.news33.tv\/#organization\"},\"potentialAction\":[{\"@type\":\"SearchAction\",\"target\":{\"@type\":\"EntryPoint\",\"urlTemplate\":\"https:\/\/www.news33.tv\/?s={search_term_string}\"},\"query-input\":{\"@type\":\"PropertyValueSpecification\",\"valueRequired\":true,\"valueName\":\"search_term_string\"}}],\"inLanguage\":\"en-US\"},{\"@type\":\"Organization\",\"@id\":\"https:\/\/www.news33.tv\/#organization\",\"name\":\"News33.tv Media\",\"url\":\"https:\/\/www.news33.tv\/\",\"logo\":{\"@type\":\"ImageObject\",\"inLanguage\":\"en-US\",\"@id\":\"https:\/\/www.news33.tv\/#\/schema\/logo\/image\/\",\"url\":\"https:\/\/www.press7.tv\/wp-content\/uploads\/2024\/02\/logo-news33-black.png\",\"contentUrl\":\"https:\/\/www.press7.tv\/wp-content\/uploads\/2024\/02\/logo-news33-black.png\",\"width\":180,\"height\":37,\"caption\":\"News33.tv Media\"},\"image\":{\"@id\":\"https:\/\/www.news33.tv\/#\/schema\/logo\/image\/\"},\"sameAs\":[\"https:\/\/www.facebook.com\/press7.tv\"]},{\"@type\":\"Person\",\"@id\":\"https:\/\/www.news33.tv\/#\/schema\/person\/5a04a38a23ccdba82f9bd665cd8f9efa\",\"name\":\"gazetar2\",\"image\":{\"@type\":\"ImageObject\",\"inLanguage\":\"en-US\",\"@id\":\"https:\/\/www.news33.tv\/#\/schema\/person\/image\/\",\"url\":\"https:\/\/www.press7.tv\/wp-content\/litespeed\/avatar\/41975e402c3049d9ddb03adca8f7a883.jpg?ver=1777169572\",\"contentUrl\":\"https:\/\/www.press7.tv\/wp-content\/litespeed\/avatar\/41975e402c3049d9ddb03adca8f7a883.jpg?ver=1777169572\",\"caption\":\"gazetar2\"},\"url\":\"https:\/\/www.press7.tv\/?author=8\"}]}<\/script>\n<!-- \/ Yoast SEO plugin. -->","yoast_head_json":{"title":"Qoku: Ja edhe nj\u00eb investim kapital historik i VLENit - press7.tv","robots":{"index":"index","follow":"follow","max-snippet":"max-snippet:-1","max-image-preview":"max-image-preview:large","max-video-preview":"max-video-preview:-1"},"canonical":"https:\/\/www.press7.tv\/?p=28648","og_locale":"en_US","og_type":"article","og_title":"Qoku: Ja edhe nj\u00eb investim kapital historik i VLENit - press7.tv","og_description":"Bekim Qoku Ja edhe nj\u00eb investim kapital historik i VLENit: Po investohen 74 milion\u00eb euro p\u00ebr Spitalin Klinik n\u00eb Tetov\u00eb. Ja edhe disa investime t\u00eb tjera kapitale, madje \u201cfatkeq\u00ebsisht\u201d historike. Pse historike? Sepse p\u00ebr 22 vjet nuk \u00ebsht\u00eb investuar pothuajse asgj\u00eb, asnj\u00eb investim publik, p\u00ebrve\u00e7 n\u00eb biznese familjare dhe klanore. M\u00eb 7 mars t\u00eb k\u00ebtij [&hellip;]","og_url":"https:\/\/www.press7.tv\/?p=28648","og_site_name":"press7.tv","article_publisher":"https:\/\/www.facebook.com\/press7.tv","article_published_time":"2026-05-01T21:37:55+00:00","og_image":[{"width":820,"height":431,"url":"https:\/\/www.press7.tv\/wp-content\/uploads\/2026\/05\/IMG_0427.avif","type":"image\/png"}],"author":"gazetar2","twitter_card":"summary_large_image","twitter_misc":{"Written by":"gazetar2","Est. reading time":"1 minute"},"schema":{"@context":"https:\/\/schema.org","@graph":[{"@type":"Article","@id":"https:\/\/www.press7.tv\/?p=28648#article","isPartOf":{"@id":"https:\/\/www.press7.tv\/?p=28648"},"author":{"name":"gazetar2","@id":"https:\/\/www.news33.tv\/#\/schema\/person\/5a04a38a23ccdba82f9bd665cd8f9efa"},"headline":"Qoku: Ja edhe nj\u00eb investim kapital historik i VLENit","datePublished":"2026-05-01T21:37:55+00:00","mainEntityOfPage":{"@id":"https:\/\/www.press7.tv\/?p=28648"},"wordCount":296,"publisher":{"@id":"https:\/\/www.news33.tv\/#organization"},"image":{"@id":"https:\/\/www.press7.tv\/?p=28648#primaryimage"},"thumbnailUrl":"https:\/\/www.press7.tv\/wp-content\/uploads\/2026\/05\/IMG_0427.avif","articleSection":["Maqedoni"],"inLanguage":"en-US"},{"@type":"WebPage","@id":"https:\/\/www.press7.tv\/?p=28648","url":"https:\/\/www.press7.tv\/?p=28648","name":"Qoku: Ja edhe nj\u00eb investim kapital historik i VLENit - press7.tv","isPartOf":{"@id":"https:\/\/www.news33.tv\/#website"},"primaryImageOfPage":{"@id":"https:\/\/www.press7.tv\/?p=28648#primaryimage"},"image":{"@id":"https:\/\/www.press7.tv\/?p=28648#primaryimage"},"thumbnailUrl":"https:\/\/www.press7.tv\/wp-content\/uploads\/2026\/05\/IMG_0427.avif","datePublished":"2026-05-01T21:37:55+00:00","breadcrumb":{"@id":"https:\/\/www.press7.tv\/?p=28648#breadcrumb"},"inLanguage":"en-US","potentialAction":[{"@type":"ReadAction","target":["https:\/\/www.press7.tv\/?p=28648"]}]},{"@type":"ImageObject","inLanguage":"en-US","@id":"https:\/\/www.press7.tv\/?p=28648#primaryimage","url":"https:\/\/www.press7.tv\/wp-content\/uploads\/2026\/05\/IMG_0427.avif","contentUrl":"https:\/\/www.press7.tv\/wp-content\/uploads\/2026\/05\/IMG_0427.avif","width":820,"height":431},{"@type":"BreadcrumbList","@id":"https:\/\/www.press7.tv\/?p=28648#breadcrumb","itemListElement":[{"@type":"ListItem","position":1,"name":"Home","item":"https:\/\/www.press7.tv\/"},{"@type":"ListItem","position":2,"name":"Qoku: Ja edhe nj\u00eb investim kapital historik i VLENit"}]},{"@type":"WebSite","@id":"https:\/\/www.news33.tv\/#website","url":"https:\/\/www.news33.tv\/","name":"News33.tv Media","description":"Media","publisher":{"@id":"https:\/\/www.news33.tv\/#organization"},"potentialAction":[{"@type":"SearchAction","target":{"@type":"EntryPoint","urlTemplate":"https:\/\/www.news33.tv\/?s={search_term_string}"},"query-input":{"@type":"PropertyValueSpecification","valueRequired":true,"valueName":"search_term_string"}}],"inLanguage":"en-US"},{"@type":"Organization","@id":"https:\/\/www.news33.tv\/#organization","name":"News33.tv Media","url":"https:\/\/www.news33.tv\/","logo":{"@type":"ImageObject","inLanguage":"en-US","@id":"https:\/\/www.news33.tv\/#\/schema\/logo\/image\/","url":"https:\/\/www.press7.tv\/wp-content\/uploads\/2024\/02\/logo-news33-black.png","contentUrl":"https:\/\/www.press7.tv\/wp-content\/uploads\/2024\/02\/logo-news33-black.png","width":180,"height":37,"caption":"News33.tv Media"},"image":{"@id":"https:\/\/www.news33.tv\/#\/schema\/logo\/image\/"},"sameAs":["https:\/\/www.facebook.com\/press7.tv"]},{"@type":"Person","@id":"https:\/\/www.news33.tv\/#\/schema\/person\/5a04a38a23ccdba82f9bd665cd8f9efa","name":"gazetar2","image":{"@type":"ImageObject","inLanguage":"en-US","@id":"https:\/\/www.news33.tv\/#\/schema\/person\/image\/","url":"https:\/\/www.press7.tv\/wp-content\/litespeed\/avatar\/41975e402c3049d9ddb03adca8f7a883.jpg?ver=1777169572","contentUrl":"https:\/\/www.press7.tv\/wp-content\/litespeed\/avatar\/41975e402c3049d9ddb03adca8f7a883.jpg?ver=1777169572","caption":"gazetar2"},"url":"https:\/\/www.press7.tv\/?author=8"}]}},"amp_enabled":true,"_links":{"self":[{"href":"https:\/\/www.press7.tv\/index.php?rest_route=\/wp\/v2\/posts\/28648","targetHints":{"allow":["GET"]}}],"collection":[{"href":"https:\/\/www.press7.tv\/index.php?rest_route=\/wp\/v2\/posts"}],"about":[{"href":"https:\/\/www.press7.tv\/index.php?rest_route=\/wp\/v2\/types\/post"}],"author":[{"embeddable":true,"href":"https:\/\/www.press7.tv\/index.php?rest_route=\/wp\/v2\/users\/8"}],"replies":[{"embeddable":true,"href":"https:\/\/www.press7.tv\/index.php?rest_route=%2Fwp%2Fv2%2Fcomments&post=28648"}],"version-history":[{"count":1,"href":"https:\/\/www.press7.tv\/index.php?rest_route=\/wp\/v2\/posts\/28648\/revisions"}],"predecessor-version":[{"id":28650,"href":"https:\/\/www.press7.tv\/index.php?rest_route=\/wp\/v2\/posts\/28648\/revisions\/28650"}],"wp:featuredmedia":[{"embeddable":true,"href":"https:\/\/www.press7.tv\/index.php?rest_route=\/wp\/v2\/media\/28649"}],"wp:attachment":[{"href":"https:\/\/www.press7.tv\/index.php?rest_route=%2Fwp%2Fv2%2Fmedia&parent=28648"}],"wp:term":[{"taxonomy":"category","embeddable":true,"href":"https:\/\/www.press7.tv\/index.php?rest_route=%2Fwp%2Fv2%2Fcategories&post=28648"},{"taxonomy":"post_tag","embeddable":true,"href":"https:\/\/www.press7.tv\/index.php?rest_route=%2Fwp%2Fv2%2Ftags&post=28648"}],"curies":[{"name":"wp","href":"https:\/\/api.w.org\/{rel}","templated":true}]}}