{"id":28630,"date":"2026-05-01T13:23:43","date_gmt":"2026-05-01T13:23:43","guid":{"rendered":"https:\/\/www.press7.tv\/?p=28630"},"modified":"2026-05-01T13:23:43","modified_gmt":"2026-05-01T13:23:43","slug":"kurti-per-diten-e-1-majit-kjo-qeveri-ka-qene-ne-anen-e-punetoreve-jo-vetem-me-fjale-por-me-ligje-te-miratuara-buxhet-te-zbatuar-dhe-vendime-konkrete","status":"publish","type":"post","link":"https:\/\/www.press7.tv\/?p=28630","title":{"rendered":"Kurti p\u00ebr dit\u00ebn e 1 Majit: Kjo qeveri ka qen\u00eb n\u00eb an\u00ebn e pun\u00ebtor\u00ebve jo vet\u00ebm me fjal\u00eb, por me ligje t\u00eb miratuara, buxhet t\u00eb zbatuar dhe vendime konkrete"},"content":{"rendered":"\n    <div class=\"xs_social_share_widget xs_share_url before_content \t\tmain_content  wslu-style-2 wslu-share-box-shaped wslu-fill-colored wslu-share-m-5 wslu-none wslu-share-vertical wslu-theme-font-no wslu-main_content\">\n\n\t\t\n        <ul>\n\t\t\t        <\/ul>\n    <\/div> \n<p>Me rastin e 1 Majit, Kryeministri Kurti deklaroi se sot \u00ebsht\u00eb dita e atyre q\u00eb kan\u00eb nd\u00ebrtuar gjith\u00e7ka rreth nesh e q\u00eb vazhdojn\u00eb ta zhvillojn\u00eb \u00e7do dit\u00eb.<\/p>\n<p>Ai tha se qytetar\u00ebt e Kosov\u00ebs kan\u00eb nj\u00eb kuptim t\u00eb r\u00ebnd\u00ebsish\u00ebm t\u00eb vler\u00ebs s\u00eb pun\u00ebs edhe p\u00ebrtej ekonomis\u00eb. Edhe kur u shk\u00ebput\u00ebn nga paga, apo kur u p\u00ebrjashtuan nga hap\u00ebsirat formale, puna vazhdoi n\u00eb sht\u00ebpi, lagje dhe komunitete. N\u00eb ato rrethana okupimi, ajo u b\u00eb form\u00eb q\u00ebndrese dhe aktivizmi. Sot, pun\u00ebtori \u00ebsht\u00eb shtylla e par\u00eb e shtetnd\u00ebrtimit ton\u00eb.<\/p>\n<p>Kurti ka p\u00ebrmendur edhe rritjen e pag\u00ebs minimale dhe pag\u00ebn e 13-t\u00eb.<\/p>\n<p>\u201cKur ne mor\u00ebn detyr\u00ebn, paga minimale n\u00eb Kosov\u00eb ishte 170 euro. Nuk kishte ndryshuar p\u00ebr tremb\u00ebdhjet\u00eb vite. P\u00ebr nj\u00eb brez t\u00eb t\u00ebr\u00eb q\u00eb hynte n\u00eb tregun e pun\u00ebs, ky ishte minimumi ligjor p\u00ebr pun\u00ebn e tyre. Ne e ndryshuam k\u00ebt\u00eb. Miratuam Ligjin p\u00ebr Pag\u00ebn Minimale dhe e ngrit\u00ebm at\u00eb n\u00eb 425 euro, duke ndikuar drejtp\u00ebrdrejt rreth 150.000 pun\u00ebtor\u00eb, shumica n\u00eb sektorin privat. Nga 1 korriku ajo rritet n\u00eb 500 euro (pavar\u00ebsisht asaj q\u00eb ndodhi me Kuvendin). Vendos\u00ebm pag\u00ebn e 13-t\u00eb p\u00ebr pun\u00ebtor\u00ebt e sektorit publik. P\u00ebr her\u00eb t\u00eb par\u00eb pas shpalljes s\u00eb pavar\u00ebsis\u00eb s\u00eb Kosov\u00ebs, shteti njohu n\u00eb m\u00ebnyr\u00eb konkrete kontributin e vazhduesh\u00ebm t\u00eb punonj\u00ebsve t\u00eb tij. I b\u00ebm\u00eb e vazhdojm\u00eb t\u2019i b\u00ebjm\u00eb thirrje edhe sektorit privat t\u00eb ndjek\u00eb k\u00ebt\u00eb shembull, sepse kompensimi i drejt\u00eb dhe p\u00ebrkujdesja e shtuar p\u00ebr pun\u00ebtor\u00ebt nuk duhet t\u00eb jet\u00eb privilegj vet\u00ebm i sektorit publik\u201d, tha ai.<\/p>\n<p>Reagimi i plot\u00eb:<\/p>\n<p>1 Maji i pun\u00ebtor\u00ebve<\/p>\n<p>Sot \u00ebsht\u00eb dita e pun\u00ebtor\u00ebve. E atyre q\u00eb kan\u00eb nd\u00ebrtuar gjith\u00e7ka rreth nesh dhe q\u00eb vazhdojn\u00eb t\u00eb na zhvillojn\u00eb \u00e7do dit\u00eb.<\/p>\n<p>1 Maji lindi n\u00eb vitin 1886 n\u00eb \u00c7ikago, kur pun\u00ebtor\u00ebt marshuan p\u00ebr di\u00e7ka q\u00eb sot duket e vet\u00ebkuptueshme, por q\u00eb at\u00ebher\u00eb kushtoi me jet\u00eb: tet\u00eb or\u00eb pun\u00eb, tet\u00eb or\u00eb pushim, tet\u00eb or\u00eb jet\u00eb p\u00ebr veten. Ata u p\u00ebrball\u00ebn me dhun\u00eb. Disa prej tyre vdiq\u00ebn p\u00ebr t\u00eb drejta q\u00eb sot i konsiderojm\u00eb bazike. \u00c7do fundjav\u00eb, \u00e7do rregull sigurie, \u00e7do mbrojtje n\u00eb pun\u00eb q\u00eb ekziston n\u00eb bot\u00ebn demokratike \u00ebsht\u00eb fituar sepse dikush nuk pranoi m\u00eb pak nga sa k\u00ebrkonte e meritonte. 1 Maji \u00ebsht\u00eb rikujtimi vjetor i k\u00ebsaj historie. \u00cbsht\u00eb p\u00ebrkujtimi se t\u00eb drejtat nuk dhurohen nga lart, ato nd\u00ebrtohen nga posht\u00eb dhe mbrohen vazhdimisht.<\/p>\n<p>Qytetar\u00ebt e Kosov\u00ebs kan\u00eb nj\u00eb kuptim t\u00eb r\u00ebnd\u00ebsish\u00ebm t\u00eb vler\u00ebs s\u00eb pun\u00ebs edhe p\u00ebrtej ekonomis\u00eb. Edhe kur u shk\u00ebput\u00ebn nga paga, apo kur u p\u00ebrjashtuan nga hap\u00ebsirat formale, puna vazhdoi n\u00eb sht\u00ebpi, lagje dhe komunitete. N\u00eb ato rrethana okupimi, ajo u b\u00eb form\u00eb q\u00ebndrese dhe aktivizmi. Sot, pun\u00ebtori \u00ebsht\u00eb shtylla e par\u00eb e shtetnd\u00ebrtimit ton\u00eb.<\/p>\n<p>1 Maji nuk \u00ebsht\u00eb thjesht nj\u00eb dat\u00eb feste q\u00eb sh\u00ebnohet e q\u00eb ka histori, 1 Maji \u00ebsht\u00eb edhe matje e gjendjes son\u00eb t\u00eb tanishme.<\/p>\n<p>Sipas raporteve nd\u00ebrkomb\u00ebtare t\u00eb sindikatave, t\u00eb drejtat e pun\u00ebtor\u00ebve jan\u00eb goditur ndjesh\u00ebm n\u00eb mbar\u00eb bot\u00ebn gjat\u00eb vitit 2025. N\u00eb shum\u00eb vende, p\u00ebrfshir\u00eb edhe ato t\u00eb zhvilluara, t\u00eb drejtat e pun\u00ebtor\u00ebve jan\u00eb n\u00eb rrezik. Pun\u00ebsimi afatshkurt\u00ebr \u00ebsht\u00eb n\u00eb rritje, p\u00ebrfshir\u00eb k\u00ebtu at\u00eb p\u00ebrmes platformave digjitale, q\u00eb e reduktojn\u00eb pun\u00ebn n\u00eb detyra t\u00eb p\u00ebrditshme me paga t\u00eb pasigurta dhe me masa disiplinore q\u00eb vendosen pa transparenc\u00eb dhe pa mbrojtje reale p\u00ebr pun\u00ebtor\u00ebt. Nd\u00ebrkoh\u00eb, automatizimi po zhduk kategori t\u00eb t\u00ebra pune, pa ofruar gjithmon\u00eb mund\u00ebsi rikualifikimi apo mb\u00ebshtetje p\u00ebr ata q\u00eb preken. E, n\u00eb t\u00eb nj\u00ebjt\u00ebn koh\u00eb, pabarazia \u00ebsht\u00eb rritur.<\/p>\n<p>Ky \u00ebsht\u00eb realiteti global ku nuk mund t\u00eb b\u00ebj\u00eb p\u00ebrjashtim as Kosova. N\u00eb k\u00ebt\u00eb kontekst jetojn\u00eb dhe punojn\u00eb pun\u00ebtor\u00ebt tan\u00eb, dhe n\u00eb k\u00ebt\u00eb drit\u00eb duhen kuptuar edhe vendimet tona n\u00eb qeveri.<\/p>\n<p>Kur ne mor\u00ebn detyr\u00ebn, paga minimale n\u00eb Kosov\u00eb ishte 170 euro. Nuk kishte ndryshuar p\u00ebr tremb\u00ebdhjet\u00eb vite. P\u00ebr nj\u00eb brez t\u00eb t\u00ebr\u00eb q\u00eb hynte n\u00eb tregun e pun\u00ebs, ky ishte minimumi ligjor p\u00ebr pun\u00ebn e tyre. Ne e ndryshuam k\u00ebt\u00eb. Miratuam Ligjin p\u00ebr Pag\u00ebn Minimale dhe e ngrit\u00ebm at\u00eb n\u00eb 425 euro, duke ndikuar drejtp\u00ebrdrejt rreth 150.000 pun\u00ebtor\u00eb, shumica n\u00eb sektorin privat. Nga 1 korriku ajo rritet n\u00eb 500 euro (pavar\u00ebsisht asaj q\u00eb ndodhi me Kuvendin).<\/p>\n<p>Vendos\u00ebm pag\u00ebn e 13-t\u00eb p\u00ebr pun\u00ebtor\u00ebt e sektorit publik. P\u00ebr her\u00eb t\u00eb par\u00eb pas shpalljes s\u00eb pavar\u00ebsis\u00eb s\u00eb Kosov\u00ebs, shteti njohu n\u00eb m\u00ebnyr\u00eb konkrete kontributin e vazhduesh\u00ebm t\u00eb punonj\u00ebsve t\u00eb tij. I b\u00ebm\u00eb e vazhdojm\u00eb t\u2019i b\u00ebjm\u00eb thirrje edhe sektorit privat t\u00eb ndjek\u00eb k\u00ebt\u00eb shembull, sepse kompensimi i drejt\u00eb dhe p\u00ebrkujdesja e shtuar p\u00ebr pun\u00ebtor\u00ebt nuk duhet t\u00eb jet\u00eb privilegj vet\u00ebm i sektorit publik.<\/p>\n<p>Filluam dhe zgjeruam programin Superpuna, q\u00eb subvencionon pagat n\u00eb sektorin privat p\u00ebr gjasht\u00eb muaj dhe krijon nj\u00eb rrug\u00eb t\u00eb strukturuar p\u00ebr t\u00eb rinjt\u00eb drejt tregut formal t\u00eb pun\u00ebs. Pun\u00ebsuam mbi 23 mij\u00eb t\u00eb rinj dhe t\u00eb reja t\u00eb moshave nga 18 deri n\u00eb 29 vje\u00e7 me \u00e7\u2019rast kan\u00eb p\u00ebrfituar rreth 10.500 biznese.<\/p>\n<p>P\u00ebr t\u00eb drejtat e pun\u00ebtor\u00ebve n\u00eb Republik\u00ebn e Kosov\u00ebs, mungesa kryesore \u00ebsht\u00eb ajo e organizimit sindikal n\u00eb sektorin privat. K\u00ebtu duhet t\u00eb angazhohet e gjith\u00eb shoq\u00ebria jon\u00eb p\u00ebr nj\u00eb nivel t\u00eb ri t\u00eb statusit dhe gjendjes s\u00eb pun\u00ebtor\u00ebve te ne.<\/p>\n<p>P\u00ebr her\u00eb t\u00eb par\u00eb me ne n\u00eb qeverisje filluan t\u00eb ndahen shtesat p\u00ebr f\u00ebmij\u00eb dhe shtesat p\u00ebr n\u00ebnat lehona. Pensionet i rrit\u00ebm nga nga 90 euro n\u00eb 150 euro. P\u00ebrmes programit \u201cQeveria p\u00ebr Familjet\u201d, subvencionum 70% t\u00eb pagave p\u00ebr gjasht\u00eb muaj p\u00ebr familjet pa asnj\u00eb t\u00eb pun\u00ebsuar, duke p\u00ebrfshir\u00eb k\u00ebsisoj rreth 4,000 familje. Gjithashtu, kemi mb\u00ebshtetur pun\u00ebsimin e mbi 12.000 grave p\u00ebrmes politikave dhe subvencioneve direkte shtet\u00ebrore. N\u00eb vijim kemi programin \u201cSuperpuna p\u00ebr Gra\u201d q\u00eb do t\u00eb ndihmoj\u00eb edhe m\u00eb shum\u00eb p\u00ebr rritjen e pun\u00ebsimit t\u00eb grave. Vet\u00ebm gjat\u00eb tre vjet e gjysm\u00eb t\u00eb qeverisjes son\u00eb, numri i t\u00eb pun\u00ebsuarve \u00ebsht\u00eb rritur ndjesh\u00ebm. E kemi gjetur Kosov\u00ebn me rreth 350,000 t\u00eb pun\u00ebsuar, nd\u00ebrsa sot jan\u00eb rreth 435,000 nj\u00eb rritje prej rreth 85,000 vende pune.<\/p>\n<p>Miratuam projektligjin p\u00ebr sigurimet sh\u00ebndet\u00ebsore. P\u00ebr her\u00eb t\u00eb par\u00eb n\u00eb Kosov\u00eb, ky ligj krijon nj\u00eb korniz\u00eb universale q\u00eb mbulon si t\u00eb pun\u00ebsuarit ashtu edhe t\u00eb papun\u00ebt, p\u00ebrmes kontributeve individuale dhe shtet\u00ebrore. E drejta p\u00ebr sh\u00ebndet\u00ebsi nuk mund t\u00eb varet nga statusi i pun\u00ebsimit.<\/p>\n<p>Propozuam nj\u00eb paket\u00eb prej 200 milion\u00eb eurosh p\u00ebr p\u00ebrballjen me inflacionit, q\u00eb ofronte mb\u00ebshtetje t\u00eb synuar p\u00ebr sektorin privat, student\u00ebt, f\u00ebmij\u00ebt dhe familjet q\u00eb ballafaqohen me rritjen e kostos s\u00eb jetes\u00ebs. Kjo paket\u00eb u bllokua n\u00eb Kuvend nga nj\u00eb opozit\u00eb q\u00eb zgjodhi t\u00eb mos votoj\u00eb. E nj\u00ebjta opozit\u00eb q\u00eb bojkotoi zgjedhjen e presidentit duke e d\u00ebrguar vendin n\u00eb zgjedhje. Votat jan\u00eb t\u00eb regjistruara. Qytetar\u00ebt do t\u00eb nxjerrin p\u00ebrfundimet e tyre.<\/p>\n<p>Social-demokracia nuk \u00ebsht\u00eb thjesht di\u00e7ka q\u00eb shpallet. Ajo \u00ebsht\u00eb nj\u00eb angazhim i vazhduesh\u00ebm politik p\u00ebr t\u00eb vendosur sigurin\u00eb, begatin\u00eb, dhe t\u00eb ardhmen e pun\u00ebtor\u00ebve si qytetar\u00eb dhe t\u00eb qytetar\u00ebve si pun\u00ebtor\u00eb n\u00eb qend\u00ebr t\u00eb \u00e7do buxhetimi, \u00e7do legjislacioni dhe \u00e7do mase institucionale. Kjo \u00ebsht\u00eb ajo q\u00eb kemi b\u00ebr\u00eb dhe kjo \u00ebsht\u00eb ajo q\u00eb p\u00ebrher\u00eb do t\u00eb b\u00ebjm\u00eb.<\/p>\n<p>P\u00ebr pun\u00ebtor\u00ebt e Kosov\u00ebs n\u00eb k\u00ebt\u00eb 1 Maj: kjo qeveri ka qen\u00eb n\u00eb an\u00ebn tuaj jo vet\u00ebm me fjal\u00eb, por me ligje t\u00eb miratuara, buxhet t\u00eb zbatuar dhe vendime konkrete.<\/p>\n<p>Standardi duhet t\u00eb vazhdoj\u00eb t\u00eb rritet. Puna p\u00ebr nd\u00ebrtimin e nj\u00eb shteti q\u00eb i trajton pun\u00ebtor\u00ebt si themelin e gjith\u00e7kaje, vijon.<\/p>\n<p>G\u00ebzuar 1 Majin!<\/p>\n","protected":false},"excerpt":{"rendered":"<p>Me rastin e 1 Majit, Kryeministri Kurti deklaroi se sot \u00ebsht\u00eb dita e atyre q\u00eb kan\u00eb nd\u00ebrtuar gjith\u00e7ka rreth nesh e q\u00eb vazhdojn\u00eb ta zhvillojn\u00eb \u00e7do dit\u00eb. Ai tha se qytetar\u00ebt e Kosov\u00ebs kan\u00eb nj\u00eb kuptim t\u00eb r\u00ebnd\u00ebsish\u00ebm t\u00eb vler\u00ebs s\u00eb pun\u00ebs edhe p\u00ebrtej ekonomis\u00eb. Edhe kur u shk\u00ebput\u00ebn nga paga, apo kur u p\u00ebrjashtuan [&hellip;]<\/p>\n","protected":false},"author":8,"featured_media":0,"comment_status":"closed","ping_status":"closed","sticky":false,"template":"","format":"standard","meta":{"footnotes":""},"categories":[215,213],"tags":[],"class_list":["post-28630","post","type-post","status-publish","format-standard","hentry","category-kosove","category-lajme"],"yoast_head":"<!-- This site is optimized with the Yoast SEO plugin v25.1 - https:\/\/yoast.com\/wordpress\/plugins\/seo\/ -->\n<title>Kurti p\u00ebr dit\u00ebn e 1 Majit: Kjo qeveri ka qen\u00eb n\u00eb an\u00ebn e pun\u00ebtor\u00ebve jo vet\u00ebm me fjal\u00eb, por me ligje t\u00eb miratuara, buxhet t\u00eb zbatuar dhe vendime konkrete - press7.tv<\/title>\n<meta name=\"robots\" content=\"index, follow, max-snippet:-1, max-image-preview:large, max-video-preview:-1\" \/>\n<link rel=\"canonical\" href=\"https:\/\/www.press7.tv\/?p=28630\" \/>\n<meta property=\"og:locale\" content=\"en_US\" \/>\n<meta property=\"og:type\" content=\"article\" \/>\n<meta property=\"og:title\" content=\"Kurti p\u00ebr dit\u00ebn e 1 Majit: Kjo qeveri ka qen\u00eb n\u00eb an\u00ebn e pun\u00ebtor\u00ebve jo vet\u00ebm me fjal\u00eb, por me ligje t\u00eb miratuara, buxhet t\u00eb zbatuar dhe vendime konkrete - press7.tv\" \/>\n<meta property=\"og:description\" content=\"Me rastin e 1 Majit, Kryeministri Kurti deklaroi se sot \u00ebsht\u00eb dita e atyre q\u00eb kan\u00eb nd\u00ebrtuar gjith\u00e7ka rreth nesh e q\u00eb vazhdojn\u00eb ta zhvillojn\u00eb \u00e7do dit\u00eb. Ai tha se qytetar\u00ebt e Kosov\u00ebs kan\u00eb nj\u00eb kuptim t\u00eb r\u00ebnd\u00ebsish\u00ebm t\u00eb vler\u00ebs s\u00eb pun\u00ebs edhe p\u00ebrtej ekonomis\u00eb. Edhe kur u shk\u00ebput\u00ebn nga paga, apo kur u p\u00ebrjashtuan [&hellip;]\" \/>\n<meta property=\"og:url\" content=\"https:\/\/www.press7.tv\/?p=28630\" \/>\n<meta property=\"og:site_name\" content=\"press7.tv\" \/>\n<meta property=\"article:publisher\" content=\"https:\/\/www.facebook.com\/press7.tv\" \/>\n<meta property=\"article:published_time\" content=\"2026-05-01T13:23:43+00:00\" \/>\n<meta name=\"author\" content=\"gazetar2\" \/>\n<meta name=\"twitter:card\" content=\"summary_large_image\" \/>\n<meta name=\"twitter:label1\" content=\"Written by\" \/>\n\t<meta name=\"twitter:data1\" content=\"gazetar2\" \/>\n<script type=\"application\/ld+json\" class=\"yoast-schema-graph\">{\"@context\":\"https:\/\/schema.org\",\"@graph\":[{\"@type\":\"Article\",\"@id\":\"https:\/\/www.press7.tv\/?p=28630#article\",\"isPartOf\":{\"@id\":\"https:\/\/www.press7.tv\/?p=28630\"},\"author\":{\"name\":\"gazetar2\",\"@id\":\"https:\/\/www.news33.tv\/#\/schema\/person\/5a04a38a23ccdba82f9bd665cd8f9efa\"},\"headline\":\"Kurti p\u00ebr dit\u00ebn e 1 Majit: Kjo qeveri ka qen\u00eb n\u00eb an\u00ebn e pun\u00ebtor\u00ebve jo vet\u00ebm me fjal\u00eb, por me ligje t\u00eb miratuara, buxhet t\u00eb zbatuar dhe vendime konkrete\",\"datePublished\":\"2026-05-01T13:23:43+00:00\",\"mainEntityOfPage\":{\"@id\":\"https:\/\/www.press7.tv\/?p=28630\"},\"wordCount\":1411,\"publisher\":{\"@id\":\"https:\/\/www.news33.tv\/#organization\"},\"articleSection\":[\"Kosov\u00eb\",\"Lajme\"],\"inLanguage\":\"en-US\"},{\"@type\":\"WebPage\",\"@id\":\"https:\/\/www.press7.tv\/?p=28630\",\"url\":\"https:\/\/www.press7.tv\/?p=28630\",\"name\":\"Kurti p\u00ebr dit\u00ebn e 1 Majit: Kjo qeveri ka qen\u00eb n\u00eb an\u00ebn e pun\u00ebtor\u00ebve jo vet\u00ebm me fjal\u00eb, por me ligje t\u00eb miratuara, buxhet t\u00eb zbatuar dhe vendime konkrete - press7.tv\",\"isPartOf\":{\"@id\":\"https:\/\/www.news33.tv\/#website\"},\"datePublished\":\"2026-05-01T13:23:43+00:00\",\"breadcrumb\":{\"@id\":\"https:\/\/www.press7.tv\/?p=28630#breadcrumb\"},\"inLanguage\":\"en-US\",\"potentialAction\":[{\"@type\":\"ReadAction\",\"target\":[\"https:\/\/www.press7.tv\/?p=28630\"]}]},{\"@type\":\"BreadcrumbList\",\"@id\":\"https:\/\/www.press7.tv\/?p=28630#breadcrumb\",\"itemListElement\":[{\"@type\":\"ListItem\",\"position\":1,\"name\":\"Home\",\"item\":\"https:\/\/www.press7.tv\/\"},{\"@type\":\"ListItem\",\"position\":2,\"name\":\"Kurti p\u00ebr dit\u00ebn e 1 Majit: Kjo qeveri ka qen\u00eb n\u00eb an\u00ebn e pun\u00ebtor\u00ebve jo vet\u00ebm me fjal\u00eb, por me ligje t\u00eb miratuara, buxhet t\u00eb zbatuar dhe vendime konkrete\"}]},{\"@type\":\"WebSite\",\"@id\":\"https:\/\/www.news33.tv\/#website\",\"url\":\"https:\/\/www.news33.tv\/\",\"name\":\"News33.tv Media\",\"description\":\"Media\",\"publisher\":{\"@id\":\"https:\/\/www.news33.tv\/#organization\"},\"potentialAction\":[{\"@type\":\"SearchAction\",\"target\":{\"@type\":\"EntryPoint\",\"urlTemplate\":\"https:\/\/www.news33.tv\/?s={search_term_string}\"},\"query-input\":{\"@type\":\"PropertyValueSpecification\",\"valueRequired\":true,\"valueName\":\"search_term_string\"}}],\"inLanguage\":\"en-US\"},{\"@type\":\"Organization\",\"@id\":\"https:\/\/www.news33.tv\/#organization\",\"name\":\"News33.tv Media\",\"url\":\"https:\/\/www.news33.tv\/\",\"logo\":{\"@type\":\"ImageObject\",\"inLanguage\":\"en-US\",\"@id\":\"https:\/\/www.news33.tv\/#\/schema\/logo\/image\/\",\"url\":\"https:\/\/www.press7.tv\/wp-content\/uploads\/2024\/02\/logo-news33-black.png\",\"contentUrl\":\"https:\/\/www.press7.tv\/wp-content\/uploads\/2024\/02\/logo-news33-black.png\",\"width\":180,\"height\":37,\"caption\":\"News33.tv Media\"},\"image\":{\"@id\":\"https:\/\/www.news33.tv\/#\/schema\/logo\/image\/\"},\"sameAs\":[\"https:\/\/www.facebook.com\/press7.tv\"]},{\"@type\":\"Person\",\"@id\":\"https:\/\/www.news33.tv\/#\/schema\/person\/5a04a38a23ccdba82f9bd665cd8f9efa\",\"name\":\"gazetar2\",\"image\":{\"@type\":\"ImageObject\",\"inLanguage\":\"en-US\",\"@id\":\"https:\/\/www.news33.tv\/#\/schema\/person\/image\/\",\"url\":\"https:\/\/www.press7.tv\/wp-content\/litespeed\/avatar\/41975e402c3049d9ddb03adca8f7a883.jpg?ver=1777169572\",\"contentUrl\":\"https:\/\/www.press7.tv\/wp-content\/litespeed\/avatar\/41975e402c3049d9ddb03adca8f7a883.jpg?ver=1777169572\",\"caption\":\"gazetar2\"},\"url\":\"https:\/\/www.press7.tv\/?author=8\"}]}<\/script>\n<!-- \/ Yoast SEO plugin. -->","yoast_head_json":{"title":"Kurti p\u00ebr dit\u00ebn e 1 Majit: Kjo qeveri ka qen\u00eb n\u00eb an\u00ebn e pun\u00ebtor\u00ebve jo vet\u00ebm me fjal\u00eb, por me ligje t\u00eb miratuara, buxhet t\u00eb zbatuar dhe vendime konkrete - press7.tv","robots":{"index":"index","follow":"follow","max-snippet":"max-snippet:-1","max-image-preview":"max-image-preview:large","max-video-preview":"max-video-preview:-1"},"canonical":"https:\/\/www.press7.tv\/?p=28630","og_locale":"en_US","og_type":"article","og_title":"Kurti p\u00ebr dit\u00ebn e 1 Majit: Kjo qeveri ka qen\u00eb n\u00eb an\u00ebn e pun\u00ebtor\u00ebve jo vet\u00ebm me fjal\u00eb, por me ligje t\u00eb miratuara, buxhet t\u00eb zbatuar dhe vendime konkrete - press7.tv","og_description":"Me rastin e 1 Majit, Kryeministri Kurti deklaroi se sot \u00ebsht\u00eb dita e atyre q\u00eb kan\u00eb nd\u00ebrtuar gjith\u00e7ka rreth nesh e q\u00eb vazhdojn\u00eb ta zhvillojn\u00eb \u00e7do dit\u00eb. Ai tha se qytetar\u00ebt e Kosov\u00ebs kan\u00eb nj\u00eb kuptim t\u00eb r\u00ebnd\u00ebsish\u00ebm t\u00eb vler\u00ebs s\u00eb pun\u00ebs edhe p\u00ebrtej ekonomis\u00eb. Edhe kur u shk\u00ebput\u00ebn nga paga, apo kur u p\u00ebrjashtuan [&hellip;]","og_url":"https:\/\/www.press7.tv\/?p=28630","og_site_name":"press7.tv","article_publisher":"https:\/\/www.facebook.com\/press7.tv","article_published_time":"2026-05-01T13:23:43+00:00","author":"gazetar2","twitter_card":"summary_large_image","twitter_misc":{"Written by":"gazetar2"},"schema":{"@context":"https:\/\/schema.org","@graph":[{"@type":"Article","@id":"https:\/\/www.press7.tv\/?p=28630#article","isPartOf":{"@id":"https:\/\/www.press7.tv\/?p=28630"},"author":{"name":"gazetar2","@id":"https:\/\/www.news33.tv\/#\/schema\/person\/5a04a38a23ccdba82f9bd665cd8f9efa"},"headline":"Kurti p\u00ebr dit\u00ebn e 1 Majit: Kjo qeveri ka qen\u00eb n\u00eb an\u00ebn e pun\u00ebtor\u00ebve jo vet\u00ebm me fjal\u00eb, por me ligje t\u00eb miratuara, buxhet t\u00eb zbatuar dhe vendime konkrete","datePublished":"2026-05-01T13:23:43+00:00","mainEntityOfPage":{"@id":"https:\/\/www.press7.tv\/?p=28630"},"wordCount":1411,"publisher":{"@id":"https:\/\/www.news33.tv\/#organization"},"articleSection":["Kosov\u00eb","Lajme"],"inLanguage":"en-US"},{"@type":"WebPage","@id":"https:\/\/www.press7.tv\/?p=28630","url":"https:\/\/www.press7.tv\/?p=28630","name":"Kurti p\u00ebr dit\u00ebn e 1 Majit: Kjo qeveri ka qen\u00eb n\u00eb an\u00ebn e pun\u00ebtor\u00ebve jo vet\u00ebm me fjal\u00eb, por me ligje t\u00eb miratuara, buxhet t\u00eb zbatuar dhe vendime konkrete - press7.tv","isPartOf":{"@id":"https:\/\/www.news33.tv\/#website"},"datePublished":"2026-05-01T13:23:43+00:00","breadcrumb":{"@id":"https:\/\/www.press7.tv\/?p=28630#breadcrumb"},"inLanguage":"en-US","potentialAction":[{"@type":"ReadAction","target":["https:\/\/www.press7.tv\/?p=28630"]}]},{"@type":"BreadcrumbList","@id":"https:\/\/www.press7.tv\/?p=28630#breadcrumb","itemListElement":[{"@type":"ListItem","position":1,"name":"Home","item":"https:\/\/www.press7.tv\/"},{"@type":"ListItem","position":2,"name":"Kurti p\u00ebr dit\u00ebn e 1 Majit: Kjo qeveri ka qen\u00eb n\u00eb an\u00ebn e pun\u00ebtor\u00ebve jo vet\u00ebm me fjal\u00eb, por me ligje t\u00eb miratuara, buxhet t\u00eb zbatuar dhe vendime konkrete"}]},{"@type":"WebSite","@id":"https:\/\/www.news33.tv\/#website","url":"https:\/\/www.news33.tv\/","name":"News33.tv Media","description":"Media","publisher":{"@id":"https:\/\/www.news33.tv\/#organization"},"potentialAction":[{"@type":"SearchAction","target":{"@type":"EntryPoint","urlTemplate":"https:\/\/www.news33.tv\/?s={search_term_string}"},"query-input":{"@type":"PropertyValueSpecification","valueRequired":true,"valueName":"search_term_string"}}],"inLanguage":"en-US"},{"@type":"Organization","@id":"https:\/\/www.news33.tv\/#organization","name":"News33.tv Media","url":"https:\/\/www.news33.tv\/","logo":{"@type":"ImageObject","inLanguage":"en-US","@id":"https:\/\/www.news33.tv\/#\/schema\/logo\/image\/","url":"https:\/\/www.press7.tv\/wp-content\/uploads\/2024\/02\/logo-news33-black.png","contentUrl":"https:\/\/www.press7.tv\/wp-content\/uploads\/2024\/02\/logo-news33-black.png","width":180,"height":37,"caption":"News33.tv Media"},"image":{"@id":"https:\/\/www.news33.tv\/#\/schema\/logo\/image\/"},"sameAs":["https:\/\/www.facebook.com\/press7.tv"]},{"@type":"Person","@id":"https:\/\/www.news33.tv\/#\/schema\/person\/5a04a38a23ccdba82f9bd665cd8f9efa","name":"gazetar2","image":{"@type":"ImageObject","inLanguage":"en-US","@id":"https:\/\/www.news33.tv\/#\/schema\/person\/image\/","url":"https:\/\/www.press7.tv\/wp-content\/litespeed\/avatar\/41975e402c3049d9ddb03adca8f7a883.jpg?ver=1777169572","contentUrl":"https:\/\/www.press7.tv\/wp-content\/litespeed\/avatar\/41975e402c3049d9ddb03adca8f7a883.jpg?ver=1777169572","caption":"gazetar2"},"url":"https:\/\/www.press7.tv\/?author=8"}]}},"amp_enabled":true,"_links":{"self":[{"href":"https:\/\/www.press7.tv\/index.php?rest_route=\/wp\/v2\/posts\/28630","targetHints":{"allow":["GET"]}}],"collection":[{"href":"https:\/\/www.press7.tv\/index.php?rest_route=\/wp\/v2\/posts"}],"about":[{"href":"https:\/\/www.press7.tv\/index.php?rest_route=\/wp\/v2\/types\/post"}],"author":[{"embeddable":true,"href":"https:\/\/www.press7.tv\/index.php?rest_route=\/wp\/v2\/users\/8"}],"replies":[{"embeddable":true,"href":"https:\/\/www.press7.tv\/index.php?rest_route=%2Fwp%2Fv2%2Fcomments&post=28630"}],"version-history":[{"count":1,"href":"https:\/\/www.press7.tv\/index.php?rest_route=\/wp\/v2\/posts\/28630\/revisions"}],"predecessor-version":[{"id":28632,"href":"https:\/\/www.press7.tv\/index.php?rest_route=\/wp\/v2\/posts\/28630\/revisions\/28632"}],"wp:attachment":[{"href":"https:\/\/www.press7.tv\/index.php?rest_route=%2Fwp%2Fv2%2Fmedia&parent=28630"}],"wp:term":[{"taxonomy":"category","embeddable":true,"href":"https:\/\/www.press7.tv\/index.php?rest_route=%2Fwp%2Fv2%2Fcategories&post=28630"},{"taxonomy":"post_tag","embeddable":true,"href":"https:\/\/www.press7.tv\/index.php?rest_route=%2Fwp%2Fv2%2Ftags&post=28630"}],"curies":[{"name":"wp","href":"https:\/\/api.w.org\/{rel}","templated":true}]}}