{"id":28620,"date":"2026-05-01T10:00:29","date_gmt":"2026-05-01T10:00:29","guid":{"rendered":"https:\/\/www.press7.tv\/?p=28620"},"modified":"2026-05-01T10:00:29","modified_gmt":"2026-05-01T10:00:29","slug":"rezolute-ne-kongresin-amerikan-per-mbeshtetjen-e-kosoves-drejt-nato-s","status":"publish","type":"post","link":"https:\/\/www.press7.tv\/?p=28620","title":{"rendered":"Rezolut\u00eb n\u00eb Kongresin amerikan p\u00ebr mb\u00ebshtetjen e Kosov\u00ebs drejt NATO-s"},"content":{"rendered":"\n    <div class=\"xs_social_share_widget xs_share_url before_content \t\tmain_content  wslu-style-2 wslu-share-box-shaped wslu-fill-colored wslu-share-m-5 wslu-none wslu-share-vertical wslu-theme-font-no wslu-main_content\">\n\n\t\t\n        <ul>\n\t\t\t        <\/ul>\n    <\/div> \n<p>Kongresmeni Keith Self, s\u00eb bashku me kongresmen\u00ebt Ritchie Torres dhe Mike Lawler, kan\u00eb paraqitur n\u00eb Dhom\u00ebn e P\u00ebrfaq\u00ebsuesve nj\u00eb rezolut\u00eb q\u00eb shpreh mb\u00ebshtetje t\u00eb fuqishme p\u00ebr integrimin e Kosov\u00ebs n\u00eb Organizat\u00ebn e Traktatit t\u00eb Atlantikut t\u00eb Veriut (NATO).<\/p>\n<p>Kjo, sipas njoftimit t\u00eb publikuar n\u00eb faqen zyrtare t\u00eb kongresmenit Keith Self, synon t\u00eb theksoj\u00eb r\u00ebnd\u00ebsin\u00eb strategjike t\u00eb k\u00ebtij procesi.<\/p>\n<p>N\u00eb rezolut\u00eb thuhet se qeverisja demokratike e Kosov\u00ebs, kontrolli civil mbi forcat e siguris\u00eb dhe bashk\u00ebjetesa multietnike paraqesin nj\u00eb rast t\u00eb fort\u00eb p\u00ebr an\u00ebtar\u00ebsim n\u00eb NATO. Po ashtu, theksohet se, sipas njoftimit, n\u00eb kushtet kur aktor\u00eb armiq\u00ebsor\u00eb vazhdojn\u00eb t\u00eb destabilizojn\u00eb rajonin, an\u00ebtar\u00ebsimi i Kosov\u00ebs n\u00eb aleanc\u00eb do t\u00eb sh\u00ebrbente si kund\u00ebrpesh\u00eb p\u00ebr t\u00eb dekurajuar k\u00ebto veprime dhe p\u00ebr t\u00eb parandaluar p\u00ebrshkall\u00ebzime t\u00eb reja n\u00eb Ballkan.<\/p>\n<p>Kosova e ka shpallur pavar\u00ebsin\u00eb n\u00eb vitin 2008 dhe \u00ebsht\u00eb njohur nga mbi 100 shtete, p\u00ebrfshir\u00eb Shtetet e Bashkuara dhe shumic\u00ebn e vendeve t\u00eb NATO-s. Megjithat\u00eb, sipas t\u00eb nj\u00ebjtit njoftim t\u00eb publikuar n\u00eb faqen e kongresmenit Keith Self, mungesa e njohjes unanime brenda Aleanc\u00ebs mbetet penges\u00eb p\u00ebr avancimin e Kosov\u00ebs drejt an\u00ebtar\u00ebsimit.<\/p>\n<p>N\u00eb dokument theksohet se kat\u00ebr vende an\u00ebtare t\u00eb NATO-s\u2014Greqia, Rumania, Sllovakia dhe Spanja\u2014nuk e kan\u00eb njohur ende Kosov\u00ebn. Duke qen\u00eb se NATO funksionon me konsensus, kjo situat\u00eb paraqet penges\u00eb p\u00ebr p\u00ebrfshirjen e Kosov\u00ebs n\u00eb mekanizmat e an\u00ebtar\u00ebsimit, p\u00ebrfshir\u00eb Partneritetin p\u00ebr Paqe dhe Planin e Veprimit p\u00ebr An\u00ebtar\u00ebsim.<\/p>\n<p>Rezoluta u b\u00ebn thirrje k\u00ebtyre vendeve q\u00eb t\u00eb rishikojn\u00eb q\u00ebndrimet e tyre, duke theksuar se njohja m\u00eb e gjer\u00eb e Kosov\u00ebs \u00ebsht\u00eb e domosdoshme p\u00ebr avancimin e saj drejt NATO-s dhe p\u00ebr mbylljen e nj\u00eb boshll\u00ebku strategjik n\u00eb Evrop\u00ebn Juglindore.<\/p>\n<p>N\u00eb njoftimin e publikuar n\u00eb faqen e kongresmenit Keith Self, ai citohet t\u00eb ket\u00eb deklaruar se \u201cKosova ka d\u00ebshmuar p\u00ebrkushtim ndaj stabilitetit rajonal dhe p\u00ebrafrimit me vendet e NATO-s, por p\u00ebrparimi i saj po pengohet nga mungesa e njohjes nga disa aleat\u00eb\u201d. Po ashtu, ai shton se \u201cShtimi i Kosov\u00ebs n\u00eb aleanc\u00eb \u00ebsht\u00eb i r\u00ebnd\u00ebsish\u00ebm p\u00ebr p\u00ebrballimin e ndikimit t\u00eb kund\u00ebrshtar\u00ebve n\u00eb Evrop\u00eb\u201d.<\/p>\n<p>N\u00eb t\u00eb nj\u00ebjtin njoftim theksohet se integrimi i Kosov\u00ebs n\u00eb NATO \u00ebsht\u00eb i r\u00ebnd\u00ebsish\u00ebm p\u00ebr interesat e siguris\u00eb s\u00eb Shteteve t\u00eb Bashkuara n\u00eb Evrop\u00ebn Juglindore.<\/p>\n","protected":false},"excerpt":{"rendered":"<p>Kongresmeni Keith Self, s\u00eb bashku me kongresmen\u00ebt Ritchie Torres dhe Mike Lawler, kan\u00eb paraqitur n\u00eb Dhom\u00ebn e P\u00ebrfaq\u00ebsuesve nj\u00eb rezolut\u00eb q\u00eb shpreh mb\u00ebshtetje t\u00eb fuqishme p\u00ebr integrimin e Kosov\u00ebs n\u00eb Organizat\u00ebn e Traktatit t\u00eb Atlantikut t\u00eb Veriut (NATO). Kjo, sipas njoftimit t\u00eb publikuar n\u00eb faqen zyrtare t\u00eb kongresmenit Keith Self, synon t\u00eb theksoj\u00eb r\u00ebnd\u00ebsin\u00eb strategjike [&hellip;]<\/p>\n","protected":false},"author":8,"featured_media":28621,"comment_status":"closed","ping_status":"closed","sticky":false,"template":"","format":"standard","meta":{"footnotes":""},"categories":[217,213],"tags":[],"class_list":["post-28620","post","type-post","status-publish","format-standard","has-post-thumbnail","hentry","category-bote","category-lajme"],"yoast_head":"<!-- This site is optimized with the Yoast SEO plugin v25.1 - https:\/\/yoast.com\/wordpress\/plugins\/seo\/ -->\n<title>Rezolut\u00eb n\u00eb Kongresin amerikan p\u00ebr mb\u00ebshtetjen e Kosov\u00ebs drejt NATO-s - press7.tv<\/title>\n<meta name=\"robots\" content=\"index, follow, max-snippet:-1, max-image-preview:large, max-video-preview:-1\" \/>\n<link rel=\"canonical\" href=\"https:\/\/www.press7.tv\/?p=28620\" \/>\n<meta property=\"og:locale\" content=\"en_US\" \/>\n<meta property=\"og:type\" content=\"article\" \/>\n<meta property=\"og:title\" content=\"Rezolut\u00eb n\u00eb Kongresin amerikan p\u00ebr mb\u00ebshtetjen e Kosov\u00ebs drejt NATO-s - press7.tv\" \/>\n<meta property=\"og:description\" content=\"Kongresmeni Keith Self, s\u00eb bashku me kongresmen\u00ebt Ritchie Torres dhe Mike Lawler, kan\u00eb paraqitur n\u00eb Dhom\u00ebn e P\u00ebrfaq\u00ebsuesve nj\u00eb rezolut\u00eb q\u00eb shpreh mb\u00ebshtetje t\u00eb fuqishme p\u00ebr integrimin e Kosov\u00ebs n\u00eb Organizat\u00ebn e Traktatit t\u00eb Atlantikut t\u00eb Veriut (NATO). Kjo, sipas njoftimit t\u00eb publikuar n\u00eb faqen zyrtare t\u00eb kongresmenit Keith Self, synon t\u00eb theksoj\u00eb r\u00ebnd\u00ebsin\u00eb strategjike [&hellip;]\" \/>\n<meta property=\"og:url\" content=\"https:\/\/www.press7.tv\/?p=28620\" \/>\n<meta property=\"og:site_name\" content=\"press7.tv\" \/>\n<meta property=\"article:publisher\" content=\"https:\/\/www.facebook.com\/press7.tv\" \/>\n<meta property=\"article:published_time\" content=\"2026-05-01T10:00:29+00:00\" \/>\n<meta property=\"og:image\" content=\"https:\/\/www.press7.tv\/wp-content\/uploads\/2026\/05\/Foto-Web-AR-2026-05-01T093352.399-800x445-1.avif\" \/>\n\t<meta property=\"og:image:width\" content=\"800\" \/>\n\t<meta property=\"og:image:height\" content=\"445\" \/>\n\t<meta property=\"og:image:type\" content=\"image\/jpeg\" \/>\n<meta name=\"author\" content=\"gazetar2\" \/>\n<meta name=\"twitter:card\" content=\"summary_large_image\" \/>\n<meta name=\"twitter:label1\" content=\"Written by\" \/>\n\t<meta name=\"twitter:data1\" content=\"gazetar2\" \/>\n\t<meta name=\"twitter:label2\" content=\"Est. reading time\" \/>\n\t<meta name=\"twitter:data2\" content=\"1 minute\" \/>\n<script type=\"application\/ld+json\" class=\"yoast-schema-graph\">{\"@context\":\"https:\/\/schema.org\",\"@graph\":[{\"@type\":\"Article\",\"@id\":\"https:\/\/www.press7.tv\/?p=28620#article\",\"isPartOf\":{\"@id\":\"https:\/\/www.press7.tv\/?p=28620\"},\"author\":{\"name\":\"gazetar2\",\"@id\":\"https:\/\/www.news33.tv\/#\/schema\/person\/5a04a38a23ccdba82f9bd665cd8f9efa\"},\"headline\":\"Rezolut\u00eb n\u00eb Kongresin amerikan p\u00ebr mb\u00ebshtetjen e Kosov\u00ebs drejt NATO-s\",\"datePublished\":\"2026-05-01T10:00:29+00:00\",\"mainEntityOfPage\":{\"@id\":\"https:\/\/www.press7.tv\/?p=28620\"},\"wordCount\":439,\"publisher\":{\"@id\":\"https:\/\/www.news33.tv\/#organization\"},\"image\":{\"@id\":\"https:\/\/www.press7.tv\/?p=28620#primaryimage\"},\"thumbnailUrl\":\"https:\/\/www.press7.tv\/wp-content\/uploads\/2026\/05\/Foto-Web-AR-2026-05-01T093352.399-800x445-1.avif\",\"articleSection\":[\"Bot\u00eb\",\"Lajme\"],\"inLanguage\":\"en-US\"},{\"@type\":\"WebPage\",\"@id\":\"https:\/\/www.press7.tv\/?p=28620\",\"url\":\"https:\/\/www.press7.tv\/?p=28620\",\"name\":\"Rezolut\u00eb n\u00eb Kongresin amerikan p\u00ebr mb\u00ebshtetjen e Kosov\u00ebs drejt NATO-s - press7.tv\",\"isPartOf\":{\"@id\":\"https:\/\/www.news33.tv\/#website\"},\"primaryImageOfPage\":{\"@id\":\"https:\/\/www.press7.tv\/?p=28620#primaryimage\"},\"image\":{\"@id\":\"https:\/\/www.press7.tv\/?p=28620#primaryimage\"},\"thumbnailUrl\":\"https:\/\/www.press7.tv\/wp-content\/uploads\/2026\/05\/Foto-Web-AR-2026-05-01T093352.399-800x445-1.avif\",\"datePublished\":\"2026-05-01T10:00:29+00:00\",\"breadcrumb\":{\"@id\":\"https:\/\/www.press7.tv\/?p=28620#breadcrumb\"},\"inLanguage\":\"en-US\",\"potentialAction\":[{\"@type\":\"ReadAction\",\"target\":[\"https:\/\/www.press7.tv\/?p=28620\"]}]},{\"@type\":\"ImageObject\",\"inLanguage\":\"en-US\",\"@id\":\"https:\/\/www.press7.tv\/?p=28620#primaryimage\",\"url\":\"https:\/\/www.press7.tv\/wp-content\/uploads\/2026\/05\/Foto-Web-AR-2026-05-01T093352.399-800x445-1.avif\",\"contentUrl\":\"https:\/\/www.press7.tv\/wp-content\/uploads\/2026\/05\/Foto-Web-AR-2026-05-01T093352.399-800x445-1.avif\",\"width\":800,\"height\":445},{\"@type\":\"BreadcrumbList\",\"@id\":\"https:\/\/www.press7.tv\/?p=28620#breadcrumb\",\"itemListElement\":[{\"@type\":\"ListItem\",\"position\":1,\"name\":\"Home\",\"item\":\"https:\/\/www.press7.tv\/\"},{\"@type\":\"ListItem\",\"position\":2,\"name\":\"Rezolut\u00eb n\u00eb Kongresin amerikan p\u00ebr mb\u00ebshtetjen e Kosov\u00ebs drejt NATO-s\"}]},{\"@type\":\"WebSite\",\"@id\":\"https:\/\/www.news33.tv\/#website\",\"url\":\"https:\/\/www.news33.tv\/\",\"name\":\"News33.tv Media\",\"description\":\"Media\",\"publisher\":{\"@id\":\"https:\/\/www.news33.tv\/#organization\"},\"potentialAction\":[{\"@type\":\"SearchAction\",\"target\":{\"@type\":\"EntryPoint\",\"urlTemplate\":\"https:\/\/www.news33.tv\/?s={search_term_string}\"},\"query-input\":{\"@type\":\"PropertyValueSpecification\",\"valueRequired\":true,\"valueName\":\"search_term_string\"}}],\"inLanguage\":\"en-US\"},{\"@type\":\"Organization\",\"@id\":\"https:\/\/www.news33.tv\/#organization\",\"name\":\"News33.tv Media\",\"url\":\"https:\/\/www.news33.tv\/\",\"logo\":{\"@type\":\"ImageObject\",\"inLanguage\":\"en-US\",\"@id\":\"https:\/\/www.news33.tv\/#\/schema\/logo\/image\/\",\"url\":\"https:\/\/www.press7.tv\/wp-content\/uploads\/2024\/02\/logo-news33-black.png\",\"contentUrl\":\"https:\/\/www.press7.tv\/wp-content\/uploads\/2024\/02\/logo-news33-black.png\",\"width\":180,\"height\":37,\"caption\":\"News33.tv Media\"},\"image\":{\"@id\":\"https:\/\/www.news33.tv\/#\/schema\/logo\/image\/\"},\"sameAs\":[\"https:\/\/www.facebook.com\/press7.tv\"]},{\"@type\":\"Person\",\"@id\":\"https:\/\/www.news33.tv\/#\/schema\/person\/5a04a38a23ccdba82f9bd665cd8f9efa\",\"name\":\"gazetar2\",\"image\":{\"@type\":\"ImageObject\",\"inLanguage\":\"en-US\",\"@id\":\"https:\/\/www.news33.tv\/#\/schema\/person\/image\/\",\"url\":\"https:\/\/www.press7.tv\/wp-content\/litespeed\/avatar\/41975e402c3049d9ddb03adca8f7a883.jpg?ver=1777169572\",\"contentUrl\":\"https:\/\/www.press7.tv\/wp-content\/litespeed\/avatar\/41975e402c3049d9ddb03adca8f7a883.jpg?ver=1777169572\",\"caption\":\"gazetar2\"},\"url\":\"https:\/\/www.press7.tv\/?author=8\"}]}<\/script>\n<!-- \/ Yoast SEO plugin. -->","yoast_head_json":{"title":"Rezolut\u00eb n\u00eb Kongresin amerikan p\u00ebr mb\u00ebshtetjen e Kosov\u00ebs drejt NATO-s - press7.tv","robots":{"index":"index","follow":"follow","max-snippet":"max-snippet:-1","max-image-preview":"max-image-preview:large","max-video-preview":"max-video-preview:-1"},"canonical":"https:\/\/www.press7.tv\/?p=28620","og_locale":"en_US","og_type":"article","og_title":"Rezolut\u00eb n\u00eb Kongresin amerikan p\u00ebr mb\u00ebshtetjen e Kosov\u00ebs drejt NATO-s - press7.tv","og_description":"Kongresmeni Keith Self, s\u00eb bashku me kongresmen\u00ebt Ritchie Torres dhe Mike Lawler, kan\u00eb paraqitur n\u00eb Dhom\u00ebn e P\u00ebrfaq\u00ebsuesve nj\u00eb rezolut\u00eb q\u00eb shpreh mb\u00ebshtetje t\u00eb fuqishme p\u00ebr integrimin e Kosov\u00ebs n\u00eb Organizat\u00ebn e Traktatit t\u00eb Atlantikut t\u00eb Veriut (NATO). Kjo, sipas njoftimit t\u00eb publikuar n\u00eb faqen zyrtare t\u00eb kongresmenit Keith Self, synon t\u00eb theksoj\u00eb r\u00ebnd\u00ebsin\u00eb strategjike [&hellip;]","og_url":"https:\/\/www.press7.tv\/?p=28620","og_site_name":"press7.tv","article_publisher":"https:\/\/www.facebook.com\/press7.tv","article_published_time":"2026-05-01T10:00:29+00:00","og_image":[{"width":800,"height":445,"url":"https:\/\/www.press7.tv\/wp-content\/uploads\/2026\/05\/Foto-Web-AR-2026-05-01T093352.399-800x445-1.avif","type":"image\/jpeg"}],"author":"gazetar2","twitter_card":"summary_large_image","twitter_misc":{"Written by":"gazetar2","Est. reading time":"1 minute"},"schema":{"@context":"https:\/\/schema.org","@graph":[{"@type":"Article","@id":"https:\/\/www.press7.tv\/?p=28620#article","isPartOf":{"@id":"https:\/\/www.press7.tv\/?p=28620"},"author":{"name":"gazetar2","@id":"https:\/\/www.news33.tv\/#\/schema\/person\/5a04a38a23ccdba82f9bd665cd8f9efa"},"headline":"Rezolut\u00eb n\u00eb Kongresin amerikan p\u00ebr mb\u00ebshtetjen e Kosov\u00ebs drejt NATO-s","datePublished":"2026-05-01T10:00:29+00:00","mainEntityOfPage":{"@id":"https:\/\/www.press7.tv\/?p=28620"},"wordCount":439,"publisher":{"@id":"https:\/\/www.news33.tv\/#organization"},"image":{"@id":"https:\/\/www.press7.tv\/?p=28620#primaryimage"},"thumbnailUrl":"https:\/\/www.press7.tv\/wp-content\/uploads\/2026\/05\/Foto-Web-AR-2026-05-01T093352.399-800x445-1.avif","articleSection":["Bot\u00eb","Lajme"],"inLanguage":"en-US"},{"@type":"WebPage","@id":"https:\/\/www.press7.tv\/?p=28620","url":"https:\/\/www.press7.tv\/?p=28620","name":"Rezolut\u00eb n\u00eb Kongresin amerikan p\u00ebr mb\u00ebshtetjen e Kosov\u00ebs drejt NATO-s - press7.tv","isPartOf":{"@id":"https:\/\/www.news33.tv\/#website"},"primaryImageOfPage":{"@id":"https:\/\/www.press7.tv\/?p=28620#primaryimage"},"image":{"@id":"https:\/\/www.press7.tv\/?p=28620#primaryimage"},"thumbnailUrl":"https:\/\/www.press7.tv\/wp-content\/uploads\/2026\/05\/Foto-Web-AR-2026-05-01T093352.399-800x445-1.avif","datePublished":"2026-05-01T10:00:29+00:00","breadcrumb":{"@id":"https:\/\/www.press7.tv\/?p=28620#breadcrumb"},"inLanguage":"en-US","potentialAction":[{"@type":"ReadAction","target":["https:\/\/www.press7.tv\/?p=28620"]}]},{"@type":"ImageObject","inLanguage":"en-US","@id":"https:\/\/www.press7.tv\/?p=28620#primaryimage","url":"https:\/\/www.press7.tv\/wp-content\/uploads\/2026\/05\/Foto-Web-AR-2026-05-01T093352.399-800x445-1.avif","contentUrl":"https:\/\/www.press7.tv\/wp-content\/uploads\/2026\/05\/Foto-Web-AR-2026-05-01T093352.399-800x445-1.avif","width":800,"height":445},{"@type":"BreadcrumbList","@id":"https:\/\/www.press7.tv\/?p=28620#breadcrumb","itemListElement":[{"@type":"ListItem","position":1,"name":"Home","item":"https:\/\/www.press7.tv\/"},{"@type":"ListItem","position":2,"name":"Rezolut\u00eb n\u00eb Kongresin amerikan p\u00ebr mb\u00ebshtetjen e Kosov\u00ebs drejt NATO-s"}]},{"@type":"WebSite","@id":"https:\/\/www.news33.tv\/#website","url":"https:\/\/www.news33.tv\/","name":"News33.tv Media","description":"Media","publisher":{"@id":"https:\/\/www.news33.tv\/#organization"},"potentialAction":[{"@type":"SearchAction","target":{"@type":"EntryPoint","urlTemplate":"https:\/\/www.news33.tv\/?s={search_term_string}"},"query-input":{"@type":"PropertyValueSpecification","valueRequired":true,"valueName":"search_term_string"}}],"inLanguage":"en-US"},{"@type":"Organization","@id":"https:\/\/www.news33.tv\/#organization","name":"News33.tv Media","url":"https:\/\/www.news33.tv\/","logo":{"@type":"ImageObject","inLanguage":"en-US","@id":"https:\/\/www.news33.tv\/#\/schema\/logo\/image\/","url":"https:\/\/www.press7.tv\/wp-content\/uploads\/2024\/02\/logo-news33-black.png","contentUrl":"https:\/\/www.press7.tv\/wp-content\/uploads\/2024\/02\/logo-news33-black.png","width":180,"height":37,"caption":"News33.tv Media"},"image":{"@id":"https:\/\/www.news33.tv\/#\/schema\/logo\/image\/"},"sameAs":["https:\/\/www.facebook.com\/press7.tv"]},{"@type":"Person","@id":"https:\/\/www.news33.tv\/#\/schema\/person\/5a04a38a23ccdba82f9bd665cd8f9efa","name":"gazetar2","image":{"@type":"ImageObject","inLanguage":"en-US","@id":"https:\/\/www.news33.tv\/#\/schema\/person\/image\/","url":"https:\/\/www.press7.tv\/wp-content\/litespeed\/avatar\/41975e402c3049d9ddb03adca8f7a883.jpg?ver=1777169572","contentUrl":"https:\/\/www.press7.tv\/wp-content\/litespeed\/avatar\/41975e402c3049d9ddb03adca8f7a883.jpg?ver=1777169572","caption":"gazetar2"},"url":"https:\/\/www.press7.tv\/?author=8"}]}},"amp_enabled":true,"_links":{"self":[{"href":"https:\/\/www.press7.tv\/index.php?rest_route=\/wp\/v2\/posts\/28620","targetHints":{"allow":["GET"]}}],"collection":[{"href":"https:\/\/www.press7.tv\/index.php?rest_route=\/wp\/v2\/posts"}],"about":[{"href":"https:\/\/www.press7.tv\/index.php?rest_route=\/wp\/v2\/types\/post"}],"author":[{"embeddable":true,"href":"https:\/\/www.press7.tv\/index.php?rest_route=\/wp\/v2\/users\/8"}],"replies":[{"embeddable":true,"href":"https:\/\/www.press7.tv\/index.php?rest_route=%2Fwp%2Fv2%2Fcomments&post=28620"}],"version-history":[{"count":1,"href":"https:\/\/www.press7.tv\/index.php?rest_route=\/wp\/v2\/posts\/28620\/revisions"}],"predecessor-version":[{"id":28622,"href":"https:\/\/www.press7.tv\/index.php?rest_route=\/wp\/v2\/posts\/28620\/revisions\/28622"}],"wp:featuredmedia":[{"embeddable":true,"href":"https:\/\/www.press7.tv\/index.php?rest_route=\/wp\/v2\/media\/28621"}],"wp:attachment":[{"href":"https:\/\/www.press7.tv\/index.php?rest_route=%2Fwp%2Fv2%2Fmedia&parent=28620"}],"wp:term":[{"taxonomy":"category","embeddable":true,"href":"https:\/\/www.press7.tv\/index.php?rest_route=%2Fwp%2Fv2%2Fcategories&post=28620"},{"taxonomy":"post_tag","embeddable":true,"href":"https:\/\/www.press7.tv\/index.php?rest_route=%2Fwp%2Fv2%2Ftags&post=28620"}],"curies":[{"name":"wp","href":"https:\/\/api.w.org\/{rel}","templated":true}]}}