{"id":28614,"date":"2026-05-01T09:50:27","date_gmt":"2026-05-01T09:50:27","guid":{"rendered":"https:\/\/www.press7.tv\/?p=28614"},"modified":"2026-05-01T09:50:27","modified_gmt":"2026-05-01T09:50:27","slug":"albini-s-ka-asgje-te-perbashket-me-poshtersite-e-abdixhikut-me-pabesite-e-hamzes-e-as-me-idiotizmin-banal-te-ramushite-sigurisht-as-edhe-me-dhelperite-neveritese-te-vjoses","status":"publish","type":"post","link":"https:\/\/www.press7.tv\/?p=28614","title":{"rendered":"Albini s\u2019 ka asgj\u00eb t\u00eb p\u00ebrbashk\u00ebt me posht\u00ebrsit\u00eb e Abdixhikut, me pabesit\u00eb e Hamz\u00ebs e as me idiotizmin banal t\u00eb Ramushit\u2026e sigurisht as edhe me dhelp\u00ebrit\u00eb neverit\u00ebse t\u00eb Vjos\u00ebs"},"content":{"rendered":"\n    <div class=\"xs_social_share_widget xs_share_url before_content \t\tmain_content  wslu-style-2 wslu-share-box-shaped wslu-fill-colored wslu-share-m-5 wslu-none wslu-share-vertical wslu-theme-font-no wslu-main_content\">\n\n\t\t\n        <ul>\n\t\t\t        <\/ul>\n    <\/div> \n<p>Nga Adriatik Riza Dosti<\/p>\n<p>Mua nuk me intereson\u2026madje hic fare se cfare idesh ka ne koke Albin Kurti marksiste, social demokrate, leniniste, majtiste, sorroiste , rilindase , komuniste , socialiste , demokratike , nacionaliste etj etj \u2026le ti mbaje per vete.<\/p>\n<p>Mua nuk me intereson gjithashtu hic fare se cili eshte idhulli i Albin Kurtit \u2026Mao Ce Duni, Brezhnjevi, Tito, Enveri, Fidel Kastro , Jon Kenedi , Ten Hsiao Pini , D.Trump etj etj \u2026le ti mbaje per vete .<\/p>\n<p>Mua nuk me kercet hic fare se c\u2019 prirje e c\u2019 idhuj apo edhe fotografite e kujt mban ne xhepin e tij e ne konakun e tij Albini.<\/p>\n<p>Mua nuk me intereson fort ngjyra e Maces \u2026boll qe te haje Miun \u2026ndaj dhe Albinit i vleresoj c\u2019ka po ben per Kosoven realisht e konkretisht me vepra konkrete e jo c\u2019 ka po thote a me ke po takohet e me ke po del ne fotografi.<\/p>\n<p>Mua me intereson para se gjithash e mbi gjithcka qe ai eshte patriot dhe e do vendin e vet\u2026eshte burre trim, i guximshem e kurajoz , e do popullin e tij \u2026e do Kosoven me shume se vetja ndaj dhe ja ka vene Vucicit e Serbise kufirin tek thana e si trembet syri prej kerkujt.<\/p>\n<p>Ndaj dhe ata e shqiptaro \u2013 serbet e tyre shqipfoles te Tiranes e te Prishtines nuk po lene gje pa bere e kthyer mbrapsht per ta rrezuar Albinin prej aty ku eshte.<\/p>\n<p>Shihni me kujdes se cilet jane ne krye te turmes rrugacerore e antishqiptare qe i jane turrur kaq egersisht Albinit dhe c\u2019 perfaqesojne ata dhe \u2026no comment.<\/p>\n<p>Albini eshte vet-vetja e nuk fshihet neper brekushet e Edi Rames e as mbrohet me fotografine e I.Rugoves nga pas shpine sic ben aq shpifur e abuzon asisoj fjala vjen Vjosa Osmani.<\/p>\n<p>Albini s\u2019 ka asgje te perbashket me poshtersite e Abdixhikut, me pa besite e Hamzes e as me injorancen e idiotizmin e lindur e banal te Ramushit\u2026e sigurisht as edhe me dhelperite neveritese te Vjoses .<\/p>\n<p>Mua me pelqen qe Albini eshte i drejte, serioz, korrekt, i sinqerte, i drejteperdrejte me gjithkend, publik , i pa korruptueshem, dhe i mencur e qe s\u2019 di me vjedh e as me u pasuru ne kurriz te vendit e te popullit te vet.<\/p>\n<p>Qe nuk merret me tendera e favorizime apo edhe pislliqe te tjera ne emer te pushtetit qe ka.<\/p>\n<p>Qe i ka dhene vendin e vet e dinjitetin qe i takon Diaspores se vendit te tij nderkohe qe te tjeret me kete fare Opozite antishqiptare ne krye i shane e i fyen rende motrat e vellezerit tane qe jetojne e punojne jashte Kosove \u2026.kur ata erdhen te votojne per vendin e popullin e tyre\u2026<\/p>\n<p>Ai jeton ne apartament me qera njesoj si ty o popull e qe ka ne llogarine e tij bankare aq sa c\u2019 kemi modestisht sejcili prej nesh qe jetojme me rroga e jo me para te pista .<\/p>\n<p>Qe s\u2019 eshte as i korruptuar e as abuzues me postin qe ka.<\/p>\n<p>Qe vendosi Shtetin ne veri te Kosoves e sot Mitrovica ndihet shqiptare me shume se kurre .<\/p>\n<p>Qe i falet ligjit e kushtetutes \u2026e ndaj po i denon kesisoj terroristet serbe , kriminelet e armiqte e Kosoves .<\/p>\n<p>Qe ka investuar e po investon dhe po e modernizon e armatos ushtrine e Republikes se Kosoves si kerkushi tjeter para tij .<\/p>\n<p>Qe po investon e po nxit prodhimtarine ne vend e po i gjindet bujkut e fshatit si kerkush tjeter.<\/p>\n<p>Qe do arsimim, rini te se nesermes, shendetesi, rend e polici, art -kulture e sport , ligj e drejtesi per te gjithe njesoj.<\/p>\n<p>Qe e ka ulur Kosoven me dinjitet si te barabarte me kedo ne arenen nderkombetare.<\/p>\n<p>Qe po mendon e kujdeset per grate , femijet e pleqte me ndihma e veprime konkrete e jo me fjale e as me genjeshtra e premtime boshe.<\/p>\n<p>Qe pensionistit po ja ben jeten me te lehte.<\/p>\n<p>Qe po lufton pasurimin e hajnine e atyre qe kane vjedhur e kerkojne ende te vjedhin duke u mbuluar me pallton e djeshme te luftes e duke abuzuar rende edhe me statusin e veteranit te saj.<\/p>\n<p>Eshte i vetem perballe lukunise se Ujqerve cilet po vazhdojne ti vene gure nen rrota atij , qeverise , shtetit , parlamentit e qeverisjes se tij ndaj dhe nuk ju intereson as zgjedhja e presidentit te ri, as mungesa e shtetit ,qeverise e parlamentit , as Kosova e populli i saj e hic gje fare\u2026<\/p>\n<p>Ata duan vetem nje gje\u2026te mos qeverise ai qe po gjurmon vjedhjet e hajdutlliqet e tyre\u2026pasurimin tyre te frikshem e te pa ligjshem \u2026ai qe kerkon ti vere ne bangon e te akuzuarve , nese gjenden fajtore ti fuse ne burg\u2026ai qe do qe milionat e vjedhura popullit te Kosoves ti rikthehen po ketij te fundit .<\/p>\n<p>E ndaj tek luftojne kaq egersisht Albinin duke e akuzuar me lloj lloj shpifjesh neveritese normal qe su bie kerkundi nder mend as per Kosove e as per popullin e saj.<\/p>\n<p>Popull hap syte\u2026shkoji pas te ndershmit, patriotit, trimit e te mencurit \u2026e mos bjere viktime e hajduteve , antishqiptareve e kelysheve te paguar te Beogradit qe s\u2019 kane lene gje pa bere e s\u2019 po lene gur pa kthyer mbrapsht ne dem te Kosoves \u2026vetem e vetem qe te kryqezojne e te rrezojne Albinin.<\/p>\n<p>Besojini e votojeni ate qe eshte popull si ju ani pse mban nje post te larte shteteror e qeveritar.<\/p>\n<p>Eshte fat qe Kosova e kombi shqiptar ne kete lloj situate te frikeshme globale ka ne krye nje si Albini.<\/p>\n<p>Mbeshtesni ate qe po e sulmojne poshtersisht mediat e kelyshet e saj te paguar po prej Beogradit e fatkeqesisht edhe prej Tirane \u2026 e mos degjoni prockat e Batoneve, Berateve , Editave, Vlorave , Hykmeteve e Ganave.<\/p>\n<p>Ani\u2026pema me kokrra qellohet thote populli.<\/p>\n<p>Albinit shkojini mbrapa per cfare ben per ju e vendin tuaj e lerjani ne koke idete e ideollogjite e tij sikurse edhe idhujt e tij ok \u2026<\/p>\n<p>Albini nuk eshte as gjeni e as perfekt , as zoti e as i pa gabueshmi as edhe nga ata qe ka imunitet nga gabimet por ama eshte i YTI Kosove , eshte biri yt e krenaria jote\u2026ndaj ruaje, mbroje e votoje se\u2026ke votuar per veten tende e per vendin tend.<\/p>\n<p>Ai qe eshte patriot, kurajoz , trim, i ndershem , qe nuk vjedh, nuk eshte i korruptuar, qe i ka duart e pastra , qe armikut i tregon gjoksin e jo shpinen, ai qe nuk abuzon e qe nuk tradheton vendin e popullin e vet e ai qe mendon vec per ty o popull eshte modeli qe duhet ndjekur.<\/p>\n","protected":false},"excerpt":{"rendered":"<p>Nga Adriatik Riza Dosti Mua nuk me intereson\u2026madje hic fare se cfare idesh ka ne koke Albin Kurti marksiste, social demokrate, leniniste, majtiste, sorroiste , rilindase , komuniste , socialiste , demokratike , nacionaliste etj etj \u2026le ti mbaje per vete. Mua nuk me intereson gjithashtu hic fare se cili eshte idhulli i Albin Kurtit [&hellip;]<\/p>\n","protected":false},"author":8,"featured_media":28615,"comment_status":"closed","ping_status":"closed","sticky":false,"template":"","format":"standard","meta":{"footnotes":""},"categories":[215,213],"tags":[],"class_list":["post-28614","post","type-post","status-publish","format-standard","has-post-thumbnail","hentry","category-kosove","category-lajme"],"yoast_head":"<!-- This site is optimized with the Yoast SEO plugin v25.1 - https:\/\/yoast.com\/wordpress\/plugins\/seo\/ -->\n<title>Albini s\u2019 ka asgj\u00eb t\u00eb p\u00ebrbashk\u00ebt me posht\u00ebrsit\u00eb e Abdixhikut, me pabesit\u00eb e Hamz\u00ebs e as me idiotizmin banal t\u00eb Ramushit\u2026e sigurisht as edhe me dhelp\u00ebrit\u00eb neverit\u00ebse t\u00eb Vjos\u00ebs - press7.tv<\/title>\n<meta name=\"robots\" content=\"index, follow, max-snippet:-1, max-image-preview:large, max-video-preview:-1\" \/>\n<link rel=\"canonical\" href=\"https:\/\/www.press7.tv\/?p=28614\" \/>\n<meta property=\"og:locale\" content=\"en_US\" \/>\n<meta property=\"og:type\" content=\"article\" \/>\n<meta property=\"og:title\" content=\"Albini s\u2019 ka asgj\u00eb t\u00eb p\u00ebrbashk\u00ebt me posht\u00ebrsit\u00eb e Abdixhikut, me pabesit\u00eb e Hamz\u00ebs e as me idiotizmin banal t\u00eb Ramushit\u2026e sigurisht as edhe me dhelp\u00ebrit\u00eb neverit\u00ebse t\u00eb Vjos\u00ebs - press7.tv\" \/>\n<meta property=\"og:description\" content=\"Nga Adriatik Riza Dosti Mua nuk me intereson\u2026madje hic fare se cfare idesh ka ne koke Albin Kurti marksiste, social demokrate, leniniste, majtiste, sorroiste , rilindase , komuniste , socialiste , demokratike , nacionaliste etj etj \u2026le ti mbaje per vete. Mua nuk me intereson gjithashtu hic fare se cili eshte idhulli i Albin Kurtit [&hellip;]\" \/>\n<meta property=\"og:url\" content=\"https:\/\/www.press7.tv\/?p=28614\" \/>\n<meta property=\"og:site_name\" content=\"press7.tv\" \/>\n<meta property=\"article:publisher\" content=\"https:\/\/www.facebook.com\/press7.tv\" \/>\n<meta property=\"article:published_time\" content=\"2026-05-01T09:50:27+00:00\" \/>\n<meta property=\"og:image\" content=\"https:\/\/www.press7.tv\/wp-content\/uploads\/2026\/05\/qwe-71-800x445-1.avif\" \/>\n\t<meta property=\"og:image:width\" content=\"800\" \/>\n\t<meta property=\"og:image:height\" content=\"445\" \/>\n\t<meta property=\"og:image:type\" content=\"image\/png\" \/>\n<meta name=\"author\" content=\"gazetar2\" \/>\n<meta name=\"twitter:card\" content=\"summary_large_image\" \/>\n<meta name=\"twitter:label1\" content=\"Written by\" \/>\n\t<meta name=\"twitter:data1\" content=\"gazetar2\" \/>\n<script type=\"application\/ld+json\" class=\"yoast-schema-graph\">{\"@context\":\"https:\/\/schema.org\",\"@graph\":[{\"@type\":\"Article\",\"@id\":\"https:\/\/www.press7.tv\/?p=28614#article\",\"isPartOf\":{\"@id\":\"https:\/\/www.press7.tv\/?p=28614\"},\"author\":{\"name\":\"gazetar2\",\"@id\":\"https:\/\/www.news33.tv\/#\/schema\/person\/5a04a38a23ccdba82f9bd665cd8f9efa\"},\"headline\":\"Albini s\u2019 ka asgj\u00eb t\u00eb p\u00ebrbashk\u00ebt me posht\u00ebrsit\u00eb e Abdixhikut, me pabesit\u00eb e Hamz\u00ebs e as me idiotizmin banal t\u00eb Ramushit\u2026e sigurisht as edhe me dhelp\u00ebrit\u00eb neverit\u00ebse t\u00eb Vjos\u00ebs\",\"datePublished\":\"2026-05-01T09:50:27+00:00\",\"mainEntityOfPage\":{\"@id\":\"https:\/\/www.press7.tv\/?p=28614\"},\"wordCount\":1125,\"publisher\":{\"@id\":\"https:\/\/www.news33.tv\/#organization\"},\"image\":{\"@id\":\"https:\/\/www.press7.tv\/?p=28614#primaryimage\"},\"thumbnailUrl\":\"https:\/\/www.press7.tv\/wp-content\/uploads\/2026\/05\/qwe-71-800x445-1.avif\",\"articleSection\":[\"Kosov\u00eb\",\"Lajme\"],\"inLanguage\":\"en-US\"},{\"@type\":\"WebPage\",\"@id\":\"https:\/\/www.press7.tv\/?p=28614\",\"url\":\"https:\/\/www.press7.tv\/?p=28614\",\"name\":\"Albini s\u2019 ka asgj\u00eb t\u00eb p\u00ebrbashk\u00ebt me posht\u00ebrsit\u00eb e Abdixhikut, me pabesit\u00eb e Hamz\u00ebs e as me idiotizmin banal t\u00eb Ramushit\u2026e sigurisht as edhe me dhelp\u00ebrit\u00eb neverit\u00ebse t\u00eb Vjos\u00ebs - press7.tv\",\"isPartOf\":{\"@id\":\"https:\/\/www.news33.tv\/#website\"},\"primaryImageOfPage\":{\"@id\":\"https:\/\/www.press7.tv\/?p=28614#primaryimage\"},\"image\":{\"@id\":\"https:\/\/www.press7.tv\/?p=28614#primaryimage\"},\"thumbnailUrl\":\"https:\/\/www.press7.tv\/wp-content\/uploads\/2026\/05\/qwe-71-800x445-1.avif\",\"datePublished\":\"2026-05-01T09:50:27+00:00\",\"breadcrumb\":{\"@id\":\"https:\/\/www.press7.tv\/?p=28614#breadcrumb\"},\"inLanguage\":\"en-US\",\"potentialAction\":[{\"@type\":\"ReadAction\",\"target\":[\"https:\/\/www.press7.tv\/?p=28614\"]}]},{\"@type\":\"ImageObject\",\"inLanguage\":\"en-US\",\"@id\":\"https:\/\/www.press7.tv\/?p=28614#primaryimage\",\"url\":\"https:\/\/www.press7.tv\/wp-content\/uploads\/2026\/05\/qwe-71-800x445-1.avif\",\"contentUrl\":\"https:\/\/www.press7.tv\/wp-content\/uploads\/2026\/05\/qwe-71-800x445-1.avif\",\"width\":800,\"height\":445},{\"@type\":\"BreadcrumbList\",\"@id\":\"https:\/\/www.press7.tv\/?p=28614#breadcrumb\",\"itemListElement\":[{\"@type\":\"ListItem\",\"position\":1,\"name\":\"Home\",\"item\":\"https:\/\/www.press7.tv\/\"},{\"@type\":\"ListItem\",\"position\":2,\"name\":\"Albini s\u2019 ka asgj\u00eb t\u00eb p\u00ebrbashk\u00ebt me posht\u00ebrsit\u00eb e Abdixhikut, me pabesit\u00eb e Hamz\u00ebs e as me idiotizmin banal t\u00eb Ramushit\u2026e sigurisht as edhe me dhelp\u00ebrit\u00eb neverit\u00ebse t\u00eb Vjos\u00ebs\"}]},{\"@type\":\"WebSite\",\"@id\":\"https:\/\/www.news33.tv\/#website\",\"url\":\"https:\/\/www.news33.tv\/\",\"name\":\"News33.tv Media\",\"description\":\"Media\",\"publisher\":{\"@id\":\"https:\/\/www.news33.tv\/#organization\"},\"potentialAction\":[{\"@type\":\"SearchAction\",\"target\":{\"@type\":\"EntryPoint\",\"urlTemplate\":\"https:\/\/www.news33.tv\/?s={search_term_string}\"},\"query-input\":{\"@type\":\"PropertyValueSpecification\",\"valueRequired\":true,\"valueName\":\"search_term_string\"}}],\"inLanguage\":\"en-US\"},{\"@type\":\"Organization\",\"@id\":\"https:\/\/www.news33.tv\/#organization\",\"name\":\"News33.tv Media\",\"url\":\"https:\/\/www.news33.tv\/\",\"logo\":{\"@type\":\"ImageObject\",\"inLanguage\":\"en-US\",\"@id\":\"https:\/\/www.news33.tv\/#\/schema\/logo\/image\/\",\"url\":\"https:\/\/www.press7.tv\/wp-content\/uploads\/2024\/02\/logo-news33-black.png\",\"contentUrl\":\"https:\/\/www.press7.tv\/wp-content\/uploads\/2024\/02\/logo-news33-black.png\",\"width\":180,\"height\":37,\"caption\":\"News33.tv Media\"},\"image\":{\"@id\":\"https:\/\/www.news33.tv\/#\/schema\/logo\/image\/\"},\"sameAs\":[\"https:\/\/www.facebook.com\/press7.tv\"]},{\"@type\":\"Person\",\"@id\":\"https:\/\/www.news33.tv\/#\/schema\/person\/5a04a38a23ccdba82f9bd665cd8f9efa\",\"name\":\"gazetar2\",\"image\":{\"@type\":\"ImageObject\",\"inLanguage\":\"en-US\",\"@id\":\"https:\/\/www.news33.tv\/#\/schema\/person\/image\/\",\"url\":\"https:\/\/www.press7.tv\/wp-content\/litespeed\/avatar\/41975e402c3049d9ddb03adca8f7a883.jpg?ver=1777169572\",\"contentUrl\":\"https:\/\/www.press7.tv\/wp-content\/litespeed\/avatar\/41975e402c3049d9ddb03adca8f7a883.jpg?ver=1777169572\",\"caption\":\"gazetar2\"},\"url\":\"https:\/\/www.press7.tv\/?author=8\"}]}<\/script>\n<!-- \/ Yoast SEO plugin. -->","yoast_head_json":{"title":"Albini s\u2019 ka asgj\u00eb t\u00eb p\u00ebrbashk\u00ebt me posht\u00ebrsit\u00eb e Abdixhikut, me pabesit\u00eb e Hamz\u00ebs e as me idiotizmin banal t\u00eb Ramushit\u2026e sigurisht as edhe me dhelp\u00ebrit\u00eb neverit\u00ebse t\u00eb Vjos\u00ebs - press7.tv","robots":{"index":"index","follow":"follow","max-snippet":"max-snippet:-1","max-image-preview":"max-image-preview:large","max-video-preview":"max-video-preview:-1"},"canonical":"https:\/\/www.press7.tv\/?p=28614","og_locale":"en_US","og_type":"article","og_title":"Albini s\u2019 ka asgj\u00eb t\u00eb p\u00ebrbashk\u00ebt me posht\u00ebrsit\u00eb e Abdixhikut, me pabesit\u00eb e Hamz\u00ebs e as me idiotizmin banal t\u00eb Ramushit\u2026e sigurisht as edhe me dhelp\u00ebrit\u00eb neverit\u00ebse t\u00eb Vjos\u00ebs - press7.tv","og_description":"Nga Adriatik Riza Dosti Mua nuk me intereson\u2026madje hic fare se cfare idesh ka ne koke Albin Kurti marksiste, social demokrate, leniniste, majtiste, sorroiste , rilindase , komuniste , socialiste , demokratike , nacionaliste etj etj \u2026le ti mbaje per vete. Mua nuk me intereson gjithashtu hic fare se cili eshte idhulli i Albin Kurtit [&hellip;]","og_url":"https:\/\/www.press7.tv\/?p=28614","og_site_name":"press7.tv","article_publisher":"https:\/\/www.facebook.com\/press7.tv","article_published_time":"2026-05-01T09:50:27+00:00","og_image":[{"width":800,"height":445,"url":"https:\/\/www.press7.tv\/wp-content\/uploads\/2026\/05\/qwe-71-800x445-1.avif","type":"image\/png"}],"author":"gazetar2","twitter_card":"summary_large_image","twitter_misc":{"Written by":"gazetar2"},"schema":{"@context":"https:\/\/schema.org","@graph":[{"@type":"Article","@id":"https:\/\/www.press7.tv\/?p=28614#article","isPartOf":{"@id":"https:\/\/www.press7.tv\/?p=28614"},"author":{"name":"gazetar2","@id":"https:\/\/www.news33.tv\/#\/schema\/person\/5a04a38a23ccdba82f9bd665cd8f9efa"},"headline":"Albini s\u2019 ka asgj\u00eb t\u00eb p\u00ebrbashk\u00ebt me posht\u00ebrsit\u00eb e Abdixhikut, me pabesit\u00eb e Hamz\u00ebs e as me idiotizmin banal t\u00eb Ramushit\u2026e sigurisht as edhe me dhelp\u00ebrit\u00eb neverit\u00ebse t\u00eb Vjos\u00ebs","datePublished":"2026-05-01T09:50:27+00:00","mainEntityOfPage":{"@id":"https:\/\/www.press7.tv\/?p=28614"},"wordCount":1125,"publisher":{"@id":"https:\/\/www.news33.tv\/#organization"},"image":{"@id":"https:\/\/www.press7.tv\/?p=28614#primaryimage"},"thumbnailUrl":"https:\/\/www.press7.tv\/wp-content\/uploads\/2026\/05\/qwe-71-800x445-1.avif","articleSection":["Kosov\u00eb","Lajme"],"inLanguage":"en-US"},{"@type":"WebPage","@id":"https:\/\/www.press7.tv\/?p=28614","url":"https:\/\/www.press7.tv\/?p=28614","name":"Albini s\u2019 ka asgj\u00eb t\u00eb p\u00ebrbashk\u00ebt me posht\u00ebrsit\u00eb e Abdixhikut, me pabesit\u00eb e Hamz\u00ebs e as me idiotizmin banal t\u00eb Ramushit\u2026e sigurisht as edhe me dhelp\u00ebrit\u00eb neverit\u00ebse t\u00eb Vjos\u00ebs - press7.tv","isPartOf":{"@id":"https:\/\/www.news33.tv\/#website"},"primaryImageOfPage":{"@id":"https:\/\/www.press7.tv\/?p=28614#primaryimage"},"image":{"@id":"https:\/\/www.press7.tv\/?p=28614#primaryimage"},"thumbnailUrl":"https:\/\/www.press7.tv\/wp-content\/uploads\/2026\/05\/qwe-71-800x445-1.avif","datePublished":"2026-05-01T09:50:27+00:00","breadcrumb":{"@id":"https:\/\/www.press7.tv\/?p=28614#breadcrumb"},"inLanguage":"en-US","potentialAction":[{"@type":"ReadAction","target":["https:\/\/www.press7.tv\/?p=28614"]}]},{"@type":"ImageObject","inLanguage":"en-US","@id":"https:\/\/www.press7.tv\/?p=28614#primaryimage","url":"https:\/\/www.press7.tv\/wp-content\/uploads\/2026\/05\/qwe-71-800x445-1.avif","contentUrl":"https:\/\/www.press7.tv\/wp-content\/uploads\/2026\/05\/qwe-71-800x445-1.avif","width":800,"height":445},{"@type":"BreadcrumbList","@id":"https:\/\/www.press7.tv\/?p=28614#breadcrumb","itemListElement":[{"@type":"ListItem","position":1,"name":"Home","item":"https:\/\/www.press7.tv\/"},{"@type":"ListItem","position":2,"name":"Albini s\u2019 ka asgj\u00eb t\u00eb p\u00ebrbashk\u00ebt me posht\u00ebrsit\u00eb e Abdixhikut, me pabesit\u00eb e Hamz\u00ebs e as me idiotizmin banal t\u00eb Ramushit\u2026e sigurisht as edhe me dhelp\u00ebrit\u00eb neverit\u00ebse t\u00eb Vjos\u00ebs"}]},{"@type":"WebSite","@id":"https:\/\/www.news33.tv\/#website","url":"https:\/\/www.news33.tv\/","name":"News33.tv Media","description":"Media","publisher":{"@id":"https:\/\/www.news33.tv\/#organization"},"potentialAction":[{"@type":"SearchAction","target":{"@type":"EntryPoint","urlTemplate":"https:\/\/www.news33.tv\/?s={search_term_string}"},"query-input":{"@type":"PropertyValueSpecification","valueRequired":true,"valueName":"search_term_string"}}],"inLanguage":"en-US"},{"@type":"Organization","@id":"https:\/\/www.news33.tv\/#organization","name":"News33.tv Media","url":"https:\/\/www.news33.tv\/","logo":{"@type":"ImageObject","inLanguage":"en-US","@id":"https:\/\/www.news33.tv\/#\/schema\/logo\/image\/","url":"https:\/\/www.press7.tv\/wp-content\/uploads\/2024\/02\/logo-news33-black.png","contentUrl":"https:\/\/www.press7.tv\/wp-content\/uploads\/2024\/02\/logo-news33-black.png","width":180,"height":37,"caption":"News33.tv Media"},"image":{"@id":"https:\/\/www.news33.tv\/#\/schema\/logo\/image\/"},"sameAs":["https:\/\/www.facebook.com\/press7.tv"]},{"@type":"Person","@id":"https:\/\/www.news33.tv\/#\/schema\/person\/5a04a38a23ccdba82f9bd665cd8f9efa","name":"gazetar2","image":{"@type":"ImageObject","inLanguage":"en-US","@id":"https:\/\/www.news33.tv\/#\/schema\/person\/image\/","url":"https:\/\/www.press7.tv\/wp-content\/litespeed\/avatar\/41975e402c3049d9ddb03adca8f7a883.jpg?ver=1777169572","contentUrl":"https:\/\/www.press7.tv\/wp-content\/litespeed\/avatar\/41975e402c3049d9ddb03adca8f7a883.jpg?ver=1777169572","caption":"gazetar2"},"url":"https:\/\/www.press7.tv\/?author=8"}]}},"amp_enabled":true,"_links":{"self":[{"href":"https:\/\/www.press7.tv\/index.php?rest_route=\/wp\/v2\/posts\/28614","targetHints":{"allow":["GET"]}}],"collection":[{"href":"https:\/\/www.press7.tv\/index.php?rest_route=\/wp\/v2\/posts"}],"about":[{"href":"https:\/\/www.press7.tv\/index.php?rest_route=\/wp\/v2\/types\/post"}],"author":[{"embeddable":true,"href":"https:\/\/www.press7.tv\/index.php?rest_route=\/wp\/v2\/users\/8"}],"replies":[{"embeddable":true,"href":"https:\/\/www.press7.tv\/index.php?rest_route=%2Fwp%2Fv2%2Fcomments&post=28614"}],"version-history":[{"count":1,"href":"https:\/\/www.press7.tv\/index.php?rest_route=\/wp\/v2\/posts\/28614\/revisions"}],"predecessor-version":[{"id":28616,"href":"https:\/\/www.press7.tv\/index.php?rest_route=\/wp\/v2\/posts\/28614\/revisions\/28616"}],"wp:featuredmedia":[{"embeddable":true,"href":"https:\/\/www.press7.tv\/index.php?rest_route=\/wp\/v2\/media\/28615"}],"wp:attachment":[{"href":"https:\/\/www.press7.tv\/index.php?rest_route=%2Fwp%2Fv2%2Fmedia&parent=28614"}],"wp:term":[{"taxonomy":"category","embeddable":true,"href":"https:\/\/www.press7.tv\/index.php?rest_route=%2Fwp%2Fv2%2Fcategories&post=28614"},{"taxonomy":"post_tag","embeddable":true,"href":"https:\/\/www.press7.tv\/index.php?rest_route=%2Fwp%2Fv2%2Ftags&post=28614"}],"curies":[{"name":"wp","href":"https:\/\/api.w.org\/{rel}","templated":true}]}}