{"id":28611,"date":"2026-05-01T09:16:22","date_gmt":"2026-05-01T09:16:22","guid":{"rendered":"https:\/\/www.press7.tv\/?p=28611"},"modified":"2026-05-01T09:16:22","modified_gmt":"2026-05-01T09:16:22","slug":"bashkimi-evropian-pezullon-pagesat-per-serbine","status":"publish","type":"post","link":"https:\/\/www.press7.tv\/?p=28611","title":{"rendered":"Bashkimi Evropian pezullon pagesat p\u00ebr Serbin\u00eb"},"content":{"rendered":"\n    <div class=\"xs_social_share_widget xs_share_url before_content \t\tmain_content  wslu-style-2 wslu-share-box-shaped wslu-fill-colored wslu-share-m-5 wslu-none wslu-share-vertical wslu-theme-font-no wslu-main_content\">\n\n\t\t\n        <ul>\n\t\t\t        <\/ul>\n    <\/div> \n<p>Bashkimi Evropian ka pezulluar pagesat e mb\u00ebshtetjes financiare p\u00ebr Serbin\u00eb, sipas Planit Evropian t\u00eb Zhvillimit, p\u00ebr shkak t\u00eb pengesave n\u00eb funksionimin e gjyq\u00ebsorit.<\/p>\n<p>Komisionerja Evropiane p\u00ebr Zgjerim, Marta Kos, njoftoi se fondet do t\u00eb mbeten t\u00eb ngrira derisa Beogradi t\u00eb korrigjoj\u00eb problemet e identifikuara n\u00eb sistemin gjyq\u00ebsor.<\/p>\n<p>\u201cN\u00eb k\u00ebt\u00eb pik\u00eb, ne kemi pezulluar t\u00eb gjitha pagesat p\u00ebr Serbin\u00eb sipas planit t\u00eb zhvillimit, sepse po shohim p\u00ebrs\u00ebri nj\u00eb penges\u00eb n\u00eb sistemin gjyq\u00ebsor. Derisa kjo t\u00eb korrigjohet, vendi nuk do t\u00eb jet\u00eb n\u00eb gjendje t\u00eb marr\u00eb mb\u00ebshtetje financiare nga BE-ja.\u201d<\/p>\n<p>Ky vendim vjen n\u00eb nj\u00eb koh\u00eb kur brenda institucioneve t\u00eb Bashkimit Evropian po zhvillohen diskutime t\u00eb intensifikuara p\u00ebr vazhdimin e mb\u00ebshtetjes financiare p\u00ebr Serbin\u00eb dhe progresin e saj n\u00eb rrug\u00ebn evropiane.<\/p>\n<p>Sipas disa raporteve, BE-ja po shqyrton gjithashtu mund\u00ebsin\u00eb e bllokimit t\u00eb rreth 1.5 miliard\u00eb eurove ndihm\u00eb p\u00ebr Serbin\u00eb, duke p\u00ebrfshir\u00eb si nj\u00eb faktor ndikues marr\u00ebdh\u00ebniet e Beogradit me Rusin\u00eb.<\/p>\n","protected":false},"excerpt":{"rendered":"<p>Bashkimi Evropian ka pezulluar pagesat e mb\u00ebshtetjes financiare p\u00ebr Serbin\u00eb, sipas Planit Evropian t\u00eb Zhvillimit, p\u00ebr shkak t\u00eb pengesave n\u00eb funksionimin e gjyq\u00ebsorit. Komisionerja Evropiane p\u00ebr Zgjerim, Marta Kos, njoftoi se fondet do t\u00eb mbeten t\u00eb ngrira derisa Beogradi t\u00eb korrigjoj\u00eb problemet e identifikuara n\u00eb sistemin gjyq\u00ebsor. \u201cN\u00eb k\u00ebt\u00eb pik\u00eb, ne kemi pezulluar t\u00eb gjitha [&hellip;]<\/p>\n","protected":false},"author":8,"featured_media":28612,"comment_status":"closed","ping_status":"closed","sticky":false,"template":"","format":"standard","meta":{"footnotes":""},"categories":[219],"tags":[],"class_list":["post-28611","post","type-post","status-publish","format-standard","has-post-thumbnail","hentry","category-rajon"],"yoast_head":"<!-- This site is optimized with the Yoast SEO plugin v25.1 - https:\/\/yoast.com\/wordpress\/plugins\/seo\/ -->\n<title>Bashkimi Evropian pezullon pagesat p\u00ebr Serbin\u00eb - press7.tv<\/title>\n<meta name=\"robots\" content=\"index, follow, max-snippet:-1, max-image-preview:large, max-video-preview:-1\" \/>\n<link rel=\"canonical\" href=\"https:\/\/www.press7.tv\/?p=28611\" \/>\n<meta property=\"og:locale\" content=\"en_US\" \/>\n<meta property=\"og:type\" content=\"article\" \/>\n<meta property=\"og:title\" content=\"Bashkimi Evropian pezullon pagesat p\u00ebr Serbin\u00eb - press7.tv\" \/>\n<meta property=\"og:description\" content=\"Bashkimi Evropian ka pezulluar pagesat e mb\u00ebshtetjes financiare p\u00ebr Serbin\u00eb, sipas Planit Evropian t\u00eb Zhvillimit, p\u00ebr shkak t\u00eb pengesave n\u00eb funksionimin e gjyq\u00ebsorit. Komisionerja Evropiane p\u00ebr Zgjerim, Marta Kos, njoftoi se fondet do t\u00eb mbeten t\u00eb ngrira derisa Beogradi t\u00eb korrigjoj\u00eb problemet e identifikuara n\u00eb sistemin gjyq\u00ebsor. \u201cN\u00eb k\u00ebt\u00eb pik\u00eb, ne kemi pezulluar t\u00eb gjitha [&hellip;]\" \/>\n<meta property=\"og:url\" content=\"https:\/\/www.press7.tv\/?p=28611\" \/>\n<meta property=\"og:site_name\" content=\"press7.tv\" \/>\n<meta property=\"article:publisher\" content=\"https:\/\/www.facebook.com\/press7.tv\" \/>\n<meta property=\"article:published_time\" content=\"2026-05-01T09:16:22+00:00\" \/>\n<meta property=\"og:image\" content=\"https:\/\/www.press7.tv\/wp-content\/uploads\/2026\/05\/IMG_0359.avif\" \/>\n\t<meta property=\"og:image:width\" content=\"899\" \/>\n\t<meta property=\"og:image:height\" content=\"500\" \/>\n\t<meta property=\"og:image:type\" content=\"image\/jpeg\" \/>\n<meta name=\"author\" content=\"gazetar2\" \/>\n<meta name=\"twitter:card\" content=\"summary_large_image\" \/>\n<meta name=\"twitter:label1\" content=\"Written by\" \/>\n\t<meta name=\"twitter:data1\" content=\"gazetar2\" \/>\n<script type=\"application\/ld+json\" class=\"yoast-schema-graph\">{\"@context\":\"https:\/\/schema.org\",\"@graph\":[{\"@type\":\"Article\",\"@id\":\"https:\/\/www.press7.tv\/?p=28611#article\",\"isPartOf\":{\"@id\":\"https:\/\/www.press7.tv\/?p=28611\"},\"author\":{\"name\":\"gazetar2\",\"@id\":\"https:\/\/www.news33.tv\/#\/schema\/person\/5a04a38a23ccdba82f9bd665cd8f9efa\"},\"headline\":\"Bashkimi Evropian pezullon pagesat p\u00ebr Serbin\u00eb\",\"datePublished\":\"2026-05-01T09:16:22+00:00\",\"mainEntityOfPage\":{\"@id\":\"https:\/\/www.press7.tv\/?p=28611\"},\"wordCount\":175,\"publisher\":{\"@id\":\"https:\/\/www.news33.tv\/#organization\"},\"image\":{\"@id\":\"https:\/\/www.press7.tv\/?p=28611#primaryimage\"},\"thumbnailUrl\":\"https:\/\/www.press7.tv\/wp-content\/uploads\/2026\/05\/IMG_0359.avif\",\"articleSection\":[\"Rajon\"],\"inLanguage\":\"en-US\"},{\"@type\":\"WebPage\",\"@id\":\"https:\/\/www.press7.tv\/?p=28611\",\"url\":\"https:\/\/www.press7.tv\/?p=28611\",\"name\":\"Bashkimi Evropian pezullon pagesat p\u00ebr Serbin\u00eb - press7.tv\",\"isPartOf\":{\"@id\":\"https:\/\/www.news33.tv\/#website\"},\"primaryImageOfPage\":{\"@id\":\"https:\/\/www.press7.tv\/?p=28611#primaryimage\"},\"image\":{\"@id\":\"https:\/\/www.press7.tv\/?p=28611#primaryimage\"},\"thumbnailUrl\":\"https:\/\/www.press7.tv\/wp-content\/uploads\/2026\/05\/IMG_0359.avif\",\"datePublished\":\"2026-05-01T09:16:22+00:00\",\"breadcrumb\":{\"@id\":\"https:\/\/www.press7.tv\/?p=28611#breadcrumb\"},\"inLanguage\":\"en-US\",\"potentialAction\":[{\"@type\":\"ReadAction\",\"target\":[\"https:\/\/www.press7.tv\/?p=28611\"]}]},{\"@type\":\"ImageObject\",\"inLanguage\":\"en-US\",\"@id\":\"https:\/\/www.press7.tv\/?p=28611#primaryimage\",\"url\":\"https:\/\/www.press7.tv\/wp-content\/uploads\/2026\/05\/IMG_0359.avif\",\"contentUrl\":\"https:\/\/www.press7.tv\/wp-content\/uploads\/2026\/05\/IMG_0359.avif\",\"width\":899,\"height\":500},{\"@type\":\"BreadcrumbList\",\"@id\":\"https:\/\/www.press7.tv\/?p=28611#breadcrumb\",\"itemListElement\":[{\"@type\":\"ListItem\",\"position\":1,\"name\":\"Home\",\"item\":\"https:\/\/www.press7.tv\/\"},{\"@type\":\"ListItem\",\"position\":2,\"name\":\"Bashkimi Evropian pezullon pagesat p\u00ebr Serbin\u00eb\"}]},{\"@type\":\"WebSite\",\"@id\":\"https:\/\/www.news33.tv\/#website\",\"url\":\"https:\/\/www.news33.tv\/\",\"name\":\"News33.tv Media\",\"description\":\"Media\",\"publisher\":{\"@id\":\"https:\/\/www.news33.tv\/#organization\"},\"potentialAction\":[{\"@type\":\"SearchAction\",\"target\":{\"@type\":\"EntryPoint\",\"urlTemplate\":\"https:\/\/www.news33.tv\/?s={search_term_string}\"},\"query-input\":{\"@type\":\"PropertyValueSpecification\",\"valueRequired\":true,\"valueName\":\"search_term_string\"}}],\"inLanguage\":\"en-US\"},{\"@type\":\"Organization\",\"@id\":\"https:\/\/www.news33.tv\/#organization\",\"name\":\"News33.tv Media\",\"url\":\"https:\/\/www.news33.tv\/\",\"logo\":{\"@type\":\"ImageObject\",\"inLanguage\":\"en-US\",\"@id\":\"https:\/\/www.news33.tv\/#\/schema\/logo\/image\/\",\"url\":\"https:\/\/www.press7.tv\/wp-content\/uploads\/2024\/02\/logo-news33-black.png\",\"contentUrl\":\"https:\/\/www.press7.tv\/wp-content\/uploads\/2024\/02\/logo-news33-black.png\",\"width\":180,\"height\":37,\"caption\":\"News33.tv Media\"},\"image\":{\"@id\":\"https:\/\/www.news33.tv\/#\/schema\/logo\/image\/\"},\"sameAs\":[\"https:\/\/www.facebook.com\/press7.tv\"]},{\"@type\":\"Person\",\"@id\":\"https:\/\/www.news33.tv\/#\/schema\/person\/5a04a38a23ccdba82f9bd665cd8f9efa\",\"name\":\"gazetar2\",\"image\":{\"@type\":\"ImageObject\",\"inLanguage\":\"en-US\",\"@id\":\"https:\/\/www.news33.tv\/#\/schema\/person\/image\/\",\"url\":\"https:\/\/www.press7.tv\/wp-content\/litespeed\/avatar\/41975e402c3049d9ddb03adca8f7a883.jpg?ver=1777169572\",\"contentUrl\":\"https:\/\/www.press7.tv\/wp-content\/litespeed\/avatar\/41975e402c3049d9ddb03adca8f7a883.jpg?ver=1777169572\",\"caption\":\"gazetar2\"},\"url\":\"https:\/\/www.press7.tv\/?author=8\"}]}<\/script>\n<!-- \/ Yoast SEO plugin. -->","yoast_head_json":{"title":"Bashkimi Evropian pezullon pagesat p\u00ebr Serbin\u00eb - press7.tv","robots":{"index":"index","follow":"follow","max-snippet":"max-snippet:-1","max-image-preview":"max-image-preview:large","max-video-preview":"max-video-preview:-1"},"canonical":"https:\/\/www.press7.tv\/?p=28611","og_locale":"en_US","og_type":"article","og_title":"Bashkimi Evropian pezullon pagesat p\u00ebr Serbin\u00eb - press7.tv","og_description":"Bashkimi Evropian ka pezulluar pagesat e mb\u00ebshtetjes financiare p\u00ebr Serbin\u00eb, sipas Planit Evropian t\u00eb Zhvillimit, p\u00ebr shkak t\u00eb pengesave n\u00eb funksionimin e gjyq\u00ebsorit. Komisionerja Evropiane p\u00ebr Zgjerim, Marta Kos, njoftoi se fondet do t\u00eb mbeten t\u00eb ngrira derisa Beogradi t\u00eb korrigjoj\u00eb problemet e identifikuara n\u00eb sistemin gjyq\u00ebsor. \u201cN\u00eb k\u00ebt\u00eb pik\u00eb, ne kemi pezulluar t\u00eb gjitha [&hellip;]","og_url":"https:\/\/www.press7.tv\/?p=28611","og_site_name":"press7.tv","article_publisher":"https:\/\/www.facebook.com\/press7.tv","article_published_time":"2026-05-01T09:16:22+00:00","og_image":[{"width":899,"height":500,"url":"https:\/\/www.press7.tv\/wp-content\/uploads\/2026\/05\/IMG_0359.avif","type":"image\/jpeg"}],"author":"gazetar2","twitter_card":"summary_large_image","twitter_misc":{"Written by":"gazetar2"},"schema":{"@context":"https:\/\/schema.org","@graph":[{"@type":"Article","@id":"https:\/\/www.press7.tv\/?p=28611#article","isPartOf":{"@id":"https:\/\/www.press7.tv\/?p=28611"},"author":{"name":"gazetar2","@id":"https:\/\/www.news33.tv\/#\/schema\/person\/5a04a38a23ccdba82f9bd665cd8f9efa"},"headline":"Bashkimi Evropian pezullon pagesat p\u00ebr Serbin\u00eb","datePublished":"2026-05-01T09:16:22+00:00","mainEntityOfPage":{"@id":"https:\/\/www.press7.tv\/?p=28611"},"wordCount":175,"publisher":{"@id":"https:\/\/www.news33.tv\/#organization"},"image":{"@id":"https:\/\/www.press7.tv\/?p=28611#primaryimage"},"thumbnailUrl":"https:\/\/www.press7.tv\/wp-content\/uploads\/2026\/05\/IMG_0359.avif","articleSection":["Rajon"],"inLanguage":"en-US"},{"@type":"WebPage","@id":"https:\/\/www.press7.tv\/?p=28611","url":"https:\/\/www.press7.tv\/?p=28611","name":"Bashkimi Evropian pezullon pagesat p\u00ebr Serbin\u00eb - press7.tv","isPartOf":{"@id":"https:\/\/www.news33.tv\/#website"},"primaryImageOfPage":{"@id":"https:\/\/www.press7.tv\/?p=28611#primaryimage"},"image":{"@id":"https:\/\/www.press7.tv\/?p=28611#primaryimage"},"thumbnailUrl":"https:\/\/www.press7.tv\/wp-content\/uploads\/2026\/05\/IMG_0359.avif","datePublished":"2026-05-01T09:16:22+00:00","breadcrumb":{"@id":"https:\/\/www.press7.tv\/?p=28611#breadcrumb"},"inLanguage":"en-US","potentialAction":[{"@type":"ReadAction","target":["https:\/\/www.press7.tv\/?p=28611"]}]},{"@type":"ImageObject","inLanguage":"en-US","@id":"https:\/\/www.press7.tv\/?p=28611#primaryimage","url":"https:\/\/www.press7.tv\/wp-content\/uploads\/2026\/05\/IMG_0359.avif","contentUrl":"https:\/\/www.press7.tv\/wp-content\/uploads\/2026\/05\/IMG_0359.avif","width":899,"height":500},{"@type":"BreadcrumbList","@id":"https:\/\/www.press7.tv\/?p=28611#breadcrumb","itemListElement":[{"@type":"ListItem","position":1,"name":"Home","item":"https:\/\/www.press7.tv\/"},{"@type":"ListItem","position":2,"name":"Bashkimi Evropian pezullon pagesat p\u00ebr Serbin\u00eb"}]},{"@type":"WebSite","@id":"https:\/\/www.news33.tv\/#website","url":"https:\/\/www.news33.tv\/","name":"News33.tv Media","description":"Media","publisher":{"@id":"https:\/\/www.news33.tv\/#organization"},"potentialAction":[{"@type":"SearchAction","target":{"@type":"EntryPoint","urlTemplate":"https:\/\/www.news33.tv\/?s={search_term_string}"},"query-input":{"@type":"PropertyValueSpecification","valueRequired":true,"valueName":"search_term_string"}}],"inLanguage":"en-US"},{"@type":"Organization","@id":"https:\/\/www.news33.tv\/#organization","name":"News33.tv Media","url":"https:\/\/www.news33.tv\/","logo":{"@type":"ImageObject","inLanguage":"en-US","@id":"https:\/\/www.news33.tv\/#\/schema\/logo\/image\/","url":"https:\/\/www.press7.tv\/wp-content\/uploads\/2024\/02\/logo-news33-black.png","contentUrl":"https:\/\/www.press7.tv\/wp-content\/uploads\/2024\/02\/logo-news33-black.png","width":180,"height":37,"caption":"News33.tv Media"},"image":{"@id":"https:\/\/www.news33.tv\/#\/schema\/logo\/image\/"},"sameAs":["https:\/\/www.facebook.com\/press7.tv"]},{"@type":"Person","@id":"https:\/\/www.news33.tv\/#\/schema\/person\/5a04a38a23ccdba82f9bd665cd8f9efa","name":"gazetar2","image":{"@type":"ImageObject","inLanguage":"en-US","@id":"https:\/\/www.news33.tv\/#\/schema\/person\/image\/","url":"https:\/\/www.press7.tv\/wp-content\/litespeed\/avatar\/41975e402c3049d9ddb03adca8f7a883.jpg?ver=1777169572","contentUrl":"https:\/\/www.press7.tv\/wp-content\/litespeed\/avatar\/41975e402c3049d9ddb03adca8f7a883.jpg?ver=1777169572","caption":"gazetar2"},"url":"https:\/\/www.press7.tv\/?author=8"}]}},"amp_enabled":true,"_links":{"self":[{"href":"https:\/\/www.press7.tv\/index.php?rest_route=\/wp\/v2\/posts\/28611","targetHints":{"allow":["GET"]}}],"collection":[{"href":"https:\/\/www.press7.tv\/index.php?rest_route=\/wp\/v2\/posts"}],"about":[{"href":"https:\/\/www.press7.tv\/index.php?rest_route=\/wp\/v2\/types\/post"}],"author":[{"embeddable":true,"href":"https:\/\/www.press7.tv\/index.php?rest_route=\/wp\/v2\/users\/8"}],"replies":[{"embeddable":true,"href":"https:\/\/www.press7.tv\/index.php?rest_route=%2Fwp%2Fv2%2Fcomments&post=28611"}],"version-history":[{"count":1,"href":"https:\/\/www.press7.tv\/index.php?rest_route=\/wp\/v2\/posts\/28611\/revisions"}],"predecessor-version":[{"id":28613,"href":"https:\/\/www.press7.tv\/index.php?rest_route=\/wp\/v2\/posts\/28611\/revisions\/28613"}],"wp:featuredmedia":[{"embeddable":true,"href":"https:\/\/www.press7.tv\/index.php?rest_route=\/wp\/v2\/media\/28612"}],"wp:attachment":[{"href":"https:\/\/www.press7.tv\/index.php?rest_route=%2Fwp%2Fv2%2Fmedia&parent=28611"}],"wp:term":[{"taxonomy":"category","embeddable":true,"href":"https:\/\/www.press7.tv\/index.php?rest_route=%2Fwp%2Fv2%2Fcategories&post=28611"},{"taxonomy":"post_tag","embeddable":true,"href":"https:\/\/www.press7.tv\/index.php?rest_route=%2Fwp%2Fv2%2Ftags&post=28611"}],"curies":[{"name":"wp","href":"https:\/\/api.w.org\/{rel}","templated":true}]}}