{"id":28586,"date":"2026-04-30T13:43:15","date_gmt":"2026-04-30T13:43:15","guid":{"rendered":"https:\/\/www.press7.tv\/?p=28586"},"modified":"2026-04-30T13:43:15","modified_gmt":"2026-04-30T13:43:15","slug":"raporti-britanik-ngre-alarmin-per-gjyqin-ne-hage-roli-i-gjyqtareve-rrezikon-barazine-mes-paleve","status":"publish","type":"post","link":"https:\/\/www.press7.tv\/?p=28586","title":{"rendered":"Raporti britanik ngre alarmin p\u00ebr gjyqin n\u00eb Hag\u00eb: Roli i gjyqtar\u00ebve rrezikon barazin\u00eb mes pal\u00ebve"},"content":{"rendered":"\n    <div class=\"xs_social_share_widget xs_share_url before_content \t\tmain_content  wslu-style-2 wslu-share-box-shaped wslu-fill-colored wslu-share-m-5 wslu-none wslu-share-vertical wslu-theme-font-no wslu-main_content\">\n\n\t\t\n        <ul>\n\t\t\t        <\/ul>\n    <\/div> \n<p>Nj\u00eb raport i nj\u00eb organizat\u00ebs britanike The Bar Human Rights Committee of England and Wales (BHRC), q\u00eb u prezantua t\u00eb enjten nga Avokati i Popullit, Naim Qelaj, ngre pik\u00ebpyetje serioze mbi m\u00ebnyr\u00ebn se si po zhvillohet procesi gjyq\u00ebsor ndaj ish-krer\u00ebve t\u00eb Ushtris\u00eb \u00c7lirimtare t\u00eb Kosov\u00ebs n\u00eb Dhomat e Specializuara n\u00eb Hag\u00eb. Nj\u00eb nga kritikat \u00ebsht\u00eb roli i zgjeruar i gjyqtar\u00ebve, i cili \u2013 sipas raportit \u2013 rrezikon t\u00eb cenoj\u00eb parimin themelor t\u00eb nj\u00eb gjykimi t\u00eb drejt\u00eb: barazin\u00eb e arm\u00ebve mes pal\u00ebve.<\/p>\n<p>Raporti v\u00ebren se gjyqtar\u00ebt nuk po kufizohen n\u00eb rolin e arbitrit neutral, por po nd\u00ebrhyjn\u00eb aktivisht n\u00eb nd\u00ebrtimin e \u00e7\u00ebshtjes. Ata kan\u00eb b\u00ebr\u00eb dhjet\u00ebra or\u00eb pyetje ndaj d\u00ebshmitar\u00ebve, shpesh p\u00ebrtej asaj q\u00eb ka paraqitur vet\u00eb prokuroria. N\u00eb disa raste, sipas raportit, gjyqtar\u00ebt kan\u00eb p\u00ebrdorur dokumente q\u00eb nuk ishin pjes\u00eb e provave t\u00eb pranuara, madje edhe materiale t\u00eb marra nga interneti, pa njoftim paraprak p\u00ebr mbrojtjen. Nj\u00eb praktik\u00eb e till\u00eb, thuhet n\u00eb raport, \u201ckrijon kushtet q\u00eb trupi gjykues t\u00eb funksionoj\u00eb si nj\u00eb prokuror i dyt\u00eb\u201d.<\/p>\n<p>\u201cKorniza e Dhomave t\u00eb Specializuara i jep Trupit Gjykues nj\u00eb liri t\u00eb konsiderueshme si p\u00ebrcaktues i fakteve dhe ligjit. Pa kufizime t\u00eb qarta, kjo mund t\u00eb krijoj\u00eb kushte q\u00eb Trupi t\u00eb funksionoj\u00eb si nj\u00eb \u2018prokuror i dyt\u00eb\u2019, duke ndikuar n\u00eb barazin\u00eb e arm\u00ebve. Mbrojtja p\u00ebrballet jo vet\u00ebm me \u00e7\u00ebshtjen e Prokuroris\u00eb, por edhe me at\u00eb t\u00eb Trupit Gjykues, me pasoja t\u00eb qarta p\u00ebr burimet dhe strategjin\u00eb\u201d, theksohet n\u00eb raport.<\/p>\n<p>Shqet\u00ebsimet nuk jan\u00eb vet\u00ebm teorike.<\/p>\n<p>T\u00eb dh\u00ebnat tregojn\u00eb nj\u00eb disproporcion t\u00eb duksh\u00ebm: deri n\u00eb n\u00ebntor 2024, gjyqtar\u00ebt kishin kaluar 71 or\u00eb duke pyetur d\u00ebshmitar\u00ebt \u2013 m\u00eb shum\u00eb se secili ekip mbrojt\u00ebs ve\u00e7mas. Nd\u00ebrkoh\u00eb, mbrojtja \u00ebsht\u00eb detyruar t\u00eb shpenzoj\u00eb mbi 31 or\u00eb shtes\u00eb p\u00ebr t\u2019iu p\u00ebrgjigjur \u00e7\u00ebshtjeve t\u00eb ngritura nga vet\u00eb gjyqtar\u00ebt, nd\u00ebrsa prokuroria vet\u00ebm 12 minuta. Kjo pabarazi, sipas raportit, e vendos mbrojtjen n\u00eb nj\u00eb pozit\u00eb strukturore t\u00eb pafavorshme.<\/p>\n<p>Nj\u00eb tjet\u00ebr element problematik \u00ebsht\u00eb m\u00ebnyra e formulimit t\u00eb pyetjeve. Sipas analiz\u00ebs s\u00eb transkripteve publike, gjyqtar\u00ebt p\u00ebrdorin shpesh shprehjen: \u201cnuk dua t\u00eb t\u00eb v\u00eb fjal\u00eb n\u00eb goj\u00eb, por\u2026\u201d, p\u00ebrpara pyetjeve q\u00eb n\u00eb thelb sugjerojn\u00eb p\u00ebrgjigjen. \u201cGjithashtu, n\u00eb nj\u00eb rast, nj\u00eb an\u00ebtar i Trupit p\u00ebrdori nj\u00eb dokument t\u00eb shkarkuar nga interneti pa njoftim paraprak p\u00ebr Mbrojtjen\u201d, potencohet aty.<\/p>\n<p>\u201cMbrojtja identifikoi se Trupi Gjykues nuk po testonte mjaftuesh\u00ebm \u00e7\u00ebshtjen e Prokuroris\u00eb, se p\u00ebrdorte formulime q\u00eb sugjeronin p\u00ebrgjigje, dhe se nxirrte prova p\u00ebrtej fush\u00ebs s\u00eb ekzaminimit t\u00eb drejtp\u00ebrdrejt\u00eb\u201d, theksohet n\u00eb raport.<\/p>\n<p>K\u00ebto shqet\u00ebsime ishin paralajm\u00ebruar q\u00eb n\u00eb fillim nga juristi nd\u00ebrkomb\u00ebtar Michael Karnavas, i cili kishte theksuar se modeli hibrid i gjykat\u00ebs \u2013 nj\u00eb p\u00ebrzierje mes sistemit adversarial dhe atij inquisitorial \u2013 mund t\u00eb krijoj\u00eb nj\u00eb rol dominues p\u00ebr gjyqtar\u00ebt.<\/p>\n<p>\u201cNga perspektiva e Mbrojtjes, kjo ka potencial t\u00eb ngrej\u00eb \u00e7\u00ebshtje t\u00eb munges\u00ebs s\u00eb drejt\u00ebsis\u00eb dhe paanshm\u00ebris\u00eb. Nga k\u00ebndv\u00ebshtrimi i barazis\u00eb s\u00eb arm\u00ebve, Mbrojtja \u00ebsht\u00eb n\u00eb m\u00ebnyr\u00eb t\u00eb natyrshme n\u00eb disavantazh, pavar\u00ebsisht n\u00ebse procedurat zhvillohen n\u00eb m\u00ebnyr\u00eb m\u00eb adversariale apo m\u00eb inquisitoriale. Pa m\u00ebdyshje, Prokurori i Specializuar (i ndihmuar edhe nga P\u00ebrfaq\u00ebsuesi i Viktimave) nuk ka nevoj\u00eb reale p\u00ebr ndihm\u00eb nga gjyqtar\u00ebt\u201d, citohet ai n\u00eb raport.<\/p>\n<p>Megjithat\u00eb, raporti nuk konstaton drejtp\u00ebrdrejt shkelje t\u00eb drejt\u00ebsis\u00eb, por thekson se kushtet p\u00ebr nj\u00eb gj\u00eb t\u00eb till\u00eb jan\u00eb t\u00eb pranishme dhe disa prej tyre tashm\u00eb jan\u00eb materializuar n\u00eb praktik\u00eb.<\/p>\n<p>\u201cKy problem do t\u00eb mund t\u00eb vler\u00ebsohet plot\u00ebsisht vet\u00ebm pas publikimit t\u00eb aktgjykimit. Roli q\u00eb kan\u00eb luajtur provat e nxjerra p\u00ebrmes pyetjeve sugjestive ose spekulative do t\u00eb jet\u00eb nj\u00eb indikator ky\u00e7 p\u00ebr drejt\u00ebsin\u00eb e procesit\u201d, theksohet n\u00eb raport.<\/p>\n<p>N\u00eb thelb, dilema q\u00eb ngrihet \u00ebsht\u00eb e qart\u00eb: kur gjyqtari fillon t\u00eb b\u00ebj\u00eb m\u00eb shum\u00eb se sa t\u00eb gjykoj\u00eb, a mbetet procesi ende i barabart\u00eb p\u00ebr pal\u00ebt? Raporti sugjeron se p\u00ebrgjigjja p\u00ebr k\u00ebt\u00eb pyetje do t\u00eb jet\u00eb vendimtare p\u00ebr besueshm\u00ebrin\u00eb e vet\u00eb gjykimit.<\/p>\n<p>Procesi gjyq\u00ebsor ndaj krer\u00ebve t\u00eb U\u00c7K-s\u00eb p\u00ebrfundoi m\u00eb 18 shkurt, pas paraqitjeve t\u00eb fjal\u00ebve p\u00ebrfundimtare t\u00eb pal\u00ebve. Pas k\u00ebsaj, trupi gjykues \u00ebsht\u00eb t\u00ebrhequr p\u00ebr vendim, i cili duhet t\u00eb jepet brenda 90 dit\u00ebve \u2013 m\u00eb 19 maj.<\/p>\n<p>Nga ky afat kan\u00eb mbetur edhe 20 dit\u00eb. Sipas ligjeve t\u00eb Speciales, trupi gjykues mund t\u00eb k\u00ebrkoj\u00eb edhe dy muaj koh\u00eb n\u00ebse brenda 90 ditor\u00ebshit fillestar nuk ka marr\u00eb nj\u00eb vendim.<\/p>\n<p>Krer\u00ebt e U\u00c7K-s\u00eb \u2013 Hashim Tha\u00e7i, Kadri Veseli, Rexhep Selimi dhe Jakup Krasniq \u2013 ndodhen n\u00eb Qendr\u00ebn e Paraburgimit n\u00eb Hag\u00eb q\u00eb nga 5 n\u00ebntori i vitit 2020.<\/p>\n<p>Ata akuzohen nga Gjykata Speciale p\u00ebr krime t\u00eb pretenduara lufte dhe krime kund\u00ebr njer\u00ebzimit. T\u00eb kat\u00ebr krer\u00ebt e Ushtris\u00eb \u00c7lirimtare t\u00eb Kosov\u00ebs jan\u00eb deklaruar t\u00eb pafajsh\u00ebm.<\/p>\n<p>Prokuroria e Speciales ka k\u00ebrkuar nga 45 vjet d\u00ebnim p\u00ebr secilin nga krer\u00ebt e U\u00c7K-s\u00eb. N\u00eb total 180 vjet.<\/p>\n<p>Procesi gjyq\u00ebsor ndaj tyre filloi n\u00eb prill t\u00eb vitit 2023 \u2013 m\u00eb shum\u00eb se tri vjet pas arrestimit. Zyra e Prokurorit t\u00eb Specializuar (ZPS), m\u00eb 16 prill t\u00eb 2025-s\u00eb, njoftoi se kishte mbyllur paraqitjen e provave ndaj Tha\u00e7it, Veselit, Selimit dhe Krasniqit.<\/p>\n<p>N\u00eb an\u00ebn e krer\u00ebve t\u00eb U\u00c7K-s\u00eb ka pasur d\u00ebshmitar\u00eb tejet t\u00eb r\u00ebnd\u00ebsish\u00ebm nd\u00ebrkomb\u00ebtar\u00eb si ish-ndihm\u00ebssekretari Amerikan, James Rubin, ish-Komandanti i NATO-s gjat\u00eb luft\u00ebs n\u00eb Kosov\u00eb, Wesley Clark, ish-diplomati amerikan, Chris Hill etj.<\/p>\n<p>Ata, nd\u00ebr t\u00eb tjera, kan\u00eb theksuar se U\u00c7K-ja nuk ka pasur zinxhir komandues, ashtu si\u00e7 tenton q\u00eb ta paraqes\u00eb Prokuroria e Speciales.<\/p>\n<p>Nga njoh\u00ebsit e \u00e7\u00ebshtjeve juridike \u2013 si vendor\u00eb ashtu edhe nd\u00ebrkomb\u00ebtar\u00eb \u2013 vazhdimisht ka pasur kritika p\u00ebr m\u00ebnyr\u00ebn se si \u00ebsht\u00eb zhvilluar procesi n\u00eb Hag\u00eb. \u00cbsht\u00eb konsideruar si i ansh\u00ebm, jan\u00eb pranuar provat nga Serbia, ka pasur dyshime edhe se po shkelen t\u00eb drejtat e njeriut dhe se jan\u00eb fshehur prova shfaj\u00ebsuese.<\/p>\n<p>Kund\u00ebr m\u00ebnyr\u00ebs se si \u00ebsht\u00eb zhvilluar procesi gjyq\u00ebsor ndaj ish-krer\u00ebve t\u00eb U\u00c7K-s\u00eb jan\u00eb organizuar disa protesta, ku mij\u00ebra shqiptar\u00eb nga t\u00eb gjitha trojet k\u00ebrkuan drejt\u00ebsi. E fundit u mbajt n\u00eb Prishtin\u00eb, m\u00eb 17 shkurt. Para k\u00ebsaj jan\u00eb mbajtur edhe dy t\u00eb tjera n\u00eb Kryeqytetin e Kosov\u00ebs, \u00ebsht\u00eb mbajtur nga nj\u00eb edhe n\u00eb Tiran\u00eb, Hag\u00eb, Strasburg e Shkup.<\/p>\n<p>Q\u00eb t\u00eb ket\u00eb proces t\u00eb drejt\u00eb n\u00eb Speciale \u00ebsht\u00eb k\u00ebrkuar edhe nga institucionet e Kosov\u00ebs dhe Shqip\u00ebris\u00eb. M\u00eb 12 shkurt, Kuvendi i Kosov\u00ebs dhe ai i Shqip\u00ebris\u00eb miratuan rezoluta n\u00eb mbrojtje t\u00eb krer\u00ebve t\u00eb U\u00c7K-s\u00eb, ku u k\u00ebrkua, nd\u00ebr t\u00eb tjera, q\u00eb Gjykata Speciale t\u00eb siguroj\u00eb nj\u00eb proces gjyq\u00ebsor t\u00eb paansh\u00ebm.<\/p>\n","protected":false},"excerpt":{"rendered":"<p>Nj\u00eb raport i nj\u00eb organizat\u00ebs britanike The Bar Human Rights Committee of England and Wales (BHRC), q\u00eb u prezantua t\u00eb enjten nga Avokati i Popullit, Naim Qelaj, ngre pik\u00ebpyetje serioze mbi m\u00ebnyr\u00ebn se si po zhvillohet procesi gjyq\u00ebsor ndaj ish-krer\u00ebve t\u00eb Ushtris\u00eb \u00c7lirimtare t\u00eb Kosov\u00ebs n\u00eb Dhomat e Specializuara n\u00eb Hag\u00eb. Nj\u00eb nga kritikat \u00ebsht\u00eb [&hellip;]<\/p>\n","protected":false},"author":8,"featured_media":28587,"comment_status":"closed","ping_status":"closed","sticky":false,"template":"","format":"standard","meta":{"footnotes":""},"categories":[215,213],"tags":[],"class_list":["post-28586","post","type-post","status-publish","format-standard","has-post-thumbnail","hentry","category-kosove","category-lajme"],"yoast_head":"<!-- This site is optimized with the Yoast SEO plugin v25.1 - https:\/\/yoast.com\/wordpress\/plugins\/seo\/ -->\n<title>Raporti britanik ngre alarmin p\u00ebr gjyqin n\u00eb Hag\u00eb: Roli i gjyqtar\u00ebve rrezikon barazin\u00eb mes pal\u00ebve - press7.tv<\/title>\n<meta name=\"robots\" content=\"index, follow, max-snippet:-1, max-image-preview:large, max-video-preview:-1\" \/>\n<link rel=\"canonical\" href=\"https:\/\/www.press7.tv\/?p=28586\" \/>\n<meta property=\"og:locale\" content=\"en_US\" \/>\n<meta property=\"og:type\" content=\"article\" \/>\n<meta property=\"og:title\" content=\"Raporti britanik ngre alarmin p\u00ebr gjyqin n\u00eb Hag\u00eb: Roli i gjyqtar\u00ebve rrezikon barazin\u00eb mes pal\u00ebve - press7.tv\" \/>\n<meta property=\"og:description\" content=\"Nj\u00eb raport i nj\u00eb organizat\u00ebs britanike The Bar Human Rights Committee of England and Wales (BHRC), q\u00eb u prezantua t\u00eb enjten nga Avokati i Popullit, Naim Qelaj, ngre pik\u00ebpyetje serioze mbi m\u00ebnyr\u00ebn se si po zhvillohet procesi gjyq\u00ebsor ndaj ish-krer\u00ebve t\u00eb Ushtris\u00eb \u00c7lirimtare t\u00eb Kosov\u00ebs n\u00eb Dhomat e Specializuara n\u00eb Hag\u00eb. Nj\u00eb nga kritikat \u00ebsht\u00eb [&hellip;]\" \/>\n<meta property=\"og:url\" content=\"https:\/\/www.press7.tv\/?p=28586\" \/>\n<meta property=\"og:site_name\" content=\"press7.tv\" \/>\n<meta property=\"article:publisher\" content=\"https:\/\/www.facebook.com\/press7.tv\" \/>\n<meta property=\"article:published_time\" content=\"2026-04-30T13:43:15+00:00\" \/>\n<meta property=\"og:image\" content=\"https:\/\/www.press7.tv\/wp-content\/uploads\/2026\/04\/gjyqtar-Hag.avif\" \/>\n\t<meta property=\"og:image:width\" content=\"1066\" \/>\n\t<meta property=\"og:image:height\" content=\"712\" \/>\n\t<meta property=\"og:image:type\" content=\"image\/jpeg\" \/>\n<meta name=\"author\" content=\"gazetar2\" \/>\n<meta name=\"twitter:card\" content=\"summary_large_image\" \/>\n<meta name=\"twitter:label1\" content=\"Written by\" \/>\n\t<meta name=\"twitter:data1\" content=\"gazetar2\" \/>\n\t<meta name=\"twitter:label2\" content=\"Est. reading time\" \/>\n\t<meta name=\"twitter:data2\" content=\"1 minute\" \/>\n<script type=\"application\/ld+json\" class=\"yoast-schema-graph\">{\"@context\":\"https:\/\/schema.org\",\"@graph\":[{\"@type\":\"Article\",\"@id\":\"https:\/\/www.press7.tv\/?p=28586#article\",\"isPartOf\":{\"@id\":\"https:\/\/www.press7.tv\/?p=28586\"},\"author\":{\"name\":\"gazetar2\",\"@id\":\"https:\/\/www.news33.tv\/#\/schema\/person\/5a04a38a23ccdba82f9bd665cd8f9efa\"},\"headline\":\"Raporti britanik ngre alarmin p\u00ebr gjyqin n\u00eb Hag\u00eb: Roli i gjyqtar\u00ebve rrezikon barazin\u00eb mes pal\u00ebve\",\"datePublished\":\"2026-04-30T13:43:15+00:00\",\"mainEntityOfPage\":{\"@id\":\"https:\/\/www.press7.tv\/?p=28586\"},\"wordCount\":1169,\"publisher\":{\"@id\":\"https:\/\/www.news33.tv\/#organization\"},\"image\":{\"@id\":\"https:\/\/www.press7.tv\/?p=28586#primaryimage\"},\"thumbnailUrl\":\"https:\/\/www.press7.tv\/wp-content\/uploads\/2026\/04\/gjyqtar-Hag.avif\",\"articleSection\":[\"Kosov\u00eb\",\"Lajme\"],\"inLanguage\":\"en-US\"},{\"@type\":\"WebPage\",\"@id\":\"https:\/\/www.press7.tv\/?p=28586\",\"url\":\"https:\/\/www.press7.tv\/?p=28586\",\"name\":\"Raporti britanik ngre alarmin p\u00ebr gjyqin n\u00eb Hag\u00eb: Roli i gjyqtar\u00ebve rrezikon barazin\u00eb mes pal\u00ebve - press7.tv\",\"isPartOf\":{\"@id\":\"https:\/\/www.news33.tv\/#website\"},\"primaryImageOfPage\":{\"@id\":\"https:\/\/www.press7.tv\/?p=28586#primaryimage\"},\"image\":{\"@id\":\"https:\/\/www.press7.tv\/?p=28586#primaryimage\"},\"thumbnailUrl\":\"https:\/\/www.press7.tv\/wp-content\/uploads\/2026\/04\/gjyqtar-Hag.avif\",\"datePublished\":\"2026-04-30T13:43:15+00:00\",\"breadcrumb\":{\"@id\":\"https:\/\/www.press7.tv\/?p=28586#breadcrumb\"},\"inLanguage\":\"en-US\",\"potentialAction\":[{\"@type\":\"ReadAction\",\"target\":[\"https:\/\/www.press7.tv\/?p=28586\"]}]},{\"@type\":\"ImageObject\",\"inLanguage\":\"en-US\",\"@id\":\"https:\/\/www.press7.tv\/?p=28586#primaryimage\",\"url\":\"https:\/\/www.press7.tv\/wp-content\/uploads\/2026\/04\/gjyqtar-Hag.avif\",\"contentUrl\":\"https:\/\/www.press7.tv\/wp-content\/uploads\/2026\/04\/gjyqtar-Hag.avif\",\"width\":1066,\"height\":712},{\"@type\":\"BreadcrumbList\",\"@id\":\"https:\/\/www.press7.tv\/?p=28586#breadcrumb\",\"itemListElement\":[{\"@type\":\"ListItem\",\"position\":1,\"name\":\"Home\",\"item\":\"https:\/\/www.press7.tv\/\"},{\"@type\":\"ListItem\",\"position\":2,\"name\":\"Raporti britanik ngre alarmin p\u00ebr gjyqin n\u00eb Hag\u00eb: Roli i gjyqtar\u00ebve rrezikon barazin\u00eb mes pal\u00ebve\"}]},{\"@type\":\"WebSite\",\"@id\":\"https:\/\/www.news33.tv\/#website\",\"url\":\"https:\/\/www.news33.tv\/\",\"name\":\"News33.tv Media\",\"description\":\"Media\",\"publisher\":{\"@id\":\"https:\/\/www.news33.tv\/#organization\"},\"potentialAction\":[{\"@type\":\"SearchAction\",\"target\":{\"@type\":\"EntryPoint\",\"urlTemplate\":\"https:\/\/www.news33.tv\/?s={search_term_string}\"},\"query-input\":{\"@type\":\"PropertyValueSpecification\",\"valueRequired\":true,\"valueName\":\"search_term_string\"}}],\"inLanguage\":\"en-US\"},{\"@type\":\"Organization\",\"@id\":\"https:\/\/www.news33.tv\/#organization\",\"name\":\"News33.tv Media\",\"url\":\"https:\/\/www.news33.tv\/\",\"logo\":{\"@type\":\"ImageObject\",\"inLanguage\":\"en-US\",\"@id\":\"https:\/\/www.news33.tv\/#\/schema\/logo\/image\/\",\"url\":\"https:\/\/www.press7.tv\/wp-content\/uploads\/2024\/02\/logo-news33-black.png\",\"contentUrl\":\"https:\/\/www.press7.tv\/wp-content\/uploads\/2024\/02\/logo-news33-black.png\",\"width\":180,\"height\":37,\"caption\":\"News33.tv Media\"},\"image\":{\"@id\":\"https:\/\/www.news33.tv\/#\/schema\/logo\/image\/\"},\"sameAs\":[\"https:\/\/www.facebook.com\/press7.tv\"]},{\"@type\":\"Person\",\"@id\":\"https:\/\/www.news33.tv\/#\/schema\/person\/5a04a38a23ccdba82f9bd665cd8f9efa\",\"name\":\"gazetar2\",\"image\":{\"@type\":\"ImageObject\",\"inLanguage\":\"en-US\",\"@id\":\"https:\/\/www.news33.tv\/#\/schema\/person\/image\/\",\"url\":\"https:\/\/www.press7.tv\/wp-content\/litespeed\/avatar\/41975e402c3049d9ddb03adca8f7a883.jpg?ver=1777169572\",\"contentUrl\":\"https:\/\/www.press7.tv\/wp-content\/litespeed\/avatar\/41975e402c3049d9ddb03adca8f7a883.jpg?ver=1777169572\",\"caption\":\"gazetar2\"},\"url\":\"https:\/\/www.press7.tv\/?author=8\"}]}<\/script>\n<!-- \/ Yoast SEO plugin. -->","yoast_head_json":{"title":"Raporti britanik ngre alarmin p\u00ebr gjyqin n\u00eb Hag\u00eb: Roli i gjyqtar\u00ebve rrezikon barazin\u00eb mes pal\u00ebve - press7.tv","robots":{"index":"index","follow":"follow","max-snippet":"max-snippet:-1","max-image-preview":"max-image-preview:large","max-video-preview":"max-video-preview:-1"},"canonical":"https:\/\/www.press7.tv\/?p=28586","og_locale":"en_US","og_type":"article","og_title":"Raporti britanik ngre alarmin p\u00ebr gjyqin n\u00eb Hag\u00eb: Roli i gjyqtar\u00ebve rrezikon barazin\u00eb mes pal\u00ebve - press7.tv","og_description":"Nj\u00eb raport i nj\u00eb organizat\u00ebs britanike The Bar Human Rights Committee of England and Wales (BHRC), q\u00eb u prezantua t\u00eb enjten nga Avokati i Popullit, Naim Qelaj, ngre pik\u00ebpyetje serioze mbi m\u00ebnyr\u00ebn se si po zhvillohet procesi gjyq\u00ebsor ndaj ish-krer\u00ebve t\u00eb Ushtris\u00eb \u00c7lirimtare t\u00eb Kosov\u00ebs n\u00eb Dhomat e Specializuara n\u00eb Hag\u00eb. Nj\u00eb nga kritikat \u00ebsht\u00eb [&hellip;]","og_url":"https:\/\/www.press7.tv\/?p=28586","og_site_name":"press7.tv","article_publisher":"https:\/\/www.facebook.com\/press7.tv","article_published_time":"2026-04-30T13:43:15+00:00","og_image":[{"width":1066,"height":712,"url":"https:\/\/www.press7.tv\/wp-content\/uploads\/2026\/04\/gjyqtar-Hag.avif","type":"image\/jpeg"}],"author":"gazetar2","twitter_card":"summary_large_image","twitter_misc":{"Written by":"gazetar2","Est. reading time":"1 minute"},"schema":{"@context":"https:\/\/schema.org","@graph":[{"@type":"Article","@id":"https:\/\/www.press7.tv\/?p=28586#article","isPartOf":{"@id":"https:\/\/www.press7.tv\/?p=28586"},"author":{"name":"gazetar2","@id":"https:\/\/www.news33.tv\/#\/schema\/person\/5a04a38a23ccdba82f9bd665cd8f9efa"},"headline":"Raporti britanik ngre alarmin p\u00ebr gjyqin n\u00eb Hag\u00eb: Roli i gjyqtar\u00ebve rrezikon barazin\u00eb mes pal\u00ebve","datePublished":"2026-04-30T13:43:15+00:00","mainEntityOfPage":{"@id":"https:\/\/www.press7.tv\/?p=28586"},"wordCount":1169,"publisher":{"@id":"https:\/\/www.news33.tv\/#organization"},"image":{"@id":"https:\/\/www.press7.tv\/?p=28586#primaryimage"},"thumbnailUrl":"https:\/\/www.press7.tv\/wp-content\/uploads\/2026\/04\/gjyqtar-Hag.avif","articleSection":["Kosov\u00eb","Lajme"],"inLanguage":"en-US"},{"@type":"WebPage","@id":"https:\/\/www.press7.tv\/?p=28586","url":"https:\/\/www.press7.tv\/?p=28586","name":"Raporti britanik ngre alarmin p\u00ebr gjyqin n\u00eb Hag\u00eb: Roli i gjyqtar\u00ebve rrezikon barazin\u00eb mes pal\u00ebve - press7.tv","isPartOf":{"@id":"https:\/\/www.news33.tv\/#website"},"primaryImageOfPage":{"@id":"https:\/\/www.press7.tv\/?p=28586#primaryimage"},"image":{"@id":"https:\/\/www.press7.tv\/?p=28586#primaryimage"},"thumbnailUrl":"https:\/\/www.press7.tv\/wp-content\/uploads\/2026\/04\/gjyqtar-Hag.avif","datePublished":"2026-04-30T13:43:15+00:00","breadcrumb":{"@id":"https:\/\/www.press7.tv\/?p=28586#breadcrumb"},"inLanguage":"en-US","potentialAction":[{"@type":"ReadAction","target":["https:\/\/www.press7.tv\/?p=28586"]}]},{"@type":"ImageObject","inLanguage":"en-US","@id":"https:\/\/www.press7.tv\/?p=28586#primaryimage","url":"https:\/\/www.press7.tv\/wp-content\/uploads\/2026\/04\/gjyqtar-Hag.avif","contentUrl":"https:\/\/www.press7.tv\/wp-content\/uploads\/2026\/04\/gjyqtar-Hag.avif","width":1066,"height":712},{"@type":"BreadcrumbList","@id":"https:\/\/www.press7.tv\/?p=28586#breadcrumb","itemListElement":[{"@type":"ListItem","position":1,"name":"Home","item":"https:\/\/www.press7.tv\/"},{"@type":"ListItem","position":2,"name":"Raporti britanik ngre alarmin p\u00ebr gjyqin n\u00eb Hag\u00eb: Roli i gjyqtar\u00ebve rrezikon barazin\u00eb mes pal\u00ebve"}]},{"@type":"WebSite","@id":"https:\/\/www.news33.tv\/#website","url":"https:\/\/www.news33.tv\/","name":"News33.tv Media","description":"Media","publisher":{"@id":"https:\/\/www.news33.tv\/#organization"},"potentialAction":[{"@type":"SearchAction","target":{"@type":"EntryPoint","urlTemplate":"https:\/\/www.news33.tv\/?s={search_term_string}"},"query-input":{"@type":"PropertyValueSpecification","valueRequired":true,"valueName":"search_term_string"}}],"inLanguage":"en-US"},{"@type":"Organization","@id":"https:\/\/www.news33.tv\/#organization","name":"News33.tv Media","url":"https:\/\/www.news33.tv\/","logo":{"@type":"ImageObject","inLanguage":"en-US","@id":"https:\/\/www.news33.tv\/#\/schema\/logo\/image\/","url":"https:\/\/www.press7.tv\/wp-content\/uploads\/2024\/02\/logo-news33-black.png","contentUrl":"https:\/\/www.press7.tv\/wp-content\/uploads\/2024\/02\/logo-news33-black.png","width":180,"height":37,"caption":"News33.tv Media"},"image":{"@id":"https:\/\/www.news33.tv\/#\/schema\/logo\/image\/"},"sameAs":["https:\/\/www.facebook.com\/press7.tv"]},{"@type":"Person","@id":"https:\/\/www.news33.tv\/#\/schema\/person\/5a04a38a23ccdba82f9bd665cd8f9efa","name":"gazetar2","image":{"@type":"ImageObject","inLanguage":"en-US","@id":"https:\/\/www.news33.tv\/#\/schema\/person\/image\/","url":"https:\/\/www.press7.tv\/wp-content\/litespeed\/avatar\/41975e402c3049d9ddb03adca8f7a883.jpg?ver=1777169572","contentUrl":"https:\/\/www.press7.tv\/wp-content\/litespeed\/avatar\/41975e402c3049d9ddb03adca8f7a883.jpg?ver=1777169572","caption":"gazetar2"},"url":"https:\/\/www.press7.tv\/?author=8"}]}},"amp_enabled":true,"_links":{"self":[{"href":"https:\/\/www.press7.tv\/index.php?rest_route=\/wp\/v2\/posts\/28586","targetHints":{"allow":["GET"]}}],"collection":[{"href":"https:\/\/www.press7.tv\/index.php?rest_route=\/wp\/v2\/posts"}],"about":[{"href":"https:\/\/www.press7.tv\/index.php?rest_route=\/wp\/v2\/types\/post"}],"author":[{"embeddable":true,"href":"https:\/\/www.press7.tv\/index.php?rest_route=\/wp\/v2\/users\/8"}],"replies":[{"embeddable":true,"href":"https:\/\/www.press7.tv\/index.php?rest_route=%2Fwp%2Fv2%2Fcomments&post=28586"}],"version-history":[{"count":1,"href":"https:\/\/www.press7.tv\/index.php?rest_route=\/wp\/v2\/posts\/28586\/revisions"}],"predecessor-version":[{"id":28588,"href":"https:\/\/www.press7.tv\/index.php?rest_route=\/wp\/v2\/posts\/28586\/revisions\/28588"}],"wp:featuredmedia":[{"embeddable":true,"href":"https:\/\/www.press7.tv\/index.php?rest_route=\/wp\/v2\/media\/28587"}],"wp:attachment":[{"href":"https:\/\/www.press7.tv\/index.php?rest_route=%2Fwp%2Fv2%2Fmedia&parent=28586"}],"wp:term":[{"taxonomy":"category","embeddable":true,"href":"https:\/\/www.press7.tv\/index.php?rest_route=%2Fwp%2Fv2%2Fcategories&post=28586"},{"taxonomy":"post_tag","embeddable":true,"href":"https:\/\/www.press7.tv\/index.php?rest_route=%2Fwp%2Fv2%2Ftags&post=28586"}],"curies":[{"name":"wp","href":"https:\/\/api.w.org\/{rel}","templated":true}]}}