{"id":28583,"date":"2026-04-30T13:36:02","date_gmt":"2026-04-30T13:36:02","guid":{"rendered":"https:\/\/www.press7.tv\/?p=28583"},"modified":"2026-04-30T13:36:02","modified_gmt":"2026-04-30T13:36:02","slug":"kurti-kosova-eshte-me-e-forte-se-kurre-kurre-me-askush-nuk-guxon-qe-te-na-e-mesyje","status":"publish","type":"post","link":"https:\/\/www.press7.tv\/?p=28583","title":{"rendered":"Kurti: Kosova \u00ebsht\u00eb m\u00eb e fort\u00eb se kurr\u00eb \u2013 kurr\u00eb m\u00eb askush nuk guxon q\u00eb t\u00eb na e m\u00ebsyj\u00eb"},"content":{"rendered":"\n    <div class=\"xs_social_share_widget xs_share_url before_content \t\tmain_content  wslu-style-2 wslu-share-box-shaped wslu-fill-colored wslu-share-m-5 wslu-none wslu-share-vertical wslu-theme-font-no wslu-main_content\">\n\n\t\t\n        <ul>\n\t\t\t        <\/ul>\n    <\/div> \n<p>Kryeministri n\u00eb detyr\u00eb, Albin Kurti, ka th\u00ebn\u00eb se Prokuroria dhe Gjyq\u00ebsori duhet t\u00eb nxitojn\u00eb e veprojn\u00eb lidhur me rastet e krimeve t\u00eb luft\u00ebs, meq\u00eb d\u00ebshmitar\u00ebt po plaken dhe po vdesin.<\/p>\n<p>Pas homazheve n\u00eb varrezat e d\u00ebshmor\u00ebve n\u00eb Shtutic\u00eb, Kurti tha se ka p\u00ebrparime sa i p\u00ebrket edhe zbardhjes s\u00eb fatit t\u00eb t\u00eb pagjeturve t\u00eb zhdukur me dhun\u00eb, por edhe sa i p\u00ebrket nd\u00ebshkimit t\u00eb kriminel\u00ebve t\u00eb Serbis\u00eb.<\/p>\n<p>Ai deklaroi se Kosova \u00ebsht\u00eb m\u00eb e fort\u00eb se kurr\u00eb dhe se ushtria dhe policia jan\u00eb n\u00eb nivel t\u00eb lart\u00eb si p\u00ebr nga aft\u00ebsit\u00eb, ashtu edhe nga madh\u00ebsia, duke theksuar se \u201ckurr\u00eb m\u00eb askush nuk guxon t\u00eb na e m\u00ebsyj\u00eb\u201d.<\/p>\n<p>\u201cKosova \u00ebsht\u00eb m\u00eb e fort\u00eb se kurr\u00eb. Ushtria dhe Policia edhe p\u00ebr nga aft\u00ebsit\u00eb, edhe p\u00ebr nga madh\u00ebsia, jan\u00eb n\u00eb nivel t\u00eb lart\u00eb dhe kurr\u00eb m\u00eb askush nuk guxon q\u00eb t\u00eb na e m\u00ebsyj\u00eb p\u00ebr t\u00eb vrar\u00eb pleq e f\u00ebmij\u00eb, gra e burra, t\u00eb rinj e t\u00eb reja, si\u00e7 \u00ebsht\u00eb b\u00ebr\u00eb n\u00eb luft\u00ebn e fundit n\u00eb Kosov\u00eb\u201d, ka deklaruar Kurti.<\/p>\n<p>Kurti tha se duhet nxitim q\u00eb t\u00eb ket\u00eb sa m\u00eb shum\u00eb drejt\u00ebsi p\u00ebr viktimat.<\/p>\n<p>\u201cDuhet b\u00ebhet m\u00eb shum\u00eb nga Prokuroria dhe Gjyq\u00ebsori. Duhet t\u00eb veprohet m\u00eb shpejt nga Prokuroria dhe gjyq\u00ebsori p\u00ebr shkak se nj\u00ebmend d\u00ebshmit\u00eb materiale jan\u00eb k\u00ebtu, mir\u00ebpo n\u00eb an\u00ebn tjet\u00ebr d\u00ebshmitar\u00ebt po mplaken, shum\u00eb prej tyre po nd\u00ebrrojn\u00eb jet\u00eb, prandaj ne na duhet q\u00eb t\u00eb nxitohemi q\u00eb t\u00eb kemi sa m\u00eb shum\u00eb drejt\u00ebsi p\u00ebr viktimat tona\u201d, ka th\u00ebn\u00eb Kurti.<\/p>\n","protected":false},"excerpt":{"rendered":"<p>Kryeministri n\u00eb detyr\u00eb, Albin Kurti, ka th\u00ebn\u00eb se Prokuroria dhe Gjyq\u00ebsori duhet t\u00eb nxitojn\u00eb e veprojn\u00eb lidhur me rastet e krimeve t\u00eb luft\u00ebs, meq\u00eb d\u00ebshmitar\u00ebt po plaken dhe po vdesin. Pas homazheve n\u00eb varrezat e d\u00ebshmor\u00ebve n\u00eb Shtutic\u00eb, Kurti tha se ka p\u00ebrparime sa i p\u00ebrket edhe zbardhjes s\u00eb fatit t\u00eb t\u00eb pagjeturve t\u00eb zhdukur [&hellip;]<\/p>\n","protected":false},"author":8,"featured_media":28584,"comment_status":"closed","ping_status":"closed","sticky":false,"template":"","format":"standard","meta":{"footnotes":""},"categories":[215,213],"tags":[],"class_list":["post-28583","post","type-post","status-publish","format-standard","has-post-thumbnail","hentry","category-kosove","category-lajme"],"yoast_head":"<!-- This site is optimized with the Yoast SEO plugin v25.1 - https:\/\/yoast.com\/wordpress\/plugins\/seo\/ -->\n<title>Kurti: Kosova \u00ebsht\u00eb m\u00eb e fort\u00eb se kurr\u00eb \u2013 kurr\u00eb m\u00eb askush nuk guxon q\u00eb t\u00eb na e m\u00ebsyj\u00eb - press7.tv<\/title>\n<meta name=\"robots\" content=\"index, follow, max-snippet:-1, max-image-preview:large, max-video-preview:-1\" \/>\n<link rel=\"canonical\" href=\"https:\/\/www.press7.tv\/?p=28583\" \/>\n<meta property=\"og:locale\" content=\"en_US\" \/>\n<meta property=\"og:type\" content=\"article\" \/>\n<meta property=\"og:title\" content=\"Kurti: Kosova \u00ebsht\u00eb m\u00eb e fort\u00eb se kurr\u00eb \u2013 kurr\u00eb m\u00eb askush nuk guxon q\u00eb t\u00eb na e m\u00ebsyj\u00eb - press7.tv\" \/>\n<meta property=\"og:description\" content=\"Kryeministri n\u00eb detyr\u00eb, Albin Kurti, ka th\u00ebn\u00eb se Prokuroria dhe Gjyq\u00ebsori duhet t\u00eb nxitojn\u00eb e veprojn\u00eb lidhur me rastet e krimeve t\u00eb luft\u00ebs, meq\u00eb d\u00ebshmitar\u00ebt po plaken dhe po vdesin. Pas homazheve n\u00eb varrezat e d\u00ebshmor\u00ebve n\u00eb Shtutic\u00eb, Kurti tha se ka p\u00ebrparime sa i p\u00ebrket edhe zbardhjes s\u00eb fatit t\u00eb t\u00eb pagjeturve t\u00eb zhdukur [&hellip;]\" \/>\n<meta property=\"og:url\" content=\"https:\/\/www.press7.tv\/?p=28583\" \/>\n<meta property=\"og:site_name\" content=\"press7.tv\" \/>\n<meta property=\"article:publisher\" content=\"https:\/\/www.facebook.com\/press7.tv\" \/>\n<meta property=\"article:published_time\" content=\"2026-04-30T13:36:02+00:00\" \/>\n<meta property=\"og:image\" content=\"https:\/\/www.press7.tv\/wp-content\/uploads\/2026\/04\/Albin-Kurti-696x464-1.avif\" \/>\n\t<meta property=\"og:image:width\" content=\"696\" \/>\n\t<meta property=\"og:image:height\" content=\"464\" \/>\n\t<meta property=\"og:image:type\" content=\"image\/jpeg\" \/>\n<meta name=\"author\" content=\"gazetar2\" \/>\n<meta name=\"twitter:card\" content=\"summary_large_image\" \/>\n<meta name=\"twitter:label1\" content=\"Written by\" \/>\n\t<meta name=\"twitter:data1\" content=\"gazetar2\" \/>\n\t<meta name=\"twitter:label2\" content=\"Est. reading time\" \/>\n\t<meta name=\"twitter:data2\" content=\"1 minute\" \/>\n<script type=\"application\/ld+json\" class=\"yoast-schema-graph\">{\"@context\":\"https:\/\/schema.org\",\"@graph\":[{\"@type\":\"Article\",\"@id\":\"https:\/\/www.press7.tv\/?p=28583#article\",\"isPartOf\":{\"@id\":\"https:\/\/www.press7.tv\/?p=28583\"},\"author\":{\"name\":\"gazetar2\",\"@id\":\"https:\/\/www.news33.tv\/#\/schema\/person\/5a04a38a23ccdba82f9bd665cd8f9efa\"},\"headline\":\"Kurti: Kosova \u00ebsht\u00eb m\u00eb e fort\u00eb se kurr\u00eb \u2013 kurr\u00eb m\u00eb askush nuk guxon q\u00eb t\u00eb na e m\u00ebsyj\u00eb\",\"datePublished\":\"2026-04-30T13:36:02+00:00\",\"mainEntityOfPage\":{\"@id\":\"https:\/\/www.press7.tv\/?p=28583\"},\"wordCount\":301,\"publisher\":{\"@id\":\"https:\/\/www.news33.tv\/#organization\"},\"image\":{\"@id\":\"https:\/\/www.press7.tv\/?p=28583#primaryimage\"},\"thumbnailUrl\":\"https:\/\/www.press7.tv\/wp-content\/uploads\/2026\/04\/Albin-Kurti-696x464-1.avif\",\"articleSection\":[\"Kosov\u00eb\",\"Lajme\"],\"inLanguage\":\"en-US\"},{\"@type\":\"WebPage\",\"@id\":\"https:\/\/www.press7.tv\/?p=28583\",\"url\":\"https:\/\/www.press7.tv\/?p=28583\",\"name\":\"Kurti: Kosova \u00ebsht\u00eb m\u00eb e fort\u00eb se kurr\u00eb \u2013 kurr\u00eb m\u00eb askush nuk guxon q\u00eb t\u00eb na e m\u00ebsyj\u00eb - press7.tv\",\"isPartOf\":{\"@id\":\"https:\/\/www.news33.tv\/#website\"},\"primaryImageOfPage\":{\"@id\":\"https:\/\/www.press7.tv\/?p=28583#primaryimage\"},\"image\":{\"@id\":\"https:\/\/www.press7.tv\/?p=28583#primaryimage\"},\"thumbnailUrl\":\"https:\/\/www.press7.tv\/wp-content\/uploads\/2026\/04\/Albin-Kurti-696x464-1.avif\",\"datePublished\":\"2026-04-30T13:36:02+00:00\",\"breadcrumb\":{\"@id\":\"https:\/\/www.press7.tv\/?p=28583#breadcrumb\"},\"inLanguage\":\"en-US\",\"potentialAction\":[{\"@type\":\"ReadAction\",\"target\":[\"https:\/\/www.press7.tv\/?p=28583\"]}]},{\"@type\":\"ImageObject\",\"inLanguage\":\"en-US\",\"@id\":\"https:\/\/www.press7.tv\/?p=28583#primaryimage\",\"url\":\"https:\/\/www.press7.tv\/wp-content\/uploads\/2026\/04\/Albin-Kurti-696x464-1.avif\",\"contentUrl\":\"https:\/\/www.press7.tv\/wp-content\/uploads\/2026\/04\/Albin-Kurti-696x464-1.avif\",\"width\":696,\"height\":464},{\"@type\":\"BreadcrumbList\",\"@id\":\"https:\/\/www.press7.tv\/?p=28583#breadcrumb\",\"itemListElement\":[{\"@type\":\"ListItem\",\"position\":1,\"name\":\"Home\",\"item\":\"https:\/\/www.press7.tv\/\"},{\"@type\":\"ListItem\",\"position\":2,\"name\":\"Kurti: Kosova \u00ebsht\u00eb m\u00eb e fort\u00eb se kurr\u00eb \u2013 kurr\u00eb m\u00eb askush nuk guxon q\u00eb t\u00eb na e m\u00ebsyj\u00eb\"}]},{\"@type\":\"WebSite\",\"@id\":\"https:\/\/www.news33.tv\/#website\",\"url\":\"https:\/\/www.news33.tv\/\",\"name\":\"News33.tv Media\",\"description\":\"Media\",\"publisher\":{\"@id\":\"https:\/\/www.news33.tv\/#organization\"},\"potentialAction\":[{\"@type\":\"SearchAction\",\"target\":{\"@type\":\"EntryPoint\",\"urlTemplate\":\"https:\/\/www.news33.tv\/?s={search_term_string}\"},\"query-input\":{\"@type\":\"PropertyValueSpecification\",\"valueRequired\":true,\"valueName\":\"search_term_string\"}}],\"inLanguage\":\"en-US\"},{\"@type\":\"Organization\",\"@id\":\"https:\/\/www.news33.tv\/#organization\",\"name\":\"News33.tv Media\",\"url\":\"https:\/\/www.news33.tv\/\",\"logo\":{\"@type\":\"ImageObject\",\"inLanguage\":\"en-US\",\"@id\":\"https:\/\/www.news33.tv\/#\/schema\/logo\/image\/\",\"url\":\"https:\/\/www.press7.tv\/wp-content\/uploads\/2024\/02\/logo-news33-black.png\",\"contentUrl\":\"https:\/\/www.press7.tv\/wp-content\/uploads\/2024\/02\/logo-news33-black.png\",\"width\":180,\"height\":37,\"caption\":\"News33.tv Media\"},\"image\":{\"@id\":\"https:\/\/www.news33.tv\/#\/schema\/logo\/image\/\"},\"sameAs\":[\"https:\/\/www.facebook.com\/press7.tv\"]},{\"@type\":\"Person\",\"@id\":\"https:\/\/www.news33.tv\/#\/schema\/person\/5a04a38a23ccdba82f9bd665cd8f9efa\",\"name\":\"gazetar2\",\"image\":{\"@type\":\"ImageObject\",\"inLanguage\":\"en-US\",\"@id\":\"https:\/\/www.news33.tv\/#\/schema\/person\/image\/\",\"url\":\"https:\/\/www.press7.tv\/wp-content\/litespeed\/avatar\/41975e402c3049d9ddb03adca8f7a883.jpg?ver=1777169572\",\"contentUrl\":\"https:\/\/www.press7.tv\/wp-content\/litespeed\/avatar\/41975e402c3049d9ddb03adca8f7a883.jpg?ver=1777169572\",\"caption\":\"gazetar2\"},\"url\":\"https:\/\/www.press7.tv\/?author=8\"}]}<\/script>\n<!-- \/ Yoast SEO plugin. -->","yoast_head_json":{"title":"Kurti: Kosova \u00ebsht\u00eb m\u00eb e fort\u00eb se kurr\u00eb \u2013 kurr\u00eb m\u00eb askush nuk guxon q\u00eb t\u00eb na e m\u00ebsyj\u00eb - press7.tv","robots":{"index":"index","follow":"follow","max-snippet":"max-snippet:-1","max-image-preview":"max-image-preview:large","max-video-preview":"max-video-preview:-1"},"canonical":"https:\/\/www.press7.tv\/?p=28583","og_locale":"en_US","og_type":"article","og_title":"Kurti: Kosova \u00ebsht\u00eb m\u00eb e fort\u00eb se kurr\u00eb \u2013 kurr\u00eb m\u00eb askush nuk guxon q\u00eb t\u00eb na e m\u00ebsyj\u00eb - press7.tv","og_description":"Kryeministri n\u00eb detyr\u00eb, Albin Kurti, ka th\u00ebn\u00eb se Prokuroria dhe Gjyq\u00ebsori duhet t\u00eb nxitojn\u00eb e veprojn\u00eb lidhur me rastet e krimeve t\u00eb luft\u00ebs, meq\u00eb d\u00ebshmitar\u00ebt po plaken dhe po vdesin. Pas homazheve n\u00eb varrezat e d\u00ebshmor\u00ebve n\u00eb Shtutic\u00eb, Kurti tha se ka p\u00ebrparime sa i p\u00ebrket edhe zbardhjes s\u00eb fatit t\u00eb t\u00eb pagjeturve t\u00eb zhdukur [&hellip;]","og_url":"https:\/\/www.press7.tv\/?p=28583","og_site_name":"press7.tv","article_publisher":"https:\/\/www.facebook.com\/press7.tv","article_published_time":"2026-04-30T13:36:02+00:00","og_image":[{"width":696,"height":464,"url":"https:\/\/www.press7.tv\/wp-content\/uploads\/2026\/04\/Albin-Kurti-696x464-1.avif","type":"image\/jpeg"}],"author":"gazetar2","twitter_card":"summary_large_image","twitter_misc":{"Written by":"gazetar2","Est. reading time":"1 minute"},"schema":{"@context":"https:\/\/schema.org","@graph":[{"@type":"Article","@id":"https:\/\/www.press7.tv\/?p=28583#article","isPartOf":{"@id":"https:\/\/www.press7.tv\/?p=28583"},"author":{"name":"gazetar2","@id":"https:\/\/www.news33.tv\/#\/schema\/person\/5a04a38a23ccdba82f9bd665cd8f9efa"},"headline":"Kurti: Kosova \u00ebsht\u00eb m\u00eb e fort\u00eb se kurr\u00eb \u2013 kurr\u00eb m\u00eb askush nuk guxon q\u00eb t\u00eb na e m\u00ebsyj\u00eb","datePublished":"2026-04-30T13:36:02+00:00","mainEntityOfPage":{"@id":"https:\/\/www.press7.tv\/?p=28583"},"wordCount":301,"publisher":{"@id":"https:\/\/www.news33.tv\/#organization"},"image":{"@id":"https:\/\/www.press7.tv\/?p=28583#primaryimage"},"thumbnailUrl":"https:\/\/www.press7.tv\/wp-content\/uploads\/2026\/04\/Albin-Kurti-696x464-1.avif","articleSection":["Kosov\u00eb","Lajme"],"inLanguage":"en-US"},{"@type":"WebPage","@id":"https:\/\/www.press7.tv\/?p=28583","url":"https:\/\/www.press7.tv\/?p=28583","name":"Kurti: Kosova \u00ebsht\u00eb m\u00eb e fort\u00eb se kurr\u00eb \u2013 kurr\u00eb m\u00eb askush nuk guxon q\u00eb t\u00eb na e m\u00ebsyj\u00eb - press7.tv","isPartOf":{"@id":"https:\/\/www.news33.tv\/#website"},"primaryImageOfPage":{"@id":"https:\/\/www.press7.tv\/?p=28583#primaryimage"},"image":{"@id":"https:\/\/www.press7.tv\/?p=28583#primaryimage"},"thumbnailUrl":"https:\/\/www.press7.tv\/wp-content\/uploads\/2026\/04\/Albin-Kurti-696x464-1.avif","datePublished":"2026-04-30T13:36:02+00:00","breadcrumb":{"@id":"https:\/\/www.press7.tv\/?p=28583#breadcrumb"},"inLanguage":"en-US","potentialAction":[{"@type":"ReadAction","target":["https:\/\/www.press7.tv\/?p=28583"]}]},{"@type":"ImageObject","inLanguage":"en-US","@id":"https:\/\/www.press7.tv\/?p=28583#primaryimage","url":"https:\/\/www.press7.tv\/wp-content\/uploads\/2026\/04\/Albin-Kurti-696x464-1.avif","contentUrl":"https:\/\/www.press7.tv\/wp-content\/uploads\/2026\/04\/Albin-Kurti-696x464-1.avif","width":696,"height":464},{"@type":"BreadcrumbList","@id":"https:\/\/www.press7.tv\/?p=28583#breadcrumb","itemListElement":[{"@type":"ListItem","position":1,"name":"Home","item":"https:\/\/www.press7.tv\/"},{"@type":"ListItem","position":2,"name":"Kurti: Kosova \u00ebsht\u00eb m\u00eb e fort\u00eb se kurr\u00eb \u2013 kurr\u00eb m\u00eb askush nuk guxon q\u00eb t\u00eb na e m\u00ebsyj\u00eb"}]},{"@type":"WebSite","@id":"https:\/\/www.news33.tv\/#website","url":"https:\/\/www.news33.tv\/","name":"News33.tv Media","description":"Media","publisher":{"@id":"https:\/\/www.news33.tv\/#organization"},"potentialAction":[{"@type":"SearchAction","target":{"@type":"EntryPoint","urlTemplate":"https:\/\/www.news33.tv\/?s={search_term_string}"},"query-input":{"@type":"PropertyValueSpecification","valueRequired":true,"valueName":"search_term_string"}}],"inLanguage":"en-US"},{"@type":"Organization","@id":"https:\/\/www.news33.tv\/#organization","name":"News33.tv Media","url":"https:\/\/www.news33.tv\/","logo":{"@type":"ImageObject","inLanguage":"en-US","@id":"https:\/\/www.news33.tv\/#\/schema\/logo\/image\/","url":"https:\/\/www.press7.tv\/wp-content\/uploads\/2024\/02\/logo-news33-black.png","contentUrl":"https:\/\/www.press7.tv\/wp-content\/uploads\/2024\/02\/logo-news33-black.png","width":180,"height":37,"caption":"News33.tv Media"},"image":{"@id":"https:\/\/www.news33.tv\/#\/schema\/logo\/image\/"},"sameAs":["https:\/\/www.facebook.com\/press7.tv"]},{"@type":"Person","@id":"https:\/\/www.news33.tv\/#\/schema\/person\/5a04a38a23ccdba82f9bd665cd8f9efa","name":"gazetar2","image":{"@type":"ImageObject","inLanguage":"en-US","@id":"https:\/\/www.news33.tv\/#\/schema\/person\/image\/","url":"https:\/\/www.press7.tv\/wp-content\/litespeed\/avatar\/41975e402c3049d9ddb03adca8f7a883.jpg?ver=1777169572","contentUrl":"https:\/\/www.press7.tv\/wp-content\/litespeed\/avatar\/41975e402c3049d9ddb03adca8f7a883.jpg?ver=1777169572","caption":"gazetar2"},"url":"https:\/\/www.press7.tv\/?author=8"}]}},"amp_enabled":true,"_links":{"self":[{"href":"https:\/\/www.press7.tv\/index.php?rest_route=\/wp\/v2\/posts\/28583","targetHints":{"allow":["GET"]}}],"collection":[{"href":"https:\/\/www.press7.tv\/index.php?rest_route=\/wp\/v2\/posts"}],"about":[{"href":"https:\/\/www.press7.tv\/index.php?rest_route=\/wp\/v2\/types\/post"}],"author":[{"embeddable":true,"href":"https:\/\/www.press7.tv\/index.php?rest_route=\/wp\/v2\/users\/8"}],"replies":[{"embeddable":true,"href":"https:\/\/www.press7.tv\/index.php?rest_route=%2Fwp%2Fv2%2Fcomments&post=28583"}],"version-history":[{"count":1,"href":"https:\/\/www.press7.tv\/index.php?rest_route=\/wp\/v2\/posts\/28583\/revisions"}],"predecessor-version":[{"id":28585,"href":"https:\/\/www.press7.tv\/index.php?rest_route=\/wp\/v2\/posts\/28583\/revisions\/28585"}],"wp:featuredmedia":[{"embeddable":true,"href":"https:\/\/www.press7.tv\/index.php?rest_route=\/wp\/v2\/media\/28584"}],"wp:attachment":[{"href":"https:\/\/www.press7.tv\/index.php?rest_route=%2Fwp%2Fv2%2Fmedia&parent=28583"}],"wp:term":[{"taxonomy":"category","embeddable":true,"href":"https:\/\/www.press7.tv\/index.php?rest_route=%2Fwp%2Fv2%2Fcategories&post=28583"},{"taxonomy":"post_tag","embeddable":true,"href":"https:\/\/www.press7.tv\/index.php?rest_route=%2Fwp%2Fv2%2Ftags&post=28583"}],"curies":[{"name":"wp","href":"https:\/\/api.w.org\/{rel}","templated":true}]}}