{"id":28572,"date":"2026-04-30T12:23:15","date_gmt":"2026-04-30T12:23:15","guid":{"rendered":"https:\/\/www.press7.tv\/?p=28572"},"modified":"2026-04-30T12:23:15","modified_gmt":"2026-04-30T12:23:15","slug":"rama-si-vasal-vuciqi-e-pranon-ballkani-i-hapur-ishte-ideja-ime-na-e-nderprene-fuqite-e-medha-europiane","status":"publish","type":"post","link":"https:\/\/www.press7.tv\/?p=28572","title":{"rendered":"Rama si vasal\/ Vu\u00e7iqi e pranon: \u2018Ballkani i Hapur\u2019 ishte ideja ime, na e nd\u00ebrpren\u00eb fuqit\u00eb e m\u00ebdha europiane"},"content":{"rendered":"\n    <div class=\"xs_social_share_widget xs_share_url before_content \t\tmain_content  wslu-style-2 wslu-share-box-shaped wslu-fill-colored wslu-share-m-5 wslu-none wslu-share-vertical wslu-theme-font-no wslu-main_content\">\n\n\t\t\n        <ul>\n\t\t\t        <\/ul>\n    <\/div> \n<p>Presidenti i Serbis\u00eb, Aleksandar Vu\u00e7ic, n\u00eb nj\u00eb intervist\u00eb p\u00ebr podcast-in e mikut t\u00eb Edi Ram\u00ebs, Alastair Campbell, foli p\u00ebr projektin \u201cBallkani i Hapur\u201d.<\/p>\n<p>\u201cBallkani i Hapur ishte ideja ime\u201d, tha Vu\u00e7i\u00e7. \u201cU nd\u00ebrpre sepse disa fuqi t\u00eb m\u00ebdha europiane nuk e kishin \u201ctimonin n\u00eb duar\u201d\u201d.<\/p>\n<p>Ai kujtoi se \u201cBallkani i Hapur\u201d ishte ideja e tij, por se u nd\u00ebrpre sepse disa fuqi t\u00eb m\u00ebdha europiane nuk e kishin \u201ctimoni n\u00eb duar\u201d.<\/p>\n<p>\u201cIdeja ime ishte, dhe doja ta p\u00ebrfundoja, dhe ende dua ta p\u00ebrfundoj mandatin tim pa asnj\u00eb luft\u00eb.<\/p>\n<p>Dhe na akuzonin neve, shtypi juaj, t\u00eb gjith\u00eb n\u00eb Mbret\u00ebrin\u00eb e Bashkuar, mij\u00ebra her\u00eb n\u00eb kat\u00ebr vitet e fundit, q\u00eb nga fillimi i luft\u00ebs n\u00eb Ukrain\u00eb, se Serbia e vog\u00ebl, ajo marioneta ruse, do t\u00eb niste luft\u00eb kund\u00ebr dikujt n\u00eb Ballkan p\u00ebr t\u00eb larguar v\u00ebmendjen nga Rusia.<\/p>\n<p>Dhe k\u00ebt\u00eb e kam d\u00ebgjuar p\u00ebr m\u00eb shum\u00eb se kat\u00ebr vjet. Dhe kurr\u00eb nuk kam d\u00ebgjuar as edhe nj\u00eb fjal\u00eb ndjes\u00eb apo \u00e7far\u00ebdo tjet\u00ebr. Kurr\u00eb,\u201d theksoi Vu\u00e7i\u00e7.<\/p>\n<p>Nd\u00ebrkoh\u00eb Edi Rama u soll si vasal i Vu\u00e7i\u00e7it jo vet\u00ebm n\u00eb k\u00ebt\u00eb rast, por edhe n\u00eb shum\u00eb raste t\u00eb tjera.<\/p>\n<p>Madje edhe propozimi i p\u00ebrbashk\u00ebt i Ram\u00ebs dhe Vu\u00e7i\u00e7 p\u00ebr nj\u00eb integrim t\u00eb dor\u00ebs s\u00eb dyt\u00eb n\u00eb BE duket se ka lindur nga Beogradi.<\/p>\n","protected":false},"excerpt":{"rendered":"<p>Presidenti i Serbis\u00eb, Aleksandar Vu\u00e7ic, n\u00eb nj\u00eb intervist\u00eb p\u00ebr podcast-in e mikut t\u00eb Edi Ram\u00ebs, Alastair Campbell, foli p\u00ebr projektin \u201cBallkani i Hapur\u201d. \u201cBallkani i Hapur ishte ideja ime\u201d, tha Vu\u00e7i\u00e7. \u201cU nd\u00ebrpre sepse disa fuqi t\u00eb m\u00ebdha europiane nuk e kishin \u201ctimonin n\u00eb duar\u201d\u201d. Ai kujtoi se \u201cBallkani i Hapur\u201d ishte ideja e tij, [&hellip;]<\/p>\n","protected":false},"author":8,"featured_media":28574,"comment_status":"closed","ping_status":"closed","sticky":false,"template":"","format":"standard","meta":{"footnotes":""},"categories":[219],"tags":[],"class_list":["post-28572","post","type-post","status-publish","format-standard","has-post-thumbnail","hentry","category-rajon"],"yoast_head":"<!-- This site is optimized with the Yoast SEO plugin v25.1 - https:\/\/yoast.com\/wordpress\/plugins\/seo\/ -->\n<title>Rama si vasal\/ Vu\u00e7iqi e pranon: \u2018Ballkani i Hapur\u2019 ishte ideja ime, na e nd\u00ebrpren\u00eb fuqit\u00eb e m\u00ebdha europiane - press7.tv<\/title>\n<meta name=\"robots\" content=\"index, follow, max-snippet:-1, max-image-preview:large, max-video-preview:-1\" \/>\n<link rel=\"canonical\" href=\"https:\/\/www.press7.tv\/?p=28572\" \/>\n<meta property=\"og:locale\" content=\"en_US\" \/>\n<meta property=\"og:type\" content=\"article\" \/>\n<meta property=\"og:title\" content=\"Rama si vasal\/ Vu\u00e7iqi e pranon: \u2018Ballkani i Hapur\u2019 ishte ideja ime, na e nd\u00ebrpren\u00eb fuqit\u00eb e m\u00ebdha europiane - press7.tv\" \/>\n<meta property=\"og:description\" content=\"Presidenti i Serbis\u00eb, Aleksandar Vu\u00e7ic, n\u00eb nj\u00eb intervist\u00eb p\u00ebr podcast-in e mikut t\u00eb Edi Ram\u00ebs, Alastair Campbell, foli p\u00ebr projektin \u201cBallkani i Hapur\u201d. \u201cBallkani i Hapur ishte ideja ime\u201d, tha Vu\u00e7i\u00e7. \u201cU nd\u00ebrpre sepse disa fuqi t\u00eb m\u00ebdha europiane nuk e kishin \u201ctimonin n\u00eb duar\u201d\u201d. Ai kujtoi se \u201cBallkani i Hapur\u201d ishte ideja e tij, [&hellip;]\" \/>\n<meta property=\"og:url\" content=\"https:\/\/www.press7.tv\/?p=28572\" \/>\n<meta property=\"og:site_name\" content=\"press7.tv\" \/>\n<meta property=\"article:publisher\" content=\"https:\/\/www.facebook.com\/press7.tv\" \/>\n<meta property=\"article:published_time\" content=\"2026-04-30T12:23:15+00:00\" \/>\n<meta property=\"og:image\" content=\"https:\/\/www.press7.tv\/wp-content\/uploads\/2026\/04\/IMG_0321.avif\" \/>\n\t<meta property=\"og:image:width\" content=\"899\" \/>\n\t<meta property=\"og:image:height\" content=\"500\" \/>\n\t<meta property=\"og:image:type\" content=\"image\/jpeg\" \/>\n<meta name=\"author\" content=\"gazetar2\" \/>\n<meta name=\"twitter:card\" content=\"summary_large_image\" \/>\n<meta name=\"twitter:label1\" content=\"Written by\" \/>\n\t<meta name=\"twitter:data1\" content=\"gazetar2\" \/>\n\t<meta name=\"twitter:label2\" content=\"Est. reading time\" \/>\n\t<meta name=\"twitter:data2\" content=\"1 minute\" \/>\n<script type=\"application\/ld+json\" class=\"yoast-schema-graph\">{\"@context\":\"https:\/\/schema.org\",\"@graph\":[{\"@type\":\"Article\",\"@id\":\"https:\/\/www.press7.tv\/?p=28572#article\",\"isPartOf\":{\"@id\":\"https:\/\/www.press7.tv\/?p=28572\"},\"author\":{\"name\":\"gazetar2\",\"@id\":\"https:\/\/www.news33.tv\/#\/schema\/person\/5a04a38a23ccdba82f9bd665cd8f9efa\"},\"headline\":\"Rama si vasal\/ Vu\u00e7iqi e pranon: \u2018Ballkani i Hapur\u2019 ishte ideja ime, na e nd\u00ebrpren\u00eb fuqit\u00eb e m\u00ebdha europiane\",\"datePublished\":\"2026-04-30T12:23:15+00:00\",\"mainEntityOfPage\":{\"@id\":\"https:\/\/www.press7.tv\/?p=28572\"},\"wordCount\":267,\"publisher\":{\"@id\":\"https:\/\/www.news33.tv\/#organization\"},\"image\":{\"@id\":\"https:\/\/www.press7.tv\/?p=28572#primaryimage\"},\"thumbnailUrl\":\"https:\/\/www.press7.tv\/wp-content\/uploads\/2026\/04\/IMG_0321.avif\",\"articleSection\":[\"Rajon\"],\"inLanguage\":\"en-US\"},{\"@type\":\"WebPage\",\"@id\":\"https:\/\/www.press7.tv\/?p=28572\",\"url\":\"https:\/\/www.press7.tv\/?p=28572\",\"name\":\"Rama si vasal\/ Vu\u00e7iqi e pranon: \u2018Ballkani i Hapur\u2019 ishte ideja ime, na e nd\u00ebrpren\u00eb fuqit\u00eb e m\u00ebdha europiane - press7.tv\",\"isPartOf\":{\"@id\":\"https:\/\/www.news33.tv\/#website\"},\"primaryImageOfPage\":{\"@id\":\"https:\/\/www.press7.tv\/?p=28572#primaryimage\"},\"image\":{\"@id\":\"https:\/\/www.press7.tv\/?p=28572#primaryimage\"},\"thumbnailUrl\":\"https:\/\/www.press7.tv\/wp-content\/uploads\/2026\/04\/IMG_0321.avif\",\"datePublished\":\"2026-04-30T12:23:15+00:00\",\"breadcrumb\":{\"@id\":\"https:\/\/www.press7.tv\/?p=28572#breadcrumb\"},\"inLanguage\":\"en-US\",\"potentialAction\":[{\"@type\":\"ReadAction\",\"target\":[\"https:\/\/www.press7.tv\/?p=28572\"]}]},{\"@type\":\"ImageObject\",\"inLanguage\":\"en-US\",\"@id\":\"https:\/\/www.press7.tv\/?p=28572#primaryimage\",\"url\":\"https:\/\/www.press7.tv\/wp-content\/uploads\/2026\/04\/IMG_0321.avif\",\"contentUrl\":\"https:\/\/www.press7.tv\/wp-content\/uploads\/2026\/04\/IMG_0321.avif\",\"width\":899,\"height\":500},{\"@type\":\"BreadcrumbList\",\"@id\":\"https:\/\/www.press7.tv\/?p=28572#breadcrumb\",\"itemListElement\":[{\"@type\":\"ListItem\",\"position\":1,\"name\":\"Home\",\"item\":\"https:\/\/www.press7.tv\/\"},{\"@type\":\"ListItem\",\"position\":2,\"name\":\"Rama si vasal\/ Vu\u00e7iqi e pranon: \u2018Ballkani i Hapur\u2019 ishte ideja ime, na e nd\u00ebrpren\u00eb fuqit\u00eb e m\u00ebdha europiane\"}]},{\"@type\":\"WebSite\",\"@id\":\"https:\/\/www.news33.tv\/#website\",\"url\":\"https:\/\/www.news33.tv\/\",\"name\":\"News33.tv Media\",\"description\":\"Media\",\"publisher\":{\"@id\":\"https:\/\/www.news33.tv\/#organization\"},\"potentialAction\":[{\"@type\":\"SearchAction\",\"target\":{\"@type\":\"EntryPoint\",\"urlTemplate\":\"https:\/\/www.news33.tv\/?s={search_term_string}\"},\"query-input\":{\"@type\":\"PropertyValueSpecification\",\"valueRequired\":true,\"valueName\":\"search_term_string\"}}],\"inLanguage\":\"en-US\"},{\"@type\":\"Organization\",\"@id\":\"https:\/\/www.news33.tv\/#organization\",\"name\":\"News33.tv Media\",\"url\":\"https:\/\/www.news33.tv\/\",\"logo\":{\"@type\":\"ImageObject\",\"inLanguage\":\"en-US\",\"@id\":\"https:\/\/www.news33.tv\/#\/schema\/logo\/image\/\",\"url\":\"https:\/\/www.press7.tv\/wp-content\/uploads\/2024\/02\/logo-news33-black.png\",\"contentUrl\":\"https:\/\/www.press7.tv\/wp-content\/uploads\/2024\/02\/logo-news33-black.png\",\"width\":180,\"height\":37,\"caption\":\"News33.tv Media\"},\"image\":{\"@id\":\"https:\/\/www.news33.tv\/#\/schema\/logo\/image\/\"},\"sameAs\":[\"https:\/\/www.facebook.com\/press7.tv\"]},{\"@type\":\"Person\",\"@id\":\"https:\/\/www.news33.tv\/#\/schema\/person\/5a04a38a23ccdba82f9bd665cd8f9efa\",\"name\":\"gazetar2\",\"image\":{\"@type\":\"ImageObject\",\"inLanguage\":\"en-US\",\"@id\":\"https:\/\/www.news33.tv\/#\/schema\/person\/image\/\",\"url\":\"https:\/\/www.press7.tv\/wp-content\/litespeed\/avatar\/41975e402c3049d9ddb03adca8f7a883.jpg?ver=1777169572\",\"contentUrl\":\"https:\/\/www.press7.tv\/wp-content\/litespeed\/avatar\/41975e402c3049d9ddb03adca8f7a883.jpg?ver=1777169572\",\"caption\":\"gazetar2\"},\"url\":\"https:\/\/www.press7.tv\/?author=8\"}]}<\/script>\n<!-- \/ Yoast SEO plugin. -->","yoast_head_json":{"title":"Rama si vasal\/ Vu\u00e7iqi e pranon: \u2018Ballkani i Hapur\u2019 ishte ideja ime, na e nd\u00ebrpren\u00eb fuqit\u00eb e m\u00ebdha europiane - press7.tv","robots":{"index":"index","follow":"follow","max-snippet":"max-snippet:-1","max-image-preview":"max-image-preview:large","max-video-preview":"max-video-preview:-1"},"canonical":"https:\/\/www.press7.tv\/?p=28572","og_locale":"en_US","og_type":"article","og_title":"Rama si vasal\/ Vu\u00e7iqi e pranon: \u2018Ballkani i Hapur\u2019 ishte ideja ime, na e nd\u00ebrpren\u00eb fuqit\u00eb e m\u00ebdha europiane - press7.tv","og_description":"Presidenti i Serbis\u00eb, Aleksandar Vu\u00e7ic, n\u00eb nj\u00eb intervist\u00eb p\u00ebr podcast-in e mikut t\u00eb Edi Ram\u00ebs, Alastair Campbell, foli p\u00ebr projektin \u201cBallkani i Hapur\u201d. \u201cBallkani i Hapur ishte ideja ime\u201d, tha Vu\u00e7i\u00e7. \u201cU nd\u00ebrpre sepse disa fuqi t\u00eb m\u00ebdha europiane nuk e kishin \u201ctimonin n\u00eb duar\u201d\u201d. Ai kujtoi se \u201cBallkani i Hapur\u201d ishte ideja e tij, [&hellip;]","og_url":"https:\/\/www.press7.tv\/?p=28572","og_site_name":"press7.tv","article_publisher":"https:\/\/www.facebook.com\/press7.tv","article_published_time":"2026-04-30T12:23:15+00:00","og_image":[{"width":899,"height":500,"url":"https:\/\/www.press7.tv\/wp-content\/uploads\/2026\/04\/IMG_0321.avif","type":"image\/jpeg"}],"author":"gazetar2","twitter_card":"summary_large_image","twitter_misc":{"Written by":"gazetar2","Est. reading time":"1 minute"},"schema":{"@context":"https:\/\/schema.org","@graph":[{"@type":"Article","@id":"https:\/\/www.press7.tv\/?p=28572#article","isPartOf":{"@id":"https:\/\/www.press7.tv\/?p=28572"},"author":{"name":"gazetar2","@id":"https:\/\/www.news33.tv\/#\/schema\/person\/5a04a38a23ccdba82f9bd665cd8f9efa"},"headline":"Rama si vasal\/ Vu\u00e7iqi e pranon: \u2018Ballkani i Hapur\u2019 ishte ideja ime, na e nd\u00ebrpren\u00eb fuqit\u00eb e m\u00ebdha europiane","datePublished":"2026-04-30T12:23:15+00:00","mainEntityOfPage":{"@id":"https:\/\/www.press7.tv\/?p=28572"},"wordCount":267,"publisher":{"@id":"https:\/\/www.news33.tv\/#organization"},"image":{"@id":"https:\/\/www.press7.tv\/?p=28572#primaryimage"},"thumbnailUrl":"https:\/\/www.press7.tv\/wp-content\/uploads\/2026\/04\/IMG_0321.avif","articleSection":["Rajon"],"inLanguage":"en-US"},{"@type":"WebPage","@id":"https:\/\/www.press7.tv\/?p=28572","url":"https:\/\/www.press7.tv\/?p=28572","name":"Rama si vasal\/ Vu\u00e7iqi e pranon: \u2018Ballkani i Hapur\u2019 ishte ideja ime, na e nd\u00ebrpren\u00eb fuqit\u00eb e m\u00ebdha europiane - press7.tv","isPartOf":{"@id":"https:\/\/www.news33.tv\/#website"},"primaryImageOfPage":{"@id":"https:\/\/www.press7.tv\/?p=28572#primaryimage"},"image":{"@id":"https:\/\/www.press7.tv\/?p=28572#primaryimage"},"thumbnailUrl":"https:\/\/www.press7.tv\/wp-content\/uploads\/2026\/04\/IMG_0321.avif","datePublished":"2026-04-30T12:23:15+00:00","breadcrumb":{"@id":"https:\/\/www.press7.tv\/?p=28572#breadcrumb"},"inLanguage":"en-US","potentialAction":[{"@type":"ReadAction","target":["https:\/\/www.press7.tv\/?p=28572"]}]},{"@type":"ImageObject","inLanguage":"en-US","@id":"https:\/\/www.press7.tv\/?p=28572#primaryimage","url":"https:\/\/www.press7.tv\/wp-content\/uploads\/2026\/04\/IMG_0321.avif","contentUrl":"https:\/\/www.press7.tv\/wp-content\/uploads\/2026\/04\/IMG_0321.avif","width":899,"height":500},{"@type":"BreadcrumbList","@id":"https:\/\/www.press7.tv\/?p=28572#breadcrumb","itemListElement":[{"@type":"ListItem","position":1,"name":"Home","item":"https:\/\/www.press7.tv\/"},{"@type":"ListItem","position":2,"name":"Rama si vasal\/ Vu\u00e7iqi e pranon: \u2018Ballkani i Hapur\u2019 ishte ideja ime, na e nd\u00ebrpren\u00eb fuqit\u00eb e m\u00ebdha europiane"}]},{"@type":"WebSite","@id":"https:\/\/www.news33.tv\/#website","url":"https:\/\/www.news33.tv\/","name":"News33.tv Media","description":"Media","publisher":{"@id":"https:\/\/www.news33.tv\/#organization"},"potentialAction":[{"@type":"SearchAction","target":{"@type":"EntryPoint","urlTemplate":"https:\/\/www.news33.tv\/?s={search_term_string}"},"query-input":{"@type":"PropertyValueSpecification","valueRequired":true,"valueName":"search_term_string"}}],"inLanguage":"en-US"},{"@type":"Organization","@id":"https:\/\/www.news33.tv\/#organization","name":"News33.tv Media","url":"https:\/\/www.news33.tv\/","logo":{"@type":"ImageObject","inLanguage":"en-US","@id":"https:\/\/www.news33.tv\/#\/schema\/logo\/image\/","url":"https:\/\/www.press7.tv\/wp-content\/uploads\/2024\/02\/logo-news33-black.png","contentUrl":"https:\/\/www.press7.tv\/wp-content\/uploads\/2024\/02\/logo-news33-black.png","width":180,"height":37,"caption":"News33.tv Media"},"image":{"@id":"https:\/\/www.news33.tv\/#\/schema\/logo\/image\/"},"sameAs":["https:\/\/www.facebook.com\/press7.tv"]},{"@type":"Person","@id":"https:\/\/www.news33.tv\/#\/schema\/person\/5a04a38a23ccdba82f9bd665cd8f9efa","name":"gazetar2","image":{"@type":"ImageObject","inLanguage":"en-US","@id":"https:\/\/www.news33.tv\/#\/schema\/person\/image\/","url":"https:\/\/www.press7.tv\/wp-content\/litespeed\/avatar\/41975e402c3049d9ddb03adca8f7a883.jpg?ver=1777169572","contentUrl":"https:\/\/www.press7.tv\/wp-content\/litespeed\/avatar\/41975e402c3049d9ddb03adca8f7a883.jpg?ver=1777169572","caption":"gazetar2"},"url":"https:\/\/www.press7.tv\/?author=8"}]}},"amp_enabled":true,"_links":{"self":[{"href":"https:\/\/www.press7.tv\/index.php?rest_route=\/wp\/v2\/posts\/28572","targetHints":{"allow":["GET"]}}],"collection":[{"href":"https:\/\/www.press7.tv\/index.php?rest_route=\/wp\/v2\/posts"}],"about":[{"href":"https:\/\/www.press7.tv\/index.php?rest_route=\/wp\/v2\/types\/post"}],"author":[{"embeddable":true,"href":"https:\/\/www.press7.tv\/index.php?rest_route=\/wp\/v2\/users\/8"}],"replies":[{"embeddable":true,"href":"https:\/\/www.press7.tv\/index.php?rest_route=%2Fwp%2Fv2%2Fcomments&post=28572"}],"version-history":[{"count":1,"href":"https:\/\/www.press7.tv\/index.php?rest_route=\/wp\/v2\/posts\/28572\/revisions"}],"predecessor-version":[{"id":28575,"href":"https:\/\/www.press7.tv\/index.php?rest_route=\/wp\/v2\/posts\/28572\/revisions\/28575"}],"wp:featuredmedia":[{"embeddable":true,"href":"https:\/\/www.press7.tv\/index.php?rest_route=\/wp\/v2\/media\/28574"}],"wp:attachment":[{"href":"https:\/\/www.press7.tv\/index.php?rest_route=%2Fwp%2Fv2%2Fmedia&parent=28572"}],"wp:term":[{"taxonomy":"category","embeddable":true,"href":"https:\/\/www.press7.tv\/index.php?rest_route=%2Fwp%2Fv2%2Fcategories&post=28572"},{"taxonomy":"post_tag","embeddable":true,"href":"https:\/\/www.press7.tv\/index.php?rest_route=%2Fwp%2Fv2%2Ftags&post=28572"}],"curies":[{"name":"wp","href":"https:\/\/api.w.org\/{rel}","templated":true}]}}